{"id":49356,"date":"2018-10-30T08:24:30","date_gmt":"2018-10-30T11:24:30","guid":{"rendered":"http:\/\/folhapopular.info\/?p=49356"},"modified":"2018-10-30T08:24:30","modified_gmt":"2018-10-30T11:24:30","slug":"dois-individuos-sao-presos-por-receptacao-de-veiculo-furtado-em-estrela","status":"publish","type":"post","link":"https:\/\/folhapopular.info\/index.php\/2018\/10\/30\/dois-individuos-sao-presos-por-receptacao-de-veiculo-furtado-em-estrela\/","title":{"rendered":"Dois indiv\u00edduos s\u00e3o presos por recepta\u00e7\u00e3o de ve\u00edculo furtado em Estrela"},"content":{"rendered":"<p align=\"justify\"><span style=\"color: #000000\"><span style=\"font-family: arial, sans-serif\"><span style=\"font-size: medium\">Dois homens foram presos por recepta\u00e7\u00e3o de ve\u00edculo furtado por volta das 20h desta segunda-feira (29\/10), na Rua Germano Hasslocher, no Bairro Oriental, em Estrela. <\/span><span style=\"font-size: medium\">A Brigada Militar realizou abordagem a dois ind\u00edviduos em atitude suspeita. Na abordagem, um deles entregava algo para o outro, mas tentou se desfazer do objeto. Tratava-se de uma chave da marca Hunday e pr\u00f3ximo estava um ve\u00edculo, que obedecia os comandos da chave. A placa do carro estava adultera<\/span><span style=\"font-size: medium\">da<\/span><span style=\"font-size: medium\"> e o ve\u00edculo em situa\u00e7\u00e3o de furto. Os dois foram presos por recepta\u00e7\u00e3o. Eles<\/span><span style=\"font-size: medium\"> t<\/span><span style=\"font-size: medium\">\u00ea<\/span><span style=\"font-size: medium\">m antecedentes por tr\u00e1fico, furto qualificado e desacato. <\/span><\/span><\/span><\/p>\n<p align=\"justify\"><img loading=\"lazy\" decoding=\"async\" class=\"alignleft size-medium wp-image-49358\" src=\"https:\/\/folhapopular.info\/wp-content\/uploads\/2018\/10\/WhatsApp-Image-2018-10-29-at-23.11.53-e1540898570980-225x300.jpeg\" alt=\"\" width=\"225\" height=\"300\" srcset=\"https:\/\/folhapopular.info\/wp-content\/uploads\/2018\/10\/WhatsApp-Image-2018-10-29-at-23.11.53-e1540898570980-225x300.jpeg 225w, https:\/\/folhapopular.info\/wp-content\/uploads\/2018\/10\/WhatsApp-Image-2018-10-29-at-23.11.53-e1540898570980-768x1024.jpeg 768w, https:\/\/folhapopular.info\/wp-content\/uploads\/2018\/10\/WhatsApp-Image-2018-10-29-at-23.11.53-e1540898570980-696x928.jpeg 696w, https:\/\/folhapopular.info\/wp-content\/uploads\/2018\/10\/WhatsApp-Image-2018-10-29-at-23.11.53-e1540898570980-315x420.jpeg 315w, https:\/\/folhapopular.info\/wp-content\/uploads\/2018\/10\/WhatsApp-Image-2018-10-29-at-23.11.53-e1540898570980.jpeg 960w\" sizes=\"auto, (max-width: 225px) 100vw, 225px\" \/><\/p>\n","protected":false},"excerpt":{"rendered":"<p>Dois homens foram presos por recepta\u00e7\u00e3o de ve\u00edculo furtado por volta das 20h desta segunda-feira (29\/10), na Rua Germano Hasslocher, no Bairro Oriental, em Estrela. A Brigada Militar realizou abordagem a dois ind\u00edviduos em atitude suspeita. Na abordagem, um deles entregava algo para o outro, mas tentou se desfazer do objeto. Tratava-se de uma chave [&hellip;]<\/p>\n","protected":false},"author":8,"featured_media":49357,"comment_status":"open","ping_status":"open","sticky":false,"template":"","format":"standard","meta":{"pmpro_default_level":"","_jetpack_memberships_contains_paid_content":false,"footnotes":""},"categories":[7],"tags":[3565,8,3564,1260],"class_list":{"0":"post-49356","1":"post","2":"type-post","3":"status-publish","4":"format-standard","5":"has-post-thumbnail","7":"category-seguranca","8":"tag-bairro-oriental","9":"tag-estrela","10":"tag-presos","11":"tag-receptacao","12":"pmpro-has-access"},"yoast_head":"<!-- This site is optimized with the Yoast SEO plugin v27.5 - https:\/\/yoast.com\/product\/yoast-seo-wordpress\/ -->\n<title>Dois indiv\u00edduos s\u00e3o presos por recepta\u00e7\u00e3o de ve\u00edculo furtado em Estrela - Folha Popular<\/title>\n<meta name=\"robots\" content=\"index, follow, max-snippet:-1, max-image-preview:large, max-video-preview:-1\" \/>\n<link rel=\"canonical\" href=\"https:\/\/folhapopular.info\/index.php\/2018\/10\/30\/dois-individuos-sao-presos-por-receptacao-de-veiculo-furtado-em-estrela\/\" \/>\n<meta property=\"og:locale\" content=\"pt_BR\" \/>\n<meta property=\"og:type\" content=\"article\" \/>\n<meta property=\"og:title\" content=\"Dois indiv\u00edduos s\u00e3o presos por recepta\u00e7\u00e3o de ve\u00edculo furtado em Estrela - Folha Popular\" \/>\n<meta property=\"og:description\" content=\"Dois homens foram presos por recepta\u00e7\u00e3o de ve\u00edculo furtado por volta das 20h desta segunda-feira (29\/10), na Rua Germano Hasslocher, no Bairro Oriental, em Estrela. A Brigada Militar realizou abordagem a dois ind\u00edviduos em atitude suspeita. Na abordagem, um deles entregava algo para o outro, mas tentou se desfazer do objeto. Tratava-se de uma chave [&hellip;]\" \/>\n<meta property=\"og:url\" content=\"https:\/\/folhapopular.info\/index.php\/2018\/10\/30\/dois-individuos-sao-presos-por-receptacao-de-veiculo-furtado-em-estrela\/\" \/>\n<meta property=\"og:site_name\" content=\"Folha Popular\" \/>\n<meta property=\"article:published_time\" content=\"2018-10-30T11:24:30+00:00\" \/>\n<meta property=\"og:image\" content=\"https:\/\/folhapopular.info\/wp-content\/uploads\/2018\/10\/WhatsApp-Image-2018-10-29-at-23.10.17-e1540898656718.jpeg\" \/>\n\t<meta property=\"og:image:width\" content=\"1280\" \/>\n\t<meta property=\"og:image:height\" content=\"720\" \/>\n\t<meta property=\"og:image:type\" content=\"image\/jpeg\" \/>\n<meta name=\"author\" content=\"Reda\u00e7\u00e3o Folha Popular\" \/>\n<meta name=\"twitter:card\" content=\"summary_large_image\" \/>\n<meta name=\"twitter:label1\" content=\"Escrito por\" \/>\n\t<meta name=\"twitter:data1\" content=\"Reda\u00e7\u00e3o Folha Popular\" \/>\n\t<meta name=\"twitter:label2\" content=\"Est. tempo de leitura\" \/>\n\t<meta name=\"twitter:data2\" content=\"1 minuto\" \/>\n<script type=\"application\/ld+json\" class=\"yoast-schema-graph\">{\"@context\":\"https:\\\/\\\/schema.org\",\"@graph\":[{\"@type\":\"Article\",\"@id\":\"https:\\\/\\\/folhapopular.info\\\/index.php\\\/2018\\\/10\\\/30\\\/dois-individuos-sao-presos-por-receptacao-de-veiculo-furtado-em-estrela\\\/#article\",\"isPartOf\":{\"@id\":\"https:\\\/\\\/folhapopular.info\\\/index.php\\\/2018\\\/10\\\/30\\\/dois-individuos-sao-presos-por-receptacao-de-veiculo-furtado-em-estrela\\\/\"},\"author\":{\"name\":\"Reda\u00e7\u00e3o Folha Popular\",\"@id\":\"https:\\\/\\\/folhapopular.info\\\/#\\\/schema\\\/person\\\/2814e8a0df7643585a9ca38bc6eb9d4b\"},\"headline\":\"Dois indiv\u00edduos s\u00e3o presos por recepta\u00e7\u00e3o de ve\u00edculo furtado em Estrela\",\"datePublished\":\"2018-10-30T11:24:30+00:00\",\"mainEntityOfPage\":{\"@id\":\"https:\\\/\\\/folhapopular.info\\\/index.php\\\/2018\\\/10\\\/30\\\/dois-individuos-sao-presos-por-receptacao-de-veiculo-furtado-em-estrela\\\/\"},\"wordCount\":122,\"commentCount\":0,\"image\":{\"@id\":\"https:\\\/\\\/folhapopular.info\\\/index.php\\\/2018\\\/10\\\/30\\\/dois-individuos-sao-presos-por-receptacao-de-veiculo-furtado-em-estrela\\\/#primaryimage\"},\"thumbnailUrl\":\"https:\\\/\\\/folhapopular.info\\\/wp-content\\\/uploads\\\/2018\\\/10\\\/WhatsApp-Image-2018-10-29-at-23.10.17-e1540898656718.jpeg\",\"keywords\":[\"Bairro Oriental\",\"Estrela\",\"presos\",\"Recepta\u00e7\u00e3o\"],\"articleSection\":[\"Seguran\u00e7a\"],\"inLanguage\":\"pt-BR\",\"potentialAction\":[{\"@type\":\"CommentAction\",\"name\":\"Comment\",\"target\":[\"https:\\\/\\\/folhapopular.info\\\/index.php\\\/2018\\\/10\\\/30\\\/dois-individuos-sao-presos-por-receptacao-de-veiculo-furtado-em-estrela\\\/#respond\"]}]},{\"@type\":\"WebPage\",\"@id\":\"https:\\\/\\\/folhapopular.info\\\/index.php\\\/2018\\\/10\\\/30\\\/dois-individuos-sao-presos-por-receptacao-de-veiculo-furtado-em-estrela\\\/\",\"url\":\"https:\\\/\\\/folhapopular.info\\\/index.php\\\/2018\\\/10\\\/30\\\/dois-individuos-sao-presos-por-receptacao-de-veiculo-furtado-em-estrela\\\/\",\"name\":\"Dois indiv\u00edduos s\u00e3o presos por recepta\u00e7\u00e3o de ve\u00edculo furtado em Estrela - Folha Popular\",\"isPartOf\":{\"@id\":\"https:\\\/\\\/folhapopular.info\\\/#website\"},\"primaryImageOfPage\":{\"@id\":\"https:\\\/\\\/folhapopular.info\\\/index.php\\\/2018\\\/10\\\/30\\\/dois-individuos-sao-presos-por-receptacao-de-veiculo-furtado-em-estrela\\\/#primaryimage\"},\"image\":{\"@id\":\"https:\\\/\\\/folhapopular.info\\\/index.php\\\/2018\\\/10\\\/30\\\/dois-individuos-sao-presos-por-receptacao-de-veiculo-furtado-em-estrela\\\/#primaryimage\"},\"thumbnailUrl\":\"https:\\\/\\\/folhapopular.info\\\/wp-content\\\/uploads\\\/2018\\\/10\\\/WhatsApp-Image-2018-10-29-at-23.10.17-e1540898656718.jpeg\",\"datePublished\":\"2018-10-30T11:24:30+00:00\",\"author\":{\"@id\":\"https:\\\/\\\/folhapopular.info\\\/#\\\/schema\\\/person\\\/2814e8a0df7643585a9ca38bc6eb9d4b\"},\"breadcrumb\":{\"@id\":\"https:\\\/\\\/folhapopular.info\\\/index.php\\\/2018\\\/10\\\/30\\\/dois-individuos-sao-presos-por-receptacao-de-veiculo-furtado-em-estrela\\\/#breadcrumb\"},\"inLanguage\":\"pt-BR\",\"potentialAction\":[{\"@type\":\"ReadAction\",\"target\":[\"https:\\\/\\\/folhapopular.info\\\/index.php\\\/2018\\\/10\\\/30\\\/dois-individuos-sao-presos-por-receptacao-de-veiculo-furtado-em-estrela\\\/\"]}]},{\"@type\":\"ImageObject\",\"inLanguage\":\"pt-BR\",\"@id\":\"https:\\\/\\\/folhapopular.info\\\/index.php\\\/2018\\\/10\\\/30\\\/dois-individuos-sao-presos-por-receptacao-de-veiculo-furtado-em-estrela\\\/#primaryimage\",\"url\":\"https:\\\/\\\/folhapopular.info\\\/wp-content\\\/uploads\\\/2018\\\/10\\\/WhatsApp-Image-2018-10-29-at-23.10.17-e1540898656718.jpeg\",\"contentUrl\":\"https:\\\/\\\/folhapopular.info\\\/wp-content\\\/uploads\\\/2018\\\/10\\\/WhatsApp-Image-2018-10-29-at-23.10.17-e1540898656718.jpeg\",\"width\":1280,\"height\":720},{\"@type\":\"BreadcrumbList\",\"@id\":\"https:\\\/\\\/folhapopular.info\\\/index.php\\\/2018\\\/10\\\/30\\\/dois-individuos-sao-presos-por-receptacao-de-veiculo-furtado-em-estrela\\\/#breadcrumb\",\"itemListElement\":[{\"@type\":\"ListItem\",\"position\":1,\"name\":\"In\u00edcio\",\"item\":\"https:\\\/\\\/folhapopular.info\\\/\"},{\"@type\":\"ListItem\",\"position\":2,\"name\":\"Dois indiv\u00edduos s\u00e3o presos por recepta\u00e7\u00e3o de ve\u00edculo furtado em Estrela\"}]},{\"@type\":\"WebSite\",\"@id\":\"https:\\\/\\\/folhapopular.info\\\/#website\",\"url\":\"https:\\\/\\\/folhapopular.info\\\/\",\"name\":\"Folha Popular\",\"description\":\"Onde voc\u00ea tem vez e voz\",\"potentialAction\":[{\"@type\":\"SearchAction\",\"target\":{\"@type\":\"EntryPoint\",\"urlTemplate\":\"https:\\\/\\\/folhapopular.info\\\/?s={search_term_string}\"},\"query-input\":{\"@type\":\"PropertyValueSpecification\",\"valueRequired\":true,\"valueName\":\"search_term_string\"}}],\"inLanguage\":\"pt-BR\"},{\"@type\":\"Person\",\"@id\":\"https:\\\/\\\/folhapopular.info\\\/#\\\/schema\\\/person\\\/2814e8a0df7643585a9ca38bc6eb9d4b\",\"name\":\"Reda\u00e7\u00e3o Folha Popular\",\"image\":{\"@type\":\"ImageObject\",\"inLanguage\":\"pt-BR\",\"@id\":\"https:\\\/\\\/folhapopular.info\\\/wp-content\\\/uploads\\\/2026\\\/04\\\/Folha-1.webp\",\"url\":\"https:\\\/\\\/folhapopular.info\\\/wp-content\\\/uploads\\\/2026\\\/04\\\/Folha-1.webp\",\"contentUrl\":\"https:\\\/\\\/folhapopular.info\\\/wp-content\\\/uploads\\\/2026\\\/04\\\/Folha-1.webp\",\"caption\":\"Reda\u00e7\u00e3o Folha Popular\"},\"url\":\"https:\\\/\\\/folhapopular.info\\\/index.php\\\/author\\\/redacao\\\/\"}]}<\/script>\n<!-- \/ Yoast SEO plugin. -->","yoast_head_json":{"title":"Dois indiv\u00edduos s\u00e3o presos por recepta\u00e7\u00e3o de ve\u00edculo furtado em Estrela - Folha Popular","robots":{"index":"index","follow":"follow","max-snippet":"max-snippet:-1","max-image-preview":"max-image-preview:large","max-video-preview":"max-video-preview:-1"},"canonical":"https:\/\/folhapopular.info\/index.php\/2018\/10\/30\/dois-individuos-sao-presos-por-receptacao-de-veiculo-furtado-em-estrela\/","og_locale":"pt_BR","og_type":"article","og_title":"Dois indiv\u00edduos s\u00e3o presos por recepta\u00e7\u00e3o de ve\u00edculo furtado em Estrela - Folha Popular","og_description":"Dois homens foram presos por recepta\u00e7\u00e3o de ve\u00edculo furtado por volta das 20h desta segunda-feira (29\/10), na Rua Germano Hasslocher, no Bairro Oriental, em Estrela. A Brigada Militar realizou abordagem a dois ind\u00edviduos em atitude suspeita. Na abordagem, um deles entregava algo para o outro, mas tentou se desfazer do objeto. Tratava-se de uma chave [&hellip;]","og_url":"https:\/\/folhapopular.info\/index.php\/2018\/10\/30\/dois-individuos-sao-presos-por-receptacao-de-veiculo-furtado-em-estrela\/","og_site_name":"Folha Popular","article_published_time":"2018-10-30T11:24:30+00:00","og_image":[{"width":1280,"height":720,"url":"https:\/\/folhapopular.info\/wp-content\/uploads\/2018\/10\/WhatsApp-Image-2018-10-29-at-23.10.17-e1540898656718.jpeg","type":"image\/jpeg"}],"author":"Reda\u00e7\u00e3o Folha Popular","twitter_card":"summary_large_image","twitter_misc":{"Escrito por":"Reda\u00e7\u00e3o Folha Popular","Est. tempo de leitura":"1 minuto"},"schema":{"@context":"https:\/\/schema.org","@graph":[{"@type":"Article","@id":"https:\/\/folhapopular.info\/index.php\/2018\/10\/30\/dois-individuos-sao-presos-por-receptacao-de-veiculo-furtado-em-estrela\/#article","isPartOf":{"@id":"https:\/\/folhapopular.info\/index.php\/2018\/10\/30\/dois-individuos-sao-presos-por-receptacao-de-veiculo-furtado-em-estrela\/"},"author":{"name":"Reda\u00e7\u00e3o Folha Popular","@id":"https:\/\/folhapopular.info\/#\/schema\/person\/2814e8a0df7643585a9ca38bc6eb9d4b"},"headline":"Dois indiv\u00edduos s\u00e3o presos por recepta\u00e7\u00e3o de ve\u00edculo furtado em Estrela","datePublished":"2018-10-30T11:24:30+00:00","mainEntityOfPage":{"@id":"https:\/\/folhapopular.info\/index.php\/2018\/10\/30\/dois-individuos-sao-presos-por-receptacao-de-veiculo-furtado-em-estrela\/"},"wordCount":122,"commentCount":0,"image":{"@id":"https:\/\/folhapopular.info\/index.php\/2018\/10\/30\/dois-individuos-sao-presos-por-receptacao-de-veiculo-furtado-em-estrela\/#primaryimage"},"thumbnailUrl":"https:\/\/folhapopular.info\/wp-content\/uploads\/2018\/10\/WhatsApp-Image-2018-10-29-at-23.10.17-e1540898656718.jpeg","keywords":["Bairro Oriental","Estrela","presos","Recepta\u00e7\u00e3o"],"articleSection":["Seguran\u00e7a"],"inLanguage":"pt-BR","potentialAction":[{"@type":"CommentAction","name":"Comment","target":["https:\/\/folhapopular.info\/index.php\/2018\/10\/30\/dois-individuos-sao-presos-por-receptacao-de-veiculo-furtado-em-estrela\/#respond"]}]},{"@type":"WebPage","@id":"https:\/\/folhapopular.info\/index.php\/2018\/10\/30\/dois-individuos-sao-presos-por-receptacao-de-veiculo-furtado-em-estrela\/","url":"https:\/\/folhapopular.info\/index.php\/2018\/10\/30\/dois-individuos-sao-presos-por-receptacao-de-veiculo-furtado-em-estrela\/","name":"Dois indiv\u00edduos s\u00e3o presos por recepta\u00e7\u00e3o de ve\u00edculo furtado em Estrela - Folha Popular","isPartOf":{"@id":"https:\/\/folhapopular.info\/#website"},"primaryImageOfPage":{"@id":"https:\/\/folhapopular.info\/index.php\/2018\/10\/30\/dois-individuos-sao-presos-por-receptacao-de-veiculo-furtado-em-estrela\/#primaryimage"},"image":{"@id":"https:\/\/folhapopular.info\/index.php\/2018\/10\/30\/dois-individuos-sao-presos-por-receptacao-de-veiculo-furtado-em-estrela\/#primaryimage"},"thumbnailUrl":"https:\/\/folhapopular.info\/wp-content\/uploads\/2018\/10\/WhatsApp-Image-2018-10-29-at-23.10.17-e1540898656718.jpeg","datePublished":"2018-10-30T11:24:30+00:00","author":{"@id":"https:\/\/folhapopular.info\/#\/schema\/person\/2814e8a0df7643585a9ca38bc6eb9d4b"},"breadcrumb":{"@id":"https:\/\/folhapopular.info\/index.php\/2018\/10\/30\/dois-individuos-sao-presos-por-receptacao-de-veiculo-furtado-em-estrela\/#breadcrumb"},"inLanguage":"pt-BR","potentialAction":[{"@type":"ReadAction","target":["https:\/\/folhapopular.info\/index.php\/2018\/10\/30\/dois-individuos-sao-presos-por-receptacao-de-veiculo-furtado-em-estrela\/"]}]},{"@type":"ImageObject","inLanguage":"pt-BR","@id":"https:\/\/folhapopular.info\/index.php\/2018\/10\/30\/dois-individuos-sao-presos-por-receptacao-de-veiculo-furtado-em-estrela\/#primaryimage","url":"https:\/\/folhapopular.info\/wp-content\/uploads\/2018\/10\/WhatsApp-Image-2018-10-29-at-23.10.17-e1540898656718.jpeg","contentUrl":"https:\/\/folhapopular.info\/wp-content\/uploads\/2018\/10\/WhatsApp-Image-2018-10-29-at-23.10.17-e1540898656718.jpeg","width":1280,"height":720},{"@type":"BreadcrumbList","@id":"https:\/\/folhapopular.info\/index.php\/2018\/10\/30\/dois-individuos-sao-presos-por-receptacao-de-veiculo-furtado-em-estrela\/#breadcrumb","itemListElement":[{"@type":"ListItem","position":1,"name":"In\u00edcio","item":"https:\/\/folhapopular.info\/"},{"@type":"ListItem","position":2,"name":"Dois indiv\u00edduos s\u00e3o presos por recepta\u00e7\u00e3o de ve\u00edculo furtado em Estrela"}]},{"@type":"WebSite","@id":"https:\/\/folhapopular.info\/#website","url":"https:\/\/folhapopular.info\/","name":"Folha Popular","description":"Onde voc\u00ea tem vez e voz","potentialAction":[{"@type":"SearchAction","target":{"@type":"EntryPoint","urlTemplate":"https:\/\/folhapopular.info\/?s={search_term_string}"},"query-input":{"@type":"PropertyValueSpecification","valueRequired":true,"valueName":"search_term_string"}}],"inLanguage":"pt-BR"},{"@type":"Person","@id":"https:\/\/folhapopular.info\/#\/schema\/person\/2814e8a0df7643585a9ca38bc6eb9d4b","name":"Reda\u00e7\u00e3o Folha Popular","image":{"@type":"ImageObject","inLanguage":"pt-BR","@id":"https:\/\/folhapopular.info\/wp-content\/uploads\/2026\/04\/Folha-1.webp","url":"https:\/\/folhapopular.info\/wp-content\/uploads\/2026\/04\/Folha-1.webp","contentUrl":"https:\/\/folhapopular.info\/wp-content\/uploads\/2026\/04\/Folha-1.webp","caption":"Reda\u00e7\u00e3o Folha Popular"},"url":"https:\/\/folhapopular.info\/index.php\/author\/redacao\/"}]}},"jetpack_featured_media_url":"https:\/\/folhapopular.info\/wp-content\/uploads\/2018\/10\/WhatsApp-Image-2018-10-29-at-23.10.17-e1540898656718.jpeg","jetpack_sharing_enabled":true,"amp_enabled":true,"_links":{"self":[{"href":"https:\/\/folhapopular.info\/index.php\/wp-json\/wp\/v2\/posts\/49356","targetHints":{"allow":["GET"]}}],"collection":[{"href":"https:\/\/folhapopular.info\/index.php\/wp-json\/wp\/v2\/posts"}],"about":[{"href":"https:\/\/folhapopular.info\/index.php\/wp-json\/wp\/v2\/types\/post"}],"author":[{"embeddable":true,"href":"https:\/\/folhapopular.info\/index.php\/wp-json\/wp\/v2\/users\/8"}],"replies":[{"embeddable":true,"href":"https:\/\/folhapopular.info\/index.php\/wp-json\/wp\/v2\/comments?post=49356"}],"version-history":[{"count":0,"href":"https:\/\/folhapopular.info\/index.php\/wp-json\/wp\/v2\/posts\/49356\/revisions"}],"wp:featuredmedia":[{"embeddable":true,"href":"https:\/\/folhapopular.info\/index.php\/wp-json\/wp\/v2\/media\/49357"}],"wp:attachment":[{"href":"https:\/\/folhapopular.info\/index.php\/wp-json\/wp\/v2\/media?parent=49356"}],"wp:term":[{"taxonomy":"category","embeddable":true,"href":"https:\/\/folhapopular.info\/index.php\/wp-json\/wp\/v2\/categories?post=49356"},{"taxonomy":"post_tag","embeddable":true,"href":"https:\/\/folhapopular.info\/index.php\/wp-json\/wp\/v2\/tags?post=49356"}],"curies":[{"name":"wp","href":"https:\/\/api.w.org\/{rel}","templated":true}]}}