{"id":49601,"date":"2018-11-13T13:00:02","date_gmt":"2018-11-13T15:00:02","guid":{"rendered":"http:\/\/folhapopular.info\/?p=49601"},"modified":"2018-11-13T11:05:39","modified_gmt":"2018-11-13T13:05:39","slug":"expovale-2018-tem-sequencia-nesta-terca-feira-com-negocios-capacitacao-e-show","status":"publish","type":"post","link":"https:\/\/folhapopular.info\/index.php\/2018\/11\/13\/expovale-2018-tem-sequencia-nesta-terca-feira-com-negocios-capacitacao-e-show\/","title":{"rendered":"Expovale 2018 tem sequ\u00eancia nesta ter\u00e7a-feira com neg\u00f3cios, capacita\u00e7\u00e3o e show"},"content":{"rendered":"<p>Ap\u00f3s uma pausa nesta segunda-feira (12), a Expovale tem sequ\u00eancia na ter\u00e7a-feira com uma intensa programa\u00e7\u00e3o. \u00c0S 8h30min, o caminh\u00e3o-carreta da Associa\u00e7\u00e3o Ga\u00facha de Supermercados (Agas) iniciou a programa\u00e7\u00e3o do dia no Parque do Imigrante com o curso &#8220;Gest\u00e3o de Compras e Negocia\u00e7\u00e3o&#8221;. Na parte da tarde, \u00e0s 13h30min, no sal\u00e3o de eventos da Associa\u00e7\u00e3o Comercial e Industrial de\u00a0Lajeado\u00a0(Acil), acontece a Sess\u00e3o de Neg\u00f3cios, realizada pela entidade e Sebrae.<br \/>\nNo espa\u00e7o Mundo Cooperativo, \u00e0s 15h, ocorre Reuni\u00e3o da AMVAT e Minist\u00e9rio P\u00fablico; \u00e0s 17h30min, encontro de produtores de leit\u00f5es com Rony Carlos Gingo, supervisor do setor de gado leiteiro da D\u00e1lia Alimentos; e \u00e0s 19h30min palestra t\u00e9cnica para produtores rurais \u201cGest\u00e3o da propriedade rural\u201d. Essas atividades ter\u00e3o a participa\u00e7\u00e3o restrita das pessoas inscritas previamente.<br \/>\nA partir das 17h o Parque do Imigrante abre as portarias para visita\u00e7\u00e3o do p\u00fablico. E o primeiro evento \u00e9 o Semin\u00e1rio Conex\u00f5es, \u00e0s 18h, no Audit\u00f3rio da Expovale. O encerramento do dia ser\u00e1 no Pavilh\u00e3o de Shows, onde v\u00e3o estar General Rock, \u00e0s 20h, e EletroR\u00e1dio \u00e0s 21h30min.<br \/>\nO hor\u00e1rio de funcionamento desta ter\u00e7a-feira \u00e9 das 17h \u00e0s 22h e o valor do ingresso \u00e9 de R$ 8,00, o qual tamb\u00e9m d\u00e1 acesso \u00e0s atra\u00e7\u00f5es. Crian\u00e7as menores de 7 anos n\u00e3o pagam, e idosos, estudantes e deficientes f\u00edsicos pagam meia-entrada. Mais informa\u00e7\u00f5es no site\u00a0www.expovale.org.br\u00a0e nas redes sociais da feira (@expovalelajeado).<\/p>\n","protected":false},"excerpt":{"rendered":"<p>Ap\u00f3s uma pausa nesta segunda-feira (12), a Expovale tem sequ\u00eancia na ter\u00e7a-feira com uma intensa programa\u00e7\u00e3o. \u00c0S 8h30min, o caminh\u00e3o-carreta da Associa\u00e7\u00e3o Ga\u00facha de Supermercados (Agas) iniciou a programa\u00e7\u00e3o do dia no Parque do Imigrante com o curso &#8220;Gest\u00e3o de Compras e Negocia\u00e7\u00e3o&#8221;. Na parte da tarde, \u00e0s 13h30min, no sal\u00e3o de eventos da Associa\u00e7\u00e3o [&hellip;]<\/p>\n","protected":false},"author":8,"featured_media":49602,"comment_status":"open","ping_status":"open","sticky":false,"template":"","format":"standard","meta":{"pmpro_default_level":"","_jetpack_memberships_contains_paid_content":false,"footnotes":""},"categories":[2,3],"tags":[1836,27,1507,156],"class_list":{"0":"post-49601","1":"post","2":"type-post","3":"status-publish","4":"format-standard","5":"has-post-thumbnail","7":"category-featured","8":"category-geral","9":"tag-expovale","10":"tag-lajeado","11":"tag-programacao","12":"tag-vale-do-taquari","13":"pmpro-has-access"},"yoast_head":"<!-- This site is optimized with the Yoast SEO plugin v27.5 - https:\/\/yoast.com\/product\/yoast-seo-wordpress\/ -->\n<title>Expovale 2018 tem sequ\u00eancia nesta ter\u00e7a-feira com neg\u00f3cios, capacita\u00e7\u00e3o e show - Folha Popular<\/title>\n<meta name=\"robots\" content=\"index, follow, max-snippet:-1, max-image-preview:large, max-video-preview:-1\" \/>\n<link rel=\"canonical\" href=\"https:\/\/folhapopular.info\/index.php\/2018\/11\/13\/expovale-2018-tem-sequencia-nesta-terca-feira-com-negocios-capacitacao-e-show\/\" \/>\n<meta property=\"og:locale\" content=\"pt_BR\" \/>\n<meta property=\"og:type\" content=\"article\" \/>\n<meta property=\"og:title\" content=\"Expovale 2018 tem sequ\u00eancia nesta ter\u00e7a-feira com neg\u00f3cios, capacita\u00e7\u00e3o e show - Folha Popular\" \/>\n<meta property=\"og:description\" content=\"Ap\u00f3s uma pausa nesta segunda-feira (12), a Expovale tem sequ\u00eancia na ter\u00e7a-feira com uma intensa programa\u00e7\u00e3o. \u00c0S 8h30min, o caminh\u00e3o-carreta da Associa\u00e7\u00e3o Ga\u00facha de Supermercados (Agas) iniciou a programa\u00e7\u00e3o do dia no Parque do Imigrante com o curso &#8220;Gest\u00e3o de Compras e Negocia\u00e7\u00e3o&#8221;. Na parte da tarde, \u00e0s 13h30min, no sal\u00e3o de eventos da Associa\u00e7\u00e3o [&hellip;]\" \/>\n<meta property=\"og:url\" content=\"https:\/\/folhapopular.info\/index.php\/2018\/11\/13\/expovale-2018-tem-sequencia-nesta-terca-feira-com-negocios-capacitacao-e-show\/\" \/>\n<meta property=\"og:site_name\" content=\"Folha Popular\" \/>\n<meta property=\"article:published_time\" content=\"2018-11-13T15:00:02+00:00\" \/>\n<meta property=\"og:image\" content=\"https:\/\/folhapopular.info\/wp-content\/uploads\/2018\/11\/2997-e1542114321360.jpg\" \/>\n\t<meta property=\"og:image:width\" content=\"800\" \/>\n\t<meta property=\"og:image:height\" content=\"531\" \/>\n\t<meta property=\"og:image:type\" content=\"image\/jpeg\" \/>\n<meta name=\"author\" content=\"Reda\u00e7\u00e3o Folha Popular\" \/>\n<meta name=\"twitter:card\" content=\"summary_large_image\" \/>\n<meta name=\"twitter:label1\" content=\"Escrito por\" \/>\n\t<meta name=\"twitter:data1\" content=\"Reda\u00e7\u00e3o Folha Popular\" \/>\n\t<meta name=\"twitter:label2\" content=\"Est. tempo de leitura\" \/>\n\t<meta name=\"twitter:data2\" content=\"1 minuto\" \/>\n<script type=\"application\/ld+json\" class=\"yoast-schema-graph\">{\"@context\":\"https:\\\/\\\/schema.org\",\"@graph\":[{\"@type\":\"Article\",\"@id\":\"https:\\\/\\\/folhapopular.info\\\/index.php\\\/2018\\\/11\\\/13\\\/expovale-2018-tem-sequencia-nesta-terca-feira-com-negocios-capacitacao-e-show\\\/#article\",\"isPartOf\":{\"@id\":\"https:\\\/\\\/folhapopular.info\\\/index.php\\\/2018\\\/11\\\/13\\\/expovale-2018-tem-sequencia-nesta-terca-feira-com-negocios-capacitacao-e-show\\\/\"},\"author\":{\"name\":\"Reda\u00e7\u00e3o Folha Popular\",\"@id\":\"https:\\\/\\\/folhapopular.info\\\/#\\\/schema\\\/person\\\/2814e8a0df7643585a9ca38bc6eb9d4b\"},\"headline\":\"Expovale 2018 tem sequ\u00eancia nesta ter\u00e7a-feira com neg\u00f3cios, capacita\u00e7\u00e3o e show\",\"datePublished\":\"2018-11-13T15:00:02+00:00\",\"mainEntityOfPage\":{\"@id\":\"https:\\\/\\\/folhapopular.info\\\/index.php\\\/2018\\\/11\\\/13\\\/expovale-2018-tem-sequencia-nesta-terca-feira-com-negocios-capacitacao-e-show\\\/\"},\"wordCount\":285,\"commentCount\":0,\"image\":{\"@id\":\"https:\\\/\\\/folhapopular.info\\\/index.php\\\/2018\\\/11\\\/13\\\/expovale-2018-tem-sequencia-nesta-terca-feira-com-negocios-capacitacao-e-show\\\/#primaryimage\"},\"thumbnailUrl\":\"https:\\\/\\\/folhapopular.info\\\/wp-content\\\/uploads\\\/2018\\\/11\\\/2997-e1542114321360.jpg\",\"keywords\":[\"Expovale\",\"Lajeado\",\"Programa\u00e7\u00e3o\",\"Vale do Taquari\"],\"articleSection\":[\"Destaques\",\"Geral\"],\"inLanguage\":\"pt-BR\",\"potentialAction\":[{\"@type\":\"CommentAction\",\"name\":\"Comment\",\"target\":[\"https:\\\/\\\/folhapopular.info\\\/index.php\\\/2018\\\/11\\\/13\\\/expovale-2018-tem-sequencia-nesta-terca-feira-com-negocios-capacitacao-e-show\\\/#respond\"]}]},{\"@type\":\"WebPage\",\"@id\":\"https:\\\/\\\/folhapopular.info\\\/index.php\\\/2018\\\/11\\\/13\\\/expovale-2018-tem-sequencia-nesta-terca-feira-com-negocios-capacitacao-e-show\\\/\",\"url\":\"https:\\\/\\\/folhapopular.info\\\/index.php\\\/2018\\\/11\\\/13\\\/expovale-2018-tem-sequencia-nesta-terca-feira-com-negocios-capacitacao-e-show\\\/\",\"name\":\"Expovale 2018 tem sequ\u00eancia nesta ter\u00e7a-feira com neg\u00f3cios, capacita\u00e7\u00e3o e show - Folha Popular\",\"isPartOf\":{\"@id\":\"https:\\\/\\\/folhapopular.info\\\/#website\"},\"primaryImageOfPage\":{\"@id\":\"https:\\\/\\\/folhapopular.info\\\/index.php\\\/2018\\\/11\\\/13\\\/expovale-2018-tem-sequencia-nesta-terca-feira-com-negocios-capacitacao-e-show\\\/#primaryimage\"},\"image\":{\"@id\":\"https:\\\/\\\/folhapopular.info\\\/index.php\\\/2018\\\/11\\\/13\\\/expovale-2018-tem-sequencia-nesta-terca-feira-com-negocios-capacitacao-e-show\\\/#primaryimage\"},\"thumbnailUrl\":\"https:\\\/\\\/folhapopular.info\\\/wp-content\\\/uploads\\\/2018\\\/11\\\/2997-e1542114321360.jpg\",\"datePublished\":\"2018-11-13T15:00:02+00:00\",\"author\":{\"@id\":\"https:\\\/\\\/folhapopular.info\\\/#\\\/schema\\\/person\\\/2814e8a0df7643585a9ca38bc6eb9d4b\"},\"breadcrumb\":{\"@id\":\"https:\\\/\\\/folhapopular.info\\\/index.php\\\/2018\\\/11\\\/13\\\/expovale-2018-tem-sequencia-nesta-terca-feira-com-negocios-capacitacao-e-show\\\/#breadcrumb\"},\"inLanguage\":\"pt-BR\",\"potentialAction\":[{\"@type\":\"ReadAction\",\"target\":[\"https:\\\/\\\/folhapopular.info\\\/index.php\\\/2018\\\/11\\\/13\\\/expovale-2018-tem-sequencia-nesta-terca-feira-com-negocios-capacitacao-e-show\\\/\"]}]},{\"@type\":\"ImageObject\",\"inLanguage\":\"pt-BR\",\"@id\":\"https:\\\/\\\/folhapopular.info\\\/index.php\\\/2018\\\/11\\\/13\\\/expovale-2018-tem-sequencia-nesta-terca-feira-com-negocios-capacitacao-e-show\\\/#primaryimage\",\"url\":\"https:\\\/\\\/folhapopular.info\\\/wp-content\\\/uploads\\\/2018\\\/11\\\/2997-e1542114321360.jpg\",\"contentUrl\":\"https:\\\/\\\/folhapopular.info\\\/wp-content\\\/uploads\\\/2018\\\/11\\\/2997-e1542114321360.jpg\",\"width\":800,\"height\":531,\"caption\":\"Programa\u00e7\u00e3o reiniciou hoje\\\/Cr\u00e9dito da foto: Carioca Fotografia\\\/Divulga\u00e7\u00e3o\"},{\"@type\":\"BreadcrumbList\",\"@id\":\"https:\\\/\\\/folhapopular.info\\\/index.php\\\/2018\\\/11\\\/13\\\/expovale-2018-tem-sequencia-nesta-terca-feira-com-negocios-capacitacao-e-show\\\/#breadcrumb\",\"itemListElement\":[{\"@type\":\"ListItem\",\"position\":1,\"name\":\"In\u00edcio\",\"item\":\"https:\\\/\\\/folhapopular.info\\\/\"},{\"@type\":\"ListItem\",\"position\":2,\"name\":\"Expovale 2018 tem sequ\u00eancia nesta ter\u00e7a-feira com neg\u00f3cios, capacita\u00e7\u00e3o e show\"}]},{\"@type\":\"WebSite\",\"@id\":\"https:\\\/\\\/folhapopular.info\\\/#website\",\"url\":\"https:\\\/\\\/folhapopular.info\\\/\",\"name\":\"Folha Popular\",\"description\":\"Onde voc\u00ea tem vez e voz\",\"potentialAction\":[{\"@type\":\"SearchAction\",\"target\":{\"@type\":\"EntryPoint\",\"urlTemplate\":\"https:\\\/\\\/folhapopular.info\\\/?s={search_term_string}\"},\"query-input\":{\"@type\":\"PropertyValueSpecification\",\"valueRequired\":true,\"valueName\":\"search_term_string\"}}],\"inLanguage\":\"pt-BR\"},{\"@type\":\"Person\",\"@id\":\"https:\\\/\\\/folhapopular.info\\\/#\\\/schema\\\/person\\\/2814e8a0df7643585a9ca38bc6eb9d4b\",\"name\":\"Reda\u00e7\u00e3o Folha Popular\",\"image\":{\"@type\":\"ImageObject\",\"inLanguage\":\"pt-BR\",\"@id\":\"https:\\\/\\\/folhapopular.info\\\/wp-content\\\/uploads\\\/2026\\\/04\\\/Folha-1.webp\",\"url\":\"https:\\\/\\\/folhapopular.info\\\/wp-content\\\/uploads\\\/2026\\\/04\\\/Folha-1.webp\",\"contentUrl\":\"https:\\\/\\\/folhapopular.info\\\/wp-content\\\/uploads\\\/2026\\\/04\\\/Folha-1.webp\",\"caption\":\"Reda\u00e7\u00e3o Folha Popular\"},\"url\":\"https:\\\/\\\/folhapopular.info\\\/index.php\\\/author\\\/redacao\\\/\"}]}<\/script>\n<!-- \/ Yoast SEO plugin. -->","yoast_head_json":{"title":"Expovale 2018 tem sequ\u00eancia nesta ter\u00e7a-feira com neg\u00f3cios, capacita\u00e7\u00e3o e show - Folha Popular","robots":{"index":"index","follow":"follow","max-snippet":"max-snippet:-1","max-image-preview":"max-image-preview:large","max-video-preview":"max-video-preview:-1"},"canonical":"https:\/\/folhapopular.info\/index.php\/2018\/11\/13\/expovale-2018-tem-sequencia-nesta-terca-feira-com-negocios-capacitacao-e-show\/","og_locale":"pt_BR","og_type":"article","og_title":"Expovale 2018 tem sequ\u00eancia nesta ter\u00e7a-feira com neg\u00f3cios, capacita\u00e7\u00e3o e show - Folha Popular","og_description":"Ap\u00f3s uma pausa nesta segunda-feira (12), a Expovale tem sequ\u00eancia na ter\u00e7a-feira com uma intensa programa\u00e7\u00e3o. \u00c0S 8h30min, o caminh\u00e3o-carreta da Associa\u00e7\u00e3o Ga\u00facha de Supermercados (Agas) iniciou a programa\u00e7\u00e3o do dia no Parque do Imigrante com o curso &#8220;Gest\u00e3o de Compras e Negocia\u00e7\u00e3o&#8221;. Na parte da tarde, \u00e0s 13h30min, no sal\u00e3o de eventos da Associa\u00e7\u00e3o [&hellip;]","og_url":"https:\/\/folhapopular.info\/index.php\/2018\/11\/13\/expovale-2018-tem-sequencia-nesta-terca-feira-com-negocios-capacitacao-e-show\/","og_site_name":"Folha Popular","article_published_time":"2018-11-13T15:00:02+00:00","og_image":[{"width":800,"height":531,"url":"https:\/\/folhapopular.info\/wp-content\/uploads\/2018\/11\/2997-e1542114321360.jpg","type":"image\/jpeg"}],"author":"Reda\u00e7\u00e3o Folha Popular","twitter_card":"summary_large_image","twitter_misc":{"Escrito por":"Reda\u00e7\u00e3o Folha Popular","Est. tempo de leitura":"1 minuto"},"schema":{"@context":"https:\/\/schema.org","@graph":[{"@type":"Article","@id":"https:\/\/folhapopular.info\/index.php\/2018\/11\/13\/expovale-2018-tem-sequencia-nesta-terca-feira-com-negocios-capacitacao-e-show\/#article","isPartOf":{"@id":"https:\/\/folhapopular.info\/index.php\/2018\/11\/13\/expovale-2018-tem-sequencia-nesta-terca-feira-com-negocios-capacitacao-e-show\/"},"author":{"name":"Reda\u00e7\u00e3o Folha Popular","@id":"https:\/\/folhapopular.info\/#\/schema\/person\/2814e8a0df7643585a9ca38bc6eb9d4b"},"headline":"Expovale 2018 tem sequ\u00eancia nesta ter\u00e7a-feira com neg\u00f3cios, capacita\u00e7\u00e3o e show","datePublished":"2018-11-13T15:00:02+00:00","mainEntityOfPage":{"@id":"https:\/\/folhapopular.info\/index.php\/2018\/11\/13\/expovale-2018-tem-sequencia-nesta-terca-feira-com-negocios-capacitacao-e-show\/"},"wordCount":285,"commentCount":0,"image":{"@id":"https:\/\/folhapopular.info\/index.php\/2018\/11\/13\/expovale-2018-tem-sequencia-nesta-terca-feira-com-negocios-capacitacao-e-show\/#primaryimage"},"thumbnailUrl":"https:\/\/folhapopular.info\/wp-content\/uploads\/2018\/11\/2997-e1542114321360.jpg","keywords":["Expovale","Lajeado","Programa\u00e7\u00e3o","Vale do Taquari"],"articleSection":["Destaques","Geral"],"inLanguage":"pt-BR","potentialAction":[{"@type":"CommentAction","name":"Comment","target":["https:\/\/folhapopular.info\/index.php\/2018\/11\/13\/expovale-2018-tem-sequencia-nesta-terca-feira-com-negocios-capacitacao-e-show\/#respond"]}]},{"@type":"WebPage","@id":"https:\/\/folhapopular.info\/index.php\/2018\/11\/13\/expovale-2018-tem-sequencia-nesta-terca-feira-com-negocios-capacitacao-e-show\/","url":"https:\/\/folhapopular.info\/index.php\/2018\/11\/13\/expovale-2018-tem-sequencia-nesta-terca-feira-com-negocios-capacitacao-e-show\/","name":"Expovale 2018 tem sequ\u00eancia nesta ter\u00e7a-feira com neg\u00f3cios, capacita\u00e7\u00e3o e show - Folha Popular","isPartOf":{"@id":"https:\/\/folhapopular.info\/#website"},"primaryImageOfPage":{"@id":"https:\/\/folhapopular.info\/index.php\/2018\/11\/13\/expovale-2018-tem-sequencia-nesta-terca-feira-com-negocios-capacitacao-e-show\/#primaryimage"},"image":{"@id":"https:\/\/folhapopular.info\/index.php\/2018\/11\/13\/expovale-2018-tem-sequencia-nesta-terca-feira-com-negocios-capacitacao-e-show\/#primaryimage"},"thumbnailUrl":"https:\/\/folhapopular.info\/wp-content\/uploads\/2018\/11\/2997-e1542114321360.jpg","datePublished":"2018-11-13T15:00:02+00:00","author":{"@id":"https:\/\/folhapopular.info\/#\/schema\/person\/2814e8a0df7643585a9ca38bc6eb9d4b"},"breadcrumb":{"@id":"https:\/\/folhapopular.info\/index.php\/2018\/11\/13\/expovale-2018-tem-sequencia-nesta-terca-feira-com-negocios-capacitacao-e-show\/#breadcrumb"},"inLanguage":"pt-BR","potentialAction":[{"@type":"ReadAction","target":["https:\/\/folhapopular.info\/index.php\/2018\/11\/13\/expovale-2018-tem-sequencia-nesta-terca-feira-com-negocios-capacitacao-e-show\/"]}]},{"@type":"ImageObject","inLanguage":"pt-BR","@id":"https:\/\/folhapopular.info\/index.php\/2018\/11\/13\/expovale-2018-tem-sequencia-nesta-terca-feira-com-negocios-capacitacao-e-show\/#primaryimage","url":"https:\/\/folhapopular.info\/wp-content\/uploads\/2018\/11\/2997-e1542114321360.jpg","contentUrl":"https:\/\/folhapopular.info\/wp-content\/uploads\/2018\/11\/2997-e1542114321360.jpg","width":800,"height":531,"caption":"Programa\u00e7\u00e3o reiniciou hoje\/Cr\u00e9dito da foto: Carioca Fotografia\/Divulga\u00e7\u00e3o"},{"@type":"BreadcrumbList","@id":"https:\/\/folhapopular.info\/index.php\/2018\/11\/13\/expovale-2018-tem-sequencia-nesta-terca-feira-com-negocios-capacitacao-e-show\/#breadcrumb","itemListElement":[{"@type":"ListItem","position":1,"name":"In\u00edcio","item":"https:\/\/folhapopular.info\/"},{"@type":"ListItem","position":2,"name":"Expovale 2018 tem sequ\u00eancia nesta ter\u00e7a-feira com neg\u00f3cios, capacita\u00e7\u00e3o e show"}]},{"@type":"WebSite","@id":"https:\/\/folhapopular.info\/#website","url":"https:\/\/folhapopular.info\/","name":"Folha Popular","description":"Onde voc\u00ea tem vez e voz","potentialAction":[{"@type":"SearchAction","target":{"@type":"EntryPoint","urlTemplate":"https:\/\/folhapopular.info\/?s={search_term_string}"},"query-input":{"@type":"PropertyValueSpecification","valueRequired":true,"valueName":"search_term_string"}}],"inLanguage":"pt-BR"},{"@type":"Person","@id":"https:\/\/folhapopular.info\/#\/schema\/person\/2814e8a0df7643585a9ca38bc6eb9d4b","name":"Reda\u00e7\u00e3o Folha Popular","image":{"@type":"ImageObject","inLanguage":"pt-BR","@id":"https:\/\/folhapopular.info\/wp-content\/uploads\/2026\/04\/Folha-1.webp","url":"https:\/\/folhapopular.info\/wp-content\/uploads\/2026\/04\/Folha-1.webp","contentUrl":"https:\/\/folhapopular.info\/wp-content\/uploads\/2026\/04\/Folha-1.webp","caption":"Reda\u00e7\u00e3o Folha Popular"},"url":"https:\/\/folhapopular.info\/index.php\/author\/redacao\/"}]}},"jetpack_featured_media_url":"https:\/\/folhapopular.info\/wp-content\/uploads\/2018\/11\/2997-e1542114321360.jpg","jetpack_sharing_enabled":true,"amp_enabled":true,"_links":{"self":[{"href":"https:\/\/folhapopular.info\/index.php\/wp-json\/wp\/v2\/posts\/49601","targetHints":{"allow":["GET"]}}],"collection":[{"href":"https:\/\/folhapopular.info\/index.php\/wp-json\/wp\/v2\/posts"}],"about":[{"href":"https:\/\/folhapopular.info\/index.php\/wp-json\/wp\/v2\/types\/post"}],"author":[{"embeddable":true,"href":"https:\/\/folhapopular.info\/index.php\/wp-json\/wp\/v2\/users\/8"}],"replies":[{"embeddable":true,"href":"https:\/\/folhapopular.info\/index.php\/wp-json\/wp\/v2\/comments?post=49601"}],"version-history":[{"count":0,"href":"https:\/\/folhapopular.info\/index.php\/wp-json\/wp\/v2\/posts\/49601\/revisions"}],"wp:featuredmedia":[{"embeddable":true,"href":"https:\/\/folhapopular.info\/index.php\/wp-json\/wp\/v2\/media\/49602"}],"wp:attachment":[{"href":"https:\/\/folhapopular.info\/index.php\/wp-json\/wp\/v2\/media?parent=49601"}],"wp:term":[{"taxonomy":"category","embeddable":true,"href":"https:\/\/folhapopular.info\/index.php\/wp-json\/wp\/v2\/categories?post=49601"},{"taxonomy":"post_tag","embeddable":true,"href":"https:\/\/folhapopular.info\/index.php\/wp-json\/wp\/v2\/tags?post=49601"}],"curies":[{"name":"wp","href":"https:\/\/api.w.org\/{rel}","templated":true}]}}