{"id":49661,"date":"2018-11-16T12:00:26","date_gmt":"2018-11-16T14:00:26","guid":{"rendered":"http:\/\/folhapopular.info\/?p=49661"},"modified":"2018-11-16T08:56:18","modified_gmt":"2018-11-16T10:56:18","slug":"publicada-portaria-de-adesao-do-municipio-de-estrela-ao-susaf","status":"publish","type":"post","link":"https:\/\/folhapopular.info\/index.php\/2018\/11\/16\/publicada-portaria-de-adesao-do-municipio-de-estrela-ao-susaf\/","title":{"rendered":"Publicada portaria de ades\u00e3o do munic\u00edpio de Estrela ao Susaf"},"content":{"rendered":"<p>O munic\u00edpio de Estrela foi aprovado na auditoria t\u00e9cnica para ingressar no Sistema Unificado Estadual de Sanidade Agroindustrial, Familiar, Artesanal e de Pequeno Porte (Susaf).\u00a0 A Portaria SEAPI 526\/2018, da Secretaria Estadual da Agricultura, Pecu\u00e1ria e Irriga\u00e7\u00e3o, que disp\u00f5e sobre o ingresso, foi publicada no Di\u00e1rio Oficial do Estado desta quarta-feira (14\/11). O ato de ades\u00e3o oficial ser\u00e1 realizado no pr\u00f3ximo dia 21 de novembro, \u00e0s 16h, no Sal\u00e3o Nobre da prefeitura. &#8220;Isto permitir\u00e1 que nossas agroind\u00fastrias, que trabalham com produtos de origem animal, possam comercializar em todo o territ\u00f3rio do Rio Grande do Sul, aquecendo a economia local&#8221;, ressalta o secret\u00e1rio municipal da Agricultura, Jos\u00e9 Ad\u00e3o Braun.<\/p>\n<p>De acordo com o secret\u00e1rio, o Governo de Estrela tomou todas as provid\u00eancias necess\u00e1rias em termos de legisla\u00e7\u00e3o e adequa\u00e7\u00f5es solicitadas pela Secretaria Estadual da Agricultura. &#8220;Algumas situa\u00e7\u00f5es envolvendo as agroind\u00fastrias tamb\u00e9m foram sanadas&#8221;, observa. Hoje, segundo ele, h\u00e1 quatro empreendimentos que poder\u00e3o comercializar seus produtos \u2013 carnes resfriadas e embutidos de su\u00edno como salame, copa, costela defumada e mel &#8211; em todo o Estado. O m\u00e9dico veterin\u00e1rio Paulo Roberto Almeida Pereira, respons\u00e1vel pelo Sistema de Inspe\u00e7\u00e3o Municipal, acrescenta que este n\u00famero deve aumentar nos pr\u00f3ximos meses, pois alguns empreendimentos est\u00e3o se regularizando. Segundo ele, as agroind\u00fastrias aptas a aderir ao sistema receber\u00e3o um selo do Susaf nas embalagens.<\/p>\n","protected":false},"excerpt":{"rendered":"<p>O munic\u00edpio de Estrela foi aprovado na auditoria t\u00e9cnica para ingressar no Sistema Unificado Estadual de Sanidade Agroindustrial, Familiar, Artesanal e de Pequeno Porte (Susaf).\u00a0 A Portaria SEAPI 526\/2018, da Secretaria Estadual da Agricultura, Pecu\u00e1ria e Irriga\u00e7\u00e3o, que disp\u00f5e sobre o ingresso, foi publicada no Di\u00e1rio Oficial do Estado desta quarta-feira (14\/11). O ato de [&hellip;]<\/p>\n","protected":false},"author":8,"featured_media":49662,"comment_status":"open","ping_status":"open","sticky":false,"template":"","format":"standard","meta":{"pmpro_default_level":"","_jetpack_memberships_contains_paid_content":false,"footnotes":""},"categories":[2,3],"tags":[1868,8,815],"class_list":{"0":"post-49661","1":"post","2":"type-post","3":"status-publish","4":"format-standard","5":"has-post-thumbnail","7":"category-featured","8":"category-geral","9":"tag-agroindustria-familiar","10":"tag-estrela","11":"tag-susaf","12":"pmpro-has-access"},"yoast_head":"<!-- This site is optimized with the Yoast SEO plugin v27.5 - https:\/\/yoast.com\/product\/yoast-seo-wordpress\/ -->\n<title>Publicada portaria de ades\u00e3o do munic\u00edpio de Estrela ao Susaf - Folha Popular<\/title>\n<meta name=\"robots\" content=\"index, follow, max-snippet:-1, max-image-preview:large, max-video-preview:-1\" \/>\n<link rel=\"canonical\" href=\"https:\/\/folhapopular.info\/index.php\/2018\/11\/16\/publicada-portaria-de-adesao-do-municipio-de-estrela-ao-susaf\/\" \/>\n<meta property=\"og:locale\" content=\"pt_BR\" \/>\n<meta property=\"og:type\" content=\"article\" \/>\n<meta property=\"og:title\" content=\"Publicada portaria de ades\u00e3o do munic\u00edpio de Estrela ao Susaf - Folha Popular\" \/>\n<meta property=\"og:description\" content=\"O munic\u00edpio de Estrela foi aprovado na auditoria t\u00e9cnica para ingressar no Sistema Unificado Estadual de Sanidade Agroindustrial, Familiar, Artesanal e de Pequeno Porte (Susaf).\u00a0 A Portaria SEAPI 526\/2018, da Secretaria Estadual da Agricultura, Pecu\u00e1ria e Irriga\u00e7\u00e3o, que disp\u00f5e sobre o ingresso, foi publicada no Di\u00e1rio Oficial do Estado desta quarta-feira (14\/11). O ato de [&hellip;]\" \/>\n<meta property=\"og:url\" content=\"https:\/\/folhapopular.info\/index.php\/2018\/11\/16\/publicada-portaria-de-adesao-do-municipio-de-estrela-ao-susaf\/\" \/>\n<meta property=\"og:site_name\" content=\"Folha Popular\" \/>\n<meta property=\"article:published_time\" content=\"2018-11-16T14:00:26+00:00\" \/>\n<meta property=\"og:image\" content=\"https:\/\/folhapopular.info\/wp-content\/uploads\/2018\/11\/14.11-Mel-e1542365740277.jpg\" \/>\n\t<meta property=\"og:image:width\" content=\"800\" \/>\n\t<meta property=\"og:image:height\" content=\"571\" \/>\n\t<meta property=\"og:image:type\" content=\"image\/jpeg\" \/>\n<meta name=\"author\" content=\"Reda\u00e7\u00e3o Folha Popular\" \/>\n<meta name=\"twitter:card\" content=\"summary_large_image\" \/>\n<meta name=\"twitter:label1\" content=\"Escrito por\" \/>\n\t<meta name=\"twitter:data1\" content=\"Reda\u00e7\u00e3o Folha Popular\" \/>\n\t<meta name=\"twitter:label2\" content=\"Est. tempo de leitura\" \/>\n\t<meta name=\"twitter:data2\" content=\"1 minuto\" \/>\n<script type=\"application\/ld+json\" class=\"yoast-schema-graph\">{\"@context\":\"https:\\\/\\\/schema.org\",\"@graph\":[{\"@type\":\"Article\",\"@id\":\"https:\\\/\\\/folhapopular.info\\\/index.php\\\/2018\\\/11\\\/16\\\/publicada-portaria-de-adesao-do-municipio-de-estrela-ao-susaf\\\/#article\",\"isPartOf\":{\"@id\":\"https:\\\/\\\/folhapopular.info\\\/index.php\\\/2018\\\/11\\\/16\\\/publicada-portaria-de-adesao-do-municipio-de-estrela-ao-susaf\\\/\"},\"author\":{\"name\":\"Reda\u00e7\u00e3o Folha Popular\",\"@id\":\"https:\\\/\\\/folhapopular.info\\\/#\\\/schema\\\/person\\\/2814e8a0df7643585a9ca38bc6eb9d4b\"},\"headline\":\"Publicada portaria de ades\u00e3o do munic\u00edpio de Estrela ao Susaf\",\"datePublished\":\"2018-11-16T14:00:26+00:00\",\"mainEntityOfPage\":{\"@id\":\"https:\\\/\\\/folhapopular.info\\\/index.php\\\/2018\\\/11\\\/16\\\/publicada-portaria-de-adesao-do-municipio-de-estrela-ao-susaf\\\/\"},\"wordCount\":257,\"commentCount\":0,\"image\":{\"@id\":\"https:\\\/\\\/folhapopular.info\\\/index.php\\\/2018\\\/11\\\/16\\\/publicada-portaria-de-adesao-do-municipio-de-estrela-ao-susaf\\\/#primaryimage\"},\"thumbnailUrl\":\"https:\\\/\\\/folhapopular.info\\\/wp-content\\\/uploads\\\/2018\\\/11\\\/14.11-Mel-e1542365740277.jpg\",\"keywords\":[\"Agroind\u00fastria Familiar\",\"Estrela\",\"SUSAF\"],\"articleSection\":[\"Destaques\",\"Geral\"],\"inLanguage\":\"pt-BR\",\"potentialAction\":[{\"@type\":\"CommentAction\",\"name\":\"Comment\",\"target\":[\"https:\\\/\\\/folhapopular.info\\\/index.php\\\/2018\\\/11\\\/16\\\/publicada-portaria-de-adesao-do-municipio-de-estrela-ao-susaf\\\/#respond\"]}]},{\"@type\":\"WebPage\",\"@id\":\"https:\\\/\\\/folhapopular.info\\\/index.php\\\/2018\\\/11\\\/16\\\/publicada-portaria-de-adesao-do-municipio-de-estrela-ao-susaf\\\/\",\"url\":\"https:\\\/\\\/folhapopular.info\\\/index.php\\\/2018\\\/11\\\/16\\\/publicada-portaria-de-adesao-do-municipio-de-estrela-ao-susaf\\\/\",\"name\":\"Publicada portaria de ades\u00e3o do munic\u00edpio de Estrela ao Susaf - Folha Popular\",\"isPartOf\":{\"@id\":\"https:\\\/\\\/folhapopular.info\\\/#website\"},\"primaryImageOfPage\":{\"@id\":\"https:\\\/\\\/folhapopular.info\\\/index.php\\\/2018\\\/11\\\/16\\\/publicada-portaria-de-adesao-do-municipio-de-estrela-ao-susaf\\\/#primaryimage\"},\"image\":{\"@id\":\"https:\\\/\\\/folhapopular.info\\\/index.php\\\/2018\\\/11\\\/16\\\/publicada-portaria-de-adesao-do-municipio-de-estrela-ao-susaf\\\/#primaryimage\"},\"thumbnailUrl\":\"https:\\\/\\\/folhapopular.info\\\/wp-content\\\/uploads\\\/2018\\\/11\\\/14.11-Mel-e1542365740277.jpg\",\"datePublished\":\"2018-11-16T14:00:26+00:00\",\"author\":{\"@id\":\"https:\\\/\\\/folhapopular.info\\\/#\\\/schema\\\/person\\\/2814e8a0df7643585a9ca38bc6eb9d4b\"},\"breadcrumb\":{\"@id\":\"https:\\\/\\\/folhapopular.info\\\/index.php\\\/2018\\\/11\\\/16\\\/publicada-portaria-de-adesao-do-municipio-de-estrela-ao-susaf\\\/#breadcrumb\"},\"inLanguage\":\"pt-BR\",\"potentialAction\":[{\"@type\":\"ReadAction\",\"target\":[\"https:\\\/\\\/folhapopular.info\\\/index.php\\\/2018\\\/11\\\/16\\\/publicada-portaria-de-adesao-do-municipio-de-estrela-ao-susaf\\\/\"]}]},{\"@type\":\"ImageObject\",\"inLanguage\":\"pt-BR\",\"@id\":\"https:\\\/\\\/folhapopular.info\\\/index.php\\\/2018\\\/11\\\/16\\\/publicada-portaria-de-adesao-do-municipio-de-estrela-ao-susaf\\\/#primaryimage\",\"url\":\"https:\\\/\\\/folhapopular.info\\\/wp-content\\\/uploads\\\/2018\\\/11\\\/14.11-Mel-e1542365740277.jpg\",\"contentUrl\":\"https:\\\/\\\/folhapopular.info\\\/wp-content\\\/uploads\\\/2018\\\/11\\\/14.11-Mel-e1542365740277.jpg\",\"width\":800,\"height\":571,\"caption\":\"Mel est\u00e1 entre os itens produzidos pelas agroind\u00fastrias locais e que poder\u00e1 ser vendido para fora do munic\u00edpio\\\/Cr\u00e9dito da foto: Andr\u00e9 Silva\\\/Divulga\u00e7\u00e3o\"},{\"@type\":\"BreadcrumbList\",\"@id\":\"https:\\\/\\\/folhapopular.info\\\/index.php\\\/2018\\\/11\\\/16\\\/publicada-portaria-de-adesao-do-municipio-de-estrela-ao-susaf\\\/#breadcrumb\",\"itemListElement\":[{\"@type\":\"ListItem\",\"position\":1,\"name\":\"In\u00edcio\",\"item\":\"https:\\\/\\\/folhapopular.info\\\/\"},{\"@type\":\"ListItem\",\"position\":2,\"name\":\"Publicada portaria de ades\u00e3o do munic\u00edpio de Estrela ao Susaf\"}]},{\"@type\":\"WebSite\",\"@id\":\"https:\\\/\\\/folhapopular.info\\\/#website\",\"url\":\"https:\\\/\\\/folhapopular.info\\\/\",\"name\":\"Folha Popular\",\"description\":\"Onde voc\u00ea tem vez e voz\",\"potentialAction\":[{\"@type\":\"SearchAction\",\"target\":{\"@type\":\"EntryPoint\",\"urlTemplate\":\"https:\\\/\\\/folhapopular.info\\\/?s={search_term_string}\"},\"query-input\":{\"@type\":\"PropertyValueSpecification\",\"valueRequired\":true,\"valueName\":\"search_term_string\"}}],\"inLanguage\":\"pt-BR\"},{\"@type\":\"Person\",\"@id\":\"https:\\\/\\\/folhapopular.info\\\/#\\\/schema\\\/person\\\/2814e8a0df7643585a9ca38bc6eb9d4b\",\"name\":\"Reda\u00e7\u00e3o Folha Popular\",\"image\":{\"@type\":\"ImageObject\",\"inLanguage\":\"pt-BR\",\"@id\":\"https:\\\/\\\/folhapopular.info\\\/wp-content\\\/uploads\\\/2026\\\/04\\\/Folha-1.webp\",\"url\":\"https:\\\/\\\/folhapopular.info\\\/wp-content\\\/uploads\\\/2026\\\/04\\\/Folha-1.webp\",\"contentUrl\":\"https:\\\/\\\/folhapopular.info\\\/wp-content\\\/uploads\\\/2026\\\/04\\\/Folha-1.webp\",\"caption\":\"Reda\u00e7\u00e3o Folha Popular\"},\"url\":\"https:\\\/\\\/folhapopular.info\\\/index.php\\\/author\\\/redacao\\\/\"}]}<\/script>\n<!-- \/ Yoast SEO plugin. -->","yoast_head_json":{"title":"Publicada portaria de ades\u00e3o do munic\u00edpio de Estrela ao Susaf - Folha Popular","robots":{"index":"index","follow":"follow","max-snippet":"max-snippet:-1","max-image-preview":"max-image-preview:large","max-video-preview":"max-video-preview:-1"},"canonical":"https:\/\/folhapopular.info\/index.php\/2018\/11\/16\/publicada-portaria-de-adesao-do-municipio-de-estrela-ao-susaf\/","og_locale":"pt_BR","og_type":"article","og_title":"Publicada portaria de ades\u00e3o do munic\u00edpio de Estrela ao Susaf - Folha Popular","og_description":"O munic\u00edpio de Estrela foi aprovado na auditoria t\u00e9cnica para ingressar no Sistema Unificado Estadual de Sanidade Agroindustrial, Familiar, Artesanal e de Pequeno Porte (Susaf).\u00a0 A Portaria SEAPI 526\/2018, da Secretaria Estadual da Agricultura, Pecu\u00e1ria e Irriga\u00e7\u00e3o, que disp\u00f5e sobre o ingresso, foi publicada no Di\u00e1rio Oficial do Estado desta quarta-feira (14\/11). O ato de [&hellip;]","og_url":"https:\/\/folhapopular.info\/index.php\/2018\/11\/16\/publicada-portaria-de-adesao-do-municipio-de-estrela-ao-susaf\/","og_site_name":"Folha Popular","article_published_time":"2018-11-16T14:00:26+00:00","og_image":[{"width":800,"height":571,"url":"https:\/\/folhapopular.info\/wp-content\/uploads\/2018\/11\/14.11-Mel-e1542365740277.jpg","type":"image\/jpeg"}],"author":"Reda\u00e7\u00e3o Folha Popular","twitter_card":"summary_large_image","twitter_misc":{"Escrito por":"Reda\u00e7\u00e3o Folha Popular","Est. tempo de leitura":"1 minuto"},"schema":{"@context":"https:\/\/schema.org","@graph":[{"@type":"Article","@id":"https:\/\/folhapopular.info\/index.php\/2018\/11\/16\/publicada-portaria-de-adesao-do-municipio-de-estrela-ao-susaf\/#article","isPartOf":{"@id":"https:\/\/folhapopular.info\/index.php\/2018\/11\/16\/publicada-portaria-de-adesao-do-municipio-de-estrela-ao-susaf\/"},"author":{"name":"Reda\u00e7\u00e3o Folha Popular","@id":"https:\/\/folhapopular.info\/#\/schema\/person\/2814e8a0df7643585a9ca38bc6eb9d4b"},"headline":"Publicada portaria de ades\u00e3o do munic\u00edpio de Estrela ao Susaf","datePublished":"2018-11-16T14:00:26+00:00","mainEntityOfPage":{"@id":"https:\/\/folhapopular.info\/index.php\/2018\/11\/16\/publicada-portaria-de-adesao-do-municipio-de-estrela-ao-susaf\/"},"wordCount":257,"commentCount":0,"image":{"@id":"https:\/\/folhapopular.info\/index.php\/2018\/11\/16\/publicada-portaria-de-adesao-do-municipio-de-estrela-ao-susaf\/#primaryimage"},"thumbnailUrl":"https:\/\/folhapopular.info\/wp-content\/uploads\/2018\/11\/14.11-Mel-e1542365740277.jpg","keywords":["Agroind\u00fastria Familiar","Estrela","SUSAF"],"articleSection":["Destaques","Geral"],"inLanguage":"pt-BR","potentialAction":[{"@type":"CommentAction","name":"Comment","target":["https:\/\/folhapopular.info\/index.php\/2018\/11\/16\/publicada-portaria-de-adesao-do-municipio-de-estrela-ao-susaf\/#respond"]}]},{"@type":"WebPage","@id":"https:\/\/folhapopular.info\/index.php\/2018\/11\/16\/publicada-portaria-de-adesao-do-municipio-de-estrela-ao-susaf\/","url":"https:\/\/folhapopular.info\/index.php\/2018\/11\/16\/publicada-portaria-de-adesao-do-municipio-de-estrela-ao-susaf\/","name":"Publicada portaria de ades\u00e3o do munic\u00edpio de Estrela ao Susaf - Folha Popular","isPartOf":{"@id":"https:\/\/folhapopular.info\/#website"},"primaryImageOfPage":{"@id":"https:\/\/folhapopular.info\/index.php\/2018\/11\/16\/publicada-portaria-de-adesao-do-municipio-de-estrela-ao-susaf\/#primaryimage"},"image":{"@id":"https:\/\/folhapopular.info\/index.php\/2018\/11\/16\/publicada-portaria-de-adesao-do-municipio-de-estrela-ao-susaf\/#primaryimage"},"thumbnailUrl":"https:\/\/folhapopular.info\/wp-content\/uploads\/2018\/11\/14.11-Mel-e1542365740277.jpg","datePublished":"2018-11-16T14:00:26+00:00","author":{"@id":"https:\/\/folhapopular.info\/#\/schema\/person\/2814e8a0df7643585a9ca38bc6eb9d4b"},"breadcrumb":{"@id":"https:\/\/folhapopular.info\/index.php\/2018\/11\/16\/publicada-portaria-de-adesao-do-municipio-de-estrela-ao-susaf\/#breadcrumb"},"inLanguage":"pt-BR","potentialAction":[{"@type":"ReadAction","target":["https:\/\/folhapopular.info\/index.php\/2018\/11\/16\/publicada-portaria-de-adesao-do-municipio-de-estrela-ao-susaf\/"]}]},{"@type":"ImageObject","inLanguage":"pt-BR","@id":"https:\/\/folhapopular.info\/index.php\/2018\/11\/16\/publicada-portaria-de-adesao-do-municipio-de-estrela-ao-susaf\/#primaryimage","url":"https:\/\/folhapopular.info\/wp-content\/uploads\/2018\/11\/14.11-Mel-e1542365740277.jpg","contentUrl":"https:\/\/folhapopular.info\/wp-content\/uploads\/2018\/11\/14.11-Mel-e1542365740277.jpg","width":800,"height":571,"caption":"Mel est\u00e1 entre os itens produzidos pelas agroind\u00fastrias locais e que poder\u00e1 ser vendido para fora do munic\u00edpio\/Cr\u00e9dito da foto: Andr\u00e9 Silva\/Divulga\u00e7\u00e3o"},{"@type":"BreadcrumbList","@id":"https:\/\/folhapopular.info\/index.php\/2018\/11\/16\/publicada-portaria-de-adesao-do-municipio-de-estrela-ao-susaf\/#breadcrumb","itemListElement":[{"@type":"ListItem","position":1,"name":"In\u00edcio","item":"https:\/\/folhapopular.info\/"},{"@type":"ListItem","position":2,"name":"Publicada portaria de ades\u00e3o do munic\u00edpio de Estrela ao Susaf"}]},{"@type":"WebSite","@id":"https:\/\/folhapopular.info\/#website","url":"https:\/\/folhapopular.info\/","name":"Folha Popular","description":"Onde voc\u00ea tem vez e voz","potentialAction":[{"@type":"SearchAction","target":{"@type":"EntryPoint","urlTemplate":"https:\/\/folhapopular.info\/?s={search_term_string}"},"query-input":{"@type":"PropertyValueSpecification","valueRequired":true,"valueName":"search_term_string"}}],"inLanguage":"pt-BR"},{"@type":"Person","@id":"https:\/\/folhapopular.info\/#\/schema\/person\/2814e8a0df7643585a9ca38bc6eb9d4b","name":"Reda\u00e7\u00e3o Folha Popular","image":{"@type":"ImageObject","inLanguage":"pt-BR","@id":"https:\/\/folhapopular.info\/wp-content\/uploads\/2026\/04\/Folha-1.webp","url":"https:\/\/folhapopular.info\/wp-content\/uploads\/2026\/04\/Folha-1.webp","contentUrl":"https:\/\/folhapopular.info\/wp-content\/uploads\/2026\/04\/Folha-1.webp","caption":"Reda\u00e7\u00e3o Folha Popular"},"url":"https:\/\/folhapopular.info\/index.php\/author\/redacao\/"}]}},"jetpack_featured_media_url":"https:\/\/folhapopular.info\/wp-content\/uploads\/2018\/11\/14.11-Mel-e1542365740277.jpg","jetpack_sharing_enabled":true,"amp_enabled":true,"_links":{"self":[{"href":"https:\/\/folhapopular.info\/index.php\/wp-json\/wp\/v2\/posts\/49661","targetHints":{"allow":["GET"]}}],"collection":[{"href":"https:\/\/folhapopular.info\/index.php\/wp-json\/wp\/v2\/posts"}],"about":[{"href":"https:\/\/folhapopular.info\/index.php\/wp-json\/wp\/v2\/types\/post"}],"author":[{"embeddable":true,"href":"https:\/\/folhapopular.info\/index.php\/wp-json\/wp\/v2\/users\/8"}],"replies":[{"embeddable":true,"href":"https:\/\/folhapopular.info\/index.php\/wp-json\/wp\/v2\/comments?post=49661"}],"version-history":[{"count":0,"href":"https:\/\/folhapopular.info\/index.php\/wp-json\/wp\/v2\/posts\/49661\/revisions"}],"wp:featuredmedia":[{"embeddable":true,"href":"https:\/\/folhapopular.info\/index.php\/wp-json\/wp\/v2\/media\/49662"}],"wp:attachment":[{"href":"https:\/\/folhapopular.info\/index.php\/wp-json\/wp\/v2\/media?parent=49661"}],"wp:term":[{"taxonomy":"category","embeddable":true,"href":"https:\/\/folhapopular.info\/index.php\/wp-json\/wp\/v2\/categories?post=49661"},{"taxonomy":"post_tag","embeddable":true,"href":"https:\/\/folhapopular.info\/index.php\/wp-json\/wp\/v2\/tags?post=49661"}],"curies":[{"name":"wp","href":"https:\/\/api.w.org\/{rel}","templated":true}]}}