{"id":49711,"date":"2018-11-18T14:09:22","date_gmt":"2018-11-18T16:09:22","guid":{"rendered":"http:\/\/folhapopular.info\/?p=49711"},"modified":"2018-11-18T14:10:37","modified_gmt":"2018-11-18T16:10:37","slug":"estudiantes-e-assespe-decidirao-titulo-dos-veteranos","status":"publish","type":"post","link":"https:\/\/folhapopular.info\/index.php\/2018\/11\/18\/estudiantes-e-assespe-decidirao-titulo-dos-veteranos\/","title":{"rendered":"Estudiantes e ASSESPE decidir\u00e3o t\u00edtulo dos Veteranos"},"content":{"rendered":"<p>O Estudiantes de Conventos (Lajeado) e a ASSESPE de Linha Gr\u00e3o Par\u00e1 (Ven\u00e2ncio Aires) est\u00e3o na final do Campeonato Regional de Veteranos &#8211; 21\u00aa Copa Certel Sicredi 2018. As duas equipes confirmaram as vagas na manh\u00e3 deste domingo (18\/11), com nova vit\u00f3ria na partida de volta das semifinais.<\/p>\n<p>Jogando em casa, o Estudiantes venceu o Ga\u00facho de Teut\u00f4nia (atual campe\u00e3o) por 4 a 1. Para\u00edba abriu o marcador para o Estudiantes. Ainda no primeiro tempo, Ronei, de falta, empatou para o Ga\u00facho. Na segunda etapa, Vilson duas vezes colocou o Estudiantes em vantagem de 3 a 1. No final, mais um gol do time da casa, que completou a vit\u00f3ria por 4 a 1 e a classifica\u00e7\u00e3o para a decis\u00e3o.<\/p>\n<p>Em Ven\u00e2ncio Aires, a ASSESPE (atual vice-campe\u00e3) derrotou o Santa Clara por 3 a 2, resultado que confirmou a equipe em mais uma decis\u00e3o. O primeiro jogo da final ser\u00e1 em Conventos (Lajeado). O segundo jogo acontecer\u00e1 em Linha Gr\u00e3o Par\u00e1 (Ven\u00e2ncio Aires). O Estudiantes joga por dois empates, pois tem melhor campanha geral.<\/p>\n","protected":false},"excerpt":{"rendered":"<p>O Estudiantes de Conventos (Lajeado) e a ASSESPE de Linha Gr\u00e3o Par\u00e1 (Ven\u00e2ncio Aires) est\u00e3o na final do Campeonato Regional de Veteranos &#8211; 21\u00aa Copa Certel Sicredi 2018. As duas equipes confirmaram as vagas na manh\u00e3 deste domingo (18\/11), com nova vit\u00f3ria na partida de volta das semifinais. Jogando em casa, o Estudiantes venceu o [&hellip;]<\/p>\n","protected":false},"author":7,"featured_media":49712,"comment_status":"open","ping_status":"open","sticky":false,"template":"","format":"standard","meta":{"pmpro_default_level":"","_jetpack_memberships_contains_paid_content":false,"footnotes":""},"categories":[5,240,288],"tags":[318,147,3334],"class_list":{"0":"post-49711","1":"post","2":"type-post","3":"status-publish","4":"format-standard","5":"has-post-thumbnail","7":"category-esportes","8":"category-futebol-amador","9":"category-regional-da-aslivata","10":"tag-copa-certel-sicredi","11":"tag-futebol-amador","12":"tag-regional-de-veteranos","13":"pmpro-has-access"},"yoast_head":"<!-- This site is optimized with the Yoast SEO plugin v27.5 - https:\/\/yoast.com\/product\/yoast-seo-wordpress\/ -->\n<title>Estudiantes e ASSESPE decidir\u00e3o t\u00edtulo dos Veteranos - Folha Popular<\/title>\n<meta name=\"robots\" content=\"index, follow, max-snippet:-1, max-image-preview:large, max-video-preview:-1\" \/>\n<link rel=\"canonical\" href=\"https:\/\/folhapopular.info\/index.php\/2018\/11\/18\/estudiantes-e-assespe-decidirao-titulo-dos-veteranos\/\" \/>\n<meta property=\"og:locale\" content=\"pt_BR\" \/>\n<meta property=\"og:type\" content=\"article\" \/>\n<meta property=\"og:title\" content=\"Estudiantes e ASSESPE decidir\u00e3o t\u00edtulo dos Veteranos - Folha Popular\" \/>\n<meta property=\"og:description\" content=\"O Estudiantes de Conventos (Lajeado) e a ASSESPE de Linha Gr\u00e3o Par\u00e1 (Ven\u00e2ncio Aires) est\u00e3o na final do Campeonato Regional de Veteranos &#8211; 21\u00aa Copa Certel Sicredi 2018. As duas equipes confirmaram as vagas na manh\u00e3 deste domingo (18\/11), com nova vit\u00f3ria na partida de volta das semifinais. Jogando em casa, o Estudiantes venceu o [&hellip;]\" \/>\n<meta property=\"og:url\" content=\"https:\/\/folhapopular.info\/index.php\/2018\/11\/18\/estudiantes-e-assespe-decidirao-titulo-dos-veteranos\/\" \/>\n<meta property=\"og:site_name\" content=\"Folha Popular\" \/>\n<meta property=\"article:published_time\" content=\"2018-11-18T16:09:22+00:00\" \/>\n<meta property=\"article:modified_time\" content=\"2018-11-18T16:10:37+00:00\" \/>\n<meta property=\"og:image\" content=\"https:\/\/folhapopular.info\/wp-content\/uploads\/2018\/11\/Estudiantes-e1542557335111.jpeg\" \/>\n\t<meta property=\"og:image:width\" content=\"850\" \/>\n\t<meta property=\"og:image:height\" content=\"479\" \/>\n\t<meta property=\"og:image:type\" content=\"image\/jpeg\" \/>\n<meta name=\"author\" content=\"Lucas Leandro Brune\" \/>\n<meta name=\"twitter:card\" content=\"summary_large_image\" \/>\n<meta name=\"twitter:label1\" content=\"Escrito por\" \/>\n\t<meta name=\"twitter:data1\" content=\"Lucas Leandro Brune\" \/>\n\t<meta name=\"twitter:label2\" content=\"Est. tempo de leitura\" \/>\n\t<meta name=\"twitter:data2\" content=\"1 minuto\" \/>\n<script type=\"application\/ld+json\" class=\"yoast-schema-graph\">{\"@context\":\"https:\\\/\\\/schema.org\",\"@graph\":[{\"@type\":\"Article\",\"@id\":\"https:\\\/\\\/folhapopular.info\\\/index.php\\\/2018\\\/11\\\/18\\\/estudiantes-e-assespe-decidirao-titulo-dos-veteranos\\\/#article\",\"isPartOf\":{\"@id\":\"https:\\\/\\\/folhapopular.info\\\/index.php\\\/2018\\\/11\\\/18\\\/estudiantes-e-assespe-decidirao-titulo-dos-veteranos\\\/\"},\"author\":{\"name\":\"Lucas Leandro Brune\",\"@id\":\"https:\\\/\\\/folhapopular.info\\\/#\\\/schema\\\/person\\\/533a15f60cd49e81ab3a90b4ca33cb36\"},\"headline\":\"Estudiantes e ASSESPE decidir\u00e3o t\u00edtulo dos Veteranos\",\"datePublished\":\"2018-11-18T16:09:22+00:00\",\"dateModified\":\"2018-11-18T16:10:37+00:00\",\"mainEntityOfPage\":{\"@id\":\"https:\\\/\\\/folhapopular.info\\\/index.php\\\/2018\\\/11\\\/18\\\/estudiantes-e-assespe-decidirao-titulo-dos-veteranos\\\/\"},\"wordCount\":188,\"commentCount\":0,\"image\":{\"@id\":\"https:\\\/\\\/folhapopular.info\\\/index.php\\\/2018\\\/11\\\/18\\\/estudiantes-e-assespe-decidirao-titulo-dos-veteranos\\\/#primaryimage\"},\"thumbnailUrl\":\"https:\\\/\\\/folhapopular.info\\\/wp-content\\\/uploads\\\/2018\\\/11\\\/Estudiantes-e1542557335111.jpeg\",\"keywords\":[\"Copa Certel Sicredi\",\"futebol amador\",\"Regional de Veteranos\"],\"articleSection\":[\"Esportes\",\"Futebol Amador\",\"Regional da Aslivata\"],\"inLanguage\":\"pt-BR\",\"potentialAction\":[{\"@type\":\"CommentAction\",\"name\":\"Comment\",\"target\":[\"https:\\\/\\\/folhapopular.info\\\/index.php\\\/2018\\\/11\\\/18\\\/estudiantes-e-assespe-decidirao-titulo-dos-veteranos\\\/#respond\"]}]},{\"@type\":\"WebPage\",\"@id\":\"https:\\\/\\\/folhapopular.info\\\/index.php\\\/2018\\\/11\\\/18\\\/estudiantes-e-assespe-decidirao-titulo-dos-veteranos\\\/\",\"url\":\"https:\\\/\\\/folhapopular.info\\\/index.php\\\/2018\\\/11\\\/18\\\/estudiantes-e-assespe-decidirao-titulo-dos-veteranos\\\/\",\"name\":\"Estudiantes e ASSESPE decidir\u00e3o t\u00edtulo dos Veteranos - Folha Popular\",\"isPartOf\":{\"@id\":\"https:\\\/\\\/folhapopular.info\\\/#website\"},\"primaryImageOfPage\":{\"@id\":\"https:\\\/\\\/folhapopular.info\\\/index.php\\\/2018\\\/11\\\/18\\\/estudiantes-e-assespe-decidirao-titulo-dos-veteranos\\\/#primaryimage\"},\"image\":{\"@id\":\"https:\\\/\\\/folhapopular.info\\\/index.php\\\/2018\\\/11\\\/18\\\/estudiantes-e-assespe-decidirao-titulo-dos-veteranos\\\/#primaryimage\"},\"thumbnailUrl\":\"https:\\\/\\\/folhapopular.info\\\/wp-content\\\/uploads\\\/2018\\\/11\\\/Estudiantes-e1542557335111.jpeg\",\"datePublished\":\"2018-11-18T16:09:22+00:00\",\"dateModified\":\"2018-11-18T16:10:37+00:00\",\"author\":{\"@id\":\"https:\\\/\\\/folhapopular.info\\\/#\\\/schema\\\/person\\\/533a15f60cd49e81ab3a90b4ca33cb36\"},\"breadcrumb\":{\"@id\":\"https:\\\/\\\/folhapopular.info\\\/index.php\\\/2018\\\/11\\\/18\\\/estudiantes-e-assespe-decidirao-titulo-dos-veteranos\\\/#breadcrumb\"},\"inLanguage\":\"pt-BR\",\"potentialAction\":[{\"@type\":\"ReadAction\",\"target\":[\"https:\\\/\\\/folhapopular.info\\\/index.php\\\/2018\\\/11\\\/18\\\/estudiantes-e-assespe-decidirao-titulo-dos-veteranos\\\/\"]}]},{\"@type\":\"ImageObject\",\"inLanguage\":\"pt-BR\",\"@id\":\"https:\\\/\\\/folhapopular.info\\\/index.php\\\/2018\\\/11\\\/18\\\/estudiantes-e-assespe-decidirao-titulo-dos-veteranos\\\/#primaryimage\",\"url\":\"https:\\\/\\\/folhapopular.info\\\/wp-content\\\/uploads\\\/2018\\\/11\\\/Estudiantes-e1542557335111.jpeg\",\"contentUrl\":\"https:\\\/\\\/folhapopular.info\\\/wp-content\\\/uploads\\\/2018\\\/11\\\/Estudiantes-e1542557335111.jpeg\",\"width\":850,\"height\":479,\"caption\":\"Estudiantes chega com a melhor campanha na final\"},{\"@type\":\"BreadcrumbList\",\"@id\":\"https:\\\/\\\/folhapopular.info\\\/index.php\\\/2018\\\/11\\\/18\\\/estudiantes-e-assespe-decidirao-titulo-dos-veteranos\\\/#breadcrumb\",\"itemListElement\":[{\"@type\":\"ListItem\",\"position\":1,\"name\":\"In\u00edcio\",\"item\":\"https:\\\/\\\/folhapopular.info\\\/\"},{\"@type\":\"ListItem\",\"position\":2,\"name\":\"Estudiantes e ASSESPE decidir\u00e3o t\u00edtulo dos Veteranos\"}]},{\"@type\":\"WebSite\",\"@id\":\"https:\\\/\\\/folhapopular.info\\\/#website\",\"url\":\"https:\\\/\\\/folhapopular.info\\\/\",\"name\":\"Folha Popular\",\"description\":\"Onde voc\u00ea tem vez e voz\",\"potentialAction\":[{\"@type\":\"SearchAction\",\"target\":{\"@type\":\"EntryPoint\",\"urlTemplate\":\"https:\\\/\\\/folhapopular.info\\\/?s={search_term_string}\"},\"query-input\":{\"@type\":\"PropertyValueSpecification\",\"valueRequired\":true,\"valueName\":\"search_term_string\"}}],\"inLanguage\":\"pt-BR\"},{\"@type\":\"Person\",\"@id\":\"https:\\\/\\\/folhapopular.info\\\/#\\\/schema\\\/person\\\/533a15f60cd49e81ab3a90b4ca33cb36\",\"name\":\"Lucas Leandro Brune\",\"image\":{\"@type\":\"ImageObject\",\"inLanguage\":\"pt-BR\",\"@id\":\"https:\\\/\\\/folhapopular.info\\\/wp-content\\\/uploads\\\/2026\\\/04\\\/LUCAS-1-1.webp\",\"url\":\"https:\\\/\\\/folhapopular.info\\\/wp-content\\\/uploads\\\/2026\\\/04\\\/LUCAS-1-1.webp\",\"contentUrl\":\"https:\\\/\\\/folhapopular.info\\\/wp-content\\\/uploads\\\/2026\\\/04\\\/LUCAS-1-1.webp\",\"caption\":\"Lucas Leandro Brune\"},\"description\":\"Jornalista Profissional Diplomado MTB\\\/RS 14.333\",\"url\":\"https:\\\/\\\/folhapopular.info\\\/index.php\\\/author\\\/lucas-brune\\\/\"}]}<\/script>\n<!-- \/ Yoast SEO plugin. -->","yoast_head_json":{"title":"Estudiantes e ASSESPE decidir\u00e3o t\u00edtulo dos Veteranos - Folha Popular","robots":{"index":"index","follow":"follow","max-snippet":"max-snippet:-1","max-image-preview":"max-image-preview:large","max-video-preview":"max-video-preview:-1"},"canonical":"https:\/\/folhapopular.info\/index.php\/2018\/11\/18\/estudiantes-e-assespe-decidirao-titulo-dos-veteranos\/","og_locale":"pt_BR","og_type":"article","og_title":"Estudiantes e ASSESPE decidir\u00e3o t\u00edtulo dos Veteranos - Folha Popular","og_description":"O Estudiantes de Conventos (Lajeado) e a ASSESPE de Linha Gr\u00e3o Par\u00e1 (Ven\u00e2ncio Aires) est\u00e3o na final do Campeonato Regional de Veteranos &#8211; 21\u00aa Copa Certel Sicredi 2018. As duas equipes confirmaram as vagas na manh\u00e3 deste domingo (18\/11), com nova vit\u00f3ria na partida de volta das semifinais. Jogando em casa, o Estudiantes venceu o [&hellip;]","og_url":"https:\/\/folhapopular.info\/index.php\/2018\/11\/18\/estudiantes-e-assespe-decidirao-titulo-dos-veteranos\/","og_site_name":"Folha Popular","article_published_time":"2018-11-18T16:09:22+00:00","article_modified_time":"2018-11-18T16:10:37+00:00","og_image":[{"width":850,"height":479,"url":"https:\/\/folhapopular.info\/wp-content\/uploads\/2018\/11\/Estudiantes-e1542557335111.jpeg","type":"image\/jpeg"}],"author":"Lucas Leandro Brune","twitter_card":"summary_large_image","twitter_misc":{"Escrito por":"Lucas Leandro Brune","Est. tempo de leitura":"1 minuto"},"schema":{"@context":"https:\/\/schema.org","@graph":[{"@type":"Article","@id":"https:\/\/folhapopular.info\/index.php\/2018\/11\/18\/estudiantes-e-assespe-decidirao-titulo-dos-veteranos\/#article","isPartOf":{"@id":"https:\/\/folhapopular.info\/index.php\/2018\/11\/18\/estudiantes-e-assespe-decidirao-titulo-dos-veteranos\/"},"author":{"name":"Lucas Leandro Brune","@id":"https:\/\/folhapopular.info\/#\/schema\/person\/533a15f60cd49e81ab3a90b4ca33cb36"},"headline":"Estudiantes e ASSESPE decidir\u00e3o t\u00edtulo dos Veteranos","datePublished":"2018-11-18T16:09:22+00:00","dateModified":"2018-11-18T16:10:37+00:00","mainEntityOfPage":{"@id":"https:\/\/folhapopular.info\/index.php\/2018\/11\/18\/estudiantes-e-assespe-decidirao-titulo-dos-veteranos\/"},"wordCount":188,"commentCount":0,"image":{"@id":"https:\/\/folhapopular.info\/index.php\/2018\/11\/18\/estudiantes-e-assespe-decidirao-titulo-dos-veteranos\/#primaryimage"},"thumbnailUrl":"https:\/\/folhapopular.info\/wp-content\/uploads\/2018\/11\/Estudiantes-e1542557335111.jpeg","keywords":["Copa Certel Sicredi","futebol amador","Regional de Veteranos"],"articleSection":["Esportes","Futebol Amador","Regional da Aslivata"],"inLanguage":"pt-BR","potentialAction":[{"@type":"CommentAction","name":"Comment","target":["https:\/\/folhapopular.info\/index.php\/2018\/11\/18\/estudiantes-e-assespe-decidirao-titulo-dos-veteranos\/#respond"]}]},{"@type":"WebPage","@id":"https:\/\/folhapopular.info\/index.php\/2018\/11\/18\/estudiantes-e-assespe-decidirao-titulo-dos-veteranos\/","url":"https:\/\/folhapopular.info\/index.php\/2018\/11\/18\/estudiantes-e-assespe-decidirao-titulo-dos-veteranos\/","name":"Estudiantes e ASSESPE decidir\u00e3o t\u00edtulo dos Veteranos - Folha Popular","isPartOf":{"@id":"https:\/\/folhapopular.info\/#website"},"primaryImageOfPage":{"@id":"https:\/\/folhapopular.info\/index.php\/2018\/11\/18\/estudiantes-e-assespe-decidirao-titulo-dos-veteranos\/#primaryimage"},"image":{"@id":"https:\/\/folhapopular.info\/index.php\/2018\/11\/18\/estudiantes-e-assespe-decidirao-titulo-dos-veteranos\/#primaryimage"},"thumbnailUrl":"https:\/\/folhapopular.info\/wp-content\/uploads\/2018\/11\/Estudiantes-e1542557335111.jpeg","datePublished":"2018-11-18T16:09:22+00:00","dateModified":"2018-11-18T16:10:37+00:00","author":{"@id":"https:\/\/folhapopular.info\/#\/schema\/person\/533a15f60cd49e81ab3a90b4ca33cb36"},"breadcrumb":{"@id":"https:\/\/folhapopular.info\/index.php\/2018\/11\/18\/estudiantes-e-assespe-decidirao-titulo-dos-veteranos\/#breadcrumb"},"inLanguage":"pt-BR","potentialAction":[{"@type":"ReadAction","target":["https:\/\/folhapopular.info\/index.php\/2018\/11\/18\/estudiantes-e-assespe-decidirao-titulo-dos-veteranos\/"]}]},{"@type":"ImageObject","inLanguage":"pt-BR","@id":"https:\/\/folhapopular.info\/index.php\/2018\/11\/18\/estudiantes-e-assespe-decidirao-titulo-dos-veteranos\/#primaryimage","url":"https:\/\/folhapopular.info\/wp-content\/uploads\/2018\/11\/Estudiantes-e1542557335111.jpeg","contentUrl":"https:\/\/folhapopular.info\/wp-content\/uploads\/2018\/11\/Estudiantes-e1542557335111.jpeg","width":850,"height":479,"caption":"Estudiantes chega com a melhor campanha na final"},{"@type":"BreadcrumbList","@id":"https:\/\/folhapopular.info\/index.php\/2018\/11\/18\/estudiantes-e-assespe-decidirao-titulo-dos-veteranos\/#breadcrumb","itemListElement":[{"@type":"ListItem","position":1,"name":"In\u00edcio","item":"https:\/\/folhapopular.info\/"},{"@type":"ListItem","position":2,"name":"Estudiantes e ASSESPE decidir\u00e3o t\u00edtulo dos Veteranos"}]},{"@type":"WebSite","@id":"https:\/\/folhapopular.info\/#website","url":"https:\/\/folhapopular.info\/","name":"Folha Popular","description":"Onde voc\u00ea tem vez e voz","potentialAction":[{"@type":"SearchAction","target":{"@type":"EntryPoint","urlTemplate":"https:\/\/folhapopular.info\/?s={search_term_string}"},"query-input":{"@type":"PropertyValueSpecification","valueRequired":true,"valueName":"search_term_string"}}],"inLanguage":"pt-BR"},{"@type":"Person","@id":"https:\/\/folhapopular.info\/#\/schema\/person\/533a15f60cd49e81ab3a90b4ca33cb36","name":"Lucas Leandro Brune","image":{"@type":"ImageObject","inLanguage":"pt-BR","@id":"https:\/\/folhapopular.info\/wp-content\/uploads\/2026\/04\/LUCAS-1-1.webp","url":"https:\/\/folhapopular.info\/wp-content\/uploads\/2026\/04\/LUCAS-1-1.webp","contentUrl":"https:\/\/folhapopular.info\/wp-content\/uploads\/2026\/04\/LUCAS-1-1.webp","caption":"Lucas Leandro Brune"},"description":"Jornalista Profissional Diplomado MTB\/RS 14.333","url":"https:\/\/folhapopular.info\/index.php\/author\/lucas-brune\/"}]}},"jetpack_featured_media_url":"https:\/\/folhapopular.info\/wp-content\/uploads\/2018\/11\/Estudiantes-e1542557335111.jpeg","jetpack_sharing_enabled":true,"amp_enabled":true,"_links":{"self":[{"href":"https:\/\/folhapopular.info\/index.php\/wp-json\/wp\/v2\/posts\/49711","targetHints":{"allow":["GET"]}}],"collection":[{"href":"https:\/\/folhapopular.info\/index.php\/wp-json\/wp\/v2\/posts"}],"about":[{"href":"https:\/\/folhapopular.info\/index.php\/wp-json\/wp\/v2\/types\/post"}],"author":[{"embeddable":true,"href":"https:\/\/folhapopular.info\/index.php\/wp-json\/wp\/v2\/users\/7"}],"replies":[{"embeddable":true,"href":"https:\/\/folhapopular.info\/index.php\/wp-json\/wp\/v2\/comments?post=49711"}],"version-history":[{"count":0,"href":"https:\/\/folhapopular.info\/index.php\/wp-json\/wp\/v2\/posts\/49711\/revisions"}],"wp:featuredmedia":[{"embeddable":true,"href":"https:\/\/folhapopular.info\/index.php\/wp-json\/wp\/v2\/media\/49712"}],"wp:attachment":[{"href":"https:\/\/folhapopular.info\/index.php\/wp-json\/wp\/v2\/media?parent=49711"}],"wp:term":[{"taxonomy":"category","embeddable":true,"href":"https:\/\/folhapopular.info\/index.php\/wp-json\/wp\/v2\/categories?post=49711"},{"taxonomy":"post_tag","embeddable":true,"href":"https:\/\/folhapopular.info\/index.php\/wp-json\/wp\/v2\/tags?post=49711"}],"curies":[{"name":"wp","href":"https:\/\/api.w.org\/{rel}","templated":true}]}}