{"id":49948,"date":"2018-11-25T17:48:19","date_gmt":"2018-11-25T19:48:19","guid":{"rendered":"http:\/\/folhapopular.info\/?p=49948"},"modified":"2018-11-25T17:48:19","modified_gmt":"2018-11-25T19:48:19","slug":"empate-marca-primeira-final-dos-aspirantes-do-regional","status":"publish","type":"post","link":"https:\/\/folhapopular.info\/index.php\/2018\/11\/25\/empate-marca-primeira-final-dos-aspirantes-do-regional\/","title":{"rendered":"Empate marca primeira final dos Aspirantes do Regional"},"content":{"rendered":"<p>Terminou empatada a primeira partida da final da categoria Aspirantes do Regional da Aslivata &#8211; 21\u00aa Copa Certel Sicredi 2018. Na tarde deste domingo (25\/11), em Capit\u00e3o, Rui Barbosa de Arroio do Meio e S\u00e3o Crist\u00f3v\u00e3o de Lajeado ficaram no 3 a 3, adiando tudo para o pr\u00f3ximo domingo, em Linha Berlim &#8211; Westf\u00e1lia.<\/p>\n<p>O Rui Barbosa abriu 2 a 0 no placar durante o primeiro gol com gols de Pandeiro (7min) e L\u00e9o (35min). No segundo tempo, o S\u00e3o Crist\u00f3v\u00e3o esbo\u00e7ou rea\u00e7\u00e3o com Juninho (11min), descontando para 2 a 1, por\u00e9m o Rui Barbosa fez 3 a 1 com Cesinha (18min) em seu primeiro toque na bola. O S\u00e3o Crist\u00f3v\u00e3o respondeu r\u00e1pido com Teteu (21min) e diminuiu para 3 a 2. O clube de Lajeado seguiu em busca e foi coroado com o empate de 3 a 3 aos 49min, com Mateus Ely.<\/p>\n<p>Com a igualdade, o S\u00e3o Crist\u00f3v\u00e3o mant\u00e9m a vantagem de jogar por novo empate para ser campe\u00e3o pela quinta vez na categoria Aspirantes. O Rui Barbosa, para atingir o quarto t\u00edtulo, ter\u00e1 que vencer o jogo.<\/p>\n","protected":false},"excerpt":{"rendered":"<p>Terminou empatada a primeira partida da final da categoria Aspirantes do Regional da Aslivata &#8211; 21\u00aa Copa Certel Sicredi 2018. Na tarde deste domingo (25\/11), em Capit\u00e3o, Rui Barbosa de Arroio do Meio e S\u00e3o Crist\u00f3v\u00e3o de Lajeado ficaram no 3 a 3, adiando tudo para o pr\u00f3ximo domingo, em Linha Berlim &#8211; Westf\u00e1lia. O [&hellip;]<\/p>\n","protected":false},"author":7,"featured_media":49951,"comment_status":"open","ping_status":"open","sticky":false,"template":"","format":"standard","meta":{"pmpro_default_level":"","_jetpack_memberships_contains_paid_content":false,"footnotes":""},"categories":[5,240,288],"tags":[360,318,556,156],"class_list":{"0":"post-49948","1":"post","2":"type-post","3":"status-publish","4":"format-standard","5":"has-post-thumbnail","7":"category-esportes","8":"category-futebol-amador","9":"category-regional-da-aslivata","10":"tag-aspirantes","11":"tag-copa-certel-sicredi","12":"tag-regional-da-aslivata","13":"tag-vale-do-taquari","14":"pmpro-has-access"},"yoast_head":"<!-- This site is optimized with the Yoast SEO plugin v27.5 - https:\/\/yoast.com\/product\/yoast-seo-wordpress\/ -->\n<title>Empate marca primeira final dos Aspirantes do Regional - Folha Popular<\/title>\n<meta name=\"robots\" content=\"index, follow, max-snippet:-1, max-image-preview:large, max-video-preview:-1\" \/>\n<link rel=\"canonical\" href=\"https:\/\/folhapopular.info\/index.php\/2018\/11\/25\/empate-marca-primeira-final-dos-aspirantes-do-regional\/\" \/>\n<meta property=\"og:locale\" content=\"pt_BR\" \/>\n<meta property=\"og:type\" content=\"article\" \/>\n<meta property=\"og:title\" content=\"Empate marca primeira final dos Aspirantes do Regional - Folha Popular\" \/>\n<meta property=\"og:description\" content=\"Terminou empatada a primeira partida da final da categoria Aspirantes do Regional da Aslivata &#8211; 21\u00aa Copa Certel Sicredi 2018. Na tarde deste domingo (25\/11), em Capit\u00e3o, Rui Barbosa de Arroio do Meio e S\u00e3o Crist\u00f3v\u00e3o de Lajeado ficaram no 3 a 3, adiando tudo para o pr\u00f3ximo domingo, em Linha Berlim &#8211; Westf\u00e1lia. O [&hellip;]\" \/>\n<meta property=\"og:url\" content=\"https:\/\/folhapopular.info\/index.php\/2018\/11\/25\/empate-marca-primeira-final-dos-aspirantes-do-regional\/\" \/>\n<meta property=\"og:site_name\" content=\"Folha Popular\" \/>\n<meta property=\"article:published_time\" content=\"2018-11-25T19:48:19+00:00\" \/>\n<meta property=\"og:image\" content=\"https:\/\/folhapopular.info\/wp-content\/uploads\/2018\/11\/WhatsApp-Image-2018-11-25-at-16.31.11.jpeg\" \/>\n\t<meta property=\"og:image:width\" content=\"1040\" \/>\n\t<meta property=\"og:image:height\" content=\"585\" \/>\n\t<meta property=\"og:image:type\" content=\"image\/jpeg\" \/>\n<meta name=\"author\" content=\"Lucas Leandro Brune\" \/>\n<meta name=\"twitter:card\" content=\"summary_large_image\" \/>\n<meta name=\"twitter:label1\" content=\"Escrito por\" \/>\n\t<meta name=\"twitter:data1\" content=\"Lucas Leandro Brune\" \/>\n\t<meta name=\"twitter:label2\" content=\"Est. tempo de leitura\" \/>\n\t<meta name=\"twitter:data2\" content=\"1 minuto\" \/>\n<script type=\"application\/ld+json\" class=\"yoast-schema-graph\">{\"@context\":\"https:\\\/\\\/schema.org\",\"@graph\":[{\"@type\":\"Article\",\"@id\":\"https:\\\/\\\/folhapopular.info\\\/index.php\\\/2018\\\/11\\\/25\\\/empate-marca-primeira-final-dos-aspirantes-do-regional\\\/#article\",\"isPartOf\":{\"@id\":\"https:\\\/\\\/folhapopular.info\\\/index.php\\\/2018\\\/11\\\/25\\\/empate-marca-primeira-final-dos-aspirantes-do-regional\\\/\"},\"author\":{\"name\":\"Lucas Leandro Brune\",\"@id\":\"https:\\\/\\\/folhapopular.info\\\/#\\\/schema\\\/person\\\/533a15f60cd49e81ab3a90b4ca33cb36\"},\"headline\":\"Empate marca primeira final dos Aspirantes do Regional\",\"datePublished\":\"2018-11-25T19:48:19+00:00\",\"mainEntityOfPage\":{\"@id\":\"https:\\\/\\\/folhapopular.info\\\/index.php\\\/2018\\\/11\\\/25\\\/empate-marca-primeira-final-dos-aspirantes-do-regional\\\/\"},\"wordCount\":196,\"commentCount\":0,\"image\":{\"@id\":\"https:\\\/\\\/folhapopular.info\\\/index.php\\\/2018\\\/11\\\/25\\\/empate-marca-primeira-final-dos-aspirantes-do-regional\\\/#primaryimage\"},\"thumbnailUrl\":\"https:\\\/\\\/folhapopular.info\\\/wp-content\\\/uploads\\\/2018\\\/11\\\/WhatsApp-Image-2018-11-25-at-16.31.11.jpeg\",\"keywords\":[\"Aspirantes\",\"Copa Certel Sicredi\",\"Regional da Aslivata\",\"Vale do Taquari\"],\"articleSection\":[\"Esportes\",\"Futebol Amador\",\"Regional da Aslivata\"],\"inLanguage\":\"pt-BR\",\"potentialAction\":[{\"@type\":\"CommentAction\",\"name\":\"Comment\",\"target\":[\"https:\\\/\\\/folhapopular.info\\\/index.php\\\/2018\\\/11\\\/25\\\/empate-marca-primeira-final-dos-aspirantes-do-regional\\\/#respond\"]}]},{\"@type\":\"WebPage\",\"@id\":\"https:\\\/\\\/folhapopular.info\\\/index.php\\\/2018\\\/11\\\/25\\\/empate-marca-primeira-final-dos-aspirantes-do-regional\\\/\",\"url\":\"https:\\\/\\\/folhapopular.info\\\/index.php\\\/2018\\\/11\\\/25\\\/empate-marca-primeira-final-dos-aspirantes-do-regional\\\/\",\"name\":\"Empate marca primeira final dos Aspirantes do Regional - Folha Popular\",\"isPartOf\":{\"@id\":\"https:\\\/\\\/folhapopular.info\\\/#website\"},\"primaryImageOfPage\":{\"@id\":\"https:\\\/\\\/folhapopular.info\\\/index.php\\\/2018\\\/11\\\/25\\\/empate-marca-primeira-final-dos-aspirantes-do-regional\\\/#primaryimage\"},\"image\":{\"@id\":\"https:\\\/\\\/folhapopular.info\\\/index.php\\\/2018\\\/11\\\/25\\\/empate-marca-primeira-final-dos-aspirantes-do-regional\\\/#primaryimage\"},\"thumbnailUrl\":\"https:\\\/\\\/folhapopular.info\\\/wp-content\\\/uploads\\\/2018\\\/11\\\/WhatsApp-Image-2018-11-25-at-16.31.11.jpeg\",\"datePublished\":\"2018-11-25T19:48:19+00:00\",\"author\":{\"@id\":\"https:\\\/\\\/folhapopular.info\\\/#\\\/schema\\\/person\\\/533a15f60cd49e81ab3a90b4ca33cb36\"},\"breadcrumb\":{\"@id\":\"https:\\\/\\\/folhapopular.info\\\/index.php\\\/2018\\\/11\\\/25\\\/empate-marca-primeira-final-dos-aspirantes-do-regional\\\/#breadcrumb\"},\"inLanguage\":\"pt-BR\",\"potentialAction\":[{\"@type\":\"ReadAction\",\"target\":[\"https:\\\/\\\/folhapopular.info\\\/index.php\\\/2018\\\/11\\\/25\\\/empate-marca-primeira-final-dos-aspirantes-do-regional\\\/\"]}]},{\"@type\":\"ImageObject\",\"inLanguage\":\"pt-BR\",\"@id\":\"https:\\\/\\\/folhapopular.info\\\/index.php\\\/2018\\\/11\\\/25\\\/empate-marca-primeira-final-dos-aspirantes-do-regional\\\/#primaryimage\",\"url\":\"https:\\\/\\\/folhapopular.info\\\/wp-content\\\/uploads\\\/2018\\\/11\\\/WhatsApp-Image-2018-11-25-at-16.31.11.jpeg\",\"contentUrl\":\"https:\\\/\\\/folhapopular.info\\\/wp-content\\\/uploads\\\/2018\\\/11\\\/WhatsApp-Image-2018-11-25-at-16.31.11.jpeg\",\"width\":1040,\"height\":585,\"caption\":\"Rui Barbosa (vermelho) e S\u00e3o Crist\u00f3v\u00e3o fizeram um jogo movimentado e com muitos gols em Capit\u00e3o \\\/ Cr\u00e9dito: Bianca Let\u00edcia Fritscher \\\/ Popular FM\"},{\"@type\":\"BreadcrumbList\",\"@id\":\"https:\\\/\\\/folhapopular.info\\\/index.php\\\/2018\\\/11\\\/25\\\/empate-marca-primeira-final-dos-aspirantes-do-regional\\\/#breadcrumb\",\"itemListElement\":[{\"@type\":\"ListItem\",\"position\":1,\"name\":\"In\u00edcio\",\"item\":\"https:\\\/\\\/folhapopular.info\\\/\"},{\"@type\":\"ListItem\",\"position\":2,\"name\":\"Empate marca primeira final dos Aspirantes do Regional\"}]},{\"@type\":\"WebSite\",\"@id\":\"https:\\\/\\\/folhapopular.info\\\/#website\",\"url\":\"https:\\\/\\\/folhapopular.info\\\/\",\"name\":\"Folha Popular\",\"description\":\"Onde voc\u00ea tem vez e voz\",\"potentialAction\":[{\"@type\":\"SearchAction\",\"target\":{\"@type\":\"EntryPoint\",\"urlTemplate\":\"https:\\\/\\\/folhapopular.info\\\/?s={search_term_string}\"},\"query-input\":{\"@type\":\"PropertyValueSpecification\",\"valueRequired\":true,\"valueName\":\"search_term_string\"}}],\"inLanguage\":\"pt-BR\"},{\"@type\":\"Person\",\"@id\":\"https:\\\/\\\/folhapopular.info\\\/#\\\/schema\\\/person\\\/533a15f60cd49e81ab3a90b4ca33cb36\",\"name\":\"Lucas Leandro Brune\",\"image\":{\"@type\":\"ImageObject\",\"inLanguage\":\"pt-BR\",\"@id\":\"https:\\\/\\\/folhapopular.info\\\/wp-content\\\/uploads\\\/2026\\\/04\\\/LUCAS-1-1.webp\",\"url\":\"https:\\\/\\\/folhapopular.info\\\/wp-content\\\/uploads\\\/2026\\\/04\\\/LUCAS-1-1.webp\",\"contentUrl\":\"https:\\\/\\\/folhapopular.info\\\/wp-content\\\/uploads\\\/2026\\\/04\\\/LUCAS-1-1.webp\",\"caption\":\"Lucas Leandro Brune\"},\"description\":\"Jornalista Profissional Diplomado MTB\\\/RS 14.333\",\"url\":\"https:\\\/\\\/folhapopular.info\\\/index.php\\\/author\\\/lucas-brune\\\/\"}]}<\/script>\n<!-- \/ Yoast SEO plugin. -->","yoast_head_json":{"title":"Empate marca primeira final dos Aspirantes do Regional - Folha Popular","robots":{"index":"index","follow":"follow","max-snippet":"max-snippet:-1","max-image-preview":"max-image-preview:large","max-video-preview":"max-video-preview:-1"},"canonical":"https:\/\/folhapopular.info\/index.php\/2018\/11\/25\/empate-marca-primeira-final-dos-aspirantes-do-regional\/","og_locale":"pt_BR","og_type":"article","og_title":"Empate marca primeira final dos Aspirantes do Regional - Folha Popular","og_description":"Terminou empatada a primeira partida da final da categoria Aspirantes do Regional da Aslivata &#8211; 21\u00aa Copa Certel Sicredi 2018. Na tarde deste domingo (25\/11), em Capit\u00e3o, Rui Barbosa de Arroio do Meio e S\u00e3o Crist\u00f3v\u00e3o de Lajeado ficaram no 3 a 3, adiando tudo para o pr\u00f3ximo domingo, em Linha Berlim &#8211; Westf\u00e1lia. O [&hellip;]","og_url":"https:\/\/folhapopular.info\/index.php\/2018\/11\/25\/empate-marca-primeira-final-dos-aspirantes-do-regional\/","og_site_name":"Folha Popular","article_published_time":"2018-11-25T19:48:19+00:00","og_image":[{"width":1040,"height":585,"url":"https:\/\/folhapopular.info\/wp-content\/uploads\/2018\/11\/WhatsApp-Image-2018-11-25-at-16.31.11.jpeg","type":"image\/jpeg"}],"author":"Lucas Leandro Brune","twitter_card":"summary_large_image","twitter_misc":{"Escrito por":"Lucas Leandro Brune","Est. tempo de leitura":"1 minuto"},"schema":{"@context":"https:\/\/schema.org","@graph":[{"@type":"Article","@id":"https:\/\/folhapopular.info\/index.php\/2018\/11\/25\/empate-marca-primeira-final-dos-aspirantes-do-regional\/#article","isPartOf":{"@id":"https:\/\/folhapopular.info\/index.php\/2018\/11\/25\/empate-marca-primeira-final-dos-aspirantes-do-regional\/"},"author":{"name":"Lucas Leandro Brune","@id":"https:\/\/folhapopular.info\/#\/schema\/person\/533a15f60cd49e81ab3a90b4ca33cb36"},"headline":"Empate marca primeira final dos Aspirantes do Regional","datePublished":"2018-11-25T19:48:19+00:00","mainEntityOfPage":{"@id":"https:\/\/folhapopular.info\/index.php\/2018\/11\/25\/empate-marca-primeira-final-dos-aspirantes-do-regional\/"},"wordCount":196,"commentCount":0,"image":{"@id":"https:\/\/folhapopular.info\/index.php\/2018\/11\/25\/empate-marca-primeira-final-dos-aspirantes-do-regional\/#primaryimage"},"thumbnailUrl":"https:\/\/folhapopular.info\/wp-content\/uploads\/2018\/11\/WhatsApp-Image-2018-11-25-at-16.31.11.jpeg","keywords":["Aspirantes","Copa Certel Sicredi","Regional da Aslivata","Vale do Taquari"],"articleSection":["Esportes","Futebol Amador","Regional da Aslivata"],"inLanguage":"pt-BR","potentialAction":[{"@type":"CommentAction","name":"Comment","target":["https:\/\/folhapopular.info\/index.php\/2018\/11\/25\/empate-marca-primeira-final-dos-aspirantes-do-regional\/#respond"]}]},{"@type":"WebPage","@id":"https:\/\/folhapopular.info\/index.php\/2018\/11\/25\/empate-marca-primeira-final-dos-aspirantes-do-regional\/","url":"https:\/\/folhapopular.info\/index.php\/2018\/11\/25\/empate-marca-primeira-final-dos-aspirantes-do-regional\/","name":"Empate marca primeira final dos Aspirantes do Regional - Folha Popular","isPartOf":{"@id":"https:\/\/folhapopular.info\/#website"},"primaryImageOfPage":{"@id":"https:\/\/folhapopular.info\/index.php\/2018\/11\/25\/empate-marca-primeira-final-dos-aspirantes-do-regional\/#primaryimage"},"image":{"@id":"https:\/\/folhapopular.info\/index.php\/2018\/11\/25\/empate-marca-primeira-final-dos-aspirantes-do-regional\/#primaryimage"},"thumbnailUrl":"https:\/\/folhapopular.info\/wp-content\/uploads\/2018\/11\/WhatsApp-Image-2018-11-25-at-16.31.11.jpeg","datePublished":"2018-11-25T19:48:19+00:00","author":{"@id":"https:\/\/folhapopular.info\/#\/schema\/person\/533a15f60cd49e81ab3a90b4ca33cb36"},"breadcrumb":{"@id":"https:\/\/folhapopular.info\/index.php\/2018\/11\/25\/empate-marca-primeira-final-dos-aspirantes-do-regional\/#breadcrumb"},"inLanguage":"pt-BR","potentialAction":[{"@type":"ReadAction","target":["https:\/\/folhapopular.info\/index.php\/2018\/11\/25\/empate-marca-primeira-final-dos-aspirantes-do-regional\/"]}]},{"@type":"ImageObject","inLanguage":"pt-BR","@id":"https:\/\/folhapopular.info\/index.php\/2018\/11\/25\/empate-marca-primeira-final-dos-aspirantes-do-regional\/#primaryimage","url":"https:\/\/folhapopular.info\/wp-content\/uploads\/2018\/11\/WhatsApp-Image-2018-11-25-at-16.31.11.jpeg","contentUrl":"https:\/\/folhapopular.info\/wp-content\/uploads\/2018\/11\/WhatsApp-Image-2018-11-25-at-16.31.11.jpeg","width":1040,"height":585,"caption":"Rui Barbosa (vermelho) e S\u00e3o Crist\u00f3v\u00e3o fizeram um jogo movimentado e com muitos gols em Capit\u00e3o \/ Cr\u00e9dito: Bianca Let\u00edcia Fritscher \/ Popular FM"},{"@type":"BreadcrumbList","@id":"https:\/\/folhapopular.info\/index.php\/2018\/11\/25\/empate-marca-primeira-final-dos-aspirantes-do-regional\/#breadcrumb","itemListElement":[{"@type":"ListItem","position":1,"name":"In\u00edcio","item":"https:\/\/folhapopular.info\/"},{"@type":"ListItem","position":2,"name":"Empate marca primeira final dos Aspirantes do Regional"}]},{"@type":"WebSite","@id":"https:\/\/folhapopular.info\/#website","url":"https:\/\/folhapopular.info\/","name":"Folha Popular","description":"Onde voc\u00ea tem vez e voz","potentialAction":[{"@type":"SearchAction","target":{"@type":"EntryPoint","urlTemplate":"https:\/\/folhapopular.info\/?s={search_term_string}"},"query-input":{"@type":"PropertyValueSpecification","valueRequired":true,"valueName":"search_term_string"}}],"inLanguage":"pt-BR"},{"@type":"Person","@id":"https:\/\/folhapopular.info\/#\/schema\/person\/533a15f60cd49e81ab3a90b4ca33cb36","name":"Lucas Leandro Brune","image":{"@type":"ImageObject","inLanguage":"pt-BR","@id":"https:\/\/folhapopular.info\/wp-content\/uploads\/2026\/04\/LUCAS-1-1.webp","url":"https:\/\/folhapopular.info\/wp-content\/uploads\/2026\/04\/LUCAS-1-1.webp","contentUrl":"https:\/\/folhapopular.info\/wp-content\/uploads\/2026\/04\/LUCAS-1-1.webp","caption":"Lucas Leandro Brune"},"description":"Jornalista Profissional Diplomado MTB\/RS 14.333","url":"https:\/\/folhapopular.info\/index.php\/author\/lucas-brune\/"}]}},"jetpack_featured_media_url":"https:\/\/folhapopular.info\/wp-content\/uploads\/2018\/11\/WhatsApp-Image-2018-11-25-at-16.31.11.jpeg","jetpack_sharing_enabled":true,"amp_enabled":true,"_links":{"self":[{"href":"https:\/\/folhapopular.info\/index.php\/wp-json\/wp\/v2\/posts\/49948","targetHints":{"allow":["GET"]}}],"collection":[{"href":"https:\/\/folhapopular.info\/index.php\/wp-json\/wp\/v2\/posts"}],"about":[{"href":"https:\/\/folhapopular.info\/index.php\/wp-json\/wp\/v2\/types\/post"}],"author":[{"embeddable":true,"href":"https:\/\/folhapopular.info\/index.php\/wp-json\/wp\/v2\/users\/7"}],"replies":[{"embeddable":true,"href":"https:\/\/folhapopular.info\/index.php\/wp-json\/wp\/v2\/comments?post=49948"}],"version-history":[{"count":0,"href":"https:\/\/folhapopular.info\/index.php\/wp-json\/wp\/v2\/posts\/49948\/revisions"}],"wp:featuredmedia":[{"embeddable":true,"href":"https:\/\/folhapopular.info\/index.php\/wp-json\/wp\/v2\/media\/49951"}],"wp:attachment":[{"href":"https:\/\/folhapopular.info\/index.php\/wp-json\/wp\/v2\/media?parent=49948"}],"wp:term":[{"taxonomy":"category","embeddable":true,"href":"https:\/\/folhapopular.info\/index.php\/wp-json\/wp\/v2\/categories?post=49948"},{"taxonomy":"post_tag","embeddable":true,"href":"https:\/\/folhapopular.info\/index.php\/wp-json\/wp\/v2\/tags?post=49948"}],"curies":[{"name":"wp","href":"https:\/\/api.w.org\/{rel}","templated":true}]}}