{"id":50024,"date":"2018-11-26T18:00:10","date_gmt":"2018-11-26T20:00:10","guid":{"rendered":"http:\/\/folhapopular.info\/?p=50024"},"modified":"2018-11-26T14:41:40","modified_gmt":"2018-11-26T16:41:40","slug":"acendimento-das-luzes-natalinas-tera-desfile-cenico-inclusivo-da-apae-garibaldi","status":"publish","type":"post","link":"https:\/\/folhapopular.info\/index.php\/2018\/11\/26\/acendimento-das-luzes-natalinas-tera-desfile-cenico-inclusivo-da-apae-garibaldi\/","title":{"rendered":"Acendimento das luzes natalinas ter\u00e1 Desfile C\u00eanico Inclusivo da Apae Garibaldi"},"content":{"rendered":"<p>A primeira atividade oficial do Natal Borbulhante ocorre nesta quinta-feira (29\/11).\u00a0A partir das 20h30min,\u00a0o acendimento das luzes ser\u00e1 realizado junto ao\u00a0Desfile C\u00eanico Inclusivo da Apae Garibaldi.\u00a0Em caso de mau tempo, o desfile ocorrer\u00e1 no dia 5 de dezembro.<\/p>\n<p>Anjos, duendes e fadas, bonecos de neve, bailarinas, soldadinhos de chumbo, al\u00e9m do Papai e da Mam\u00e3e Noel e personagens do pres\u00e9pio percorrer\u00e3o o trajeto\u00a0transmitindo sua mensagem por meio de cantos, dan\u00e7as, carros aleg\u00f3ricos e arte circense. Al\u00e9m disso, a Banda Marcial de Papais No\u00e9is, com seus instrumentos, levar\u00e1 para a Buarque a sua m\u00fasica e alegria.\u00a0\u00a0Cerca de 200 pessoas, entre alunos, pais, profissionais, volunt\u00e1rios e comunidade, est\u00e3o envolvidas no desfile.<\/p>\n<p>De acordo com a presidente da Apae Garibaldi, Neusa Berteli Sartori, ser\u00e1 uma noite especial para enaltecer e preservar o verdadeiro esp\u00edrito do\u00a0Natal. &#8220;Estamos nos \u00faltimos ajustes das alegorias, figurino e ensaios. Convidamos toda a comunidade para vivenciar este momento conosco, pois estamos preparando um espet\u00e1culo cheio de emo\u00e7\u00e3o&#8221;, completa.<\/p>\n<p>O Desfile C\u00eanico Inclusivo de\u00a0Natal\u00a0da Apae Garibaldi \u00e9 uma realiza\u00e7\u00e3o do Minist\u00e9rio da Cultura, por meio da Lei de Incentivo \u00e0 Cultura, e tem o patroc\u00ednio das empresas Tramontina e Cooperativa Agr\u00edcola Cair\u00fa. O\u00a0evento inicia \u00e0s 20h30min, nas proximidades do banco Bradesco, junto \u00e0 Avenida Independ\u00eancia, e seguir\u00e1 at\u00e9 a Pra\u00e7a Loureiro da Silva, na Avenida Presidente Vargas.<\/p>\n<p>O Natal mais Borbulhante do Brasil segue com atra\u00e7\u00f5es di\u00e1rias na Pra\u00e7a Loureiro da Silva de 11 a 20 de dezembro. Talentos locais se unem a shows regionais e o destaque \u00e9 o show da Banda Nenhum de N\u00f3s no dia 20 de dezembro, encerrando o evento. A programa\u00e7\u00e3o completa pode ser conferida abaixo.<\/p>\n<p><strong>PROGRAMA\u00c7\u00c3O NATAL BORBULHANTE 2018<\/strong><\/p>\n<p><em>29 de novembro (quinta-feira):<\/em><\/p>\n<p>20h30min &#8211; Acendimento oficial das luzes natalinas na Rua Buarque de Macedo<\/p>\n<p>Desfile C\u00eanico Inclusivo de Natal\u00a0(realiza\u00e7\u00e3o do Minist\u00e9rio da Cultura e Apae Garibaldi)<\/p>\n<p><em>07 de dezembro (sexta-feira):<\/em><\/p>\n<p>14h \u00e0s 16h &#8211; Boas vindas ao Natal no Com\u00e9rcio \u2013 Coro Cultural SEJA<\/p>\n<p><em>Programa\u00e7\u00e3o na Pra\u00e7a Loureiro da Silva \u2013 De 11 a 20 de dezembro<\/em><\/p>\n<p>11 de dezembro (ter\u00e7a-feira):<\/p>\n<p>20h \u2013 Natal em Coro e Chegada do Papai Noel<\/p>\n<p>21h \u2013 Tributo a Raul Seixas com Giovanni Mattiello<\/p>\n<p><em>12 de dezembro (quarta-feira):<\/em><\/p>\n<p>19h \u2013 Tem Palha\u00e7o no Natal? Mostra de trabalhos da\u00a0Cia Teatral Acto<\/p>\n<p>20h \u2013 Daniel Lima<\/p>\n<p>21h \u2013 Entre M\u00e3os com Marcelo Caminha (viol\u00e3o) e Rodrigo Solton (piano)<\/p>\n<p><em>13 de dezembro (quinta-feira):<\/em><\/p>\n<p>5\u00aa Noite Branca<\/p>\n<p>20h \u2013 17\u00ba Recital da Escola Musical Center<\/p>\n<p>21h \u2013 Banda Loya<\/p>\n<p>22h \u2013 Banda Eletric Jack<\/p>\n<p><em>14 de dezembro (sexta-feira):<\/em><\/p>\n<p>20h \u2013 Banda Fora de Ordem<\/p>\n<p>21h \u2013 Samba Trio<\/p>\n<p><em>15 de dezembro (s\u00e1bado):<\/em><\/p>\n<p>19h30min \u2013 Grupo de Dan\u00e7as Stella D\u2019Italia<\/p>\n<p>20h &#8211; Grupo de Cantoria Stella D\u2019Italia<\/p>\n<p>20h30min &#8211; Acustic Jack Johnson com Misael Dutra<\/p>\n<p>21h30min \u2013 Disco Groove<\/p>\n<p><em>16 de dezembro (domingo):<\/em><\/p>\n<p>20h \u2013 Orquestra Municipal de Garibaldi \u2013 Especial Elis Regina<\/p>\n<p>Participa\u00e7\u00e3o Especial Camila Lopez<\/p>\n<p><em>17 de dezembro (segunda-feira):<\/em><\/p>\n<p>20h \u2013 Orquestra Jovem de Garibaldi<\/p>\n<p>21h \u2013 Laura Dalm\u00e1s e Banda Cabelo Cacheado<\/p>\n<p><em>18 de dezembro (ter\u00e7a-feira):<\/em><\/p>\n<p>20h \u2013 Missa Campal \u2013\u00a0realiza\u00e7\u00e3o da Par\u00f3quia S\u00e3o Pedro de Garibaldi*<\/p>\n<p>21h \u2013\u00a0Rock\u00a0&#8216;n&#8217; Roll\u00a050 anos de Hist\u00f3ria &#8211; Coral Show Canarinhos<\/p>\n<p><em>19 de dezembro (quarta-feira):<\/em><\/p>\n<p>20h \u2013 Eduardo Segabinazzi<\/p>\n<p>21h \u2013 Banda Marau\u00ea<\/p>\n<p>22h \u2013 Grandes sucessos de Andrea Bocelli na voz do tenor Rafael Lumi<\/p>\n<p><em>20 de dezembro (quinta-feira):<\/em><\/p>\n<p>21h \u2013 Banda Nenhum de N\u00f3s<\/p>\n<p><strong>Atra\u00e7\u00f5es constantes na Pra\u00e7a:<\/strong><\/p>\n<p><em>\u00c1rvore cantante<\/em><\/p>\n<p>De 11 a 20 de dezembro, ser\u00e3o realizados passeios di\u00e1rios de Tim-Tim, a partir das 20h, com sa\u00edda da Pra\u00e7a Loureiro da Silva.<\/p>\n<p><strong>Participe tamb\u00e9m:<\/strong><\/p>\n<p><em>13 de dezembro (quinta-feira)<\/em><\/p>\n<p><strong>5\u00aa Noite Branca<\/strong><\/p>\n<p>Noite em que o com\u00e9rcio ficar\u00e1 aberto at\u00e9 \u00e0s 22h30min com a\u00e7\u00f5es especiais. Realiza\u00e7\u00e3o:\u00a0Rota de Compras, em conjunto com a Associa\u00e7\u00e3o de Pequenas e M\u00e9dias Empresas (Apeme), C\u00e2mara de Ind\u00fastria e Com\u00e9rcio (CIC), C\u00e2mara de Dirigentes Lojistas (CDL) e Secretaria Municipal de Turismo e Cultura.<\/p>\n<p><em>24 de dezembro (segunda-feira):<\/em><\/p>\n<p>20h &#8211; Celebra\u00e7\u00e3o Natalina<\/p>\n<p>Igreja Matriz \u2013 Par\u00f3quia S\u00e3o Pedro<\/p>\n<p>25 de dezembro (ter\u00e7a-feira):<\/p>\n<p>9h \u2013 Missa de Natal<\/p>\n<p>Igreja Matriz \u2013 Par\u00f3quia S\u00e3o Pedro<\/p>\n<p>02 de janeiro:<\/p>\n<p>20h &#8211; Abertura Terno de Reis com o Grupo Resplendor da Aurora (na Pra\u00e7a Loureiro da Silva)<\/p>\n<p><strong>Programa\u00e7\u00e3o Natal M\u00e1gico Peterlongo<\/strong><\/p>\n<p><em>Dia 1\u00ba de dezembro<\/em><\/p>\n<p>Das 18h \u00e0s 20h \u2013 Passeio de Tim-Tim com o Papai Noel e o Peter (passeio gratuito \u00e0s crian\u00e7as com sa\u00edda e retorno na Peterlongo)<\/p>\n<p>19h30min \u2013 Ceia Natalina Comunit\u00e1ria no Jardim de Peterlongo (as pessoas que desejam participar devem levar um prato de doce ou salgado para celebrar juntas o\u00a0esp\u00edrito natalino)<\/p>\n<p>20h \u2013 Acendimento das luzes de\u00a0Natal<\/p>\n<p>20h30min \u2013 Apresenta\u00e7\u00e3o dos Canarinhos na escada do Castelo Peterlongo<\/p>\n<p>Ao escurecer (cerca das 21h) inicia o Wine Movie Peterlongo com o filme Sideways (Ingressos antecipados a R$ 40 pelo\u00a0http:\/\/ww.sympla.com.br\/\u00a0ou no varejo da vin\u00edcola). No local, R$ 50 caso haja disponibilidade<\/p>\n<p><em>09 de dezembro<\/em><\/p>\n<p>Das 16h \u00e0s 21h<\/p>\n<p>19h &#8211; Show com a Banda Sunset Riders<\/p>\n<p>21h \u2013 Espet\u00e1culo pirot\u00e9cnico<\/p>\n<p>Outras atra\u00e7\u00f5es:<\/p>\n<p>Espumante, vinho e suco de uva<\/p>\n<p>Food trucks<\/p>\n<p>Exposi\u00e7\u00e3o de carros antigos<\/p>\n<p>Participa\u00e7\u00e3o de Motoclubes<\/p>\n<p>Evento Pet Friendly<\/p>\n<p>Castelo Peterlongo iluminado<\/p>\n<p>Ingresso: R$ 30 com direito a uma ta\u00e7a (Vendas pelo\u00a0ww.sympla.com.br\u00a0ou no varejo da vin\u00edcola)<\/p>\n","protected":false},"excerpt":{"rendered":"<p>A primeira atividade oficial do Natal Borbulhante ocorre nesta quinta-feira (29\/11).\u00a0A partir das 20h30min,\u00a0o acendimento das luzes ser\u00e1 realizado junto ao\u00a0Desfile C\u00eanico Inclusivo da Apae Garibaldi.\u00a0Em caso de mau tempo, o desfile ocorrer\u00e1 no dia 5 de dezembro. Anjos, duendes e fadas, bonecos de neve, bailarinas, soldadinhos de chumbo, al\u00e9m do Papai e da Mam\u00e3e [&hellip;]<\/p>\n","protected":false},"author":8,"featured_media":50026,"comment_status":"open","ping_status":"open","sticky":false,"template":"","format":"standard","meta":{"pmpro_default_level":"","_jetpack_memberships_contains_paid_content":false,"footnotes":""},"categories":[2,6],"tags":[887,28,1727],"class_list":{"0":"post-50024","1":"post","2":"type-post","3":"status-publish","4":"format-standard","5":"has-post-thumbnail","7":"category-featured","8":"category-inclusive","9":"tag-apae","10":"tag-garibaldi","11":"tag-natal-borbulhante","12":"pmpro-has-access"},"yoast_head":"<!-- This site is optimized with the Yoast SEO plugin v27.5 - https:\/\/yoast.com\/product\/yoast-seo-wordpress\/ -->\n<title>Acendimento das luzes natalinas ter\u00e1 Desfile C\u00eanico Inclusivo da Apae Garibaldi - Folha Popular<\/title>\n<meta name=\"robots\" content=\"index, follow, max-snippet:-1, max-image-preview:large, max-video-preview:-1\" \/>\n<link rel=\"canonical\" href=\"https:\/\/folhapopular.info\/index.php\/2018\/11\/26\/acendimento-das-luzes-natalinas-tera-desfile-cenico-inclusivo-da-apae-garibaldi\/\" \/>\n<meta property=\"og:locale\" content=\"pt_BR\" \/>\n<meta property=\"og:type\" content=\"article\" \/>\n<meta property=\"og:title\" content=\"Acendimento das luzes natalinas ter\u00e1 Desfile C\u00eanico Inclusivo da Apae Garibaldi - Folha Popular\" \/>\n<meta property=\"og:description\" content=\"A primeira atividade oficial do Natal Borbulhante ocorre nesta quinta-feira (29\/11).\u00a0A partir das 20h30min,\u00a0o acendimento das luzes ser\u00e1 realizado junto ao\u00a0Desfile C\u00eanico Inclusivo da Apae Garibaldi.\u00a0Em caso de mau tempo, o desfile ocorrer\u00e1 no dia 5 de dezembro. Anjos, duendes e fadas, bonecos de neve, bailarinas, soldadinhos de chumbo, al\u00e9m do Papai e da Mam\u00e3e [&hellip;]\" \/>\n<meta property=\"og:url\" content=\"https:\/\/folhapopular.info\/index.php\/2018\/11\/26\/acendimento-das-luzes-natalinas-tera-desfile-cenico-inclusivo-da-apae-garibaldi\/\" \/>\n<meta property=\"og:site_name\" content=\"Folha Popular\" \/>\n<meta property=\"article:published_time\" content=\"2018-11-26T20:00:10+00:00\" \/>\n<meta property=\"og:image\" content=\"https:\/\/folhapopular.info\/wp-content\/uploads\/2018\/11\/Cortejo-da-Apae-2016_-Cr\u00e9ditos-Jean-Teixeira-1-e1543249962750.jpg\" \/>\n\t<meta property=\"og:image:width\" content=\"800\" \/>\n\t<meta property=\"og:image:height\" content=\"533\" \/>\n\t<meta property=\"og:image:type\" content=\"image\/jpeg\" \/>\n<meta name=\"author\" content=\"Reda\u00e7\u00e3o Folha Popular\" \/>\n<meta name=\"twitter:card\" content=\"summary_large_image\" \/>\n<meta name=\"twitter:label1\" content=\"Escrito por\" \/>\n\t<meta name=\"twitter:data1\" content=\"Reda\u00e7\u00e3o Folha Popular\" \/>\n\t<meta name=\"twitter:label2\" content=\"Est. tempo de leitura\" \/>\n\t<meta name=\"twitter:data2\" content=\"5 minutos\" \/>\n<script type=\"application\/ld+json\" class=\"yoast-schema-graph\">{\"@context\":\"https:\\\/\\\/schema.org\",\"@graph\":[{\"@type\":\"Article\",\"@id\":\"https:\\\/\\\/folhapopular.info\\\/index.php\\\/2018\\\/11\\\/26\\\/acendimento-das-luzes-natalinas-tera-desfile-cenico-inclusivo-da-apae-garibaldi\\\/#article\",\"isPartOf\":{\"@id\":\"https:\\\/\\\/folhapopular.info\\\/index.php\\\/2018\\\/11\\\/26\\\/acendimento-das-luzes-natalinas-tera-desfile-cenico-inclusivo-da-apae-garibaldi\\\/\"},\"author\":{\"name\":\"Reda\u00e7\u00e3o Folha Popular\",\"@id\":\"https:\\\/\\\/folhapopular.info\\\/#\\\/schema\\\/person\\\/2814e8a0df7643585a9ca38bc6eb9d4b\"},\"headline\":\"Acendimento das luzes natalinas ter\u00e1 Desfile C\u00eanico Inclusivo da Apae Garibaldi\",\"datePublished\":\"2018-11-26T20:00:10+00:00\",\"mainEntityOfPage\":{\"@id\":\"https:\\\/\\\/folhapopular.info\\\/index.php\\\/2018\\\/11\\\/26\\\/acendimento-das-luzes-natalinas-tera-desfile-cenico-inclusivo-da-apae-garibaldi\\\/\"},\"wordCount\":914,\"commentCount\":0,\"image\":{\"@id\":\"https:\\\/\\\/folhapopular.info\\\/index.php\\\/2018\\\/11\\\/26\\\/acendimento-das-luzes-natalinas-tera-desfile-cenico-inclusivo-da-apae-garibaldi\\\/#primaryimage\"},\"thumbnailUrl\":\"https:\\\/\\\/folhapopular.info\\\/wp-content\\\/uploads\\\/2018\\\/11\\\/Cortejo-da-Apae-2016_-Cr\u00e9ditos-Jean-Teixeira-1-e1543249962750.jpg\",\"keywords\":[\"Apae\",\"Garibaldi\",\"Natal Borbulhante\"],\"articleSection\":[\"Destaques\",\"Inclusive\"],\"inLanguage\":\"pt-BR\",\"potentialAction\":[{\"@type\":\"CommentAction\",\"name\":\"Comment\",\"target\":[\"https:\\\/\\\/folhapopular.info\\\/index.php\\\/2018\\\/11\\\/26\\\/acendimento-das-luzes-natalinas-tera-desfile-cenico-inclusivo-da-apae-garibaldi\\\/#respond\"]}]},{\"@type\":\"WebPage\",\"@id\":\"https:\\\/\\\/folhapopular.info\\\/index.php\\\/2018\\\/11\\\/26\\\/acendimento-das-luzes-natalinas-tera-desfile-cenico-inclusivo-da-apae-garibaldi\\\/\",\"url\":\"https:\\\/\\\/folhapopular.info\\\/index.php\\\/2018\\\/11\\\/26\\\/acendimento-das-luzes-natalinas-tera-desfile-cenico-inclusivo-da-apae-garibaldi\\\/\",\"name\":\"Acendimento das luzes natalinas ter\u00e1 Desfile C\u00eanico Inclusivo da Apae Garibaldi - Folha Popular\",\"isPartOf\":{\"@id\":\"https:\\\/\\\/folhapopular.info\\\/#website\"},\"primaryImageOfPage\":{\"@id\":\"https:\\\/\\\/folhapopular.info\\\/index.php\\\/2018\\\/11\\\/26\\\/acendimento-das-luzes-natalinas-tera-desfile-cenico-inclusivo-da-apae-garibaldi\\\/#primaryimage\"},\"image\":{\"@id\":\"https:\\\/\\\/folhapopular.info\\\/index.php\\\/2018\\\/11\\\/26\\\/acendimento-das-luzes-natalinas-tera-desfile-cenico-inclusivo-da-apae-garibaldi\\\/#primaryimage\"},\"thumbnailUrl\":\"https:\\\/\\\/folhapopular.info\\\/wp-content\\\/uploads\\\/2018\\\/11\\\/Cortejo-da-Apae-2016_-Cr\u00e9ditos-Jean-Teixeira-1-e1543249962750.jpg\",\"datePublished\":\"2018-11-26T20:00:10+00:00\",\"author\":{\"@id\":\"https:\\\/\\\/folhapopular.info\\\/#\\\/schema\\\/person\\\/2814e8a0df7643585a9ca38bc6eb9d4b\"},\"breadcrumb\":{\"@id\":\"https:\\\/\\\/folhapopular.info\\\/index.php\\\/2018\\\/11\\\/26\\\/acendimento-das-luzes-natalinas-tera-desfile-cenico-inclusivo-da-apae-garibaldi\\\/#breadcrumb\"},\"inLanguage\":\"pt-BR\",\"potentialAction\":[{\"@type\":\"ReadAction\",\"target\":[\"https:\\\/\\\/folhapopular.info\\\/index.php\\\/2018\\\/11\\\/26\\\/acendimento-das-luzes-natalinas-tera-desfile-cenico-inclusivo-da-apae-garibaldi\\\/\"]}]},{\"@type\":\"ImageObject\",\"inLanguage\":\"pt-BR\",\"@id\":\"https:\\\/\\\/folhapopular.info\\\/index.php\\\/2018\\\/11\\\/26\\\/acendimento-das-luzes-natalinas-tera-desfile-cenico-inclusivo-da-apae-garibaldi\\\/#primaryimage\",\"url\":\"https:\\\/\\\/folhapopular.info\\\/wp-content\\\/uploads\\\/2018\\\/11\\\/Cortejo-da-Apae-2016_-Cr\u00e9ditos-Jean-Teixeira-1-e1543249962750.jpg\",\"contentUrl\":\"https:\\\/\\\/folhapopular.info\\\/wp-content\\\/uploads\\\/2018\\\/11\\\/Cortejo-da-Apae-2016_-Cr\u00e9ditos-Jean-Teixeira-1-e1543249962750.jpg\",\"width\":800,\"height\":533,\"caption\":\"Natal Borbulhante em Garibaldi ter\u00e1 in\u00edcio dia (24\\\/11)\\\/Cr\u00e9ditos da foto: Jean Teixeira \\\/ Divulga\u00e7\u00e3o\"},{\"@type\":\"BreadcrumbList\",\"@id\":\"https:\\\/\\\/folhapopular.info\\\/index.php\\\/2018\\\/11\\\/26\\\/acendimento-das-luzes-natalinas-tera-desfile-cenico-inclusivo-da-apae-garibaldi\\\/#breadcrumb\",\"itemListElement\":[{\"@type\":\"ListItem\",\"position\":1,\"name\":\"In\u00edcio\",\"item\":\"https:\\\/\\\/folhapopular.info\\\/\"},{\"@type\":\"ListItem\",\"position\":2,\"name\":\"Acendimento das luzes natalinas ter\u00e1 Desfile C\u00eanico Inclusivo da Apae Garibaldi\"}]},{\"@type\":\"WebSite\",\"@id\":\"https:\\\/\\\/folhapopular.info\\\/#website\",\"url\":\"https:\\\/\\\/folhapopular.info\\\/\",\"name\":\"Folha Popular\",\"description\":\"Onde voc\u00ea tem vez e voz\",\"potentialAction\":[{\"@type\":\"SearchAction\",\"target\":{\"@type\":\"EntryPoint\",\"urlTemplate\":\"https:\\\/\\\/folhapopular.info\\\/?s={search_term_string}\"},\"query-input\":{\"@type\":\"PropertyValueSpecification\",\"valueRequired\":true,\"valueName\":\"search_term_string\"}}],\"inLanguage\":\"pt-BR\"},{\"@type\":\"Person\",\"@id\":\"https:\\\/\\\/folhapopular.info\\\/#\\\/schema\\\/person\\\/2814e8a0df7643585a9ca38bc6eb9d4b\",\"name\":\"Reda\u00e7\u00e3o Folha Popular\",\"image\":{\"@type\":\"ImageObject\",\"inLanguage\":\"pt-BR\",\"@id\":\"https:\\\/\\\/folhapopular.info\\\/wp-content\\\/uploads\\\/2026\\\/04\\\/Folha-1.webp\",\"url\":\"https:\\\/\\\/folhapopular.info\\\/wp-content\\\/uploads\\\/2026\\\/04\\\/Folha-1.webp\",\"contentUrl\":\"https:\\\/\\\/folhapopular.info\\\/wp-content\\\/uploads\\\/2026\\\/04\\\/Folha-1.webp\",\"caption\":\"Reda\u00e7\u00e3o Folha Popular\"},\"url\":\"https:\\\/\\\/folhapopular.info\\\/index.php\\\/author\\\/redacao\\\/\"}]}<\/script>\n<!-- \/ Yoast SEO plugin. -->","yoast_head_json":{"title":"Acendimento das luzes natalinas ter\u00e1 Desfile C\u00eanico Inclusivo da Apae Garibaldi - Folha Popular","robots":{"index":"index","follow":"follow","max-snippet":"max-snippet:-1","max-image-preview":"max-image-preview:large","max-video-preview":"max-video-preview:-1"},"canonical":"https:\/\/folhapopular.info\/index.php\/2018\/11\/26\/acendimento-das-luzes-natalinas-tera-desfile-cenico-inclusivo-da-apae-garibaldi\/","og_locale":"pt_BR","og_type":"article","og_title":"Acendimento das luzes natalinas ter\u00e1 Desfile C\u00eanico Inclusivo da Apae Garibaldi - Folha Popular","og_description":"A primeira atividade oficial do Natal Borbulhante ocorre nesta quinta-feira (29\/11).\u00a0A partir das 20h30min,\u00a0o acendimento das luzes ser\u00e1 realizado junto ao\u00a0Desfile C\u00eanico Inclusivo da Apae Garibaldi.\u00a0Em caso de mau tempo, o desfile ocorrer\u00e1 no dia 5 de dezembro. Anjos, duendes e fadas, bonecos de neve, bailarinas, soldadinhos de chumbo, al\u00e9m do Papai e da Mam\u00e3e [&hellip;]","og_url":"https:\/\/folhapopular.info\/index.php\/2018\/11\/26\/acendimento-das-luzes-natalinas-tera-desfile-cenico-inclusivo-da-apae-garibaldi\/","og_site_name":"Folha Popular","article_published_time":"2018-11-26T20:00:10+00:00","og_image":[{"width":800,"height":533,"url":"https:\/\/folhapopular.info\/wp-content\/uploads\/2018\/11\/Cortejo-da-Apae-2016_-Cr\u00e9ditos-Jean-Teixeira-1-e1543249962750.jpg","type":"image\/jpeg"}],"author":"Reda\u00e7\u00e3o Folha Popular","twitter_card":"summary_large_image","twitter_misc":{"Escrito por":"Reda\u00e7\u00e3o Folha Popular","Est. tempo de leitura":"5 minutos"},"schema":{"@context":"https:\/\/schema.org","@graph":[{"@type":"Article","@id":"https:\/\/folhapopular.info\/index.php\/2018\/11\/26\/acendimento-das-luzes-natalinas-tera-desfile-cenico-inclusivo-da-apae-garibaldi\/#article","isPartOf":{"@id":"https:\/\/folhapopular.info\/index.php\/2018\/11\/26\/acendimento-das-luzes-natalinas-tera-desfile-cenico-inclusivo-da-apae-garibaldi\/"},"author":{"name":"Reda\u00e7\u00e3o Folha Popular","@id":"https:\/\/folhapopular.info\/#\/schema\/person\/2814e8a0df7643585a9ca38bc6eb9d4b"},"headline":"Acendimento das luzes natalinas ter\u00e1 Desfile C\u00eanico Inclusivo da Apae Garibaldi","datePublished":"2018-11-26T20:00:10+00:00","mainEntityOfPage":{"@id":"https:\/\/folhapopular.info\/index.php\/2018\/11\/26\/acendimento-das-luzes-natalinas-tera-desfile-cenico-inclusivo-da-apae-garibaldi\/"},"wordCount":914,"commentCount":0,"image":{"@id":"https:\/\/folhapopular.info\/index.php\/2018\/11\/26\/acendimento-das-luzes-natalinas-tera-desfile-cenico-inclusivo-da-apae-garibaldi\/#primaryimage"},"thumbnailUrl":"https:\/\/folhapopular.info\/wp-content\/uploads\/2018\/11\/Cortejo-da-Apae-2016_-Cr\u00e9ditos-Jean-Teixeira-1-e1543249962750.jpg","keywords":["Apae","Garibaldi","Natal Borbulhante"],"articleSection":["Destaques","Inclusive"],"inLanguage":"pt-BR","potentialAction":[{"@type":"CommentAction","name":"Comment","target":["https:\/\/folhapopular.info\/index.php\/2018\/11\/26\/acendimento-das-luzes-natalinas-tera-desfile-cenico-inclusivo-da-apae-garibaldi\/#respond"]}]},{"@type":"WebPage","@id":"https:\/\/folhapopular.info\/index.php\/2018\/11\/26\/acendimento-das-luzes-natalinas-tera-desfile-cenico-inclusivo-da-apae-garibaldi\/","url":"https:\/\/folhapopular.info\/index.php\/2018\/11\/26\/acendimento-das-luzes-natalinas-tera-desfile-cenico-inclusivo-da-apae-garibaldi\/","name":"Acendimento das luzes natalinas ter\u00e1 Desfile C\u00eanico Inclusivo da Apae Garibaldi - Folha Popular","isPartOf":{"@id":"https:\/\/folhapopular.info\/#website"},"primaryImageOfPage":{"@id":"https:\/\/folhapopular.info\/index.php\/2018\/11\/26\/acendimento-das-luzes-natalinas-tera-desfile-cenico-inclusivo-da-apae-garibaldi\/#primaryimage"},"image":{"@id":"https:\/\/folhapopular.info\/index.php\/2018\/11\/26\/acendimento-das-luzes-natalinas-tera-desfile-cenico-inclusivo-da-apae-garibaldi\/#primaryimage"},"thumbnailUrl":"https:\/\/folhapopular.info\/wp-content\/uploads\/2018\/11\/Cortejo-da-Apae-2016_-Cr\u00e9ditos-Jean-Teixeira-1-e1543249962750.jpg","datePublished":"2018-11-26T20:00:10+00:00","author":{"@id":"https:\/\/folhapopular.info\/#\/schema\/person\/2814e8a0df7643585a9ca38bc6eb9d4b"},"breadcrumb":{"@id":"https:\/\/folhapopular.info\/index.php\/2018\/11\/26\/acendimento-das-luzes-natalinas-tera-desfile-cenico-inclusivo-da-apae-garibaldi\/#breadcrumb"},"inLanguage":"pt-BR","potentialAction":[{"@type":"ReadAction","target":["https:\/\/folhapopular.info\/index.php\/2018\/11\/26\/acendimento-das-luzes-natalinas-tera-desfile-cenico-inclusivo-da-apae-garibaldi\/"]}]},{"@type":"ImageObject","inLanguage":"pt-BR","@id":"https:\/\/folhapopular.info\/index.php\/2018\/11\/26\/acendimento-das-luzes-natalinas-tera-desfile-cenico-inclusivo-da-apae-garibaldi\/#primaryimage","url":"https:\/\/folhapopular.info\/wp-content\/uploads\/2018\/11\/Cortejo-da-Apae-2016_-Cr\u00e9ditos-Jean-Teixeira-1-e1543249962750.jpg","contentUrl":"https:\/\/folhapopular.info\/wp-content\/uploads\/2018\/11\/Cortejo-da-Apae-2016_-Cr\u00e9ditos-Jean-Teixeira-1-e1543249962750.jpg","width":800,"height":533,"caption":"Natal Borbulhante em Garibaldi ter\u00e1 in\u00edcio dia (24\/11)\/Cr\u00e9ditos da foto: Jean Teixeira \/ Divulga\u00e7\u00e3o"},{"@type":"BreadcrumbList","@id":"https:\/\/folhapopular.info\/index.php\/2018\/11\/26\/acendimento-das-luzes-natalinas-tera-desfile-cenico-inclusivo-da-apae-garibaldi\/#breadcrumb","itemListElement":[{"@type":"ListItem","position":1,"name":"In\u00edcio","item":"https:\/\/folhapopular.info\/"},{"@type":"ListItem","position":2,"name":"Acendimento das luzes natalinas ter\u00e1 Desfile C\u00eanico Inclusivo da Apae Garibaldi"}]},{"@type":"WebSite","@id":"https:\/\/folhapopular.info\/#website","url":"https:\/\/folhapopular.info\/","name":"Folha Popular","description":"Onde voc\u00ea tem vez e voz","potentialAction":[{"@type":"SearchAction","target":{"@type":"EntryPoint","urlTemplate":"https:\/\/folhapopular.info\/?s={search_term_string}"},"query-input":{"@type":"PropertyValueSpecification","valueRequired":true,"valueName":"search_term_string"}}],"inLanguage":"pt-BR"},{"@type":"Person","@id":"https:\/\/folhapopular.info\/#\/schema\/person\/2814e8a0df7643585a9ca38bc6eb9d4b","name":"Reda\u00e7\u00e3o Folha Popular","image":{"@type":"ImageObject","inLanguage":"pt-BR","@id":"https:\/\/folhapopular.info\/wp-content\/uploads\/2026\/04\/Folha-1.webp","url":"https:\/\/folhapopular.info\/wp-content\/uploads\/2026\/04\/Folha-1.webp","contentUrl":"https:\/\/folhapopular.info\/wp-content\/uploads\/2026\/04\/Folha-1.webp","caption":"Reda\u00e7\u00e3o Folha Popular"},"url":"https:\/\/folhapopular.info\/index.php\/author\/redacao\/"}]}},"jetpack_featured_media_url":"https:\/\/folhapopular.info\/wp-content\/uploads\/2018\/11\/Cortejo-da-Apae-2016_-Cr\u00e9ditos-Jean-Teixeira-1-e1543249962750.jpg","jetpack_sharing_enabled":true,"amp_enabled":true,"_links":{"self":[{"href":"https:\/\/folhapopular.info\/index.php\/wp-json\/wp\/v2\/posts\/50024","targetHints":{"allow":["GET"]}}],"collection":[{"href":"https:\/\/folhapopular.info\/index.php\/wp-json\/wp\/v2\/posts"}],"about":[{"href":"https:\/\/folhapopular.info\/index.php\/wp-json\/wp\/v2\/types\/post"}],"author":[{"embeddable":true,"href":"https:\/\/folhapopular.info\/index.php\/wp-json\/wp\/v2\/users\/8"}],"replies":[{"embeddable":true,"href":"https:\/\/folhapopular.info\/index.php\/wp-json\/wp\/v2\/comments?post=50024"}],"version-history":[{"count":0,"href":"https:\/\/folhapopular.info\/index.php\/wp-json\/wp\/v2\/posts\/50024\/revisions"}],"wp:featuredmedia":[{"embeddable":true,"href":"https:\/\/folhapopular.info\/index.php\/wp-json\/wp\/v2\/media\/50026"}],"wp:attachment":[{"href":"https:\/\/folhapopular.info\/index.php\/wp-json\/wp\/v2\/media?parent=50024"}],"wp:term":[{"taxonomy":"category","embeddable":true,"href":"https:\/\/folhapopular.info\/index.php\/wp-json\/wp\/v2\/categories?post=50024"},{"taxonomy":"post_tag","embeddable":true,"href":"https:\/\/folhapopular.info\/index.php\/wp-json\/wp\/v2\/tags?post=50024"}],"curies":[{"name":"wp","href":"https:\/\/api.w.org\/{rel}","templated":true}]}}