{"id":50181,"date":"2018-11-29T10:00:58","date_gmt":"2018-11-29T12:00:58","guid":{"rendered":"http:\/\/folhapopular.info\/?p=50181"},"modified":"2018-11-29T09:12:45","modified_gmt":"2018-11-29T11:12:45","slug":"atletas-da-univates-participam-de-campeonato-mundial-de-ginastica-na-russia","status":"publish","type":"post","link":"https:\/\/folhapopular.info\/index.php\/2018\/11\/29\/atletas-da-univates-participam-de-campeonato-mundial-de-ginastica-na-russia\/","title":{"rendered":"Atletas da Univates participam de campeonato mundial de gin\u00e1stica na R\u00fassia"},"content":{"rendered":"<p dir=\"ltr\">J\u00e1 faz um tempo que a Isadora Uhry, de 18 anos, a Amanda Lu\u00edsa Henckes, de mesma idade, o Gustavo Laureano dos Santos, de 13, e o Igor Heineck, de 14, deram os primeiros passos nas aulas da gin\u00e1stica art\u00edstica e de trampolim na Univates. Come\u00e7ou pela estrelinha, um movimento b\u00e1sico, conforme lembra o professor da equipe de competi\u00e7\u00e3o de gin\u00e1stica pela Univates\/Imojel\/Adesva, Marcos Minoru Otsuka. O crescimento do amor por essa modalidade esportiva os levaram para o Campeonato Mundial por Idades de Gin\u00e1stica de Trampolim. Eles estiveram em S\u00e3o Petersburgo, na R\u00fassia, entre os dias 9 e 21 de novembro.<\/p>\n<p dir=\"ltr\">A classifica\u00e7\u00e3o dos quatro ocorreu a partir do Campeonato Brasileiro de Gin\u00e1stica de Trampolim por Idade, que ocorreu em junho deste ano, em Ouro Preto, Minas Gerais. As meninas competiram pelo aparelho trampolim, enquanto Gustavo e Igor disputaram a prova do duplo mini. Amanda foi destaque no campeonato. Ficou em 36\u00ba lugar entre 60 atletas. \u201c\u00c9 um resultado satisfat\u00f3rio e representa a seriedade do projeto na Institui\u00e7\u00e3o\u201d, reconhece Minoru.<\/p>\n<p dir=\"ltr\">Para Igor, assistir aos advers\u00e1rios no campeonato e se espelhar nos seus exemplos incentiva a participa\u00e7\u00e3o em competi\u00e7\u00f5es futuras. Isadora concorda, afirmando que a experi\u00eancia proporcionou observar atletas do mundo todo e suas t\u00e9cnicas. J\u00e1 Amanda estuda <a href=\"https:\/\/www.univates.br\/graduacao\/educacao-fisica-bacharelado\" target=\"_blank\" rel=\"noopener\">Educa\u00e7\u00e3o F\u00edsica &#8211; Bacharelado <\/a>na Univates e acredita que essas experi\u00eancias acrescentam na sua forma\u00e7\u00e3o.<\/p>\n<p dir=\"ltr\">Os pa\u00edses europeus t\u00eam treinamento na \u00e1rea com mais frequ\u00eancia, e, pela curta dist\u00e2ncia entre os pa\u00edses, conseguem realizar esse interc\u00e2mbio de estarem em diferentes competi\u00e7\u00f5es mais continuamente do que no Brasil. Apesar disso, o resultado demonstra que a equipe est\u00e1 no caminho certo. \u201cN\u00e3o \u00e9 t\u00e3o f\u00e1cil estar em um campeonato mundial. \u00c9 necess\u00e1rio cumprir com os requisitos, os elementos obrigat\u00f3rios que demonstram a compet\u00eancia do atleta. Eles venceram essa etapa, o que j\u00e1 representa uma grande conquista\u201d, declara o professor.<\/p>\n","protected":false},"excerpt":{"rendered":"<p>J\u00e1 faz um tempo que a Isadora Uhry, de 18 anos, a Amanda Lu\u00edsa Henckes, de mesma idade, o Gustavo Laureano dos Santos, de 13, e o Igor Heineck, de 14, deram os primeiros passos nas aulas da gin\u00e1stica art\u00edstica e de trampolim na Univates. Come\u00e7ou pela estrelinha, um movimento b\u00e1sico, conforme lembra o professor [&hellip;]<\/p>\n","protected":false},"author":8,"featured_media":50182,"comment_status":"open","ping_status":"open","sticky":false,"template":"","format":"standard","meta":{"pmpro_default_level":"","_jetpack_memberships_contains_paid_content":false,"footnotes":""},"categories":[5],"tags":[3697,3696,2941,27,83],"class_list":{"0":"post-50181","1":"post","2":"type-post","3":"status-publish","4":"format-standard","5":"has-post-thumbnail","7":"category-esportes","8":"tag-campeonato-mundial-por-idades","9":"tag-equipe-de-ginastica","10":"tag-ginastica-de-trampolim","11":"tag-lajeado","12":"tag-univates","13":"pmpro-has-access"},"yoast_head":"<!-- This site is optimized with the Yoast SEO plugin v27.5 - https:\/\/yoast.com\/product\/yoast-seo-wordpress\/ -->\n<title>Atletas da Univates participam de campeonato mundial de gin\u00e1stica na R\u00fassia - Folha Popular<\/title>\n<meta name=\"robots\" content=\"index, follow, max-snippet:-1, max-image-preview:large, max-video-preview:-1\" \/>\n<link rel=\"canonical\" href=\"https:\/\/folhapopular.info\/index.php\/2018\/11\/29\/atletas-da-univates-participam-de-campeonato-mundial-de-ginastica-na-russia\/\" \/>\n<meta property=\"og:locale\" content=\"pt_BR\" \/>\n<meta property=\"og:type\" content=\"article\" \/>\n<meta property=\"og:title\" content=\"Atletas da Univates participam de campeonato mundial de gin\u00e1stica na R\u00fassia - Folha Popular\" \/>\n<meta property=\"og:description\" content=\"J\u00e1 faz um tempo que a Isadora Uhry, de 18 anos, a Amanda Lu\u00edsa Henckes, de mesma idade, o Gustavo Laureano dos Santos, de 13, e o Igor Heineck, de 14, deram os primeiros passos nas aulas da gin\u00e1stica art\u00edstica e de trampolim na Univates. Come\u00e7ou pela estrelinha, um movimento b\u00e1sico, conforme lembra o professor [&hellip;]\" \/>\n<meta property=\"og:url\" content=\"https:\/\/folhapopular.info\/index.php\/2018\/11\/29\/atletas-da-univates-participam-de-campeonato-mundial-de-ginastica-na-russia\/\" \/>\n<meta property=\"og:site_name\" content=\"Folha Popular\" \/>\n<meta property=\"article:published_time\" content=\"2018-11-29T12:00:58+00:00\" \/>\n<meta property=\"og:image\" content=\"https:\/\/folhapopular.info\/wp-content\/uploads\/2018\/11\/Atletas-na-R\u00fassia.-Divulga\u00e7\u00e3o-2-e1543489495375.jpg\" \/>\n\t<meta property=\"og:image:width\" content=\"800\" \/>\n\t<meta property=\"og:image:height\" content=\"593\" \/>\n\t<meta property=\"og:image:type\" content=\"image\/jpeg\" \/>\n<meta name=\"author\" content=\"Reda\u00e7\u00e3o Folha Popular\" \/>\n<meta name=\"twitter:card\" content=\"summary_large_image\" \/>\n<meta name=\"twitter:label1\" content=\"Escrito por\" \/>\n\t<meta name=\"twitter:data1\" content=\"Reda\u00e7\u00e3o Folha Popular\" \/>\n\t<meta name=\"twitter:label2\" content=\"Est. tempo de leitura\" \/>\n\t<meta name=\"twitter:data2\" content=\"2 minutos\" \/>\n<script type=\"application\/ld+json\" class=\"yoast-schema-graph\">{\"@context\":\"https:\\\/\\\/schema.org\",\"@graph\":[{\"@type\":\"Article\",\"@id\":\"https:\\\/\\\/folhapopular.info\\\/index.php\\\/2018\\\/11\\\/29\\\/atletas-da-univates-participam-de-campeonato-mundial-de-ginastica-na-russia\\\/#article\",\"isPartOf\":{\"@id\":\"https:\\\/\\\/folhapopular.info\\\/index.php\\\/2018\\\/11\\\/29\\\/atletas-da-univates-participam-de-campeonato-mundial-de-ginastica-na-russia\\\/\"},\"author\":{\"name\":\"Reda\u00e7\u00e3o Folha Popular\",\"@id\":\"https:\\\/\\\/folhapopular.info\\\/#\\\/schema\\\/person\\\/2814e8a0df7643585a9ca38bc6eb9d4b\"},\"headline\":\"Atletas da Univates participam de campeonato mundial de gin\u00e1stica na R\u00fassia\",\"datePublished\":\"2018-11-29T12:00:58+00:00\",\"mainEntityOfPage\":{\"@id\":\"https:\\\/\\\/folhapopular.info\\\/index.php\\\/2018\\\/11\\\/29\\\/atletas-da-univates-participam-de-campeonato-mundial-de-ginastica-na-russia\\\/\"},\"wordCount\":345,\"commentCount\":0,\"image\":{\"@id\":\"https:\\\/\\\/folhapopular.info\\\/index.php\\\/2018\\\/11\\\/29\\\/atletas-da-univates-participam-de-campeonato-mundial-de-ginastica-na-russia\\\/#primaryimage\"},\"thumbnailUrl\":\"https:\\\/\\\/folhapopular.info\\\/wp-content\\\/uploads\\\/2018\\\/11\\\/Atletas-na-R\u00fassia.-Divulga\u00e7\u00e3o-2-e1543489495375.jpg\",\"keywords\":[\"Campeonato Mundial por Idades\",\"equipe de gin\u00e1stica\",\"Gin\u00e1stica de Trampolim\",\"Lajeado\",\"Univates\"],\"articleSection\":[\"Esportes\"],\"inLanguage\":\"pt-BR\",\"potentialAction\":[{\"@type\":\"CommentAction\",\"name\":\"Comment\",\"target\":[\"https:\\\/\\\/folhapopular.info\\\/index.php\\\/2018\\\/11\\\/29\\\/atletas-da-univates-participam-de-campeonato-mundial-de-ginastica-na-russia\\\/#respond\"]}]},{\"@type\":\"WebPage\",\"@id\":\"https:\\\/\\\/folhapopular.info\\\/index.php\\\/2018\\\/11\\\/29\\\/atletas-da-univates-participam-de-campeonato-mundial-de-ginastica-na-russia\\\/\",\"url\":\"https:\\\/\\\/folhapopular.info\\\/index.php\\\/2018\\\/11\\\/29\\\/atletas-da-univates-participam-de-campeonato-mundial-de-ginastica-na-russia\\\/\",\"name\":\"Atletas da Univates participam de campeonato mundial de gin\u00e1stica na R\u00fassia - Folha Popular\",\"isPartOf\":{\"@id\":\"https:\\\/\\\/folhapopular.info\\\/#website\"},\"primaryImageOfPage\":{\"@id\":\"https:\\\/\\\/folhapopular.info\\\/index.php\\\/2018\\\/11\\\/29\\\/atletas-da-univates-participam-de-campeonato-mundial-de-ginastica-na-russia\\\/#primaryimage\"},\"image\":{\"@id\":\"https:\\\/\\\/folhapopular.info\\\/index.php\\\/2018\\\/11\\\/29\\\/atletas-da-univates-participam-de-campeonato-mundial-de-ginastica-na-russia\\\/#primaryimage\"},\"thumbnailUrl\":\"https:\\\/\\\/folhapopular.info\\\/wp-content\\\/uploads\\\/2018\\\/11\\\/Atletas-na-R\u00fassia.-Divulga\u00e7\u00e3o-2-e1543489495375.jpg\",\"datePublished\":\"2018-11-29T12:00:58+00:00\",\"author\":{\"@id\":\"https:\\\/\\\/folhapopular.info\\\/#\\\/schema\\\/person\\\/2814e8a0df7643585a9ca38bc6eb9d4b\"},\"breadcrumb\":{\"@id\":\"https:\\\/\\\/folhapopular.info\\\/index.php\\\/2018\\\/11\\\/29\\\/atletas-da-univates-participam-de-campeonato-mundial-de-ginastica-na-russia\\\/#breadcrumb\"},\"inLanguage\":\"pt-BR\",\"potentialAction\":[{\"@type\":\"ReadAction\",\"target\":[\"https:\\\/\\\/folhapopular.info\\\/index.php\\\/2018\\\/11\\\/29\\\/atletas-da-univates-participam-de-campeonato-mundial-de-ginastica-na-russia\\\/\"]}]},{\"@type\":\"ImageObject\",\"inLanguage\":\"pt-BR\",\"@id\":\"https:\\\/\\\/folhapopular.info\\\/index.php\\\/2018\\\/11\\\/29\\\/atletas-da-univates-participam-de-campeonato-mundial-de-ginastica-na-russia\\\/#primaryimage\",\"url\":\"https:\\\/\\\/folhapopular.info\\\/wp-content\\\/uploads\\\/2018\\\/11\\\/Atletas-na-R\u00fassia.-Divulga\u00e7\u00e3o-2-e1543489495375.jpg\",\"contentUrl\":\"https:\\\/\\\/folhapopular.info\\\/wp-content\\\/uploads\\\/2018\\\/11\\\/Atletas-na-R\u00fassia.-Divulga\u00e7\u00e3o-2-e1543489495375.jpg\",\"width\":800,\"height\":593,\"caption\":\"Ginastas de Trampolim da Univates competem em campeonato mundial na R\u00fassia\"},{\"@type\":\"BreadcrumbList\",\"@id\":\"https:\\\/\\\/folhapopular.info\\\/index.php\\\/2018\\\/11\\\/29\\\/atletas-da-univates-participam-de-campeonato-mundial-de-ginastica-na-russia\\\/#breadcrumb\",\"itemListElement\":[{\"@type\":\"ListItem\",\"position\":1,\"name\":\"In\u00edcio\",\"item\":\"https:\\\/\\\/folhapopular.info\\\/\"},{\"@type\":\"ListItem\",\"position\":2,\"name\":\"Atletas da Univates participam de campeonato mundial de gin\u00e1stica na R\u00fassia\"}]},{\"@type\":\"WebSite\",\"@id\":\"https:\\\/\\\/folhapopular.info\\\/#website\",\"url\":\"https:\\\/\\\/folhapopular.info\\\/\",\"name\":\"Folha Popular\",\"description\":\"Onde voc\u00ea tem vez e voz\",\"potentialAction\":[{\"@type\":\"SearchAction\",\"target\":{\"@type\":\"EntryPoint\",\"urlTemplate\":\"https:\\\/\\\/folhapopular.info\\\/?s={search_term_string}\"},\"query-input\":{\"@type\":\"PropertyValueSpecification\",\"valueRequired\":true,\"valueName\":\"search_term_string\"}}],\"inLanguage\":\"pt-BR\"},{\"@type\":\"Person\",\"@id\":\"https:\\\/\\\/folhapopular.info\\\/#\\\/schema\\\/person\\\/2814e8a0df7643585a9ca38bc6eb9d4b\",\"name\":\"Reda\u00e7\u00e3o Folha Popular\",\"image\":{\"@type\":\"ImageObject\",\"inLanguage\":\"pt-BR\",\"@id\":\"https:\\\/\\\/folhapopular.info\\\/wp-content\\\/uploads\\\/2026\\\/04\\\/Folha-1.webp\",\"url\":\"https:\\\/\\\/folhapopular.info\\\/wp-content\\\/uploads\\\/2026\\\/04\\\/Folha-1.webp\",\"contentUrl\":\"https:\\\/\\\/folhapopular.info\\\/wp-content\\\/uploads\\\/2026\\\/04\\\/Folha-1.webp\",\"caption\":\"Reda\u00e7\u00e3o Folha Popular\"},\"url\":\"https:\\\/\\\/folhapopular.info\\\/index.php\\\/author\\\/redacao\\\/\"}]}<\/script>\n<!-- \/ Yoast SEO plugin. -->","yoast_head_json":{"title":"Atletas da Univates participam de campeonato mundial de gin\u00e1stica na R\u00fassia - Folha Popular","robots":{"index":"index","follow":"follow","max-snippet":"max-snippet:-1","max-image-preview":"max-image-preview:large","max-video-preview":"max-video-preview:-1"},"canonical":"https:\/\/folhapopular.info\/index.php\/2018\/11\/29\/atletas-da-univates-participam-de-campeonato-mundial-de-ginastica-na-russia\/","og_locale":"pt_BR","og_type":"article","og_title":"Atletas da Univates participam de campeonato mundial de gin\u00e1stica na R\u00fassia - Folha Popular","og_description":"J\u00e1 faz um tempo que a Isadora Uhry, de 18 anos, a Amanda Lu\u00edsa Henckes, de mesma idade, o Gustavo Laureano dos Santos, de 13, e o Igor Heineck, de 14, deram os primeiros passos nas aulas da gin\u00e1stica art\u00edstica e de trampolim na Univates. Come\u00e7ou pela estrelinha, um movimento b\u00e1sico, conforme lembra o professor [&hellip;]","og_url":"https:\/\/folhapopular.info\/index.php\/2018\/11\/29\/atletas-da-univates-participam-de-campeonato-mundial-de-ginastica-na-russia\/","og_site_name":"Folha Popular","article_published_time":"2018-11-29T12:00:58+00:00","og_image":[{"width":800,"height":593,"url":"https:\/\/folhapopular.info\/wp-content\/uploads\/2018\/11\/Atletas-na-R\u00fassia.-Divulga\u00e7\u00e3o-2-e1543489495375.jpg","type":"image\/jpeg"}],"author":"Reda\u00e7\u00e3o Folha Popular","twitter_card":"summary_large_image","twitter_misc":{"Escrito por":"Reda\u00e7\u00e3o Folha Popular","Est. tempo de leitura":"2 minutos"},"schema":{"@context":"https:\/\/schema.org","@graph":[{"@type":"Article","@id":"https:\/\/folhapopular.info\/index.php\/2018\/11\/29\/atletas-da-univates-participam-de-campeonato-mundial-de-ginastica-na-russia\/#article","isPartOf":{"@id":"https:\/\/folhapopular.info\/index.php\/2018\/11\/29\/atletas-da-univates-participam-de-campeonato-mundial-de-ginastica-na-russia\/"},"author":{"name":"Reda\u00e7\u00e3o Folha Popular","@id":"https:\/\/folhapopular.info\/#\/schema\/person\/2814e8a0df7643585a9ca38bc6eb9d4b"},"headline":"Atletas da Univates participam de campeonato mundial de gin\u00e1stica na R\u00fassia","datePublished":"2018-11-29T12:00:58+00:00","mainEntityOfPage":{"@id":"https:\/\/folhapopular.info\/index.php\/2018\/11\/29\/atletas-da-univates-participam-de-campeonato-mundial-de-ginastica-na-russia\/"},"wordCount":345,"commentCount":0,"image":{"@id":"https:\/\/folhapopular.info\/index.php\/2018\/11\/29\/atletas-da-univates-participam-de-campeonato-mundial-de-ginastica-na-russia\/#primaryimage"},"thumbnailUrl":"https:\/\/folhapopular.info\/wp-content\/uploads\/2018\/11\/Atletas-na-R\u00fassia.-Divulga\u00e7\u00e3o-2-e1543489495375.jpg","keywords":["Campeonato Mundial por Idades","equipe de gin\u00e1stica","Gin\u00e1stica de Trampolim","Lajeado","Univates"],"articleSection":["Esportes"],"inLanguage":"pt-BR","potentialAction":[{"@type":"CommentAction","name":"Comment","target":["https:\/\/folhapopular.info\/index.php\/2018\/11\/29\/atletas-da-univates-participam-de-campeonato-mundial-de-ginastica-na-russia\/#respond"]}]},{"@type":"WebPage","@id":"https:\/\/folhapopular.info\/index.php\/2018\/11\/29\/atletas-da-univates-participam-de-campeonato-mundial-de-ginastica-na-russia\/","url":"https:\/\/folhapopular.info\/index.php\/2018\/11\/29\/atletas-da-univates-participam-de-campeonato-mundial-de-ginastica-na-russia\/","name":"Atletas da Univates participam de campeonato mundial de gin\u00e1stica na R\u00fassia - Folha Popular","isPartOf":{"@id":"https:\/\/folhapopular.info\/#website"},"primaryImageOfPage":{"@id":"https:\/\/folhapopular.info\/index.php\/2018\/11\/29\/atletas-da-univates-participam-de-campeonato-mundial-de-ginastica-na-russia\/#primaryimage"},"image":{"@id":"https:\/\/folhapopular.info\/index.php\/2018\/11\/29\/atletas-da-univates-participam-de-campeonato-mundial-de-ginastica-na-russia\/#primaryimage"},"thumbnailUrl":"https:\/\/folhapopular.info\/wp-content\/uploads\/2018\/11\/Atletas-na-R\u00fassia.-Divulga\u00e7\u00e3o-2-e1543489495375.jpg","datePublished":"2018-11-29T12:00:58+00:00","author":{"@id":"https:\/\/folhapopular.info\/#\/schema\/person\/2814e8a0df7643585a9ca38bc6eb9d4b"},"breadcrumb":{"@id":"https:\/\/folhapopular.info\/index.php\/2018\/11\/29\/atletas-da-univates-participam-de-campeonato-mundial-de-ginastica-na-russia\/#breadcrumb"},"inLanguage":"pt-BR","potentialAction":[{"@type":"ReadAction","target":["https:\/\/folhapopular.info\/index.php\/2018\/11\/29\/atletas-da-univates-participam-de-campeonato-mundial-de-ginastica-na-russia\/"]}]},{"@type":"ImageObject","inLanguage":"pt-BR","@id":"https:\/\/folhapopular.info\/index.php\/2018\/11\/29\/atletas-da-univates-participam-de-campeonato-mundial-de-ginastica-na-russia\/#primaryimage","url":"https:\/\/folhapopular.info\/wp-content\/uploads\/2018\/11\/Atletas-na-R\u00fassia.-Divulga\u00e7\u00e3o-2-e1543489495375.jpg","contentUrl":"https:\/\/folhapopular.info\/wp-content\/uploads\/2018\/11\/Atletas-na-R\u00fassia.-Divulga\u00e7\u00e3o-2-e1543489495375.jpg","width":800,"height":593,"caption":"Ginastas de Trampolim da Univates competem em campeonato mundial na R\u00fassia"},{"@type":"BreadcrumbList","@id":"https:\/\/folhapopular.info\/index.php\/2018\/11\/29\/atletas-da-univates-participam-de-campeonato-mundial-de-ginastica-na-russia\/#breadcrumb","itemListElement":[{"@type":"ListItem","position":1,"name":"In\u00edcio","item":"https:\/\/folhapopular.info\/"},{"@type":"ListItem","position":2,"name":"Atletas da Univates participam de campeonato mundial de gin\u00e1stica na R\u00fassia"}]},{"@type":"WebSite","@id":"https:\/\/folhapopular.info\/#website","url":"https:\/\/folhapopular.info\/","name":"Folha Popular","description":"Onde voc\u00ea tem vez e voz","potentialAction":[{"@type":"SearchAction","target":{"@type":"EntryPoint","urlTemplate":"https:\/\/folhapopular.info\/?s={search_term_string}"},"query-input":{"@type":"PropertyValueSpecification","valueRequired":true,"valueName":"search_term_string"}}],"inLanguage":"pt-BR"},{"@type":"Person","@id":"https:\/\/folhapopular.info\/#\/schema\/person\/2814e8a0df7643585a9ca38bc6eb9d4b","name":"Reda\u00e7\u00e3o Folha Popular","image":{"@type":"ImageObject","inLanguage":"pt-BR","@id":"https:\/\/folhapopular.info\/wp-content\/uploads\/2026\/04\/Folha-1.webp","url":"https:\/\/folhapopular.info\/wp-content\/uploads\/2026\/04\/Folha-1.webp","contentUrl":"https:\/\/folhapopular.info\/wp-content\/uploads\/2026\/04\/Folha-1.webp","caption":"Reda\u00e7\u00e3o Folha Popular"},"url":"https:\/\/folhapopular.info\/index.php\/author\/redacao\/"}]}},"jetpack_featured_media_url":"https:\/\/folhapopular.info\/wp-content\/uploads\/2018\/11\/Atletas-na-R\u00fassia.-Divulga\u00e7\u00e3o-2-e1543489495375.jpg","jetpack_sharing_enabled":true,"amp_enabled":true,"_links":{"self":[{"href":"https:\/\/folhapopular.info\/index.php\/wp-json\/wp\/v2\/posts\/50181","targetHints":{"allow":["GET"]}}],"collection":[{"href":"https:\/\/folhapopular.info\/index.php\/wp-json\/wp\/v2\/posts"}],"about":[{"href":"https:\/\/folhapopular.info\/index.php\/wp-json\/wp\/v2\/types\/post"}],"author":[{"embeddable":true,"href":"https:\/\/folhapopular.info\/index.php\/wp-json\/wp\/v2\/users\/8"}],"replies":[{"embeddable":true,"href":"https:\/\/folhapopular.info\/index.php\/wp-json\/wp\/v2\/comments?post=50181"}],"version-history":[{"count":0,"href":"https:\/\/folhapopular.info\/index.php\/wp-json\/wp\/v2\/posts\/50181\/revisions"}],"wp:featuredmedia":[{"embeddable":true,"href":"https:\/\/folhapopular.info\/index.php\/wp-json\/wp\/v2\/media\/50182"}],"wp:attachment":[{"href":"https:\/\/folhapopular.info\/index.php\/wp-json\/wp\/v2\/media?parent=50181"}],"wp:term":[{"taxonomy":"category","embeddable":true,"href":"https:\/\/folhapopular.info\/index.php\/wp-json\/wp\/v2\/categories?post=50181"},{"taxonomy":"post_tag","embeddable":true,"href":"https:\/\/folhapopular.info\/index.php\/wp-json\/wp\/v2\/tags?post=50181"}],"curies":[{"name":"wp","href":"https:\/\/api.w.org\/{rel}","templated":true}]}}