{"id":50194,"date":"2018-11-29T13:00:22","date_gmt":"2018-11-29T15:00:22","guid":{"rendered":"http:\/\/folhapopular.info\/?p=50194"},"modified":"2018-11-29T10:22:38","modified_gmt":"2018-11-29T12:22:38","slug":"grupo-de-estudos-define-primeiras-acoes-para-revitalizacao-do-parque-do-engenho-de-lajeado","status":"publish","type":"post","link":"https:\/\/folhapopular.info\/index.php\/2018\/11\/29\/grupo-de-estudos-define-primeiras-acoes-para-revitalizacao-do-parque-do-engenho-de-lajeado\/","title":{"rendered":"Grupo de estudos define primeiras a\u00e7\u00f5es para revitaliza\u00e7\u00e3o do Parque do Engenho de Lajeado"},"content":{"rendered":"<p>Um grupo de estudos da Prefeitura de\u00a0Lajeado\u00a0est\u00e1 definido as primeiras a\u00e7\u00f5es para dar in\u00edcio ao processo de revitaliza\u00e7\u00e3o do Parque do Engenho. Servidores da Secretaria do Meio Ambiente (Sema) e da Secretaria do Planejamento e Urbanismo (Seplan) fizeram uma vistoria no Parque do Engenho e levantaram pontos cr\u00edticos para sugerir obras emergenciais.<\/p>\n<p>T\u00e9cnicos da Sema e da Seplan j\u00e1 haviam feito uma triagem das demandas do local em 2017. Foram realizados encontros com grupos t\u00e9cnicos, com a associa\u00e7\u00e3o dos bairros envolvidos e moradores do entorno do Parque.\u00a0A partir dos dados levantados nessa etapa, o grupo de estudos passou a trabalhar em tr\u00eas segmentos, que ser\u00e3o executados na seguinte ordem: obras de infraestrutura, a\u00e7\u00f5es ambientais e resgate hist\u00f3rico.<\/p>\n<p>Com o objetivo de melhorar a infraestrutura do local, tendo em vista o uso do espa\u00e7o p\u00fablico e o tempo que as obras definitivas podem levar, a equipe identificou pontos para atua\u00e7\u00e3o imediata, em car\u00e1ter\u00a0provis\u00f3rio. Em raz\u00e3o disso, foram instaladas fitas de isolamento em \u00e1reas que oferecem risco e placas informativas. A\u00a0ponte que liga a rua pr\u00f3xima do Clube Tiro e Ca\u00e7a com a sede da secretaria foi interditada por oferecer riscos. A Sema pede a colabora\u00e7\u00e3o da comunidade, respeitando os locais interditados, que ser\u00e3o adequados em breve para evitar qualquer acidente.<\/p>\n<p>Para envolver a comunidade, a Sema tamb\u00e9m\u00a0disponibilizou uma urna, que est\u00e1 localizada na recep\u00e7\u00e3o da sede da secretaria, para que os usu\u00e1rios do parque deem sugest\u00f5es de melhorias que ser\u00e3o levados para discuss\u00e3o do grupo no pr\u00f3ximo encontro.<\/p>\n<p>As reuni\u00f5es de estudos s\u00e3o mensais, e os mun\u00edcipes interessados em participar das discuss\u00f5es podem manifestar o seu interesse realizando a inscri\u00e7\u00e3o na recep\u00e7\u00e3o da Sema.<\/p>\n","protected":false},"excerpt":{"rendered":"<p>Um grupo de estudos da Prefeitura de\u00a0Lajeado\u00a0est\u00e1 definido as primeiras a\u00e7\u00f5es para dar in\u00edcio ao processo de revitaliza\u00e7\u00e3o do Parque do Engenho. Servidores da Secretaria do Meio Ambiente (Sema) e da Secretaria do Planejamento e Urbanismo (Seplan) fizeram uma vistoria no Parque do Engenho e levantaram pontos cr\u00edticos para sugerir obras emergenciais. T\u00e9cnicos da Sema [&hellip;]<\/p>\n","protected":false},"author":8,"featured_media":50195,"comment_status":"open","ping_status":"open","sticky":false,"template":"","format":"standard","meta":{"pmpro_default_level":"","_jetpack_memberships_contains_paid_content":false,"footnotes":""},"categories":[3],"tags":[27,3701,1035,3700],"class_list":{"0":"post-50194","1":"post","2":"type-post","3":"status-publish","4":"format-standard","5":"has-post-thumbnail","7":"category-geral","8":"tag-lajeado","9":"tag-parque-do-engenho","10":"tag-revitalizacao","11":"tag-secretaria-do-meio-ambiente","12":"pmpro-has-access"},"yoast_head":"<!-- This site is optimized with the Yoast SEO plugin v27.5 - https:\/\/yoast.com\/product\/yoast-seo-wordpress\/ -->\n<title>Grupo de estudos define primeiras a\u00e7\u00f5es para revitaliza\u00e7\u00e3o do Parque do Engenho de Lajeado - Folha Popular<\/title>\n<meta name=\"robots\" content=\"index, follow, max-snippet:-1, max-image-preview:large, max-video-preview:-1\" \/>\n<link rel=\"canonical\" href=\"https:\/\/folhapopular.info\/index.php\/2018\/11\/29\/grupo-de-estudos-define-primeiras-acoes-para-revitalizacao-do-parque-do-engenho-de-lajeado\/\" \/>\n<meta property=\"og:locale\" content=\"pt_BR\" \/>\n<meta property=\"og:type\" content=\"article\" \/>\n<meta property=\"og:title\" content=\"Grupo de estudos define primeiras a\u00e7\u00f5es para revitaliza\u00e7\u00e3o do Parque do Engenho de Lajeado - Folha Popular\" \/>\n<meta property=\"og:description\" content=\"Um grupo de estudos da Prefeitura de\u00a0Lajeado\u00a0est\u00e1 definido as primeiras a\u00e7\u00f5es para dar in\u00edcio ao processo de revitaliza\u00e7\u00e3o do Parque do Engenho. Servidores da Secretaria do Meio Ambiente (Sema) e da Secretaria do Planejamento e Urbanismo (Seplan) fizeram uma vistoria no Parque do Engenho e levantaram pontos cr\u00edticos para sugerir obras emergenciais. T\u00e9cnicos da Sema [&hellip;]\" \/>\n<meta property=\"og:url\" content=\"https:\/\/folhapopular.info\/index.php\/2018\/11\/29\/grupo-de-estudos-define-primeiras-acoes-para-revitalizacao-do-parque-do-engenho-de-lajeado\/\" \/>\n<meta property=\"og:site_name\" content=\"Folha Popular\" \/>\n<meta property=\"article:published_time\" content=\"2018-11-29T15:00:22+00:00\" \/>\n<meta property=\"og:image\" content=\"https:\/\/folhapopular.info\/wp-content\/uploads\/2018\/11\/A-equipe-identificou-pontos-para-atua\u00e7\u00e3o-imediata-em-car\u00e1ter-provis\u00f3rio-no-Parque-e1543493593449.jpg\" \/>\n\t<meta property=\"og:image:width\" content=\"800\" \/>\n\t<meta property=\"og:image:height\" content=\"600\" \/>\n\t<meta property=\"og:image:type\" content=\"image\/jpeg\" \/>\n<meta name=\"author\" content=\"Reda\u00e7\u00e3o Folha Popular\" \/>\n<meta name=\"twitter:card\" content=\"summary_large_image\" \/>\n<meta name=\"twitter:label1\" content=\"Escrito por\" \/>\n\t<meta name=\"twitter:data1\" content=\"Reda\u00e7\u00e3o Folha Popular\" \/>\n\t<meta name=\"twitter:label2\" content=\"Est. tempo de leitura\" \/>\n\t<meta name=\"twitter:data2\" content=\"2 minutos\" \/>\n<script type=\"application\/ld+json\" class=\"yoast-schema-graph\">{\"@context\":\"https:\\\/\\\/schema.org\",\"@graph\":[{\"@type\":\"Article\",\"@id\":\"https:\\\/\\\/folhapopular.info\\\/index.php\\\/2018\\\/11\\\/29\\\/grupo-de-estudos-define-primeiras-acoes-para-revitalizacao-do-parque-do-engenho-de-lajeado\\\/#article\",\"isPartOf\":{\"@id\":\"https:\\\/\\\/folhapopular.info\\\/index.php\\\/2018\\\/11\\\/29\\\/grupo-de-estudos-define-primeiras-acoes-para-revitalizacao-do-parque-do-engenho-de-lajeado\\\/\"},\"author\":{\"name\":\"Reda\u00e7\u00e3o Folha Popular\",\"@id\":\"https:\\\/\\\/folhapopular.info\\\/#\\\/schema\\\/person\\\/2814e8a0df7643585a9ca38bc6eb9d4b\"},\"headline\":\"Grupo de estudos define primeiras a\u00e7\u00f5es para revitaliza\u00e7\u00e3o do Parque do Engenho de Lajeado\",\"datePublished\":\"2018-11-29T15:00:22+00:00\",\"mainEntityOfPage\":{\"@id\":\"https:\\\/\\\/folhapopular.info\\\/index.php\\\/2018\\\/11\\\/29\\\/grupo-de-estudos-define-primeiras-acoes-para-revitalizacao-do-parque-do-engenho-de-lajeado\\\/\"},\"wordCount\":328,\"commentCount\":0,\"image\":{\"@id\":\"https:\\\/\\\/folhapopular.info\\\/index.php\\\/2018\\\/11\\\/29\\\/grupo-de-estudos-define-primeiras-acoes-para-revitalizacao-do-parque-do-engenho-de-lajeado\\\/#primaryimage\"},\"thumbnailUrl\":\"https:\\\/\\\/folhapopular.info\\\/wp-content\\\/uploads\\\/2018\\\/11\\\/A-equipe-identificou-pontos-para-atua\u00e7\u00e3o-imediata-em-car\u00e1ter-provis\u00f3rio-no-Parque-e1543493593449.jpg\",\"keywords\":[\"Lajeado\",\"Parque do Engenho\",\"Revitaliza\u00e7\u00e3o\",\"Secretaria do Meio Ambiente\"],\"articleSection\":[\"Geral\"],\"inLanguage\":\"pt-BR\",\"potentialAction\":[{\"@type\":\"CommentAction\",\"name\":\"Comment\",\"target\":[\"https:\\\/\\\/folhapopular.info\\\/index.php\\\/2018\\\/11\\\/29\\\/grupo-de-estudos-define-primeiras-acoes-para-revitalizacao-do-parque-do-engenho-de-lajeado\\\/#respond\"]}]},{\"@type\":\"WebPage\",\"@id\":\"https:\\\/\\\/folhapopular.info\\\/index.php\\\/2018\\\/11\\\/29\\\/grupo-de-estudos-define-primeiras-acoes-para-revitalizacao-do-parque-do-engenho-de-lajeado\\\/\",\"url\":\"https:\\\/\\\/folhapopular.info\\\/index.php\\\/2018\\\/11\\\/29\\\/grupo-de-estudos-define-primeiras-acoes-para-revitalizacao-do-parque-do-engenho-de-lajeado\\\/\",\"name\":\"Grupo de estudos define primeiras a\u00e7\u00f5es para revitaliza\u00e7\u00e3o do Parque do Engenho de Lajeado - Folha Popular\",\"isPartOf\":{\"@id\":\"https:\\\/\\\/folhapopular.info\\\/#website\"},\"primaryImageOfPage\":{\"@id\":\"https:\\\/\\\/folhapopular.info\\\/index.php\\\/2018\\\/11\\\/29\\\/grupo-de-estudos-define-primeiras-acoes-para-revitalizacao-do-parque-do-engenho-de-lajeado\\\/#primaryimage\"},\"image\":{\"@id\":\"https:\\\/\\\/folhapopular.info\\\/index.php\\\/2018\\\/11\\\/29\\\/grupo-de-estudos-define-primeiras-acoes-para-revitalizacao-do-parque-do-engenho-de-lajeado\\\/#primaryimage\"},\"thumbnailUrl\":\"https:\\\/\\\/folhapopular.info\\\/wp-content\\\/uploads\\\/2018\\\/11\\\/A-equipe-identificou-pontos-para-atua\u00e7\u00e3o-imediata-em-car\u00e1ter-provis\u00f3rio-no-Parque-e1543493593449.jpg\",\"datePublished\":\"2018-11-29T15:00:22+00:00\",\"author\":{\"@id\":\"https:\\\/\\\/folhapopular.info\\\/#\\\/schema\\\/person\\\/2814e8a0df7643585a9ca38bc6eb9d4b\"},\"breadcrumb\":{\"@id\":\"https:\\\/\\\/folhapopular.info\\\/index.php\\\/2018\\\/11\\\/29\\\/grupo-de-estudos-define-primeiras-acoes-para-revitalizacao-do-parque-do-engenho-de-lajeado\\\/#breadcrumb\"},\"inLanguage\":\"pt-BR\",\"potentialAction\":[{\"@type\":\"ReadAction\",\"target\":[\"https:\\\/\\\/folhapopular.info\\\/index.php\\\/2018\\\/11\\\/29\\\/grupo-de-estudos-define-primeiras-acoes-para-revitalizacao-do-parque-do-engenho-de-lajeado\\\/\"]}]},{\"@type\":\"ImageObject\",\"inLanguage\":\"pt-BR\",\"@id\":\"https:\\\/\\\/folhapopular.info\\\/index.php\\\/2018\\\/11\\\/29\\\/grupo-de-estudos-define-primeiras-acoes-para-revitalizacao-do-parque-do-engenho-de-lajeado\\\/#primaryimage\",\"url\":\"https:\\\/\\\/folhapopular.info\\\/wp-content\\\/uploads\\\/2018\\\/11\\\/A-equipe-identificou-pontos-para-atua\u00e7\u00e3o-imediata-em-car\u00e1ter-provis\u00f3rio-no-Parque-e1543493593449.jpg\",\"contentUrl\":\"https:\\\/\\\/folhapopular.info\\\/wp-content\\\/uploads\\\/2018\\\/11\\\/A-equipe-identificou-pontos-para-atua\u00e7\u00e3o-imediata-em-car\u00e1ter-provis\u00f3rio-no-Parque-e1543493593449.jpg\",\"width\":800,\"height\":600,\"caption\":\"Servidores da Secretaria do Meio Ambiente (Sema) e da Secretaria do Planejamento e Urbanismo (Seplan) fizeram uma vistoria no Parque do Engenho\"},{\"@type\":\"BreadcrumbList\",\"@id\":\"https:\\\/\\\/folhapopular.info\\\/index.php\\\/2018\\\/11\\\/29\\\/grupo-de-estudos-define-primeiras-acoes-para-revitalizacao-do-parque-do-engenho-de-lajeado\\\/#breadcrumb\",\"itemListElement\":[{\"@type\":\"ListItem\",\"position\":1,\"name\":\"In\u00edcio\",\"item\":\"https:\\\/\\\/folhapopular.info\\\/\"},{\"@type\":\"ListItem\",\"position\":2,\"name\":\"Grupo de estudos define primeiras a\u00e7\u00f5es para revitaliza\u00e7\u00e3o do Parque do Engenho de Lajeado\"}]},{\"@type\":\"WebSite\",\"@id\":\"https:\\\/\\\/folhapopular.info\\\/#website\",\"url\":\"https:\\\/\\\/folhapopular.info\\\/\",\"name\":\"Folha Popular\",\"description\":\"Onde voc\u00ea tem vez e voz\",\"potentialAction\":[{\"@type\":\"SearchAction\",\"target\":{\"@type\":\"EntryPoint\",\"urlTemplate\":\"https:\\\/\\\/folhapopular.info\\\/?s={search_term_string}\"},\"query-input\":{\"@type\":\"PropertyValueSpecification\",\"valueRequired\":true,\"valueName\":\"search_term_string\"}}],\"inLanguage\":\"pt-BR\"},{\"@type\":\"Person\",\"@id\":\"https:\\\/\\\/folhapopular.info\\\/#\\\/schema\\\/person\\\/2814e8a0df7643585a9ca38bc6eb9d4b\",\"name\":\"Reda\u00e7\u00e3o Folha Popular\",\"image\":{\"@type\":\"ImageObject\",\"inLanguage\":\"pt-BR\",\"@id\":\"https:\\\/\\\/folhapopular.info\\\/wp-content\\\/uploads\\\/2026\\\/04\\\/Folha-1.webp\",\"url\":\"https:\\\/\\\/folhapopular.info\\\/wp-content\\\/uploads\\\/2026\\\/04\\\/Folha-1.webp\",\"contentUrl\":\"https:\\\/\\\/folhapopular.info\\\/wp-content\\\/uploads\\\/2026\\\/04\\\/Folha-1.webp\",\"caption\":\"Reda\u00e7\u00e3o Folha Popular\"},\"url\":\"https:\\\/\\\/folhapopular.info\\\/index.php\\\/author\\\/redacao\\\/\"}]}<\/script>\n<!-- \/ Yoast SEO plugin. -->","yoast_head_json":{"title":"Grupo de estudos define primeiras a\u00e7\u00f5es para revitaliza\u00e7\u00e3o do Parque do Engenho de Lajeado - Folha Popular","robots":{"index":"index","follow":"follow","max-snippet":"max-snippet:-1","max-image-preview":"max-image-preview:large","max-video-preview":"max-video-preview:-1"},"canonical":"https:\/\/folhapopular.info\/index.php\/2018\/11\/29\/grupo-de-estudos-define-primeiras-acoes-para-revitalizacao-do-parque-do-engenho-de-lajeado\/","og_locale":"pt_BR","og_type":"article","og_title":"Grupo de estudos define primeiras a\u00e7\u00f5es para revitaliza\u00e7\u00e3o do Parque do Engenho de Lajeado - Folha Popular","og_description":"Um grupo de estudos da Prefeitura de\u00a0Lajeado\u00a0est\u00e1 definido as primeiras a\u00e7\u00f5es para dar in\u00edcio ao processo de revitaliza\u00e7\u00e3o do Parque do Engenho. Servidores da Secretaria do Meio Ambiente (Sema) e da Secretaria do Planejamento e Urbanismo (Seplan) fizeram uma vistoria no Parque do Engenho e levantaram pontos cr\u00edticos para sugerir obras emergenciais. T\u00e9cnicos da Sema [&hellip;]","og_url":"https:\/\/folhapopular.info\/index.php\/2018\/11\/29\/grupo-de-estudos-define-primeiras-acoes-para-revitalizacao-do-parque-do-engenho-de-lajeado\/","og_site_name":"Folha Popular","article_published_time":"2018-11-29T15:00:22+00:00","og_image":[{"width":800,"height":600,"url":"https:\/\/folhapopular.info\/wp-content\/uploads\/2018\/11\/A-equipe-identificou-pontos-para-atua\u00e7\u00e3o-imediata-em-car\u00e1ter-provis\u00f3rio-no-Parque-e1543493593449.jpg","type":"image\/jpeg"}],"author":"Reda\u00e7\u00e3o Folha Popular","twitter_card":"summary_large_image","twitter_misc":{"Escrito por":"Reda\u00e7\u00e3o Folha Popular","Est. tempo de leitura":"2 minutos"},"schema":{"@context":"https:\/\/schema.org","@graph":[{"@type":"Article","@id":"https:\/\/folhapopular.info\/index.php\/2018\/11\/29\/grupo-de-estudos-define-primeiras-acoes-para-revitalizacao-do-parque-do-engenho-de-lajeado\/#article","isPartOf":{"@id":"https:\/\/folhapopular.info\/index.php\/2018\/11\/29\/grupo-de-estudos-define-primeiras-acoes-para-revitalizacao-do-parque-do-engenho-de-lajeado\/"},"author":{"name":"Reda\u00e7\u00e3o Folha Popular","@id":"https:\/\/folhapopular.info\/#\/schema\/person\/2814e8a0df7643585a9ca38bc6eb9d4b"},"headline":"Grupo de estudos define primeiras a\u00e7\u00f5es para revitaliza\u00e7\u00e3o do Parque do Engenho de Lajeado","datePublished":"2018-11-29T15:00:22+00:00","mainEntityOfPage":{"@id":"https:\/\/folhapopular.info\/index.php\/2018\/11\/29\/grupo-de-estudos-define-primeiras-acoes-para-revitalizacao-do-parque-do-engenho-de-lajeado\/"},"wordCount":328,"commentCount":0,"image":{"@id":"https:\/\/folhapopular.info\/index.php\/2018\/11\/29\/grupo-de-estudos-define-primeiras-acoes-para-revitalizacao-do-parque-do-engenho-de-lajeado\/#primaryimage"},"thumbnailUrl":"https:\/\/folhapopular.info\/wp-content\/uploads\/2018\/11\/A-equipe-identificou-pontos-para-atua\u00e7\u00e3o-imediata-em-car\u00e1ter-provis\u00f3rio-no-Parque-e1543493593449.jpg","keywords":["Lajeado","Parque do Engenho","Revitaliza\u00e7\u00e3o","Secretaria do Meio Ambiente"],"articleSection":["Geral"],"inLanguage":"pt-BR","potentialAction":[{"@type":"CommentAction","name":"Comment","target":["https:\/\/folhapopular.info\/index.php\/2018\/11\/29\/grupo-de-estudos-define-primeiras-acoes-para-revitalizacao-do-parque-do-engenho-de-lajeado\/#respond"]}]},{"@type":"WebPage","@id":"https:\/\/folhapopular.info\/index.php\/2018\/11\/29\/grupo-de-estudos-define-primeiras-acoes-para-revitalizacao-do-parque-do-engenho-de-lajeado\/","url":"https:\/\/folhapopular.info\/index.php\/2018\/11\/29\/grupo-de-estudos-define-primeiras-acoes-para-revitalizacao-do-parque-do-engenho-de-lajeado\/","name":"Grupo de estudos define primeiras a\u00e7\u00f5es para revitaliza\u00e7\u00e3o do Parque do Engenho de Lajeado - Folha Popular","isPartOf":{"@id":"https:\/\/folhapopular.info\/#website"},"primaryImageOfPage":{"@id":"https:\/\/folhapopular.info\/index.php\/2018\/11\/29\/grupo-de-estudos-define-primeiras-acoes-para-revitalizacao-do-parque-do-engenho-de-lajeado\/#primaryimage"},"image":{"@id":"https:\/\/folhapopular.info\/index.php\/2018\/11\/29\/grupo-de-estudos-define-primeiras-acoes-para-revitalizacao-do-parque-do-engenho-de-lajeado\/#primaryimage"},"thumbnailUrl":"https:\/\/folhapopular.info\/wp-content\/uploads\/2018\/11\/A-equipe-identificou-pontos-para-atua\u00e7\u00e3o-imediata-em-car\u00e1ter-provis\u00f3rio-no-Parque-e1543493593449.jpg","datePublished":"2018-11-29T15:00:22+00:00","author":{"@id":"https:\/\/folhapopular.info\/#\/schema\/person\/2814e8a0df7643585a9ca38bc6eb9d4b"},"breadcrumb":{"@id":"https:\/\/folhapopular.info\/index.php\/2018\/11\/29\/grupo-de-estudos-define-primeiras-acoes-para-revitalizacao-do-parque-do-engenho-de-lajeado\/#breadcrumb"},"inLanguage":"pt-BR","potentialAction":[{"@type":"ReadAction","target":["https:\/\/folhapopular.info\/index.php\/2018\/11\/29\/grupo-de-estudos-define-primeiras-acoes-para-revitalizacao-do-parque-do-engenho-de-lajeado\/"]}]},{"@type":"ImageObject","inLanguage":"pt-BR","@id":"https:\/\/folhapopular.info\/index.php\/2018\/11\/29\/grupo-de-estudos-define-primeiras-acoes-para-revitalizacao-do-parque-do-engenho-de-lajeado\/#primaryimage","url":"https:\/\/folhapopular.info\/wp-content\/uploads\/2018\/11\/A-equipe-identificou-pontos-para-atua\u00e7\u00e3o-imediata-em-car\u00e1ter-provis\u00f3rio-no-Parque-e1543493593449.jpg","contentUrl":"https:\/\/folhapopular.info\/wp-content\/uploads\/2018\/11\/A-equipe-identificou-pontos-para-atua\u00e7\u00e3o-imediata-em-car\u00e1ter-provis\u00f3rio-no-Parque-e1543493593449.jpg","width":800,"height":600,"caption":"Servidores da Secretaria do Meio Ambiente (Sema) e da Secretaria do Planejamento e Urbanismo (Seplan) fizeram uma vistoria no Parque do Engenho"},{"@type":"BreadcrumbList","@id":"https:\/\/folhapopular.info\/index.php\/2018\/11\/29\/grupo-de-estudos-define-primeiras-acoes-para-revitalizacao-do-parque-do-engenho-de-lajeado\/#breadcrumb","itemListElement":[{"@type":"ListItem","position":1,"name":"In\u00edcio","item":"https:\/\/folhapopular.info\/"},{"@type":"ListItem","position":2,"name":"Grupo de estudos define primeiras a\u00e7\u00f5es para revitaliza\u00e7\u00e3o do Parque do Engenho de Lajeado"}]},{"@type":"WebSite","@id":"https:\/\/folhapopular.info\/#website","url":"https:\/\/folhapopular.info\/","name":"Folha Popular","description":"Onde voc\u00ea tem vez e voz","potentialAction":[{"@type":"SearchAction","target":{"@type":"EntryPoint","urlTemplate":"https:\/\/folhapopular.info\/?s={search_term_string}"},"query-input":{"@type":"PropertyValueSpecification","valueRequired":true,"valueName":"search_term_string"}}],"inLanguage":"pt-BR"},{"@type":"Person","@id":"https:\/\/folhapopular.info\/#\/schema\/person\/2814e8a0df7643585a9ca38bc6eb9d4b","name":"Reda\u00e7\u00e3o Folha Popular","image":{"@type":"ImageObject","inLanguage":"pt-BR","@id":"https:\/\/folhapopular.info\/wp-content\/uploads\/2026\/04\/Folha-1.webp","url":"https:\/\/folhapopular.info\/wp-content\/uploads\/2026\/04\/Folha-1.webp","contentUrl":"https:\/\/folhapopular.info\/wp-content\/uploads\/2026\/04\/Folha-1.webp","caption":"Reda\u00e7\u00e3o Folha Popular"},"url":"https:\/\/folhapopular.info\/index.php\/author\/redacao\/"}]}},"jetpack_featured_media_url":"https:\/\/folhapopular.info\/wp-content\/uploads\/2018\/11\/A-equipe-identificou-pontos-para-atua\u00e7\u00e3o-imediata-em-car\u00e1ter-provis\u00f3rio-no-Parque-e1543493593449.jpg","jetpack_sharing_enabled":true,"amp_enabled":true,"_links":{"self":[{"href":"https:\/\/folhapopular.info\/index.php\/wp-json\/wp\/v2\/posts\/50194","targetHints":{"allow":["GET"]}}],"collection":[{"href":"https:\/\/folhapopular.info\/index.php\/wp-json\/wp\/v2\/posts"}],"about":[{"href":"https:\/\/folhapopular.info\/index.php\/wp-json\/wp\/v2\/types\/post"}],"author":[{"embeddable":true,"href":"https:\/\/folhapopular.info\/index.php\/wp-json\/wp\/v2\/users\/8"}],"replies":[{"embeddable":true,"href":"https:\/\/folhapopular.info\/index.php\/wp-json\/wp\/v2\/comments?post=50194"}],"version-history":[{"count":0,"href":"https:\/\/folhapopular.info\/index.php\/wp-json\/wp\/v2\/posts\/50194\/revisions"}],"wp:featuredmedia":[{"embeddable":true,"href":"https:\/\/folhapopular.info\/index.php\/wp-json\/wp\/v2\/media\/50195"}],"wp:attachment":[{"href":"https:\/\/folhapopular.info\/index.php\/wp-json\/wp\/v2\/media?parent=50194"}],"wp:term":[{"taxonomy":"category","embeddable":true,"href":"https:\/\/folhapopular.info\/index.php\/wp-json\/wp\/v2\/categories?post=50194"},{"taxonomy":"post_tag","embeddable":true,"href":"https:\/\/folhapopular.info\/index.php\/wp-json\/wp\/v2\/tags?post=50194"}],"curies":[{"name":"wp","href":"https:\/\/api.w.org\/{rel}","templated":true}]}}