{"id":50237,"date":"2018-11-30T11:00:36","date_gmt":"2018-11-30T13:00:36","guid":{"rendered":"http:\/\/folhapopular.info\/?p=50237"},"modified":"2018-11-30T09:53:13","modified_gmt":"2018-11-30T11:53:13","slug":"curso-de-nutricao-da-univates-realiza-atividade-sobre-memorias-afetivas-com-idosos","status":"publish","type":"post","link":"https:\/\/folhapopular.info\/index.php\/2018\/11\/30\/curso-de-nutricao-da-univates-realiza-atividade-sobre-memorias-afetivas-com-idosos\/","title":{"rendered":"Curso de Nutri\u00e7\u00e3o da Univates realiza atividade sobre mem\u00f3rias afetivas com idosos"},"content":{"rendered":"<p>Com receitas que despertam mem\u00f3rias afetivas, foram encerradas as atividades da disciplina Nutri\u00e7\u00e3o no Envelhecimento do curso de Nutri\u00e7\u00e3o da Univates de Lajeado, na ter\u00e7a-feira (28\/11). O momento reuniu idosos acompanhados pelos estudantes do curso ao longo do semestre no Ambulat\u00f3rio de Nutri\u00e7\u00e3o, quando os pacientes recebiam atendimento nutricional com orienta\u00e7\u00e3o, entrega de plano alimentar e avalia\u00e7\u00e3o nutricional completa.<\/p>\n<p>Durante o semestre, seis idosos atendidos no Ambulat\u00f3rio de Nutri\u00e7\u00e3o e seis idosos da fam\u00edlia das alunas falaram sobre algum prato que lhes despertam mem\u00f3rias afetivas, e entregaram as suas receitas para que fosse elaborado um livro, entregue ao grupo durante a atividade de encerramento. Os participantes tamb\u00e9m orientaram as estudantes sobre a prepara\u00e7\u00e3o dos pratos.<\/p>\n<p>Neli Maria Conte, 67 anos, paciente do Ambulat\u00f3rio de Nutri\u00e7\u00e3o desde agosto de 2017, comemorou o seu anivers\u00e1rio com a turma. \u201cFoi maravilhoso! Eu n\u00e3o tenho nem palavras. S\u00f3 tenho que agradecer \u00e0s nutricionistas e \u00e0s meninas que me acompanharam. Eu achei que estava tudo perfeito. Foi muito bom, pois pudemos conhecer outras pessoas\u201d, disse ela, acrescentando que a atividade foi t\u00e3o v\u00e1lida que gostaria que acontecesse mais vezes. \u201cOutra vez que tiver eu quero participar, pois gostei muito. O meu muito obrigada a voc\u00eas pela aten\u00e7\u00e3o que sempre d\u00e3o para a gente\u201d, finalizou.<\/p>\n<p>A estudante Nathascha dos Santos Trindade resume que a viv\u00eancia com idosos proporciona momentos de aprendizado e a possibilidade de conhecer a hist\u00f3ria dessas pessoas, que \u00e9 gratificante. \u201cTanto os acompanhamentos efetuados com os pacientes quanto a aula pr\u00e1tica realizada pela disciplina Nutri\u00e7\u00e3o no Envelhecimento foram enriquecedores para a troca de experi\u00eancias e nossa forma\u00e7\u00e3o acad\u00eamica\u201d, avalia.<\/p>\n<p>Para a coordenadora do curso e professora da disciplina, Fernanda Scherer Adami, essa atividade se prop\u00f5e a aliar o ensino-servi\u00e7o com o objetivo de proporcionar aprendizagem significativa aos estudantes e aos idosos presentes. A coordenadora do Ambulat\u00f3rio de Nutri\u00e7\u00e3o, Franciele Machado, acrescenta que essa parceria entre ensino, servi\u00e7o e comunidade \u00e9 muito enriquecedora para todos os envolvidos. \u201cNos oportuniza aprender, ensinar, pensar, conhecer e influenciar vidas. Isso \u00e9 muito gratificante&#8221;, finaliza.<\/p>\n<p><strong>Confira os pratos apresentados pelos participantes:<\/strong><\/p>\n<p>Galinhada;<br \/>\nFeijoada carioca;<br \/>\nChurrasco;<br \/>\nCarreteiro;<br \/>\nWaffle;<br \/>\nPeixe assado;<br \/>\nPeixe frito;<br \/>\nArroz de forno;<br \/>\nLasanha de berinjela;<br \/>\nTorta de moranga;<br \/>\nBolo de nozes;<br \/>\nCl\u00eas (ou pregui\u00e7a de sogra ou nhoque).<\/p>\n","protected":false},"excerpt":{"rendered":"<p>Com receitas que despertam mem\u00f3rias afetivas, foram encerradas as atividades da disciplina Nutri\u00e7\u00e3o no Envelhecimento do curso de Nutri\u00e7\u00e3o da Univates de Lajeado, na ter\u00e7a-feira (28\/11). O momento reuniu idosos acompanhados pelos estudantes do curso ao longo do semestre no Ambulat\u00f3rio de Nutri\u00e7\u00e3o, quando os pacientes recebiam atendimento nutricional com orienta\u00e7\u00e3o, entrega de plano alimentar [&hellip;]<\/p>\n","protected":false},"author":8,"featured_media":50238,"comment_status":"open","ping_status":"open","sticky":false,"template":"","format":"standard","meta":{"pmpro_default_level":"","_jetpack_memberships_contains_paid_content":false,"footnotes":""},"categories":[6],"tags":[27,272,3708,83],"class_list":{"0":"post-50237","1":"post","2":"type-post","3":"status-publish","4":"format-standard","5":"has-post-thumbnail","7":"category-inclusive","8":"tag-lajeado","9":"tag-nutricao","10":"tag-nutricao-no-envelhecimento","11":"tag-univates","12":"pmpro-has-access"},"yoast_head":"<!-- This site is optimized with the Yoast SEO plugin v27.5 - https:\/\/yoast.com\/product\/yoast-seo-wordpress\/ -->\n<title>Curso de Nutri\u00e7\u00e3o da Univates realiza atividade sobre mem\u00f3rias afetivas com idosos - Folha Popular<\/title>\n<meta name=\"robots\" content=\"index, follow, max-snippet:-1, max-image-preview:large, max-video-preview:-1\" \/>\n<link rel=\"canonical\" href=\"https:\/\/folhapopular.info\/index.php\/2018\/11\/30\/curso-de-nutricao-da-univates-realiza-atividade-sobre-memorias-afetivas-com-idosos\/\" \/>\n<meta property=\"og:locale\" content=\"pt_BR\" \/>\n<meta property=\"og:type\" content=\"article\" \/>\n<meta property=\"og:title\" content=\"Curso de Nutri\u00e7\u00e3o da Univates realiza atividade sobre mem\u00f3rias afetivas com idosos - Folha Popular\" \/>\n<meta property=\"og:description\" content=\"Com receitas que despertam mem\u00f3rias afetivas, foram encerradas as atividades da disciplina Nutri\u00e7\u00e3o no Envelhecimento do curso de Nutri\u00e7\u00e3o da Univates de Lajeado, na ter\u00e7a-feira (28\/11). O momento reuniu idosos acompanhados pelos estudantes do curso ao longo do semestre no Ambulat\u00f3rio de Nutri\u00e7\u00e3o, quando os pacientes recebiam atendimento nutricional com orienta\u00e7\u00e3o, entrega de plano alimentar [&hellip;]\" \/>\n<meta property=\"og:url\" content=\"https:\/\/folhapopular.info\/index.php\/2018\/11\/30\/curso-de-nutricao-da-univates-realiza-atividade-sobre-memorias-afetivas-com-idosos\/\" \/>\n<meta property=\"og:site_name\" content=\"Folha Popular\" \/>\n<meta property=\"article:published_time\" content=\"2018-11-30T13:00:36+00:00\" \/>\n<meta property=\"og:image\" content=\"https:\/\/folhapopular.info\/wp-content\/uploads\/2018\/11\/nutricao-e1543578325396.jpg\" \/>\n\t<meta property=\"og:image:width\" content=\"800\" \/>\n\t<meta property=\"og:image:height\" content=\"533\" \/>\n\t<meta property=\"og:image:type\" content=\"image\/jpeg\" \/>\n<meta name=\"author\" content=\"Reda\u00e7\u00e3o Folha Popular\" \/>\n<meta name=\"twitter:card\" content=\"summary_large_image\" \/>\n<meta name=\"twitter:label1\" content=\"Escrito por\" \/>\n\t<meta name=\"twitter:data1\" content=\"Reda\u00e7\u00e3o Folha Popular\" \/>\n\t<meta name=\"twitter:label2\" content=\"Est. tempo de leitura\" \/>\n\t<meta name=\"twitter:data2\" content=\"2 minutos\" \/>\n<script type=\"application\/ld+json\" class=\"yoast-schema-graph\">{\"@context\":\"https:\\\/\\\/schema.org\",\"@graph\":[{\"@type\":\"Article\",\"@id\":\"https:\\\/\\\/folhapopular.info\\\/index.php\\\/2018\\\/11\\\/30\\\/curso-de-nutricao-da-univates-realiza-atividade-sobre-memorias-afetivas-com-idosos\\\/#article\",\"isPartOf\":{\"@id\":\"https:\\\/\\\/folhapopular.info\\\/index.php\\\/2018\\\/11\\\/30\\\/curso-de-nutricao-da-univates-realiza-atividade-sobre-memorias-afetivas-com-idosos\\\/\"},\"author\":{\"name\":\"Reda\u00e7\u00e3o Folha Popular\",\"@id\":\"https:\\\/\\\/folhapopular.info\\\/#\\\/schema\\\/person\\\/2814e8a0df7643585a9ca38bc6eb9d4b\"},\"headline\":\"Curso de Nutri\u00e7\u00e3o da Univates realiza atividade sobre mem\u00f3rias afetivas com idosos\",\"datePublished\":\"2018-11-30T13:00:36+00:00\",\"mainEntityOfPage\":{\"@id\":\"https:\\\/\\\/folhapopular.info\\\/index.php\\\/2018\\\/11\\\/30\\\/curso-de-nutricao-da-univates-realiza-atividade-sobre-memorias-afetivas-com-idosos\\\/\"},\"wordCount\":417,\"commentCount\":0,\"image\":{\"@id\":\"https:\\\/\\\/folhapopular.info\\\/index.php\\\/2018\\\/11\\\/30\\\/curso-de-nutricao-da-univates-realiza-atividade-sobre-memorias-afetivas-com-idosos\\\/#primaryimage\"},\"thumbnailUrl\":\"https:\\\/\\\/folhapopular.info\\\/wp-content\\\/uploads\\\/2018\\\/11\\\/nutricao-e1543578325396.jpg\",\"keywords\":[\"Lajeado\",\"Nutri\u00e7\u00e3o\",\"Nutri\u00e7\u00e3o no Envelhecimento\",\"Univates\"],\"articleSection\":[\"Inclusive\"],\"inLanguage\":\"pt-BR\",\"potentialAction\":[{\"@type\":\"CommentAction\",\"name\":\"Comment\",\"target\":[\"https:\\\/\\\/folhapopular.info\\\/index.php\\\/2018\\\/11\\\/30\\\/curso-de-nutricao-da-univates-realiza-atividade-sobre-memorias-afetivas-com-idosos\\\/#respond\"]}]},{\"@type\":\"WebPage\",\"@id\":\"https:\\\/\\\/folhapopular.info\\\/index.php\\\/2018\\\/11\\\/30\\\/curso-de-nutricao-da-univates-realiza-atividade-sobre-memorias-afetivas-com-idosos\\\/\",\"url\":\"https:\\\/\\\/folhapopular.info\\\/index.php\\\/2018\\\/11\\\/30\\\/curso-de-nutricao-da-univates-realiza-atividade-sobre-memorias-afetivas-com-idosos\\\/\",\"name\":\"Curso de Nutri\u00e7\u00e3o da Univates realiza atividade sobre mem\u00f3rias afetivas com idosos - Folha Popular\",\"isPartOf\":{\"@id\":\"https:\\\/\\\/folhapopular.info\\\/#website\"},\"primaryImageOfPage\":{\"@id\":\"https:\\\/\\\/folhapopular.info\\\/index.php\\\/2018\\\/11\\\/30\\\/curso-de-nutricao-da-univates-realiza-atividade-sobre-memorias-afetivas-com-idosos\\\/#primaryimage\"},\"image\":{\"@id\":\"https:\\\/\\\/folhapopular.info\\\/index.php\\\/2018\\\/11\\\/30\\\/curso-de-nutricao-da-univates-realiza-atividade-sobre-memorias-afetivas-com-idosos\\\/#primaryimage\"},\"thumbnailUrl\":\"https:\\\/\\\/folhapopular.info\\\/wp-content\\\/uploads\\\/2018\\\/11\\\/nutricao-e1543578325396.jpg\",\"datePublished\":\"2018-11-30T13:00:36+00:00\",\"author\":{\"@id\":\"https:\\\/\\\/folhapopular.info\\\/#\\\/schema\\\/person\\\/2814e8a0df7643585a9ca38bc6eb9d4b\"},\"breadcrumb\":{\"@id\":\"https:\\\/\\\/folhapopular.info\\\/index.php\\\/2018\\\/11\\\/30\\\/curso-de-nutricao-da-univates-realiza-atividade-sobre-memorias-afetivas-com-idosos\\\/#breadcrumb\"},\"inLanguage\":\"pt-BR\",\"potentialAction\":[{\"@type\":\"ReadAction\",\"target\":[\"https:\\\/\\\/folhapopular.info\\\/index.php\\\/2018\\\/11\\\/30\\\/curso-de-nutricao-da-univates-realiza-atividade-sobre-memorias-afetivas-com-idosos\\\/\"]}]},{\"@type\":\"ImageObject\",\"inLanguage\":\"pt-BR\",\"@id\":\"https:\\\/\\\/folhapopular.info\\\/index.php\\\/2018\\\/11\\\/30\\\/curso-de-nutricao-da-univates-realiza-atividade-sobre-memorias-afetivas-com-idosos\\\/#primaryimage\",\"url\":\"https:\\\/\\\/folhapopular.info\\\/wp-content\\\/uploads\\\/2018\\\/11\\\/nutricao-e1543578325396.jpg\",\"contentUrl\":\"https:\\\/\\\/folhapopular.info\\\/wp-content\\\/uploads\\\/2018\\\/11\\\/nutricao-e1543578325396.jpg\",\"width\":800,\"height\":533,\"caption\":\"Estudantes do curso de Nutri\u00e7\u00e3o da Univates realizam encerramento da diciplina de Nutri\u00e7\u00e3o no Envelhecimento\"},{\"@type\":\"BreadcrumbList\",\"@id\":\"https:\\\/\\\/folhapopular.info\\\/index.php\\\/2018\\\/11\\\/30\\\/curso-de-nutricao-da-univates-realiza-atividade-sobre-memorias-afetivas-com-idosos\\\/#breadcrumb\",\"itemListElement\":[{\"@type\":\"ListItem\",\"position\":1,\"name\":\"In\u00edcio\",\"item\":\"https:\\\/\\\/folhapopular.info\\\/\"},{\"@type\":\"ListItem\",\"position\":2,\"name\":\"Curso de Nutri\u00e7\u00e3o da Univates realiza atividade sobre mem\u00f3rias afetivas com idosos\"}]},{\"@type\":\"WebSite\",\"@id\":\"https:\\\/\\\/folhapopular.info\\\/#website\",\"url\":\"https:\\\/\\\/folhapopular.info\\\/\",\"name\":\"Folha Popular\",\"description\":\"Onde voc\u00ea tem vez e voz\",\"potentialAction\":[{\"@type\":\"SearchAction\",\"target\":{\"@type\":\"EntryPoint\",\"urlTemplate\":\"https:\\\/\\\/folhapopular.info\\\/?s={search_term_string}\"},\"query-input\":{\"@type\":\"PropertyValueSpecification\",\"valueRequired\":true,\"valueName\":\"search_term_string\"}}],\"inLanguage\":\"pt-BR\"},{\"@type\":\"Person\",\"@id\":\"https:\\\/\\\/folhapopular.info\\\/#\\\/schema\\\/person\\\/2814e8a0df7643585a9ca38bc6eb9d4b\",\"name\":\"Reda\u00e7\u00e3o Folha Popular\",\"image\":{\"@type\":\"ImageObject\",\"inLanguage\":\"pt-BR\",\"@id\":\"https:\\\/\\\/folhapopular.info\\\/wp-content\\\/uploads\\\/2026\\\/04\\\/Folha-1.webp\",\"url\":\"https:\\\/\\\/folhapopular.info\\\/wp-content\\\/uploads\\\/2026\\\/04\\\/Folha-1.webp\",\"contentUrl\":\"https:\\\/\\\/folhapopular.info\\\/wp-content\\\/uploads\\\/2026\\\/04\\\/Folha-1.webp\",\"caption\":\"Reda\u00e7\u00e3o Folha Popular\"},\"url\":\"https:\\\/\\\/folhapopular.info\\\/index.php\\\/author\\\/redacao\\\/\"}]}<\/script>\n<!-- \/ Yoast SEO plugin. -->","yoast_head_json":{"title":"Curso de Nutri\u00e7\u00e3o da Univates realiza atividade sobre mem\u00f3rias afetivas com idosos - Folha Popular","robots":{"index":"index","follow":"follow","max-snippet":"max-snippet:-1","max-image-preview":"max-image-preview:large","max-video-preview":"max-video-preview:-1"},"canonical":"https:\/\/folhapopular.info\/index.php\/2018\/11\/30\/curso-de-nutricao-da-univates-realiza-atividade-sobre-memorias-afetivas-com-idosos\/","og_locale":"pt_BR","og_type":"article","og_title":"Curso de Nutri\u00e7\u00e3o da Univates realiza atividade sobre mem\u00f3rias afetivas com idosos - Folha Popular","og_description":"Com receitas que despertam mem\u00f3rias afetivas, foram encerradas as atividades da disciplina Nutri\u00e7\u00e3o no Envelhecimento do curso de Nutri\u00e7\u00e3o da Univates de Lajeado, na ter\u00e7a-feira (28\/11). O momento reuniu idosos acompanhados pelos estudantes do curso ao longo do semestre no Ambulat\u00f3rio de Nutri\u00e7\u00e3o, quando os pacientes recebiam atendimento nutricional com orienta\u00e7\u00e3o, entrega de plano alimentar [&hellip;]","og_url":"https:\/\/folhapopular.info\/index.php\/2018\/11\/30\/curso-de-nutricao-da-univates-realiza-atividade-sobre-memorias-afetivas-com-idosos\/","og_site_name":"Folha Popular","article_published_time":"2018-11-30T13:00:36+00:00","og_image":[{"width":800,"height":533,"url":"https:\/\/folhapopular.info\/wp-content\/uploads\/2018\/11\/nutricao-e1543578325396.jpg","type":"image\/jpeg"}],"author":"Reda\u00e7\u00e3o Folha Popular","twitter_card":"summary_large_image","twitter_misc":{"Escrito por":"Reda\u00e7\u00e3o Folha Popular","Est. tempo de leitura":"2 minutos"},"schema":{"@context":"https:\/\/schema.org","@graph":[{"@type":"Article","@id":"https:\/\/folhapopular.info\/index.php\/2018\/11\/30\/curso-de-nutricao-da-univates-realiza-atividade-sobre-memorias-afetivas-com-idosos\/#article","isPartOf":{"@id":"https:\/\/folhapopular.info\/index.php\/2018\/11\/30\/curso-de-nutricao-da-univates-realiza-atividade-sobre-memorias-afetivas-com-idosos\/"},"author":{"name":"Reda\u00e7\u00e3o Folha Popular","@id":"https:\/\/folhapopular.info\/#\/schema\/person\/2814e8a0df7643585a9ca38bc6eb9d4b"},"headline":"Curso de Nutri\u00e7\u00e3o da Univates realiza atividade sobre mem\u00f3rias afetivas com idosos","datePublished":"2018-11-30T13:00:36+00:00","mainEntityOfPage":{"@id":"https:\/\/folhapopular.info\/index.php\/2018\/11\/30\/curso-de-nutricao-da-univates-realiza-atividade-sobre-memorias-afetivas-com-idosos\/"},"wordCount":417,"commentCount":0,"image":{"@id":"https:\/\/folhapopular.info\/index.php\/2018\/11\/30\/curso-de-nutricao-da-univates-realiza-atividade-sobre-memorias-afetivas-com-idosos\/#primaryimage"},"thumbnailUrl":"https:\/\/folhapopular.info\/wp-content\/uploads\/2018\/11\/nutricao-e1543578325396.jpg","keywords":["Lajeado","Nutri\u00e7\u00e3o","Nutri\u00e7\u00e3o no Envelhecimento","Univates"],"articleSection":["Inclusive"],"inLanguage":"pt-BR","potentialAction":[{"@type":"CommentAction","name":"Comment","target":["https:\/\/folhapopular.info\/index.php\/2018\/11\/30\/curso-de-nutricao-da-univates-realiza-atividade-sobre-memorias-afetivas-com-idosos\/#respond"]}]},{"@type":"WebPage","@id":"https:\/\/folhapopular.info\/index.php\/2018\/11\/30\/curso-de-nutricao-da-univates-realiza-atividade-sobre-memorias-afetivas-com-idosos\/","url":"https:\/\/folhapopular.info\/index.php\/2018\/11\/30\/curso-de-nutricao-da-univates-realiza-atividade-sobre-memorias-afetivas-com-idosos\/","name":"Curso de Nutri\u00e7\u00e3o da Univates realiza atividade sobre mem\u00f3rias afetivas com idosos - Folha Popular","isPartOf":{"@id":"https:\/\/folhapopular.info\/#website"},"primaryImageOfPage":{"@id":"https:\/\/folhapopular.info\/index.php\/2018\/11\/30\/curso-de-nutricao-da-univates-realiza-atividade-sobre-memorias-afetivas-com-idosos\/#primaryimage"},"image":{"@id":"https:\/\/folhapopular.info\/index.php\/2018\/11\/30\/curso-de-nutricao-da-univates-realiza-atividade-sobre-memorias-afetivas-com-idosos\/#primaryimage"},"thumbnailUrl":"https:\/\/folhapopular.info\/wp-content\/uploads\/2018\/11\/nutricao-e1543578325396.jpg","datePublished":"2018-11-30T13:00:36+00:00","author":{"@id":"https:\/\/folhapopular.info\/#\/schema\/person\/2814e8a0df7643585a9ca38bc6eb9d4b"},"breadcrumb":{"@id":"https:\/\/folhapopular.info\/index.php\/2018\/11\/30\/curso-de-nutricao-da-univates-realiza-atividade-sobre-memorias-afetivas-com-idosos\/#breadcrumb"},"inLanguage":"pt-BR","potentialAction":[{"@type":"ReadAction","target":["https:\/\/folhapopular.info\/index.php\/2018\/11\/30\/curso-de-nutricao-da-univates-realiza-atividade-sobre-memorias-afetivas-com-idosos\/"]}]},{"@type":"ImageObject","inLanguage":"pt-BR","@id":"https:\/\/folhapopular.info\/index.php\/2018\/11\/30\/curso-de-nutricao-da-univates-realiza-atividade-sobre-memorias-afetivas-com-idosos\/#primaryimage","url":"https:\/\/folhapopular.info\/wp-content\/uploads\/2018\/11\/nutricao-e1543578325396.jpg","contentUrl":"https:\/\/folhapopular.info\/wp-content\/uploads\/2018\/11\/nutricao-e1543578325396.jpg","width":800,"height":533,"caption":"Estudantes do curso de Nutri\u00e7\u00e3o da Univates realizam encerramento da diciplina de Nutri\u00e7\u00e3o no Envelhecimento"},{"@type":"BreadcrumbList","@id":"https:\/\/folhapopular.info\/index.php\/2018\/11\/30\/curso-de-nutricao-da-univates-realiza-atividade-sobre-memorias-afetivas-com-idosos\/#breadcrumb","itemListElement":[{"@type":"ListItem","position":1,"name":"In\u00edcio","item":"https:\/\/folhapopular.info\/"},{"@type":"ListItem","position":2,"name":"Curso de Nutri\u00e7\u00e3o da Univates realiza atividade sobre mem\u00f3rias afetivas com idosos"}]},{"@type":"WebSite","@id":"https:\/\/folhapopular.info\/#website","url":"https:\/\/folhapopular.info\/","name":"Folha Popular","description":"Onde voc\u00ea tem vez e voz","potentialAction":[{"@type":"SearchAction","target":{"@type":"EntryPoint","urlTemplate":"https:\/\/folhapopular.info\/?s={search_term_string}"},"query-input":{"@type":"PropertyValueSpecification","valueRequired":true,"valueName":"search_term_string"}}],"inLanguage":"pt-BR"},{"@type":"Person","@id":"https:\/\/folhapopular.info\/#\/schema\/person\/2814e8a0df7643585a9ca38bc6eb9d4b","name":"Reda\u00e7\u00e3o Folha Popular","image":{"@type":"ImageObject","inLanguage":"pt-BR","@id":"https:\/\/folhapopular.info\/wp-content\/uploads\/2026\/04\/Folha-1.webp","url":"https:\/\/folhapopular.info\/wp-content\/uploads\/2026\/04\/Folha-1.webp","contentUrl":"https:\/\/folhapopular.info\/wp-content\/uploads\/2026\/04\/Folha-1.webp","caption":"Reda\u00e7\u00e3o Folha Popular"},"url":"https:\/\/folhapopular.info\/index.php\/author\/redacao\/"}]}},"jetpack_featured_media_url":"https:\/\/folhapopular.info\/wp-content\/uploads\/2018\/11\/nutricao-e1543578325396.jpg","jetpack_sharing_enabled":true,"amp_enabled":true,"_links":{"self":[{"href":"https:\/\/folhapopular.info\/index.php\/wp-json\/wp\/v2\/posts\/50237","targetHints":{"allow":["GET"]}}],"collection":[{"href":"https:\/\/folhapopular.info\/index.php\/wp-json\/wp\/v2\/posts"}],"about":[{"href":"https:\/\/folhapopular.info\/index.php\/wp-json\/wp\/v2\/types\/post"}],"author":[{"embeddable":true,"href":"https:\/\/folhapopular.info\/index.php\/wp-json\/wp\/v2\/users\/8"}],"replies":[{"embeddable":true,"href":"https:\/\/folhapopular.info\/index.php\/wp-json\/wp\/v2\/comments?post=50237"}],"version-history":[{"count":0,"href":"https:\/\/folhapopular.info\/index.php\/wp-json\/wp\/v2\/posts\/50237\/revisions"}],"wp:featuredmedia":[{"embeddable":true,"href":"https:\/\/folhapopular.info\/index.php\/wp-json\/wp\/v2\/media\/50238"}],"wp:attachment":[{"href":"https:\/\/folhapopular.info\/index.php\/wp-json\/wp\/v2\/media?parent=50237"}],"wp:term":[{"taxonomy":"category","embeddable":true,"href":"https:\/\/folhapopular.info\/index.php\/wp-json\/wp\/v2\/categories?post=50237"},{"taxonomy":"post_tag","embeddable":true,"href":"https:\/\/folhapopular.info\/index.php\/wp-json\/wp\/v2\/tags?post=50237"}],"curies":[{"name":"wp","href":"https:\/\/api.w.org\/{rel}","templated":true}]}}