{"id":50407,"date":"2018-12-03T11:00:08","date_gmt":"2018-12-03T13:00:08","guid":{"rendered":"http:\/\/folhapopular.info\/?p=50407"},"modified":"2018-12-03T09:33:21","modified_gmt":"2018-12-03T11:33:21","slug":"administracao-de-teutonia-fara-audiencias-publicas-de-prestacao-de-contas-nas-comunidades","status":"publish","type":"post","link":"https:\/\/folhapopular.info\/index.php\/2018\/12\/03\/administracao-de-teutonia-fara-audiencias-publicas-de-prestacao-de-contas-nas-comunidades\/","title":{"rendered":"Administra\u00e7\u00e3o de Teut\u00f4nia far\u00e1 audi\u00eancias p\u00fablicas de presta\u00e7\u00e3o de contas nas comunidades"},"content":{"rendered":"<p>Nesta segunda-feira (03\/12), a Administra\u00e7\u00e3o de Teut\u00f4nia inicia uma s\u00e9rie de audi\u00eancias p\u00fablicas com presta\u00e7\u00e3o de contas nas comunidades. A primeira localidade a sediar o encontro ser\u00e1 Linha Catarina. A audi\u00eancia inicia \u00e0s 21h, tendo como local o gin\u00e1sio de esportes da localidade.<\/p>\n<p>Na oportunidade, o prefeito Jonatan Br\u00f6nstrup, e os secret\u00e1rios municipais prestar\u00e3o contas das a\u00e7\u00f5es realizadas nos dois primeiros anos de governo. Na ocasi\u00e3o tamb\u00e9m ser\u00e3o apresentados projetos futuros da Administra\u00e7\u00e3o, bem como esclarecidas d\u00favidas da comunidade.<\/p>\n<p>A inten\u00e7\u00e3o do governo \u00e9 se aproximar ainda mais das comunidades atrav\u00e9s destes encontros. \u201cA audi\u00eancia p\u00fablica com presta\u00e7\u00e3o de contas ser\u00e1 o momento em que podemos dizer \u00e0 comunidade tudo aquilo que j\u00e1 feito em quase dois anos de governo, al\u00e9m de ser uma oportunidade em que podemos ouvir as demandas das localidades\u201d, enaltece o prefeito.<\/p>\n<p>O cronograma das demais localidades e bairros que sediar\u00e3o as audi\u00eancias p\u00fablicas com presta\u00e7\u00f5es de contas ainda est\u00e1 sendo definido e ser\u00e1 divulgado em breve. Toda a comunidade est\u00e1 convidada a participar.<\/p>\n<p>&nbsp;<\/p>\n","protected":false},"excerpt":{"rendered":"<p>Nesta segunda-feira (03\/12), a Administra\u00e7\u00e3o de Teut\u00f4nia inicia uma s\u00e9rie de audi\u00eancias p\u00fablicas com presta\u00e7\u00e3o de contas nas comunidades. A primeira localidade a sediar o encontro ser\u00e1 Linha Catarina. A audi\u00eancia inicia \u00e0s 21h, tendo como local o gin\u00e1sio de esportes da localidade. Na oportunidade, o prefeito Jonatan Br\u00f6nstrup, e os secret\u00e1rios municipais prestar\u00e3o contas [&hellip;]<\/p>\n","protected":false},"author":8,"featured_media":50409,"comment_status":"open","ping_status":"open","sticky":false,"template":"","format":"standard","meta":{"pmpro_default_level":"","_jetpack_memberships_contains_paid_content":false,"footnotes":""},"categories":[2,3],"tags":[2561,2413,645,26],"class_list":{"0":"post-50407","1":"post","2":"type-post","3":"status-publish","4":"format-standard","5":"has-post-thumbnail","7":"category-featured","8":"category-geral","9":"tag-audiencias-publicas","10":"tag-linha-catarina","11":"tag-prestacao-de-contas","12":"tag-teutonia","13":"pmpro-has-access"},"yoast_head":"<!-- This site is optimized with the Yoast SEO plugin v27.5 - https:\/\/yoast.com\/product\/yoast-seo-wordpress\/ -->\n<title>Administra\u00e7\u00e3o de Teut\u00f4nia far\u00e1 audi\u00eancias p\u00fablicas de presta\u00e7\u00e3o de contas nas comunidades - Folha Popular<\/title>\n<meta name=\"robots\" content=\"index, follow, max-snippet:-1, max-image-preview:large, max-video-preview:-1\" \/>\n<link rel=\"canonical\" href=\"https:\/\/folhapopular.info\/index.php\/2018\/12\/03\/administracao-de-teutonia-fara-audiencias-publicas-de-prestacao-de-contas-nas-comunidades\/\" \/>\n<meta property=\"og:locale\" content=\"pt_BR\" \/>\n<meta property=\"og:type\" content=\"article\" \/>\n<meta property=\"og:title\" content=\"Administra\u00e7\u00e3o de Teut\u00f4nia far\u00e1 audi\u00eancias p\u00fablicas de presta\u00e7\u00e3o de contas nas comunidades - Folha Popular\" \/>\n<meta property=\"og:description\" content=\"Nesta segunda-feira (03\/12), a Administra\u00e7\u00e3o de Teut\u00f4nia inicia uma s\u00e9rie de audi\u00eancias p\u00fablicas com presta\u00e7\u00e3o de contas nas comunidades. A primeira localidade a sediar o encontro ser\u00e1 Linha Catarina. A audi\u00eancia inicia \u00e0s 21h, tendo como local o gin\u00e1sio de esportes da localidade. Na oportunidade, o prefeito Jonatan Br\u00f6nstrup, e os secret\u00e1rios municipais prestar\u00e3o contas [&hellip;]\" \/>\n<meta property=\"og:url\" content=\"https:\/\/folhapopular.info\/index.php\/2018\/12\/03\/administracao-de-teutonia-fara-audiencias-publicas-de-prestacao-de-contas-nas-comunidades\/\" \/>\n<meta property=\"og:site_name\" content=\"Folha Popular\" \/>\n<meta property=\"article:published_time\" content=\"2018-12-03T13:00:08+00:00\" \/>\n<meta property=\"og:image\" content=\"https:\/\/folhapopular.info\/wp-content\/uploads\/2018\/12\/Durante-a-audi\u00eancia-p\u00fablica-haver\u00e1-presta\u00e7\u00e3o-de-contas-do-governo-e1543836585764.jpg\" \/>\n\t<meta property=\"og:image:width\" content=\"800\" \/>\n\t<meta property=\"og:image:height\" content=\"533\" \/>\n\t<meta property=\"og:image:type\" content=\"image\/jpeg\" \/>\n<meta name=\"author\" content=\"Reda\u00e7\u00e3o Folha Popular\" \/>\n<meta name=\"twitter:card\" content=\"summary_large_image\" \/>\n<meta name=\"twitter:label1\" content=\"Escrito por\" \/>\n\t<meta name=\"twitter:data1\" content=\"Reda\u00e7\u00e3o Folha Popular\" \/>\n\t<meta name=\"twitter:label2\" content=\"Est. tempo de leitura\" \/>\n\t<meta name=\"twitter:data2\" content=\"1 minuto\" \/>\n<script type=\"application\/ld+json\" class=\"yoast-schema-graph\">{\"@context\":\"https:\\\/\\\/schema.org\",\"@graph\":[{\"@type\":\"Article\",\"@id\":\"https:\\\/\\\/folhapopular.info\\\/index.php\\\/2018\\\/12\\\/03\\\/administracao-de-teutonia-fara-audiencias-publicas-de-prestacao-de-contas-nas-comunidades\\\/#article\",\"isPartOf\":{\"@id\":\"https:\\\/\\\/folhapopular.info\\\/index.php\\\/2018\\\/12\\\/03\\\/administracao-de-teutonia-fara-audiencias-publicas-de-prestacao-de-contas-nas-comunidades\\\/\"},\"author\":{\"name\":\"Reda\u00e7\u00e3o Folha Popular\",\"@id\":\"https:\\\/\\\/folhapopular.info\\\/#\\\/schema\\\/person\\\/2814e8a0df7643585a9ca38bc6eb9d4b\"},\"headline\":\"Administra\u00e7\u00e3o de Teut\u00f4nia far\u00e1 audi\u00eancias p\u00fablicas de presta\u00e7\u00e3o de contas nas comunidades\",\"datePublished\":\"2018-12-03T13:00:08+00:00\",\"mainEntityOfPage\":{\"@id\":\"https:\\\/\\\/folhapopular.info\\\/index.php\\\/2018\\\/12\\\/03\\\/administracao-de-teutonia-fara-audiencias-publicas-de-prestacao-de-contas-nas-comunidades\\\/\"},\"wordCount\":210,\"commentCount\":0,\"image\":{\"@id\":\"https:\\\/\\\/folhapopular.info\\\/index.php\\\/2018\\\/12\\\/03\\\/administracao-de-teutonia-fara-audiencias-publicas-de-prestacao-de-contas-nas-comunidades\\\/#primaryimage\"},\"thumbnailUrl\":\"https:\\\/\\\/folhapopular.info\\\/wp-content\\\/uploads\\\/2018\\\/12\\\/Durante-a-audi\u00eancia-p\u00fablica-haver\u00e1-presta\u00e7\u00e3o-de-contas-do-governo-e1543836585764.jpg\",\"keywords\":[\"Audi\u00eancias P\u00fablicas\",\"Linha Catarina\",\"Presta\u00e7\u00e3o de contas\",\"Teut\u00f4nia\"],\"articleSection\":[\"Destaques\",\"Geral\"],\"inLanguage\":\"pt-BR\",\"potentialAction\":[{\"@type\":\"CommentAction\",\"name\":\"Comment\",\"target\":[\"https:\\\/\\\/folhapopular.info\\\/index.php\\\/2018\\\/12\\\/03\\\/administracao-de-teutonia-fara-audiencias-publicas-de-prestacao-de-contas-nas-comunidades\\\/#respond\"]}]},{\"@type\":\"WebPage\",\"@id\":\"https:\\\/\\\/folhapopular.info\\\/index.php\\\/2018\\\/12\\\/03\\\/administracao-de-teutonia-fara-audiencias-publicas-de-prestacao-de-contas-nas-comunidades\\\/\",\"url\":\"https:\\\/\\\/folhapopular.info\\\/index.php\\\/2018\\\/12\\\/03\\\/administracao-de-teutonia-fara-audiencias-publicas-de-prestacao-de-contas-nas-comunidades\\\/\",\"name\":\"Administra\u00e7\u00e3o de Teut\u00f4nia far\u00e1 audi\u00eancias p\u00fablicas de presta\u00e7\u00e3o de contas nas comunidades - Folha Popular\",\"isPartOf\":{\"@id\":\"https:\\\/\\\/folhapopular.info\\\/#website\"},\"primaryImageOfPage\":{\"@id\":\"https:\\\/\\\/folhapopular.info\\\/index.php\\\/2018\\\/12\\\/03\\\/administracao-de-teutonia-fara-audiencias-publicas-de-prestacao-de-contas-nas-comunidades\\\/#primaryimage\"},\"image\":{\"@id\":\"https:\\\/\\\/folhapopular.info\\\/index.php\\\/2018\\\/12\\\/03\\\/administracao-de-teutonia-fara-audiencias-publicas-de-prestacao-de-contas-nas-comunidades\\\/#primaryimage\"},\"thumbnailUrl\":\"https:\\\/\\\/folhapopular.info\\\/wp-content\\\/uploads\\\/2018\\\/12\\\/Durante-a-audi\u00eancia-p\u00fablica-haver\u00e1-presta\u00e7\u00e3o-de-contas-do-governo-e1543836585764.jpg\",\"datePublished\":\"2018-12-03T13:00:08+00:00\",\"author\":{\"@id\":\"https:\\\/\\\/folhapopular.info\\\/#\\\/schema\\\/person\\\/2814e8a0df7643585a9ca38bc6eb9d4b\"},\"breadcrumb\":{\"@id\":\"https:\\\/\\\/folhapopular.info\\\/index.php\\\/2018\\\/12\\\/03\\\/administracao-de-teutonia-fara-audiencias-publicas-de-prestacao-de-contas-nas-comunidades\\\/#breadcrumb\"},\"inLanguage\":\"pt-BR\",\"potentialAction\":[{\"@type\":\"ReadAction\",\"target\":[\"https:\\\/\\\/folhapopular.info\\\/index.php\\\/2018\\\/12\\\/03\\\/administracao-de-teutonia-fara-audiencias-publicas-de-prestacao-de-contas-nas-comunidades\\\/\"]}]},{\"@type\":\"ImageObject\",\"inLanguage\":\"pt-BR\",\"@id\":\"https:\\\/\\\/folhapopular.info\\\/index.php\\\/2018\\\/12\\\/03\\\/administracao-de-teutonia-fara-audiencias-publicas-de-prestacao-de-contas-nas-comunidades\\\/#primaryimage\",\"url\":\"https:\\\/\\\/folhapopular.info\\\/wp-content\\\/uploads\\\/2018\\\/12\\\/Durante-a-audi\u00eancia-p\u00fablica-haver\u00e1-presta\u00e7\u00e3o-de-contas-do-governo-e1543836585764.jpg\",\"contentUrl\":\"https:\\\/\\\/folhapopular.info\\\/wp-content\\\/uploads\\\/2018\\\/12\\\/Durante-a-audi\u00eancia-p\u00fablica-haver\u00e1-presta\u00e7\u00e3o-de-contas-do-governo-e1543836585764.jpg\",\"width\":800,\"height\":533,\"caption\":\"Durante a audi\u00eancia p\u00fablica, haver\u00e1 presta\u00e7\u00e3o de contas do governo\"},{\"@type\":\"BreadcrumbList\",\"@id\":\"https:\\\/\\\/folhapopular.info\\\/index.php\\\/2018\\\/12\\\/03\\\/administracao-de-teutonia-fara-audiencias-publicas-de-prestacao-de-contas-nas-comunidades\\\/#breadcrumb\",\"itemListElement\":[{\"@type\":\"ListItem\",\"position\":1,\"name\":\"In\u00edcio\",\"item\":\"https:\\\/\\\/folhapopular.info\\\/\"},{\"@type\":\"ListItem\",\"position\":2,\"name\":\"Administra\u00e7\u00e3o de Teut\u00f4nia far\u00e1 audi\u00eancias p\u00fablicas de presta\u00e7\u00e3o de contas nas comunidades\"}]},{\"@type\":\"WebSite\",\"@id\":\"https:\\\/\\\/folhapopular.info\\\/#website\",\"url\":\"https:\\\/\\\/folhapopular.info\\\/\",\"name\":\"Folha Popular\",\"description\":\"Onde voc\u00ea tem vez e voz\",\"potentialAction\":[{\"@type\":\"SearchAction\",\"target\":{\"@type\":\"EntryPoint\",\"urlTemplate\":\"https:\\\/\\\/folhapopular.info\\\/?s={search_term_string}\"},\"query-input\":{\"@type\":\"PropertyValueSpecification\",\"valueRequired\":true,\"valueName\":\"search_term_string\"}}],\"inLanguage\":\"pt-BR\"},{\"@type\":\"Person\",\"@id\":\"https:\\\/\\\/folhapopular.info\\\/#\\\/schema\\\/person\\\/2814e8a0df7643585a9ca38bc6eb9d4b\",\"name\":\"Reda\u00e7\u00e3o Folha Popular\",\"image\":{\"@type\":\"ImageObject\",\"inLanguage\":\"pt-BR\",\"@id\":\"https:\\\/\\\/folhapopular.info\\\/wp-content\\\/uploads\\\/2026\\\/04\\\/Folha-1.webp\",\"url\":\"https:\\\/\\\/folhapopular.info\\\/wp-content\\\/uploads\\\/2026\\\/04\\\/Folha-1.webp\",\"contentUrl\":\"https:\\\/\\\/folhapopular.info\\\/wp-content\\\/uploads\\\/2026\\\/04\\\/Folha-1.webp\",\"caption\":\"Reda\u00e7\u00e3o Folha Popular\"},\"url\":\"https:\\\/\\\/folhapopular.info\\\/index.php\\\/author\\\/redacao\\\/\"}]}<\/script>\n<!-- \/ Yoast SEO plugin. -->","yoast_head_json":{"title":"Administra\u00e7\u00e3o de Teut\u00f4nia far\u00e1 audi\u00eancias p\u00fablicas de presta\u00e7\u00e3o de contas nas comunidades - Folha Popular","robots":{"index":"index","follow":"follow","max-snippet":"max-snippet:-1","max-image-preview":"max-image-preview:large","max-video-preview":"max-video-preview:-1"},"canonical":"https:\/\/folhapopular.info\/index.php\/2018\/12\/03\/administracao-de-teutonia-fara-audiencias-publicas-de-prestacao-de-contas-nas-comunidades\/","og_locale":"pt_BR","og_type":"article","og_title":"Administra\u00e7\u00e3o de Teut\u00f4nia far\u00e1 audi\u00eancias p\u00fablicas de presta\u00e7\u00e3o de contas nas comunidades - Folha Popular","og_description":"Nesta segunda-feira (03\/12), a Administra\u00e7\u00e3o de Teut\u00f4nia inicia uma s\u00e9rie de audi\u00eancias p\u00fablicas com presta\u00e7\u00e3o de contas nas comunidades. A primeira localidade a sediar o encontro ser\u00e1 Linha Catarina. A audi\u00eancia inicia \u00e0s 21h, tendo como local o gin\u00e1sio de esportes da localidade. Na oportunidade, o prefeito Jonatan Br\u00f6nstrup, e os secret\u00e1rios municipais prestar\u00e3o contas [&hellip;]","og_url":"https:\/\/folhapopular.info\/index.php\/2018\/12\/03\/administracao-de-teutonia-fara-audiencias-publicas-de-prestacao-de-contas-nas-comunidades\/","og_site_name":"Folha Popular","article_published_time":"2018-12-03T13:00:08+00:00","og_image":[{"width":800,"height":533,"url":"https:\/\/folhapopular.info\/wp-content\/uploads\/2018\/12\/Durante-a-audi\u00eancia-p\u00fablica-haver\u00e1-presta\u00e7\u00e3o-de-contas-do-governo-e1543836585764.jpg","type":"image\/jpeg"}],"author":"Reda\u00e7\u00e3o Folha Popular","twitter_card":"summary_large_image","twitter_misc":{"Escrito por":"Reda\u00e7\u00e3o Folha Popular","Est. tempo de leitura":"1 minuto"},"schema":{"@context":"https:\/\/schema.org","@graph":[{"@type":"Article","@id":"https:\/\/folhapopular.info\/index.php\/2018\/12\/03\/administracao-de-teutonia-fara-audiencias-publicas-de-prestacao-de-contas-nas-comunidades\/#article","isPartOf":{"@id":"https:\/\/folhapopular.info\/index.php\/2018\/12\/03\/administracao-de-teutonia-fara-audiencias-publicas-de-prestacao-de-contas-nas-comunidades\/"},"author":{"name":"Reda\u00e7\u00e3o Folha Popular","@id":"https:\/\/folhapopular.info\/#\/schema\/person\/2814e8a0df7643585a9ca38bc6eb9d4b"},"headline":"Administra\u00e7\u00e3o de Teut\u00f4nia far\u00e1 audi\u00eancias p\u00fablicas de presta\u00e7\u00e3o de contas nas comunidades","datePublished":"2018-12-03T13:00:08+00:00","mainEntityOfPage":{"@id":"https:\/\/folhapopular.info\/index.php\/2018\/12\/03\/administracao-de-teutonia-fara-audiencias-publicas-de-prestacao-de-contas-nas-comunidades\/"},"wordCount":210,"commentCount":0,"image":{"@id":"https:\/\/folhapopular.info\/index.php\/2018\/12\/03\/administracao-de-teutonia-fara-audiencias-publicas-de-prestacao-de-contas-nas-comunidades\/#primaryimage"},"thumbnailUrl":"https:\/\/folhapopular.info\/wp-content\/uploads\/2018\/12\/Durante-a-audi\u00eancia-p\u00fablica-haver\u00e1-presta\u00e7\u00e3o-de-contas-do-governo-e1543836585764.jpg","keywords":["Audi\u00eancias P\u00fablicas","Linha Catarina","Presta\u00e7\u00e3o de contas","Teut\u00f4nia"],"articleSection":["Destaques","Geral"],"inLanguage":"pt-BR","potentialAction":[{"@type":"CommentAction","name":"Comment","target":["https:\/\/folhapopular.info\/index.php\/2018\/12\/03\/administracao-de-teutonia-fara-audiencias-publicas-de-prestacao-de-contas-nas-comunidades\/#respond"]}]},{"@type":"WebPage","@id":"https:\/\/folhapopular.info\/index.php\/2018\/12\/03\/administracao-de-teutonia-fara-audiencias-publicas-de-prestacao-de-contas-nas-comunidades\/","url":"https:\/\/folhapopular.info\/index.php\/2018\/12\/03\/administracao-de-teutonia-fara-audiencias-publicas-de-prestacao-de-contas-nas-comunidades\/","name":"Administra\u00e7\u00e3o de Teut\u00f4nia far\u00e1 audi\u00eancias p\u00fablicas de presta\u00e7\u00e3o de contas nas comunidades - Folha Popular","isPartOf":{"@id":"https:\/\/folhapopular.info\/#website"},"primaryImageOfPage":{"@id":"https:\/\/folhapopular.info\/index.php\/2018\/12\/03\/administracao-de-teutonia-fara-audiencias-publicas-de-prestacao-de-contas-nas-comunidades\/#primaryimage"},"image":{"@id":"https:\/\/folhapopular.info\/index.php\/2018\/12\/03\/administracao-de-teutonia-fara-audiencias-publicas-de-prestacao-de-contas-nas-comunidades\/#primaryimage"},"thumbnailUrl":"https:\/\/folhapopular.info\/wp-content\/uploads\/2018\/12\/Durante-a-audi\u00eancia-p\u00fablica-haver\u00e1-presta\u00e7\u00e3o-de-contas-do-governo-e1543836585764.jpg","datePublished":"2018-12-03T13:00:08+00:00","author":{"@id":"https:\/\/folhapopular.info\/#\/schema\/person\/2814e8a0df7643585a9ca38bc6eb9d4b"},"breadcrumb":{"@id":"https:\/\/folhapopular.info\/index.php\/2018\/12\/03\/administracao-de-teutonia-fara-audiencias-publicas-de-prestacao-de-contas-nas-comunidades\/#breadcrumb"},"inLanguage":"pt-BR","potentialAction":[{"@type":"ReadAction","target":["https:\/\/folhapopular.info\/index.php\/2018\/12\/03\/administracao-de-teutonia-fara-audiencias-publicas-de-prestacao-de-contas-nas-comunidades\/"]}]},{"@type":"ImageObject","inLanguage":"pt-BR","@id":"https:\/\/folhapopular.info\/index.php\/2018\/12\/03\/administracao-de-teutonia-fara-audiencias-publicas-de-prestacao-de-contas-nas-comunidades\/#primaryimage","url":"https:\/\/folhapopular.info\/wp-content\/uploads\/2018\/12\/Durante-a-audi\u00eancia-p\u00fablica-haver\u00e1-presta\u00e7\u00e3o-de-contas-do-governo-e1543836585764.jpg","contentUrl":"https:\/\/folhapopular.info\/wp-content\/uploads\/2018\/12\/Durante-a-audi\u00eancia-p\u00fablica-haver\u00e1-presta\u00e7\u00e3o-de-contas-do-governo-e1543836585764.jpg","width":800,"height":533,"caption":"Durante a audi\u00eancia p\u00fablica, haver\u00e1 presta\u00e7\u00e3o de contas do governo"},{"@type":"BreadcrumbList","@id":"https:\/\/folhapopular.info\/index.php\/2018\/12\/03\/administracao-de-teutonia-fara-audiencias-publicas-de-prestacao-de-contas-nas-comunidades\/#breadcrumb","itemListElement":[{"@type":"ListItem","position":1,"name":"In\u00edcio","item":"https:\/\/folhapopular.info\/"},{"@type":"ListItem","position":2,"name":"Administra\u00e7\u00e3o de Teut\u00f4nia far\u00e1 audi\u00eancias p\u00fablicas de presta\u00e7\u00e3o de contas nas comunidades"}]},{"@type":"WebSite","@id":"https:\/\/folhapopular.info\/#website","url":"https:\/\/folhapopular.info\/","name":"Folha Popular","description":"Onde voc\u00ea tem vez e voz","potentialAction":[{"@type":"SearchAction","target":{"@type":"EntryPoint","urlTemplate":"https:\/\/folhapopular.info\/?s={search_term_string}"},"query-input":{"@type":"PropertyValueSpecification","valueRequired":true,"valueName":"search_term_string"}}],"inLanguage":"pt-BR"},{"@type":"Person","@id":"https:\/\/folhapopular.info\/#\/schema\/person\/2814e8a0df7643585a9ca38bc6eb9d4b","name":"Reda\u00e7\u00e3o Folha Popular","image":{"@type":"ImageObject","inLanguage":"pt-BR","@id":"https:\/\/folhapopular.info\/wp-content\/uploads\/2026\/04\/Folha-1.webp","url":"https:\/\/folhapopular.info\/wp-content\/uploads\/2026\/04\/Folha-1.webp","contentUrl":"https:\/\/folhapopular.info\/wp-content\/uploads\/2026\/04\/Folha-1.webp","caption":"Reda\u00e7\u00e3o Folha Popular"},"url":"https:\/\/folhapopular.info\/index.php\/author\/redacao\/"}]}},"jetpack_featured_media_url":"https:\/\/folhapopular.info\/wp-content\/uploads\/2018\/12\/Durante-a-audi\u00eancia-p\u00fablica-haver\u00e1-presta\u00e7\u00e3o-de-contas-do-governo-e1543836585764.jpg","jetpack_sharing_enabled":true,"amp_enabled":true,"_links":{"self":[{"href":"https:\/\/folhapopular.info\/index.php\/wp-json\/wp\/v2\/posts\/50407","targetHints":{"allow":["GET"]}}],"collection":[{"href":"https:\/\/folhapopular.info\/index.php\/wp-json\/wp\/v2\/posts"}],"about":[{"href":"https:\/\/folhapopular.info\/index.php\/wp-json\/wp\/v2\/types\/post"}],"author":[{"embeddable":true,"href":"https:\/\/folhapopular.info\/index.php\/wp-json\/wp\/v2\/users\/8"}],"replies":[{"embeddable":true,"href":"https:\/\/folhapopular.info\/index.php\/wp-json\/wp\/v2\/comments?post=50407"}],"version-history":[{"count":0,"href":"https:\/\/folhapopular.info\/index.php\/wp-json\/wp\/v2\/posts\/50407\/revisions"}],"wp:featuredmedia":[{"embeddable":true,"href":"https:\/\/folhapopular.info\/index.php\/wp-json\/wp\/v2\/media\/50409"}],"wp:attachment":[{"href":"https:\/\/folhapopular.info\/index.php\/wp-json\/wp\/v2\/media?parent=50407"}],"wp:term":[{"taxonomy":"category","embeddable":true,"href":"https:\/\/folhapopular.info\/index.php\/wp-json\/wp\/v2\/categories?post=50407"},{"taxonomy":"post_tag","embeddable":true,"href":"https:\/\/folhapopular.info\/index.php\/wp-json\/wp\/v2\/tags?post=50407"}],"curies":[{"name":"wp","href":"https:\/\/api.w.org\/{rel}","templated":true}]}}