{"id":50449,"date":"2018-12-03T16:30:11","date_gmt":"2018-12-03T18:30:11","guid":{"rendered":"http:\/\/folhapopular.info\/?p=50449"},"modified":"2018-12-03T14:26:14","modified_gmt":"2018-12-03T16:26:14","slug":"escola-de-verao-em-biotecnologia-da-univates-promove-aulas-e-praticas-na-area","status":"publish","type":"post","link":"https:\/\/folhapopular.info\/index.php\/2018\/12\/03\/escola-de-verao-em-biotecnologia-da-univates-promove-aulas-e-praticas-na-area\/","title":{"rendered":"Escola de Ver\u00e3o em Biotecnologia da Univates promove aulas e pr\u00e1ticas na \u00e1rea"},"content":{"rendered":"<p dir=\"ltr\">De 28 de janeiro a 1\u00ba de fevereiro o Programa de P\u00f3s-Gradua\u00e7\u00e3o em Biotecnologia (PPGBiotec) da Univates realiza a 1\u00b0 Escola de Ver\u00e3o em Biotecnologia. O evento, voltado a alunos de gradua\u00e7\u00e3o de qualquer institui\u00e7\u00e3o, busca trazer novos conhecimentos sobre a \u00e1rea, al\u00e9m de abordar suas aplica\u00e7\u00f5es no mercado de trabalho e na pesquisa. Al\u00e9m de aulas e palestras, a programa\u00e7\u00e3o inclui um m\u00f3dulo pr\u00e1tico, com atua\u00e7\u00e3o em laborat\u00f3rio. A atividade tem o valor de R$ 50, podendo as inscri\u00e7\u00f5es ser feitas no <a href=\"https:\/\/www.univates.br\/sistemas\/inscricoes\/processo-2343-og_notiEADAgo_Out_noti2019A_noti201A_site2019A_email\" target=\"_blank\" rel=\"noopener\">Sistema de Inscri\u00e7\u00f5es da Univates<\/a>.<\/p>\n<p dir=\"ltr\">O evento \u00e9 uma forma de aperfei\u00e7oar e naturalizar o conhecimento dos graduandos sobre a biotecnologia e suas aplica\u00e7\u00f5es no mercado de trabalho e na pesquisa. Para participar, s\u00e3o oferecidas duas possibilidades: te\u00f3rica ou te\u00f3rica com est\u00e1gio, na qual os alunos realizar\u00e3o est\u00e1gio de quatro dias em um laborat\u00f3rio de sua escolha, o que permite a viv\u00eancia da rotina e a amplia\u00e7\u00e3o dos conhecimentos na \u00e1rea de interesse.<\/p>\n<p dir=\"ltr\">Entre os assuntos debatidos nas aulas est\u00e3o: biotecnologia e farmacologia de produtos naturais; aspectos nutrigen\u00e9ticos de marcadores bioqu\u00edmicos, antropom\u00e9tricos e comportamentais: implica\u00e7\u00f5es para doen\u00e7as multifatoriais; caracteriza\u00e7\u00e3o fisiol\u00f3gica e molecular de plantas sob estresses ambientais e em associa\u00e7\u00e3o com microrganismos; estudo de comunidades vegetais: estrutura, potencialidades e dist\u00farbios; cadeia produtiva do leite: uso de biotecnologias para melhoria da qualidade da mat\u00e9ria-prima e aproveitamento de res\u00edduos dos latic\u00ednios; sele\u00e7\u00e3o e caracteriza\u00e7\u00e3o de microrganismos com potencial uso biotecnol\u00f3gico; aplica\u00e7\u00e3o de marcadores moleculares no estudo da sa\u00fade reprodutiva animal e humana; e bioecologia e controle de \u00e1caros em agroecossistemas e ambiente natural no Estado do Rio Grande do Sul.<\/p>\n<p dir=\"ltr\">Mais informa\u00e7\u00f5es podem ser conferidas no site <a href=\"http:\/\/www.univates.br\/evento\/escola-de-verao-em-biotecnologia\" target=\"_blank\" rel=\"noopener\">www.univates.br\/evento\/escola-de-verao-em-biotecnologia<\/a>.<\/p>\n","protected":false},"excerpt":{"rendered":"<p>De 28 de janeiro a 1\u00ba de fevereiro o Programa de P\u00f3s-Gradua\u00e7\u00e3o em Biotecnologia (PPGBiotec) da Univates realiza a 1\u00b0 Escola de Ver\u00e3o em Biotecnologia. O evento, voltado a alunos de gradua\u00e7\u00e3o de qualquer institui\u00e7\u00e3o, busca trazer novos conhecimentos sobre a \u00e1rea, al\u00e9m de abordar suas aplica\u00e7\u00f5es no mercado de trabalho e na pesquisa. Al\u00e9m [&hellip;]<\/p>\n","protected":false},"author":8,"featured_media":50451,"comment_status":"open","ping_status":"open","sticky":false,"template":"","format":"standard","meta":{"pmpro_default_level":"","_jetpack_memberships_contains_paid_content":false,"footnotes":""},"categories":[3],"tags":[2159,3754,27,83],"class_list":{"0":"post-50449","1":"post","2":"type-post","3":"status-publish","4":"format-standard","5":"has-post-thumbnail","7":"category-geral","8":"tag-biotecnologia","9":"tag-escola-de-verao","10":"tag-lajeado","11":"tag-univates","12":"pmpro-has-access"},"yoast_head":"<!-- This site is optimized with the Yoast SEO plugin v27.5 - https:\/\/yoast.com\/product\/yoast-seo-wordpress\/ -->\n<title>Escola de Ver\u00e3o em Biotecnologia da Univates promove aulas e pr\u00e1ticas na \u00e1rea - Folha Popular<\/title>\n<meta name=\"robots\" content=\"index, follow, max-snippet:-1, max-image-preview:large, max-video-preview:-1\" \/>\n<link rel=\"canonical\" href=\"https:\/\/folhapopular.info\/index.php\/2018\/12\/03\/escola-de-verao-em-biotecnologia-da-univates-promove-aulas-e-praticas-na-area\/\" \/>\n<meta property=\"og:locale\" content=\"pt_BR\" \/>\n<meta property=\"og:type\" content=\"article\" \/>\n<meta property=\"og:title\" content=\"Escola de Ver\u00e3o em Biotecnologia da Univates promove aulas e pr\u00e1ticas na \u00e1rea - Folha Popular\" \/>\n<meta property=\"og:description\" content=\"De 28 de janeiro a 1\u00ba de fevereiro o Programa de P\u00f3s-Gradua\u00e7\u00e3o em Biotecnologia (PPGBiotec) da Univates realiza a 1\u00b0 Escola de Ver\u00e3o em Biotecnologia. O evento, voltado a alunos de gradua\u00e7\u00e3o de qualquer institui\u00e7\u00e3o, busca trazer novos conhecimentos sobre a \u00e1rea, al\u00e9m de abordar suas aplica\u00e7\u00f5es no mercado de trabalho e na pesquisa. Al\u00e9m [&hellip;]\" \/>\n<meta property=\"og:url\" content=\"https:\/\/folhapopular.info\/index.php\/2018\/12\/03\/escola-de-verao-em-biotecnologia-da-univates-promove-aulas-e-praticas-na-area\/\" \/>\n<meta property=\"og:site_name\" content=\"Folha Popular\" \/>\n<meta property=\"article:published_time\" content=\"2018-12-03T18:30:11+00:00\" \/>\n<meta property=\"og:image\" content=\"https:\/\/folhapopular.info\/wp-content\/uploads\/2018\/12\/ppgbiotec_univates-e1543854025731.jpg\" \/>\n\t<meta property=\"og:image:width\" content=\"800\" \/>\n\t<meta property=\"og:image:height\" content=\"533\" \/>\n\t<meta property=\"og:image:type\" content=\"image\/jpeg\" \/>\n<meta name=\"author\" content=\"Reda\u00e7\u00e3o Folha Popular\" \/>\n<meta name=\"twitter:card\" content=\"summary_large_image\" \/>\n<meta name=\"twitter:label1\" content=\"Escrito por\" \/>\n\t<meta name=\"twitter:data1\" content=\"Reda\u00e7\u00e3o Folha Popular\" \/>\n\t<meta name=\"twitter:label2\" content=\"Est. tempo de leitura\" \/>\n\t<meta name=\"twitter:data2\" content=\"2 minutos\" \/>\n<script type=\"application\/ld+json\" class=\"yoast-schema-graph\">{\"@context\":\"https:\\\/\\\/schema.org\",\"@graph\":[{\"@type\":\"Article\",\"@id\":\"https:\\\/\\\/folhapopular.info\\\/index.php\\\/2018\\\/12\\\/03\\\/escola-de-verao-em-biotecnologia-da-univates-promove-aulas-e-praticas-na-area\\\/#article\",\"isPartOf\":{\"@id\":\"https:\\\/\\\/folhapopular.info\\\/index.php\\\/2018\\\/12\\\/03\\\/escola-de-verao-em-biotecnologia-da-univates-promove-aulas-e-praticas-na-area\\\/\"},\"author\":{\"name\":\"Reda\u00e7\u00e3o Folha Popular\",\"@id\":\"https:\\\/\\\/folhapopular.info\\\/#\\\/schema\\\/person\\\/2814e8a0df7643585a9ca38bc6eb9d4b\"},\"headline\":\"Escola de Ver\u00e3o em Biotecnologia da Univates promove aulas e pr\u00e1ticas na \u00e1rea\",\"datePublished\":\"2018-12-03T18:30:11+00:00\",\"mainEntityOfPage\":{\"@id\":\"https:\\\/\\\/folhapopular.info\\\/index.php\\\/2018\\\/12\\\/03\\\/escola-de-verao-em-biotecnologia-da-univates-promove-aulas-e-praticas-na-area\\\/\"},\"wordCount\":328,\"commentCount\":0,\"image\":{\"@id\":\"https:\\\/\\\/folhapopular.info\\\/index.php\\\/2018\\\/12\\\/03\\\/escola-de-verao-em-biotecnologia-da-univates-promove-aulas-e-praticas-na-area\\\/#primaryimage\"},\"thumbnailUrl\":\"https:\\\/\\\/folhapopular.info\\\/wp-content\\\/uploads\\\/2018\\\/12\\\/ppgbiotec_univates-e1543854025731.jpg\",\"keywords\":[\"Biotecnologia\",\"Escola de Ver\u00e3o\",\"Lajeado\",\"Univates\"],\"articleSection\":[\"Geral\"],\"inLanguage\":\"pt-BR\",\"potentialAction\":[{\"@type\":\"CommentAction\",\"name\":\"Comment\",\"target\":[\"https:\\\/\\\/folhapopular.info\\\/index.php\\\/2018\\\/12\\\/03\\\/escola-de-verao-em-biotecnologia-da-univates-promove-aulas-e-praticas-na-area\\\/#respond\"]}]},{\"@type\":\"WebPage\",\"@id\":\"https:\\\/\\\/folhapopular.info\\\/index.php\\\/2018\\\/12\\\/03\\\/escola-de-verao-em-biotecnologia-da-univates-promove-aulas-e-praticas-na-area\\\/\",\"url\":\"https:\\\/\\\/folhapopular.info\\\/index.php\\\/2018\\\/12\\\/03\\\/escola-de-verao-em-biotecnologia-da-univates-promove-aulas-e-praticas-na-area\\\/\",\"name\":\"Escola de Ver\u00e3o em Biotecnologia da Univates promove aulas e pr\u00e1ticas na \u00e1rea - Folha Popular\",\"isPartOf\":{\"@id\":\"https:\\\/\\\/folhapopular.info\\\/#website\"},\"primaryImageOfPage\":{\"@id\":\"https:\\\/\\\/folhapopular.info\\\/index.php\\\/2018\\\/12\\\/03\\\/escola-de-verao-em-biotecnologia-da-univates-promove-aulas-e-praticas-na-area\\\/#primaryimage\"},\"image\":{\"@id\":\"https:\\\/\\\/folhapopular.info\\\/index.php\\\/2018\\\/12\\\/03\\\/escola-de-verao-em-biotecnologia-da-univates-promove-aulas-e-praticas-na-area\\\/#primaryimage\"},\"thumbnailUrl\":\"https:\\\/\\\/folhapopular.info\\\/wp-content\\\/uploads\\\/2018\\\/12\\\/ppgbiotec_univates-e1543854025731.jpg\",\"datePublished\":\"2018-12-03T18:30:11+00:00\",\"author\":{\"@id\":\"https:\\\/\\\/folhapopular.info\\\/#\\\/schema\\\/person\\\/2814e8a0df7643585a9ca38bc6eb9d4b\"},\"breadcrumb\":{\"@id\":\"https:\\\/\\\/folhapopular.info\\\/index.php\\\/2018\\\/12\\\/03\\\/escola-de-verao-em-biotecnologia-da-univates-promove-aulas-e-praticas-na-area\\\/#breadcrumb\"},\"inLanguage\":\"pt-BR\",\"potentialAction\":[{\"@type\":\"ReadAction\",\"target\":[\"https:\\\/\\\/folhapopular.info\\\/index.php\\\/2018\\\/12\\\/03\\\/escola-de-verao-em-biotecnologia-da-univates-promove-aulas-e-praticas-na-area\\\/\"]}]},{\"@type\":\"ImageObject\",\"inLanguage\":\"pt-BR\",\"@id\":\"https:\\\/\\\/folhapopular.info\\\/index.php\\\/2018\\\/12\\\/03\\\/escola-de-verao-em-biotecnologia-da-univates-promove-aulas-e-praticas-na-area\\\/#primaryimage\",\"url\":\"https:\\\/\\\/folhapopular.info\\\/wp-content\\\/uploads\\\/2018\\\/12\\\/ppgbiotec_univates-e1543854025731.jpg\",\"contentUrl\":\"https:\\\/\\\/folhapopular.info\\\/wp-content\\\/uploads\\\/2018\\\/12\\\/ppgbiotec_univates-e1543854025731.jpg\",\"width\":800,\"height\":533,\"caption\":\"Univates ir\u00e1 oferecer aula de Biotecnologia no ver\u00e3o, com aulas pr\u00e1ticas e te\u00f3ricas\\\/ Cr\u00e9dito da foto: Tuane Eggers\\\/ Divulga\u00e7\u00e3o\"},{\"@type\":\"BreadcrumbList\",\"@id\":\"https:\\\/\\\/folhapopular.info\\\/index.php\\\/2018\\\/12\\\/03\\\/escola-de-verao-em-biotecnologia-da-univates-promove-aulas-e-praticas-na-area\\\/#breadcrumb\",\"itemListElement\":[{\"@type\":\"ListItem\",\"position\":1,\"name\":\"In\u00edcio\",\"item\":\"https:\\\/\\\/folhapopular.info\\\/\"},{\"@type\":\"ListItem\",\"position\":2,\"name\":\"Escola de Ver\u00e3o em Biotecnologia da Univates promove aulas e pr\u00e1ticas na \u00e1rea\"}]},{\"@type\":\"WebSite\",\"@id\":\"https:\\\/\\\/folhapopular.info\\\/#website\",\"url\":\"https:\\\/\\\/folhapopular.info\\\/\",\"name\":\"Folha Popular\",\"description\":\"Onde voc\u00ea tem vez e voz\",\"potentialAction\":[{\"@type\":\"SearchAction\",\"target\":{\"@type\":\"EntryPoint\",\"urlTemplate\":\"https:\\\/\\\/folhapopular.info\\\/?s={search_term_string}\"},\"query-input\":{\"@type\":\"PropertyValueSpecification\",\"valueRequired\":true,\"valueName\":\"search_term_string\"}}],\"inLanguage\":\"pt-BR\"},{\"@type\":\"Person\",\"@id\":\"https:\\\/\\\/folhapopular.info\\\/#\\\/schema\\\/person\\\/2814e8a0df7643585a9ca38bc6eb9d4b\",\"name\":\"Reda\u00e7\u00e3o Folha Popular\",\"image\":{\"@type\":\"ImageObject\",\"inLanguage\":\"pt-BR\",\"@id\":\"https:\\\/\\\/folhapopular.info\\\/wp-content\\\/uploads\\\/2026\\\/04\\\/Folha-1.webp\",\"url\":\"https:\\\/\\\/folhapopular.info\\\/wp-content\\\/uploads\\\/2026\\\/04\\\/Folha-1.webp\",\"contentUrl\":\"https:\\\/\\\/folhapopular.info\\\/wp-content\\\/uploads\\\/2026\\\/04\\\/Folha-1.webp\",\"caption\":\"Reda\u00e7\u00e3o Folha Popular\"},\"url\":\"https:\\\/\\\/folhapopular.info\\\/index.php\\\/author\\\/redacao\\\/\"}]}<\/script>\n<!-- \/ Yoast SEO plugin. -->","yoast_head_json":{"title":"Escola de Ver\u00e3o em Biotecnologia da Univates promove aulas e pr\u00e1ticas na \u00e1rea - Folha Popular","robots":{"index":"index","follow":"follow","max-snippet":"max-snippet:-1","max-image-preview":"max-image-preview:large","max-video-preview":"max-video-preview:-1"},"canonical":"https:\/\/folhapopular.info\/index.php\/2018\/12\/03\/escola-de-verao-em-biotecnologia-da-univates-promove-aulas-e-praticas-na-area\/","og_locale":"pt_BR","og_type":"article","og_title":"Escola de Ver\u00e3o em Biotecnologia da Univates promove aulas e pr\u00e1ticas na \u00e1rea - Folha Popular","og_description":"De 28 de janeiro a 1\u00ba de fevereiro o Programa de P\u00f3s-Gradua\u00e7\u00e3o em Biotecnologia (PPGBiotec) da Univates realiza a 1\u00b0 Escola de Ver\u00e3o em Biotecnologia. O evento, voltado a alunos de gradua\u00e7\u00e3o de qualquer institui\u00e7\u00e3o, busca trazer novos conhecimentos sobre a \u00e1rea, al\u00e9m de abordar suas aplica\u00e7\u00f5es no mercado de trabalho e na pesquisa. Al\u00e9m [&hellip;]","og_url":"https:\/\/folhapopular.info\/index.php\/2018\/12\/03\/escola-de-verao-em-biotecnologia-da-univates-promove-aulas-e-praticas-na-area\/","og_site_name":"Folha Popular","article_published_time":"2018-12-03T18:30:11+00:00","og_image":[{"width":800,"height":533,"url":"https:\/\/folhapopular.info\/wp-content\/uploads\/2018\/12\/ppgbiotec_univates-e1543854025731.jpg","type":"image\/jpeg"}],"author":"Reda\u00e7\u00e3o Folha Popular","twitter_card":"summary_large_image","twitter_misc":{"Escrito por":"Reda\u00e7\u00e3o Folha Popular","Est. tempo de leitura":"2 minutos"},"schema":{"@context":"https:\/\/schema.org","@graph":[{"@type":"Article","@id":"https:\/\/folhapopular.info\/index.php\/2018\/12\/03\/escola-de-verao-em-biotecnologia-da-univates-promove-aulas-e-praticas-na-area\/#article","isPartOf":{"@id":"https:\/\/folhapopular.info\/index.php\/2018\/12\/03\/escola-de-verao-em-biotecnologia-da-univates-promove-aulas-e-praticas-na-area\/"},"author":{"name":"Reda\u00e7\u00e3o Folha Popular","@id":"https:\/\/folhapopular.info\/#\/schema\/person\/2814e8a0df7643585a9ca38bc6eb9d4b"},"headline":"Escola de Ver\u00e3o em Biotecnologia da Univates promove aulas e pr\u00e1ticas na \u00e1rea","datePublished":"2018-12-03T18:30:11+00:00","mainEntityOfPage":{"@id":"https:\/\/folhapopular.info\/index.php\/2018\/12\/03\/escola-de-verao-em-biotecnologia-da-univates-promove-aulas-e-praticas-na-area\/"},"wordCount":328,"commentCount":0,"image":{"@id":"https:\/\/folhapopular.info\/index.php\/2018\/12\/03\/escola-de-verao-em-biotecnologia-da-univates-promove-aulas-e-praticas-na-area\/#primaryimage"},"thumbnailUrl":"https:\/\/folhapopular.info\/wp-content\/uploads\/2018\/12\/ppgbiotec_univates-e1543854025731.jpg","keywords":["Biotecnologia","Escola de Ver\u00e3o","Lajeado","Univates"],"articleSection":["Geral"],"inLanguage":"pt-BR","potentialAction":[{"@type":"CommentAction","name":"Comment","target":["https:\/\/folhapopular.info\/index.php\/2018\/12\/03\/escola-de-verao-em-biotecnologia-da-univates-promove-aulas-e-praticas-na-area\/#respond"]}]},{"@type":"WebPage","@id":"https:\/\/folhapopular.info\/index.php\/2018\/12\/03\/escola-de-verao-em-biotecnologia-da-univates-promove-aulas-e-praticas-na-area\/","url":"https:\/\/folhapopular.info\/index.php\/2018\/12\/03\/escola-de-verao-em-biotecnologia-da-univates-promove-aulas-e-praticas-na-area\/","name":"Escola de Ver\u00e3o em Biotecnologia da Univates promove aulas e pr\u00e1ticas na \u00e1rea - Folha Popular","isPartOf":{"@id":"https:\/\/folhapopular.info\/#website"},"primaryImageOfPage":{"@id":"https:\/\/folhapopular.info\/index.php\/2018\/12\/03\/escola-de-verao-em-biotecnologia-da-univates-promove-aulas-e-praticas-na-area\/#primaryimage"},"image":{"@id":"https:\/\/folhapopular.info\/index.php\/2018\/12\/03\/escola-de-verao-em-biotecnologia-da-univates-promove-aulas-e-praticas-na-area\/#primaryimage"},"thumbnailUrl":"https:\/\/folhapopular.info\/wp-content\/uploads\/2018\/12\/ppgbiotec_univates-e1543854025731.jpg","datePublished":"2018-12-03T18:30:11+00:00","author":{"@id":"https:\/\/folhapopular.info\/#\/schema\/person\/2814e8a0df7643585a9ca38bc6eb9d4b"},"breadcrumb":{"@id":"https:\/\/folhapopular.info\/index.php\/2018\/12\/03\/escola-de-verao-em-biotecnologia-da-univates-promove-aulas-e-praticas-na-area\/#breadcrumb"},"inLanguage":"pt-BR","potentialAction":[{"@type":"ReadAction","target":["https:\/\/folhapopular.info\/index.php\/2018\/12\/03\/escola-de-verao-em-biotecnologia-da-univates-promove-aulas-e-praticas-na-area\/"]}]},{"@type":"ImageObject","inLanguage":"pt-BR","@id":"https:\/\/folhapopular.info\/index.php\/2018\/12\/03\/escola-de-verao-em-biotecnologia-da-univates-promove-aulas-e-praticas-na-area\/#primaryimage","url":"https:\/\/folhapopular.info\/wp-content\/uploads\/2018\/12\/ppgbiotec_univates-e1543854025731.jpg","contentUrl":"https:\/\/folhapopular.info\/wp-content\/uploads\/2018\/12\/ppgbiotec_univates-e1543854025731.jpg","width":800,"height":533,"caption":"Univates ir\u00e1 oferecer aula de Biotecnologia no ver\u00e3o, com aulas pr\u00e1ticas e te\u00f3ricas\/ Cr\u00e9dito da foto: Tuane Eggers\/ Divulga\u00e7\u00e3o"},{"@type":"BreadcrumbList","@id":"https:\/\/folhapopular.info\/index.php\/2018\/12\/03\/escola-de-verao-em-biotecnologia-da-univates-promove-aulas-e-praticas-na-area\/#breadcrumb","itemListElement":[{"@type":"ListItem","position":1,"name":"In\u00edcio","item":"https:\/\/folhapopular.info\/"},{"@type":"ListItem","position":2,"name":"Escola de Ver\u00e3o em Biotecnologia da Univates promove aulas e pr\u00e1ticas na \u00e1rea"}]},{"@type":"WebSite","@id":"https:\/\/folhapopular.info\/#website","url":"https:\/\/folhapopular.info\/","name":"Folha Popular","description":"Onde voc\u00ea tem vez e voz","potentialAction":[{"@type":"SearchAction","target":{"@type":"EntryPoint","urlTemplate":"https:\/\/folhapopular.info\/?s={search_term_string}"},"query-input":{"@type":"PropertyValueSpecification","valueRequired":true,"valueName":"search_term_string"}}],"inLanguage":"pt-BR"},{"@type":"Person","@id":"https:\/\/folhapopular.info\/#\/schema\/person\/2814e8a0df7643585a9ca38bc6eb9d4b","name":"Reda\u00e7\u00e3o Folha Popular","image":{"@type":"ImageObject","inLanguage":"pt-BR","@id":"https:\/\/folhapopular.info\/wp-content\/uploads\/2026\/04\/Folha-1.webp","url":"https:\/\/folhapopular.info\/wp-content\/uploads\/2026\/04\/Folha-1.webp","contentUrl":"https:\/\/folhapopular.info\/wp-content\/uploads\/2026\/04\/Folha-1.webp","caption":"Reda\u00e7\u00e3o Folha Popular"},"url":"https:\/\/folhapopular.info\/index.php\/author\/redacao\/"}]}},"jetpack_featured_media_url":"https:\/\/folhapopular.info\/wp-content\/uploads\/2018\/12\/ppgbiotec_univates-e1543854025731.jpg","jetpack_sharing_enabled":true,"amp_enabled":true,"_links":{"self":[{"href":"https:\/\/folhapopular.info\/index.php\/wp-json\/wp\/v2\/posts\/50449","targetHints":{"allow":["GET"]}}],"collection":[{"href":"https:\/\/folhapopular.info\/index.php\/wp-json\/wp\/v2\/posts"}],"about":[{"href":"https:\/\/folhapopular.info\/index.php\/wp-json\/wp\/v2\/types\/post"}],"author":[{"embeddable":true,"href":"https:\/\/folhapopular.info\/index.php\/wp-json\/wp\/v2\/users\/8"}],"replies":[{"embeddable":true,"href":"https:\/\/folhapopular.info\/index.php\/wp-json\/wp\/v2\/comments?post=50449"}],"version-history":[{"count":0,"href":"https:\/\/folhapopular.info\/index.php\/wp-json\/wp\/v2\/posts\/50449\/revisions"}],"wp:featuredmedia":[{"embeddable":true,"href":"https:\/\/folhapopular.info\/index.php\/wp-json\/wp\/v2\/media\/50451"}],"wp:attachment":[{"href":"https:\/\/folhapopular.info\/index.php\/wp-json\/wp\/v2\/media?parent=50449"}],"wp:term":[{"taxonomy":"category","embeddable":true,"href":"https:\/\/folhapopular.info\/index.php\/wp-json\/wp\/v2\/categories?post=50449"},{"taxonomy":"post_tag","embeddable":true,"href":"https:\/\/folhapopular.info\/index.php\/wp-json\/wp\/v2\/tags?post=50449"}],"curies":[{"name":"wp","href":"https:\/\/api.w.org\/{rel}","templated":true}]}}