{"id":50478,"date":"2018-12-04T09:00:38","date_gmt":"2018-12-04T11:00:38","guid":{"rendered":"http:\/\/folhapopular.info\/?p=50478"},"modified":"2018-12-04T08:05:49","modified_gmt":"2018-12-04T10:05:49","slug":"descarte-de-lixo-eletronico-finaliza-acoes-do-revive-boa-vista-de-teutonia-em-2018","status":"publish","type":"post","link":"https:\/\/folhapopular.info\/index.php\/2018\/12\/04\/descarte-de-lixo-eletronico-finaliza-acoes-do-revive-boa-vista-de-teutonia-em-2018\/","title":{"rendered":"Descarte de lixo eletr\u00f4nico finaliza a\u00e7\u00f5es do Revive Boa Vista de Teut\u00f4nia em 2018"},"content":{"rendered":"<p>No dia 1\u00ba de dezembro ocorreu mais uma a\u00e7\u00e3o do Revive Boa Vista, em Teut\u00f4nia, que objetiva a preserva\u00e7\u00e3o do meio ambiente e a conscientiza\u00e7\u00e3o da popula\u00e7\u00e3o para cuidados com a natureza e a correta destina\u00e7\u00e3o do lixo. Na oportunidade, volunt\u00e1rios participaram do descarte consciente de lixo eletr\u00f4nico, com posto de coleta instalado junto ao Supermercado Languiru do Bairro Canabarro.<\/p>\n<p>Na ocasi\u00e3o foram recolhidos 527 itens, destaque para 50 fones de ouvido, 44 cabos e conectores, 44 carregadores e transformadores, 43 celulares, 38 fitas de videocassete e 21 televisores. Os materiais foram recolhidos por empresa especializada, que dar\u00e1 o destino final correto.<\/p>\n<p>A atividade integrou a 9\u00aa edi\u00e7\u00e3o da a\u00e7\u00e3o socioambiental teutoniense Revive Boa Vista, realiza\u00e7\u00e3o da Unidade Parceiros Volunt\u00e1rios de Teut\u00f4nia, com apoio da Administra\u00e7\u00e3o de Teut\u00f4nia e da Emater\/RS-Ascar, al\u00e9m das mantenedoras CIC Teut\u00f4nia, Certel, Couros Bom Retiro, Seccare, Cooperativa Languiru, Sicredi Ouro Branco e Star Led.<\/p>\n","protected":false},"excerpt":{"rendered":"<p>No dia 1\u00ba de dezembro ocorreu mais uma a\u00e7\u00e3o do Revive Boa Vista, em Teut\u00f4nia, que objetiva a preserva\u00e7\u00e3o do meio ambiente e a conscientiza\u00e7\u00e3o da popula\u00e7\u00e3o para cuidados com a natureza e a correta destina\u00e7\u00e3o do lixo. Na oportunidade, volunt\u00e1rios participaram do descarte consciente de lixo eletr\u00f4nico, com posto de coleta instalado junto ao [&hellip;]<\/p>\n","protected":false},"author":8,"featured_media":50479,"comment_status":"open","ping_status":"open","sticky":false,"template":"","format":"standard","meta":{"pmpro_default_level":"","_jetpack_memberships_contains_paid_content":false,"footnotes":""},"categories":[2,6],"tags":[1065,227,58,26],"class_list":{"0":"post-50478","1":"post","2":"type-post","3":"status-publish","4":"format-standard","5":"has-post-thumbnail","7":"category-featured","8":"category-inclusive","9":"tag-lixo-eletronico","10":"tag-parceiros-voluntarios","11":"tag-revive-boa-vista","12":"tag-teutonia","13":"pmpro-has-access"},"yoast_head":"<!-- This site is optimized with the Yoast SEO plugin v27.5 - https:\/\/yoast.com\/product\/yoast-seo-wordpress\/ -->\n<title>Descarte de lixo eletr\u00f4nico finaliza a\u00e7\u00f5es do Revive Boa Vista de Teut\u00f4nia em 2018 - Folha Popular<\/title>\n<meta name=\"robots\" content=\"index, follow, max-snippet:-1, max-image-preview:large, max-video-preview:-1\" \/>\n<link rel=\"canonical\" href=\"https:\/\/folhapopular.info\/index.php\/2018\/12\/04\/descarte-de-lixo-eletronico-finaliza-acoes-do-revive-boa-vista-de-teutonia-em-2018\/\" \/>\n<meta property=\"og:locale\" content=\"pt_BR\" \/>\n<meta property=\"og:type\" content=\"article\" \/>\n<meta property=\"og:title\" content=\"Descarte de lixo eletr\u00f4nico finaliza a\u00e7\u00f5es do Revive Boa Vista de Teut\u00f4nia em 2018 - Folha Popular\" \/>\n<meta property=\"og:description\" content=\"No dia 1\u00ba de dezembro ocorreu mais uma a\u00e7\u00e3o do Revive Boa Vista, em Teut\u00f4nia, que objetiva a preserva\u00e7\u00e3o do meio ambiente e a conscientiza\u00e7\u00e3o da popula\u00e7\u00e3o para cuidados com a natureza e a correta destina\u00e7\u00e3o do lixo. Na oportunidade, volunt\u00e1rios participaram do descarte consciente de lixo eletr\u00f4nico, com posto de coleta instalado junto ao [&hellip;]\" \/>\n<meta property=\"og:url\" content=\"https:\/\/folhapopular.info\/index.php\/2018\/12\/04\/descarte-de-lixo-eletronico-finaliza-acoes-do-revive-boa-vista-de-teutonia-em-2018\/\" \/>\n<meta property=\"og:site_name\" content=\"Folha Popular\" \/>\n<meta property=\"article:published_time\" content=\"2018-12-04T11:00:38+00:00\" \/>\n<meta property=\"og:image\" content=\"https:\/\/folhapopular.info\/wp-content\/uploads\/2018\/12\/2-JORNAL-e1543917590805.jpg\" \/>\n\t<meta property=\"og:image:width\" content=\"800\" \/>\n\t<meta property=\"og:image:height\" content=\"451\" \/>\n\t<meta property=\"og:image:type\" content=\"image\/jpeg\" \/>\n<meta name=\"author\" content=\"Reda\u00e7\u00e3o Folha Popular\" \/>\n<meta name=\"twitter:card\" content=\"summary_large_image\" \/>\n<meta name=\"twitter:label1\" content=\"Escrito por\" \/>\n\t<meta name=\"twitter:data1\" content=\"Reda\u00e7\u00e3o Folha Popular\" \/>\n\t<meta name=\"twitter:label2\" content=\"Est. tempo de leitura\" \/>\n\t<meta name=\"twitter:data2\" content=\"1 minuto\" \/>\n<script type=\"application\/ld+json\" class=\"yoast-schema-graph\">{\"@context\":\"https:\\\/\\\/schema.org\",\"@graph\":[{\"@type\":\"Article\",\"@id\":\"https:\\\/\\\/folhapopular.info\\\/index.php\\\/2018\\\/12\\\/04\\\/descarte-de-lixo-eletronico-finaliza-acoes-do-revive-boa-vista-de-teutonia-em-2018\\\/#article\",\"isPartOf\":{\"@id\":\"https:\\\/\\\/folhapopular.info\\\/index.php\\\/2018\\\/12\\\/04\\\/descarte-de-lixo-eletronico-finaliza-acoes-do-revive-boa-vista-de-teutonia-em-2018\\\/\"},\"author\":{\"name\":\"Reda\u00e7\u00e3o Folha Popular\",\"@id\":\"https:\\\/\\\/folhapopular.info\\\/#\\\/schema\\\/person\\\/2814e8a0df7643585a9ca38bc6eb9d4b\"},\"headline\":\"Descarte de lixo eletr\u00f4nico finaliza a\u00e7\u00f5es do Revive Boa Vista de Teut\u00f4nia em 2018\",\"datePublished\":\"2018-12-04T11:00:38+00:00\",\"mainEntityOfPage\":{\"@id\":\"https:\\\/\\\/folhapopular.info\\\/index.php\\\/2018\\\/12\\\/04\\\/descarte-de-lixo-eletronico-finaliza-acoes-do-revive-boa-vista-de-teutonia-em-2018\\\/\"},\"wordCount\":175,\"commentCount\":0,\"image\":{\"@id\":\"https:\\\/\\\/folhapopular.info\\\/index.php\\\/2018\\\/12\\\/04\\\/descarte-de-lixo-eletronico-finaliza-acoes-do-revive-boa-vista-de-teutonia-em-2018\\\/#primaryimage\"},\"thumbnailUrl\":\"https:\\\/\\\/folhapopular.info\\\/wp-content\\\/uploads\\\/2018\\\/12\\\/2-JORNAL-e1543917590805.jpg\",\"keywords\":[\"Lixo Eletr\u00f4nico\",\"Parceiros Volunt\u00e1rios\",\"Revive Boa Vista\",\"Teut\u00f4nia\"],\"articleSection\":[\"Destaques\",\"Inclusive\"],\"inLanguage\":\"pt-BR\",\"potentialAction\":[{\"@type\":\"CommentAction\",\"name\":\"Comment\",\"target\":[\"https:\\\/\\\/folhapopular.info\\\/index.php\\\/2018\\\/12\\\/04\\\/descarte-de-lixo-eletronico-finaliza-acoes-do-revive-boa-vista-de-teutonia-em-2018\\\/#respond\"]}]},{\"@type\":\"WebPage\",\"@id\":\"https:\\\/\\\/folhapopular.info\\\/index.php\\\/2018\\\/12\\\/04\\\/descarte-de-lixo-eletronico-finaliza-acoes-do-revive-boa-vista-de-teutonia-em-2018\\\/\",\"url\":\"https:\\\/\\\/folhapopular.info\\\/index.php\\\/2018\\\/12\\\/04\\\/descarte-de-lixo-eletronico-finaliza-acoes-do-revive-boa-vista-de-teutonia-em-2018\\\/\",\"name\":\"Descarte de lixo eletr\u00f4nico finaliza a\u00e7\u00f5es do Revive Boa Vista de Teut\u00f4nia em 2018 - Folha Popular\",\"isPartOf\":{\"@id\":\"https:\\\/\\\/folhapopular.info\\\/#website\"},\"primaryImageOfPage\":{\"@id\":\"https:\\\/\\\/folhapopular.info\\\/index.php\\\/2018\\\/12\\\/04\\\/descarte-de-lixo-eletronico-finaliza-acoes-do-revive-boa-vista-de-teutonia-em-2018\\\/#primaryimage\"},\"image\":{\"@id\":\"https:\\\/\\\/folhapopular.info\\\/index.php\\\/2018\\\/12\\\/04\\\/descarte-de-lixo-eletronico-finaliza-acoes-do-revive-boa-vista-de-teutonia-em-2018\\\/#primaryimage\"},\"thumbnailUrl\":\"https:\\\/\\\/folhapopular.info\\\/wp-content\\\/uploads\\\/2018\\\/12\\\/2-JORNAL-e1543917590805.jpg\",\"datePublished\":\"2018-12-04T11:00:38+00:00\",\"author\":{\"@id\":\"https:\\\/\\\/folhapopular.info\\\/#\\\/schema\\\/person\\\/2814e8a0df7643585a9ca38bc6eb9d4b\"},\"breadcrumb\":{\"@id\":\"https:\\\/\\\/folhapopular.info\\\/index.php\\\/2018\\\/12\\\/04\\\/descarte-de-lixo-eletronico-finaliza-acoes-do-revive-boa-vista-de-teutonia-em-2018\\\/#breadcrumb\"},\"inLanguage\":\"pt-BR\",\"potentialAction\":[{\"@type\":\"ReadAction\",\"target\":[\"https:\\\/\\\/folhapopular.info\\\/index.php\\\/2018\\\/12\\\/04\\\/descarte-de-lixo-eletronico-finaliza-acoes-do-revive-boa-vista-de-teutonia-em-2018\\\/\"]}]},{\"@type\":\"ImageObject\",\"inLanguage\":\"pt-BR\",\"@id\":\"https:\\\/\\\/folhapopular.info\\\/index.php\\\/2018\\\/12\\\/04\\\/descarte-de-lixo-eletronico-finaliza-acoes-do-revive-boa-vista-de-teutonia-em-2018\\\/#primaryimage\",\"url\":\"https:\\\/\\\/folhapopular.info\\\/wp-content\\\/uploads\\\/2018\\\/12\\\/2-JORNAL-e1543917590805.jpg\",\"contentUrl\":\"https:\\\/\\\/folhapopular.info\\\/wp-content\\\/uploads\\\/2018\\\/12\\\/2-JORNAL-e1543917590805.jpg\",\"width\":800,\"height\":451,\"caption\":\"Foram recolhidos 527 itens, entre eles 21 televisores\\\/ Cr\u00e9dito da foto: Leandro Augusto Hamester\\\/ Divulga\u00e7\u00e3o\"},{\"@type\":\"BreadcrumbList\",\"@id\":\"https:\\\/\\\/folhapopular.info\\\/index.php\\\/2018\\\/12\\\/04\\\/descarte-de-lixo-eletronico-finaliza-acoes-do-revive-boa-vista-de-teutonia-em-2018\\\/#breadcrumb\",\"itemListElement\":[{\"@type\":\"ListItem\",\"position\":1,\"name\":\"In\u00edcio\",\"item\":\"https:\\\/\\\/folhapopular.info\\\/\"},{\"@type\":\"ListItem\",\"position\":2,\"name\":\"Descarte de lixo eletr\u00f4nico finaliza a\u00e7\u00f5es do Revive Boa Vista de Teut\u00f4nia em 2018\"}]},{\"@type\":\"WebSite\",\"@id\":\"https:\\\/\\\/folhapopular.info\\\/#website\",\"url\":\"https:\\\/\\\/folhapopular.info\\\/\",\"name\":\"Folha Popular\",\"description\":\"Onde voc\u00ea tem vez e voz\",\"potentialAction\":[{\"@type\":\"SearchAction\",\"target\":{\"@type\":\"EntryPoint\",\"urlTemplate\":\"https:\\\/\\\/folhapopular.info\\\/?s={search_term_string}\"},\"query-input\":{\"@type\":\"PropertyValueSpecification\",\"valueRequired\":true,\"valueName\":\"search_term_string\"}}],\"inLanguage\":\"pt-BR\"},{\"@type\":\"Person\",\"@id\":\"https:\\\/\\\/folhapopular.info\\\/#\\\/schema\\\/person\\\/2814e8a0df7643585a9ca38bc6eb9d4b\",\"name\":\"Reda\u00e7\u00e3o Folha Popular\",\"image\":{\"@type\":\"ImageObject\",\"inLanguage\":\"pt-BR\",\"@id\":\"https:\\\/\\\/folhapopular.info\\\/wp-content\\\/uploads\\\/2026\\\/04\\\/Folha-1.webp\",\"url\":\"https:\\\/\\\/folhapopular.info\\\/wp-content\\\/uploads\\\/2026\\\/04\\\/Folha-1.webp\",\"contentUrl\":\"https:\\\/\\\/folhapopular.info\\\/wp-content\\\/uploads\\\/2026\\\/04\\\/Folha-1.webp\",\"caption\":\"Reda\u00e7\u00e3o Folha Popular\"},\"url\":\"https:\\\/\\\/folhapopular.info\\\/index.php\\\/author\\\/redacao\\\/\"}]}<\/script>\n<!-- \/ Yoast SEO plugin. -->","yoast_head_json":{"title":"Descarte de lixo eletr\u00f4nico finaliza a\u00e7\u00f5es do Revive Boa Vista de Teut\u00f4nia em 2018 - Folha Popular","robots":{"index":"index","follow":"follow","max-snippet":"max-snippet:-1","max-image-preview":"max-image-preview:large","max-video-preview":"max-video-preview:-1"},"canonical":"https:\/\/folhapopular.info\/index.php\/2018\/12\/04\/descarte-de-lixo-eletronico-finaliza-acoes-do-revive-boa-vista-de-teutonia-em-2018\/","og_locale":"pt_BR","og_type":"article","og_title":"Descarte de lixo eletr\u00f4nico finaliza a\u00e7\u00f5es do Revive Boa Vista de Teut\u00f4nia em 2018 - Folha Popular","og_description":"No dia 1\u00ba de dezembro ocorreu mais uma a\u00e7\u00e3o do Revive Boa Vista, em Teut\u00f4nia, que objetiva a preserva\u00e7\u00e3o do meio ambiente e a conscientiza\u00e7\u00e3o da popula\u00e7\u00e3o para cuidados com a natureza e a correta destina\u00e7\u00e3o do lixo. Na oportunidade, volunt\u00e1rios participaram do descarte consciente de lixo eletr\u00f4nico, com posto de coleta instalado junto ao [&hellip;]","og_url":"https:\/\/folhapopular.info\/index.php\/2018\/12\/04\/descarte-de-lixo-eletronico-finaliza-acoes-do-revive-boa-vista-de-teutonia-em-2018\/","og_site_name":"Folha Popular","article_published_time":"2018-12-04T11:00:38+00:00","og_image":[{"width":800,"height":451,"url":"https:\/\/folhapopular.info\/wp-content\/uploads\/2018\/12\/2-JORNAL-e1543917590805.jpg","type":"image\/jpeg"}],"author":"Reda\u00e7\u00e3o Folha Popular","twitter_card":"summary_large_image","twitter_misc":{"Escrito por":"Reda\u00e7\u00e3o Folha Popular","Est. tempo de leitura":"1 minuto"},"schema":{"@context":"https:\/\/schema.org","@graph":[{"@type":"Article","@id":"https:\/\/folhapopular.info\/index.php\/2018\/12\/04\/descarte-de-lixo-eletronico-finaliza-acoes-do-revive-boa-vista-de-teutonia-em-2018\/#article","isPartOf":{"@id":"https:\/\/folhapopular.info\/index.php\/2018\/12\/04\/descarte-de-lixo-eletronico-finaliza-acoes-do-revive-boa-vista-de-teutonia-em-2018\/"},"author":{"name":"Reda\u00e7\u00e3o Folha Popular","@id":"https:\/\/folhapopular.info\/#\/schema\/person\/2814e8a0df7643585a9ca38bc6eb9d4b"},"headline":"Descarte de lixo eletr\u00f4nico finaliza a\u00e7\u00f5es do Revive Boa Vista de Teut\u00f4nia em 2018","datePublished":"2018-12-04T11:00:38+00:00","mainEntityOfPage":{"@id":"https:\/\/folhapopular.info\/index.php\/2018\/12\/04\/descarte-de-lixo-eletronico-finaliza-acoes-do-revive-boa-vista-de-teutonia-em-2018\/"},"wordCount":175,"commentCount":0,"image":{"@id":"https:\/\/folhapopular.info\/index.php\/2018\/12\/04\/descarte-de-lixo-eletronico-finaliza-acoes-do-revive-boa-vista-de-teutonia-em-2018\/#primaryimage"},"thumbnailUrl":"https:\/\/folhapopular.info\/wp-content\/uploads\/2018\/12\/2-JORNAL-e1543917590805.jpg","keywords":["Lixo Eletr\u00f4nico","Parceiros Volunt\u00e1rios","Revive Boa Vista","Teut\u00f4nia"],"articleSection":["Destaques","Inclusive"],"inLanguage":"pt-BR","potentialAction":[{"@type":"CommentAction","name":"Comment","target":["https:\/\/folhapopular.info\/index.php\/2018\/12\/04\/descarte-de-lixo-eletronico-finaliza-acoes-do-revive-boa-vista-de-teutonia-em-2018\/#respond"]}]},{"@type":"WebPage","@id":"https:\/\/folhapopular.info\/index.php\/2018\/12\/04\/descarte-de-lixo-eletronico-finaliza-acoes-do-revive-boa-vista-de-teutonia-em-2018\/","url":"https:\/\/folhapopular.info\/index.php\/2018\/12\/04\/descarte-de-lixo-eletronico-finaliza-acoes-do-revive-boa-vista-de-teutonia-em-2018\/","name":"Descarte de lixo eletr\u00f4nico finaliza a\u00e7\u00f5es do Revive Boa Vista de Teut\u00f4nia em 2018 - Folha Popular","isPartOf":{"@id":"https:\/\/folhapopular.info\/#website"},"primaryImageOfPage":{"@id":"https:\/\/folhapopular.info\/index.php\/2018\/12\/04\/descarte-de-lixo-eletronico-finaliza-acoes-do-revive-boa-vista-de-teutonia-em-2018\/#primaryimage"},"image":{"@id":"https:\/\/folhapopular.info\/index.php\/2018\/12\/04\/descarte-de-lixo-eletronico-finaliza-acoes-do-revive-boa-vista-de-teutonia-em-2018\/#primaryimage"},"thumbnailUrl":"https:\/\/folhapopular.info\/wp-content\/uploads\/2018\/12\/2-JORNAL-e1543917590805.jpg","datePublished":"2018-12-04T11:00:38+00:00","author":{"@id":"https:\/\/folhapopular.info\/#\/schema\/person\/2814e8a0df7643585a9ca38bc6eb9d4b"},"breadcrumb":{"@id":"https:\/\/folhapopular.info\/index.php\/2018\/12\/04\/descarte-de-lixo-eletronico-finaliza-acoes-do-revive-boa-vista-de-teutonia-em-2018\/#breadcrumb"},"inLanguage":"pt-BR","potentialAction":[{"@type":"ReadAction","target":["https:\/\/folhapopular.info\/index.php\/2018\/12\/04\/descarte-de-lixo-eletronico-finaliza-acoes-do-revive-boa-vista-de-teutonia-em-2018\/"]}]},{"@type":"ImageObject","inLanguage":"pt-BR","@id":"https:\/\/folhapopular.info\/index.php\/2018\/12\/04\/descarte-de-lixo-eletronico-finaliza-acoes-do-revive-boa-vista-de-teutonia-em-2018\/#primaryimage","url":"https:\/\/folhapopular.info\/wp-content\/uploads\/2018\/12\/2-JORNAL-e1543917590805.jpg","contentUrl":"https:\/\/folhapopular.info\/wp-content\/uploads\/2018\/12\/2-JORNAL-e1543917590805.jpg","width":800,"height":451,"caption":"Foram recolhidos 527 itens, entre eles 21 televisores\/ Cr\u00e9dito da foto: Leandro Augusto Hamester\/ Divulga\u00e7\u00e3o"},{"@type":"BreadcrumbList","@id":"https:\/\/folhapopular.info\/index.php\/2018\/12\/04\/descarte-de-lixo-eletronico-finaliza-acoes-do-revive-boa-vista-de-teutonia-em-2018\/#breadcrumb","itemListElement":[{"@type":"ListItem","position":1,"name":"In\u00edcio","item":"https:\/\/folhapopular.info\/"},{"@type":"ListItem","position":2,"name":"Descarte de lixo eletr\u00f4nico finaliza a\u00e7\u00f5es do Revive Boa Vista de Teut\u00f4nia em 2018"}]},{"@type":"WebSite","@id":"https:\/\/folhapopular.info\/#website","url":"https:\/\/folhapopular.info\/","name":"Folha Popular","description":"Onde voc\u00ea tem vez e voz","potentialAction":[{"@type":"SearchAction","target":{"@type":"EntryPoint","urlTemplate":"https:\/\/folhapopular.info\/?s={search_term_string}"},"query-input":{"@type":"PropertyValueSpecification","valueRequired":true,"valueName":"search_term_string"}}],"inLanguage":"pt-BR"},{"@type":"Person","@id":"https:\/\/folhapopular.info\/#\/schema\/person\/2814e8a0df7643585a9ca38bc6eb9d4b","name":"Reda\u00e7\u00e3o Folha Popular","image":{"@type":"ImageObject","inLanguage":"pt-BR","@id":"https:\/\/folhapopular.info\/wp-content\/uploads\/2026\/04\/Folha-1.webp","url":"https:\/\/folhapopular.info\/wp-content\/uploads\/2026\/04\/Folha-1.webp","contentUrl":"https:\/\/folhapopular.info\/wp-content\/uploads\/2026\/04\/Folha-1.webp","caption":"Reda\u00e7\u00e3o Folha Popular"},"url":"https:\/\/folhapopular.info\/index.php\/author\/redacao\/"}]}},"jetpack_featured_media_url":"https:\/\/folhapopular.info\/wp-content\/uploads\/2018\/12\/2-JORNAL-e1543917590805.jpg","jetpack_sharing_enabled":true,"amp_enabled":true,"_links":{"self":[{"href":"https:\/\/folhapopular.info\/index.php\/wp-json\/wp\/v2\/posts\/50478","targetHints":{"allow":["GET"]}}],"collection":[{"href":"https:\/\/folhapopular.info\/index.php\/wp-json\/wp\/v2\/posts"}],"about":[{"href":"https:\/\/folhapopular.info\/index.php\/wp-json\/wp\/v2\/types\/post"}],"author":[{"embeddable":true,"href":"https:\/\/folhapopular.info\/index.php\/wp-json\/wp\/v2\/users\/8"}],"replies":[{"embeddable":true,"href":"https:\/\/folhapopular.info\/index.php\/wp-json\/wp\/v2\/comments?post=50478"}],"version-history":[{"count":0,"href":"https:\/\/folhapopular.info\/index.php\/wp-json\/wp\/v2\/posts\/50478\/revisions"}],"wp:featuredmedia":[{"embeddable":true,"href":"https:\/\/folhapopular.info\/index.php\/wp-json\/wp\/v2\/media\/50479"}],"wp:attachment":[{"href":"https:\/\/folhapopular.info\/index.php\/wp-json\/wp\/v2\/media?parent=50478"}],"wp:term":[{"taxonomy":"category","embeddable":true,"href":"https:\/\/folhapopular.info\/index.php\/wp-json\/wp\/v2\/categories?post=50478"},{"taxonomy":"post_tag","embeddable":true,"href":"https:\/\/folhapopular.info\/index.php\/wp-json\/wp\/v2\/tags?post=50478"}],"curies":[{"name":"wp","href":"https:\/\/api.w.org\/{rel}","templated":true}]}}