{"id":50555,"date":"2018-12-05T12:00:57","date_gmt":"2018-12-05T14:00:57","guid":{"rendered":"http:\/\/folhapopular.info\/?p=50555"},"modified":"2018-12-05T11:11:23","modified_gmt":"2018-12-05T13:11:23","slug":"pse-aplica-testes-auditivos-em-alunos-da-ipiranga-de-colinas","status":"publish","type":"post","link":"https:\/\/folhapopular.info\/index.php\/2018\/12\/05\/pse-aplica-testes-auditivos-em-alunos-da-ipiranga-de-colinas\/","title":{"rendered":"PSE aplica testes auditivos em alunos da EMEF Ipiranga de Colinas"},"content":{"rendered":"<p>Encerrando o ciclo de a\u00e7\u00f5es do Programa Sa\u00fade na Escola (PSE) deste ano,\u00a0a fonoaudi\u00f3loga Gisele Rezende realizou na semana passada testes\u00a0auditivos com as turmas do 1\u00ba ao 5\u00ba anos da Escola Municipal de Ensino\u00a0Fundamental (EMEF) Ipiranga.<\/p>\n<p>Gisele esclarece que a detec\u00e7\u00e3o precoce de altera\u00e7\u00f5es auditivas pode ser de extrema relev\u00e2ncia dos diversos aspectos da vida, principalmente no\u00a0\u00e2mbito escolar, visto que a perda auditiva pode ser confundida\u00a0facilmente com dificuldades de aprendizagem, por exemplo. Os alunos que\u00a0apresentaram falha na triagem passaram novamente por testes e aqueles\u00a0identificados com altera\u00e7\u00f5es foram encaminhados ao\u00a0otorrinolaringologista para a devida resolu\u00e7\u00e3o.<\/p>\n<p>O PSE \u00e9 um programa federal que estimula a parceira entre Secretarias de\u00a0Sa\u00fade e de Educa\u00e7\u00e3o, como intuito de trabalhar a preven\u00e7\u00e3o em diversas\u00a0\u00e1reas da sa\u00fade dentro do ambiente escolar. No total, 12 a\u00e7\u00f5es s\u00e3o\u00a0trabalhadas, dentre elas, promo\u00e7\u00e3o e avalia\u00e7\u00e3o da sa\u00fade bucal, promo\u00e7\u00e3o\u00a0da alimenta\u00e7\u00e3o saud\u00e1vel e combate a obesidade infantil, preven\u00e7\u00e3o de doen\u00e7as sexualmente transmiss\u00edveis, combate ao mosquito da dengue,\u00a0promo\u00e7\u00e3o da sa\u00fade visual e auditiva, preven\u00e7\u00e3o ao uso de \u00e1lcool e outras\u00a0drogas, verifica\u00e7\u00e3o da situa\u00e7\u00e3o vacinal, entre outras. As secretarias\u00a0municipais envolvidas j\u00e1 planejam as a\u00e7\u00f5es para 2019.<\/p>\n","protected":false},"excerpt":{"rendered":"<p>Encerrando o ciclo de a\u00e7\u00f5es do Programa Sa\u00fade na Escola (PSE) deste ano,\u00a0a fonoaudi\u00f3loga Gisele Rezende realizou na semana passada testes\u00a0auditivos com as turmas do 1\u00ba ao 5\u00ba anos da Escola Municipal de Ensino\u00a0Fundamental (EMEF) Ipiranga. Gisele esclarece que a detec\u00e7\u00e3o precoce de altera\u00e7\u00f5es auditivas pode ser de extrema relev\u00e2ncia dos diversos aspectos da vida, [&hellip;]<\/p>\n","protected":false},"author":8,"featured_media":50556,"comment_status":"open","ping_status":"open","sticky":false,"template":"","format":"standard","meta":{"pmpro_default_level":"","_jetpack_memberships_contains_paid_content":false,"footnotes":""},"categories":[3],"tags":[183,408,3776,3779],"class_list":{"0":"post-50555","1":"post","2":"type-post","3":"status-publish","4":"format-standard","5":"has-post-thumbnail","7":"category-geral","8":"tag-colinas","9":"tag-emef-ipiranga","10":"tag-pse","11":"tag-testes-auditivos","12":"pmpro-has-access"},"yoast_head":"<!-- This site is optimized with the Yoast SEO plugin v27.5 - https:\/\/yoast.com\/product\/yoast-seo-wordpress\/ -->\n<title>PSE aplica testes auditivos em alunos da EMEF Ipiranga de Colinas - Folha Popular<\/title>\n<meta name=\"robots\" content=\"index, follow, max-snippet:-1, max-image-preview:large, max-video-preview:-1\" \/>\n<link rel=\"canonical\" href=\"https:\/\/folhapopular.info\/index.php\/2018\/12\/05\/pse-aplica-testes-auditivos-em-alunos-da-ipiranga-de-colinas\/\" \/>\n<meta property=\"og:locale\" content=\"pt_BR\" \/>\n<meta property=\"og:type\" content=\"article\" \/>\n<meta property=\"og:title\" content=\"PSE aplica testes auditivos em alunos da EMEF Ipiranga de Colinas - Folha Popular\" \/>\n<meta property=\"og:description\" content=\"Encerrando o ciclo de a\u00e7\u00f5es do Programa Sa\u00fade na Escola (PSE) deste ano,\u00a0a fonoaudi\u00f3loga Gisele Rezende realizou na semana passada testes\u00a0auditivos com as turmas do 1\u00ba ao 5\u00ba anos da Escola Municipal de Ensino\u00a0Fundamental (EMEF) Ipiranga. Gisele esclarece que a detec\u00e7\u00e3o precoce de altera\u00e7\u00f5es auditivas pode ser de extrema relev\u00e2ncia dos diversos aspectos da vida, [&hellip;]\" \/>\n<meta property=\"og:url\" content=\"https:\/\/folhapopular.info\/index.php\/2018\/12\/05\/pse-aplica-testes-auditivos-em-alunos-da-ipiranga-de-colinas\/\" \/>\n<meta property=\"og:site_name\" content=\"Folha Popular\" \/>\n<meta property=\"article:published_time\" content=\"2018-12-05T14:00:57+00:00\" \/>\n<meta property=\"og:image\" content=\"https:\/\/folhapopular.info\/wp-content\/uploads\/2018\/12\/Fonoaudi\u00f3loga-aplicou-os-testes-nos-alunos-e1544008504458.jpg\" \/>\n\t<meta property=\"og:image:width\" content=\"800\" \/>\n\t<meta property=\"og:image:height\" content=\"650\" \/>\n\t<meta property=\"og:image:type\" content=\"image\/jpeg\" \/>\n<meta name=\"author\" content=\"Reda\u00e7\u00e3o Folha Popular\" \/>\n<meta name=\"twitter:card\" content=\"summary_large_image\" \/>\n<meta name=\"twitter:label1\" content=\"Escrito por\" \/>\n\t<meta name=\"twitter:data1\" content=\"Reda\u00e7\u00e3o Folha Popular\" \/>\n\t<meta name=\"twitter:label2\" content=\"Est. tempo de leitura\" \/>\n\t<meta name=\"twitter:data2\" content=\"1 minuto\" \/>\n<script type=\"application\/ld+json\" class=\"yoast-schema-graph\">{\"@context\":\"https:\\\/\\\/schema.org\",\"@graph\":[{\"@type\":\"Article\",\"@id\":\"https:\\\/\\\/folhapopular.info\\\/index.php\\\/2018\\\/12\\\/05\\\/pse-aplica-testes-auditivos-em-alunos-da-ipiranga-de-colinas\\\/#article\",\"isPartOf\":{\"@id\":\"https:\\\/\\\/folhapopular.info\\\/index.php\\\/2018\\\/12\\\/05\\\/pse-aplica-testes-auditivos-em-alunos-da-ipiranga-de-colinas\\\/\"},\"author\":{\"name\":\"Reda\u00e7\u00e3o Folha Popular\",\"@id\":\"https:\\\/\\\/folhapopular.info\\\/#\\\/schema\\\/person\\\/2814e8a0df7643585a9ca38bc6eb9d4b\"},\"headline\":\"PSE aplica testes auditivos em alunos da EMEF Ipiranga de Colinas\",\"datePublished\":\"2018-12-05T14:00:57+00:00\",\"mainEntityOfPage\":{\"@id\":\"https:\\\/\\\/folhapopular.info\\\/index.php\\\/2018\\\/12\\\/05\\\/pse-aplica-testes-auditivos-em-alunos-da-ipiranga-de-colinas\\\/\"},\"wordCount\":231,\"commentCount\":0,\"image\":{\"@id\":\"https:\\\/\\\/folhapopular.info\\\/index.php\\\/2018\\\/12\\\/05\\\/pse-aplica-testes-auditivos-em-alunos-da-ipiranga-de-colinas\\\/#primaryimage\"},\"thumbnailUrl\":\"https:\\\/\\\/folhapopular.info\\\/wp-content\\\/uploads\\\/2018\\\/12\\\/Fonoaudi\u00f3loga-aplicou-os-testes-nos-alunos-e1544008504458.jpg\",\"keywords\":[\"Colinas\",\"EMEF Ipiranga\",\"PSE\",\"Testes Auditivos\"],\"articleSection\":[\"Geral\"],\"inLanguage\":\"pt-BR\",\"potentialAction\":[{\"@type\":\"CommentAction\",\"name\":\"Comment\",\"target\":[\"https:\\\/\\\/folhapopular.info\\\/index.php\\\/2018\\\/12\\\/05\\\/pse-aplica-testes-auditivos-em-alunos-da-ipiranga-de-colinas\\\/#respond\"]}]},{\"@type\":\"WebPage\",\"@id\":\"https:\\\/\\\/folhapopular.info\\\/index.php\\\/2018\\\/12\\\/05\\\/pse-aplica-testes-auditivos-em-alunos-da-ipiranga-de-colinas\\\/\",\"url\":\"https:\\\/\\\/folhapopular.info\\\/index.php\\\/2018\\\/12\\\/05\\\/pse-aplica-testes-auditivos-em-alunos-da-ipiranga-de-colinas\\\/\",\"name\":\"PSE aplica testes auditivos em alunos da EMEF Ipiranga de Colinas - Folha Popular\",\"isPartOf\":{\"@id\":\"https:\\\/\\\/folhapopular.info\\\/#website\"},\"primaryImageOfPage\":{\"@id\":\"https:\\\/\\\/folhapopular.info\\\/index.php\\\/2018\\\/12\\\/05\\\/pse-aplica-testes-auditivos-em-alunos-da-ipiranga-de-colinas\\\/#primaryimage\"},\"image\":{\"@id\":\"https:\\\/\\\/folhapopular.info\\\/index.php\\\/2018\\\/12\\\/05\\\/pse-aplica-testes-auditivos-em-alunos-da-ipiranga-de-colinas\\\/#primaryimage\"},\"thumbnailUrl\":\"https:\\\/\\\/folhapopular.info\\\/wp-content\\\/uploads\\\/2018\\\/12\\\/Fonoaudi\u00f3loga-aplicou-os-testes-nos-alunos-e1544008504458.jpg\",\"datePublished\":\"2018-12-05T14:00:57+00:00\",\"author\":{\"@id\":\"https:\\\/\\\/folhapopular.info\\\/#\\\/schema\\\/person\\\/2814e8a0df7643585a9ca38bc6eb9d4b\"},\"breadcrumb\":{\"@id\":\"https:\\\/\\\/folhapopular.info\\\/index.php\\\/2018\\\/12\\\/05\\\/pse-aplica-testes-auditivos-em-alunos-da-ipiranga-de-colinas\\\/#breadcrumb\"},\"inLanguage\":\"pt-BR\",\"potentialAction\":[{\"@type\":\"ReadAction\",\"target\":[\"https:\\\/\\\/folhapopular.info\\\/index.php\\\/2018\\\/12\\\/05\\\/pse-aplica-testes-auditivos-em-alunos-da-ipiranga-de-colinas\\\/\"]}]},{\"@type\":\"ImageObject\",\"inLanguage\":\"pt-BR\",\"@id\":\"https:\\\/\\\/folhapopular.info\\\/index.php\\\/2018\\\/12\\\/05\\\/pse-aplica-testes-auditivos-em-alunos-da-ipiranga-de-colinas\\\/#primaryimage\",\"url\":\"https:\\\/\\\/folhapopular.info\\\/wp-content\\\/uploads\\\/2018\\\/12\\\/Fonoaudi\u00f3loga-aplicou-os-testes-nos-alunos-e1544008504458.jpg\",\"contentUrl\":\"https:\\\/\\\/folhapopular.info\\\/wp-content\\\/uploads\\\/2018\\\/12\\\/Fonoaudi\u00f3loga-aplicou-os-testes-nos-alunos-e1544008504458.jpg\",\"width\":800,\"height\":650,\"caption\":\"Fonoaudi\u00f3loga aplicou os testes nos alunos\"},{\"@type\":\"BreadcrumbList\",\"@id\":\"https:\\\/\\\/folhapopular.info\\\/index.php\\\/2018\\\/12\\\/05\\\/pse-aplica-testes-auditivos-em-alunos-da-ipiranga-de-colinas\\\/#breadcrumb\",\"itemListElement\":[{\"@type\":\"ListItem\",\"position\":1,\"name\":\"In\u00edcio\",\"item\":\"https:\\\/\\\/folhapopular.info\\\/\"},{\"@type\":\"ListItem\",\"position\":2,\"name\":\"PSE aplica testes auditivos em alunos da EMEF Ipiranga de Colinas\"}]},{\"@type\":\"WebSite\",\"@id\":\"https:\\\/\\\/folhapopular.info\\\/#website\",\"url\":\"https:\\\/\\\/folhapopular.info\\\/\",\"name\":\"Folha Popular\",\"description\":\"Onde voc\u00ea tem vez e voz\",\"potentialAction\":[{\"@type\":\"SearchAction\",\"target\":{\"@type\":\"EntryPoint\",\"urlTemplate\":\"https:\\\/\\\/folhapopular.info\\\/?s={search_term_string}\"},\"query-input\":{\"@type\":\"PropertyValueSpecification\",\"valueRequired\":true,\"valueName\":\"search_term_string\"}}],\"inLanguage\":\"pt-BR\"},{\"@type\":\"Person\",\"@id\":\"https:\\\/\\\/folhapopular.info\\\/#\\\/schema\\\/person\\\/2814e8a0df7643585a9ca38bc6eb9d4b\",\"name\":\"Reda\u00e7\u00e3o Folha Popular\",\"image\":{\"@type\":\"ImageObject\",\"inLanguage\":\"pt-BR\",\"@id\":\"https:\\\/\\\/folhapopular.info\\\/wp-content\\\/uploads\\\/2026\\\/04\\\/Folha-1.webp\",\"url\":\"https:\\\/\\\/folhapopular.info\\\/wp-content\\\/uploads\\\/2026\\\/04\\\/Folha-1.webp\",\"contentUrl\":\"https:\\\/\\\/folhapopular.info\\\/wp-content\\\/uploads\\\/2026\\\/04\\\/Folha-1.webp\",\"caption\":\"Reda\u00e7\u00e3o Folha Popular\"},\"url\":\"https:\\\/\\\/folhapopular.info\\\/index.php\\\/author\\\/redacao\\\/\"}]}<\/script>\n<!-- \/ Yoast SEO plugin. -->","yoast_head_json":{"title":"PSE aplica testes auditivos em alunos da EMEF Ipiranga de Colinas - Folha Popular","robots":{"index":"index","follow":"follow","max-snippet":"max-snippet:-1","max-image-preview":"max-image-preview:large","max-video-preview":"max-video-preview:-1"},"canonical":"https:\/\/folhapopular.info\/index.php\/2018\/12\/05\/pse-aplica-testes-auditivos-em-alunos-da-ipiranga-de-colinas\/","og_locale":"pt_BR","og_type":"article","og_title":"PSE aplica testes auditivos em alunos da EMEF Ipiranga de Colinas - Folha Popular","og_description":"Encerrando o ciclo de a\u00e7\u00f5es do Programa Sa\u00fade na Escola (PSE) deste ano,\u00a0a fonoaudi\u00f3loga Gisele Rezende realizou na semana passada testes\u00a0auditivos com as turmas do 1\u00ba ao 5\u00ba anos da Escola Municipal de Ensino\u00a0Fundamental (EMEF) Ipiranga. Gisele esclarece que a detec\u00e7\u00e3o precoce de altera\u00e7\u00f5es auditivas pode ser de extrema relev\u00e2ncia dos diversos aspectos da vida, [&hellip;]","og_url":"https:\/\/folhapopular.info\/index.php\/2018\/12\/05\/pse-aplica-testes-auditivos-em-alunos-da-ipiranga-de-colinas\/","og_site_name":"Folha Popular","article_published_time":"2018-12-05T14:00:57+00:00","og_image":[{"width":800,"height":650,"url":"https:\/\/folhapopular.info\/wp-content\/uploads\/2018\/12\/Fonoaudi\u00f3loga-aplicou-os-testes-nos-alunos-e1544008504458.jpg","type":"image\/jpeg"}],"author":"Reda\u00e7\u00e3o Folha Popular","twitter_card":"summary_large_image","twitter_misc":{"Escrito por":"Reda\u00e7\u00e3o Folha Popular","Est. tempo de leitura":"1 minuto"},"schema":{"@context":"https:\/\/schema.org","@graph":[{"@type":"Article","@id":"https:\/\/folhapopular.info\/index.php\/2018\/12\/05\/pse-aplica-testes-auditivos-em-alunos-da-ipiranga-de-colinas\/#article","isPartOf":{"@id":"https:\/\/folhapopular.info\/index.php\/2018\/12\/05\/pse-aplica-testes-auditivos-em-alunos-da-ipiranga-de-colinas\/"},"author":{"name":"Reda\u00e7\u00e3o Folha Popular","@id":"https:\/\/folhapopular.info\/#\/schema\/person\/2814e8a0df7643585a9ca38bc6eb9d4b"},"headline":"PSE aplica testes auditivos em alunos da EMEF Ipiranga de Colinas","datePublished":"2018-12-05T14:00:57+00:00","mainEntityOfPage":{"@id":"https:\/\/folhapopular.info\/index.php\/2018\/12\/05\/pse-aplica-testes-auditivos-em-alunos-da-ipiranga-de-colinas\/"},"wordCount":231,"commentCount":0,"image":{"@id":"https:\/\/folhapopular.info\/index.php\/2018\/12\/05\/pse-aplica-testes-auditivos-em-alunos-da-ipiranga-de-colinas\/#primaryimage"},"thumbnailUrl":"https:\/\/folhapopular.info\/wp-content\/uploads\/2018\/12\/Fonoaudi\u00f3loga-aplicou-os-testes-nos-alunos-e1544008504458.jpg","keywords":["Colinas","EMEF Ipiranga","PSE","Testes Auditivos"],"articleSection":["Geral"],"inLanguage":"pt-BR","potentialAction":[{"@type":"CommentAction","name":"Comment","target":["https:\/\/folhapopular.info\/index.php\/2018\/12\/05\/pse-aplica-testes-auditivos-em-alunos-da-ipiranga-de-colinas\/#respond"]}]},{"@type":"WebPage","@id":"https:\/\/folhapopular.info\/index.php\/2018\/12\/05\/pse-aplica-testes-auditivos-em-alunos-da-ipiranga-de-colinas\/","url":"https:\/\/folhapopular.info\/index.php\/2018\/12\/05\/pse-aplica-testes-auditivos-em-alunos-da-ipiranga-de-colinas\/","name":"PSE aplica testes auditivos em alunos da EMEF Ipiranga de Colinas - Folha Popular","isPartOf":{"@id":"https:\/\/folhapopular.info\/#website"},"primaryImageOfPage":{"@id":"https:\/\/folhapopular.info\/index.php\/2018\/12\/05\/pse-aplica-testes-auditivos-em-alunos-da-ipiranga-de-colinas\/#primaryimage"},"image":{"@id":"https:\/\/folhapopular.info\/index.php\/2018\/12\/05\/pse-aplica-testes-auditivos-em-alunos-da-ipiranga-de-colinas\/#primaryimage"},"thumbnailUrl":"https:\/\/folhapopular.info\/wp-content\/uploads\/2018\/12\/Fonoaudi\u00f3loga-aplicou-os-testes-nos-alunos-e1544008504458.jpg","datePublished":"2018-12-05T14:00:57+00:00","author":{"@id":"https:\/\/folhapopular.info\/#\/schema\/person\/2814e8a0df7643585a9ca38bc6eb9d4b"},"breadcrumb":{"@id":"https:\/\/folhapopular.info\/index.php\/2018\/12\/05\/pse-aplica-testes-auditivos-em-alunos-da-ipiranga-de-colinas\/#breadcrumb"},"inLanguage":"pt-BR","potentialAction":[{"@type":"ReadAction","target":["https:\/\/folhapopular.info\/index.php\/2018\/12\/05\/pse-aplica-testes-auditivos-em-alunos-da-ipiranga-de-colinas\/"]}]},{"@type":"ImageObject","inLanguage":"pt-BR","@id":"https:\/\/folhapopular.info\/index.php\/2018\/12\/05\/pse-aplica-testes-auditivos-em-alunos-da-ipiranga-de-colinas\/#primaryimage","url":"https:\/\/folhapopular.info\/wp-content\/uploads\/2018\/12\/Fonoaudi\u00f3loga-aplicou-os-testes-nos-alunos-e1544008504458.jpg","contentUrl":"https:\/\/folhapopular.info\/wp-content\/uploads\/2018\/12\/Fonoaudi\u00f3loga-aplicou-os-testes-nos-alunos-e1544008504458.jpg","width":800,"height":650,"caption":"Fonoaudi\u00f3loga aplicou os testes nos alunos"},{"@type":"BreadcrumbList","@id":"https:\/\/folhapopular.info\/index.php\/2018\/12\/05\/pse-aplica-testes-auditivos-em-alunos-da-ipiranga-de-colinas\/#breadcrumb","itemListElement":[{"@type":"ListItem","position":1,"name":"In\u00edcio","item":"https:\/\/folhapopular.info\/"},{"@type":"ListItem","position":2,"name":"PSE aplica testes auditivos em alunos da EMEF Ipiranga de Colinas"}]},{"@type":"WebSite","@id":"https:\/\/folhapopular.info\/#website","url":"https:\/\/folhapopular.info\/","name":"Folha Popular","description":"Onde voc\u00ea tem vez e voz","potentialAction":[{"@type":"SearchAction","target":{"@type":"EntryPoint","urlTemplate":"https:\/\/folhapopular.info\/?s={search_term_string}"},"query-input":{"@type":"PropertyValueSpecification","valueRequired":true,"valueName":"search_term_string"}}],"inLanguage":"pt-BR"},{"@type":"Person","@id":"https:\/\/folhapopular.info\/#\/schema\/person\/2814e8a0df7643585a9ca38bc6eb9d4b","name":"Reda\u00e7\u00e3o Folha Popular","image":{"@type":"ImageObject","inLanguage":"pt-BR","@id":"https:\/\/folhapopular.info\/wp-content\/uploads\/2026\/04\/Folha-1.webp","url":"https:\/\/folhapopular.info\/wp-content\/uploads\/2026\/04\/Folha-1.webp","contentUrl":"https:\/\/folhapopular.info\/wp-content\/uploads\/2026\/04\/Folha-1.webp","caption":"Reda\u00e7\u00e3o Folha Popular"},"url":"https:\/\/folhapopular.info\/index.php\/author\/redacao\/"}]}},"jetpack_featured_media_url":"https:\/\/folhapopular.info\/wp-content\/uploads\/2018\/12\/Fonoaudi\u00f3loga-aplicou-os-testes-nos-alunos-e1544008504458.jpg","jetpack_sharing_enabled":true,"amp_enabled":true,"_links":{"self":[{"href":"https:\/\/folhapopular.info\/index.php\/wp-json\/wp\/v2\/posts\/50555","targetHints":{"allow":["GET"]}}],"collection":[{"href":"https:\/\/folhapopular.info\/index.php\/wp-json\/wp\/v2\/posts"}],"about":[{"href":"https:\/\/folhapopular.info\/index.php\/wp-json\/wp\/v2\/types\/post"}],"author":[{"embeddable":true,"href":"https:\/\/folhapopular.info\/index.php\/wp-json\/wp\/v2\/users\/8"}],"replies":[{"embeddable":true,"href":"https:\/\/folhapopular.info\/index.php\/wp-json\/wp\/v2\/comments?post=50555"}],"version-history":[{"count":0,"href":"https:\/\/folhapopular.info\/index.php\/wp-json\/wp\/v2\/posts\/50555\/revisions"}],"wp:featuredmedia":[{"embeddable":true,"href":"https:\/\/folhapopular.info\/index.php\/wp-json\/wp\/v2\/media\/50556"}],"wp:attachment":[{"href":"https:\/\/folhapopular.info\/index.php\/wp-json\/wp\/v2\/media?parent=50555"}],"wp:term":[{"taxonomy":"category","embeddable":true,"href":"https:\/\/folhapopular.info\/index.php\/wp-json\/wp\/v2\/categories?post=50555"},{"taxonomy":"post_tag","embeddable":true,"href":"https:\/\/folhapopular.info\/index.php\/wp-json\/wp\/v2\/tags?post=50555"}],"curies":[{"name":"wp","href":"https:\/\/api.w.org\/{rel}","templated":true}]}}