{"id":50573,"date":"2018-12-05T15:00:22","date_gmt":"2018-12-05T17:00:22","guid":{"rendered":"http:\/\/folhapopular.info\/?p=50573"},"modified":"2018-12-05T10:26:34","modified_gmt":"2018-12-05T12:26:34","slug":"aprovacao-do-orcamento-de-2019-e-palestra-sobre-dme-marcam-cafe-da-manha-com-associados-do-sincovat-em-lajeado","status":"publish","type":"post","link":"https:\/\/folhapopular.info\/index.php\/2018\/12\/05\/aprovacao-do-orcamento-de-2019-e-palestra-sobre-dme-marcam-cafe-da-manha-com-associados-do-sincovat-em-lajeado\/","title":{"rendered":"Aprova\u00e7\u00e3o do or\u00e7amento de 2019 e palestra sobre DME marcam caf\u00e9 da manh\u00e3 com associados do Sincovat em Lajeado"},"content":{"rendered":"<p>O fim de ano se aproxima e motiva a realiza\u00e7\u00e3o de confraterniza\u00e7\u00e3o. Na ter\u00e7a-feira (04\/12), o Sindicato dos Contadores e T\u00e9cnicos em Contabilidade do Vale do Taquari (Sincovat) promoveu a \u00faltima edi\u00e7\u00e3o do ano do Caf\u00e9 com os Associados, reunindo 63 pessoas na sede da entidade, em Lajeado. Na ocasi\u00e3o ocorreu a assembleia geral, seguida da palestra do contador Valmor Kappler sobre Declara\u00e7\u00e3o de Opera\u00e7\u00f5es Liquidadas com Moeda em Esp\u00e9cie (DME).<\/p>\n<p>Obrigat\u00f3ria a partir da Instru\u00e7\u00e3o Normativa 1761 da Receita Federal, de novembro de 2017, a DME \u00e9 uma presta\u00e7\u00e3o de informa\u00e7\u00f5es relativas a opera\u00e7\u00f5es liquidadas em esp\u00e9cie para valores iguais ou superiores a R$ 30 mil. As opera\u00e7\u00f5es precisam ser reportadas em formul\u00e1rio eletr\u00f4nico e com o uso do certificado digital. Kappler fez uma ampla explana\u00e7\u00e3o sobre os bens e servi\u00e7os que se enquadram na DME, advertiu para as multas por descumprimento e apresentou situa\u00e7\u00f5es pr\u00e1ticas para elucidar d\u00favidas. Segundo ele, esse \u00e9 um assunto que ainda n\u00e3o est\u00e1 recebendo a aten\u00e7\u00e3o devida. \u201cTalvez por estar associado a uma pol\u00edtica maior de lavagem de dinheiro, de opera\u00e7\u00f5es de Caixa 2, que hoje viraram o grande alvo da Receita Federal. Mas a realidade \u00e9 que a DME \u00e9 um dos bra\u00e7os do trabalho de combate a essas e outras fraudes financeiras\u201d.<\/p>\n<p>O palestrante refor\u00e7ou a import\u00e2ncia da an\u00e1lise detalhada para quando ocorrer uma situa\u00e7\u00e3o de recebimento em esp\u00e9cie e de sua formaliza\u00e7\u00e3o. \u201cSugiro que tanto empresas como pessoas f\u00edsicas, antes de fazer qualquer opera\u00e7\u00e3o, avaliem e falem com seu contador. N\u00e3o tem problema nenhum em informar para a Receita Federal que se teve um ganho em moeda, desde que isso seja uma coisa certa. O que deve evitar \u00e9 escrever num contrato que a opera\u00e7\u00e3o foi feita em moeda corrente quando n\u00e3o foi, porque da\u00ed se cria um contrato fict\u00edcio no qual n\u00e3o h\u00e1 como fazer a comprova\u00e7\u00e3o\u201d, explicou Kappler. Conforme ele, como j\u00e1 est\u00e1 em vigor, o que deixar de ser feito mesmo esse ano, pode ter consequ\u00eancias futuras, com notifica\u00e7\u00f5es de multas daqui alguns anos, baseado na omiss\u00e3o \u00e0s regras.<\/p>\n<p><strong>Assembleia<\/strong><\/p>\n<p>Ap\u00f3s leitura do edital feita pelo vice-presidente Rodrigo Kich, o contador Dani Petry apresentou a previs\u00e3o or\u00e7ament\u00e1ria de 2019, a qual foi aprovada pelos associados. Ainda foram colocados em vota\u00e7\u00e3o a anuidade associativa com reajuste em torno de 5% e a guia sindical, sendo ambos autorizados pelos presentes. Com valor anual igual a este ano \u2013 R$ 169 \u2013 a guia pode ser acessada no site\u00a0<a href=\"http:\/\/www.sincovat.com.br\/\" target=\"_blank\" rel=\"noopener\">www.sincovat.com.br.<\/a>\u00a0Se quitada at\u00e9 o dia 30 de junho de 2019, n\u00e3o ter\u00e1 acr\u00e9scimo.<\/p>\n","protected":false},"excerpt":{"rendered":"<p>O fim de ano se aproxima e motiva a realiza\u00e7\u00e3o de confraterniza\u00e7\u00e3o. Na ter\u00e7a-feira (04\/12), o Sindicato dos Contadores e T\u00e9cnicos em Contabilidade do Vale do Taquari (Sincovat) promoveu a \u00faltima edi\u00e7\u00e3o do ano do Caf\u00e9 com os Associados, reunindo 63 pessoas na sede da entidade, em Lajeado. Na ocasi\u00e3o ocorreu a assembleia geral, seguida [&hellip;]<\/p>\n","protected":false},"author":8,"featured_media":50576,"comment_status":"open","ping_status":"open","sticky":false,"template":"","format":"standard","meta":{"pmpro_default_level":"","_jetpack_memberships_contains_paid_content":false,"footnotes":""},"categories":[3],"tags":[3784,27,750,3785],"class_list":{"0":"post-50573","1":"post","2":"type-post","3":"status-publish","4":"format-standard","5":"has-post-thumbnail","7":"category-geral","8":"tag-dme","9":"tag-lajeado","10":"tag-sincovat","11":"tag-valmor-kappler","12":"pmpro-has-access"},"yoast_head":"<!-- This site is optimized with the Yoast SEO plugin v27.5 - https:\/\/yoast.com\/product\/yoast-seo-wordpress\/ -->\n<title>Aprova\u00e7\u00e3o do or\u00e7amento de 2019 e palestra sobre DME marcam caf\u00e9 da manh\u00e3 com associados do Sincovat em Lajeado - Folha Popular<\/title>\n<meta name=\"robots\" content=\"index, follow, max-snippet:-1, max-image-preview:large, max-video-preview:-1\" \/>\n<link rel=\"canonical\" href=\"https:\/\/folhapopular.info\/index.php\/2018\/12\/05\/aprovacao-do-orcamento-de-2019-e-palestra-sobre-dme-marcam-cafe-da-manha-com-associados-do-sincovat-em-lajeado\/\" \/>\n<meta property=\"og:locale\" content=\"pt_BR\" \/>\n<meta property=\"og:type\" content=\"article\" \/>\n<meta property=\"og:title\" content=\"Aprova\u00e7\u00e3o do or\u00e7amento de 2019 e palestra sobre DME marcam caf\u00e9 da manh\u00e3 com associados do Sincovat em Lajeado - Folha Popular\" \/>\n<meta property=\"og:description\" content=\"O fim de ano se aproxima e motiva a realiza\u00e7\u00e3o de confraterniza\u00e7\u00e3o. Na ter\u00e7a-feira (04\/12), o Sindicato dos Contadores e T\u00e9cnicos em Contabilidade do Vale do Taquari (Sincovat) promoveu a \u00faltima edi\u00e7\u00e3o do ano do Caf\u00e9 com os Associados, reunindo 63 pessoas na sede da entidade, em Lajeado. Na ocasi\u00e3o ocorreu a assembleia geral, seguida [&hellip;]\" \/>\n<meta property=\"og:url\" content=\"https:\/\/folhapopular.info\/index.php\/2018\/12\/05\/aprovacao-do-orcamento-de-2019-e-palestra-sobre-dme-marcam-cafe-da-manha-com-associados-do-sincovat-em-lajeado\/\" \/>\n<meta property=\"og:site_name\" content=\"Folha Popular\" \/>\n<meta property=\"article:published_time\" content=\"2018-12-05T17:00:22+00:00\" \/>\n<meta property=\"og:image\" content=\"https:\/\/folhapopular.info\/wp-content\/uploads\/2018\/12\/valmor-publico-e1544012631681.jpg\" \/>\n\t<meta property=\"og:image:width\" content=\"800\" \/>\n\t<meta property=\"og:image:height\" content=\"533\" \/>\n\t<meta property=\"og:image:type\" content=\"image\/jpeg\" \/>\n<meta name=\"author\" content=\"Reda\u00e7\u00e3o Folha Popular\" \/>\n<meta name=\"twitter:card\" content=\"summary_large_image\" \/>\n<meta name=\"twitter:label1\" content=\"Escrito por\" \/>\n\t<meta name=\"twitter:data1\" content=\"Reda\u00e7\u00e3o Folha Popular\" \/>\n\t<meta name=\"twitter:label2\" content=\"Est. tempo de leitura\" \/>\n\t<meta name=\"twitter:data2\" content=\"2 minutos\" \/>\n<script type=\"application\/ld+json\" class=\"yoast-schema-graph\">{\"@context\":\"https:\\\/\\\/schema.org\",\"@graph\":[{\"@type\":\"Article\",\"@id\":\"https:\\\/\\\/folhapopular.info\\\/index.php\\\/2018\\\/12\\\/05\\\/aprovacao-do-orcamento-de-2019-e-palestra-sobre-dme-marcam-cafe-da-manha-com-associados-do-sincovat-em-lajeado\\\/#article\",\"isPartOf\":{\"@id\":\"https:\\\/\\\/folhapopular.info\\\/index.php\\\/2018\\\/12\\\/05\\\/aprovacao-do-orcamento-de-2019-e-palestra-sobre-dme-marcam-cafe-da-manha-com-associados-do-sincovat-em-lajeado\\\/\"},\"author\":{\"name\":\"Reda\u00e7\u00e3o Folha Popular\",\"@id\":\"https:\\\/\\\/folhapopular.info\\\/#\\\/schema\\\/person\\\/2814e8a0df7643585a9ca38bc6eb9d4b\"},\"headline\":\"Aprova\u00e7\u00e3o do or\u00e7amento de 2019 e palestra sobre DME marcam caf\u00e9 da manh\u00e3 com associados do Sincovat em Lajeado\",\"datePublished\":\"2018-12-05T17:00:22+00:00\",\"mainEntityOfPage\":{\"@id\":\"https:\\\/\\\/folhapopular.info\\\/index.php\\\/2018\\\/12\\\/05\\\/aprovacao-do-orcamento-de-2019-e-palestra-sobre-dme-marcam-cafe-da-manha-com-associados-do-sincovat-em-lajeado\\\/\"},\"wordCount\":480,\"commentCount\":0,\"image\":{\"@id\":\"https:\\\/\\\/folhapopular.info\\\/index.php\\\/2018\\\/12\\\/05\\\/aprovacao-do-orcamento-de-2019-e-palestra-sobre-dme-marcam-cafe-da-manha-com-associados-do-sincovat-em-lajeado\\\/#primaryimage\"},\"thumbnailUrl\":\"https:\\\/\\\/folhapopular.info\\\/wp-content\\\/uploads\\\/2018\\\/12\\\/valmor-publico-e1544012631681.jpg\",\"keywords\":[\"DME\",\"Lajeado\",\"Sincovat\",\"Valmor Kappler\"],\"articleSection\":[\"Geral\"],\"inLanguage\":\"pt-BR\",\"potentialAction\":[{\"@type\":\"CommentAction\",\"name\":\"Comment\",\"target\":[\"https:\\\/\\\/folhapopular.info\\\/index.php\\\/2018\\\/12\\\/05\\\/aprovacao-do-orcamento-de-2019-e-palestra-sobre-dme-marcam-cafe-da-manha-com-associados-do-sincovat-em-lajeado\\\/#respond\"]}]},{\"@type\":\"WebPage\",\"@id\":\"https:\\\/\\\/folhapopular.info\\\/index.php\\\/2018\\\/12\\\/05\\\/aprovacao-do-orcamento-de-2019-e-palestra-sobre-dme-marcam-cafe-da-manha-com-associados-do-sincovat-em-lajeado\\\/\",\"url\":\"https:\\\/\\\/folhapopular.info\\\/index.php\\\/2018\\\/12\\\/05\\\/aprovacao-do-orcamento-de-2019-e-palestra-sobre-dme-marcam-cafe-da-manha-com-associados-do-sincovat-em-lajeado\\\/\",\"name\":\"Aprova\u00e7\u00e3o do or\u00e7amento de 2019 e palestra sobre DME marcam caf\u00e9 da manh\u00e3 com associados do Sincovat em Lajeado - Folha Popular\",\"isPartOf\":{\"@id\":\"https:\\\/\\\/folhapopular.info\\\/#website\"},\"primaryImageOfPage\":{\"@id\":\"https:\\\/\\\/folhapopular.info\\\/index.php\\\/2018\\\/12\\\/05\\\/aprovacao-do-orcamento-de-2019-e-palestra-sobre-dme-marcam-cafe-da-manha-com-associados-do-sincovat-em-lajeado\\\/#primaryimage\"},\"image\":{\"@id\":\"https:\\\/\\\/folhapopular.info\\\/index.php\\\/2018\\\/12\\\/05\\\/aprovacao-do-orcamento-de-2019-e-palestra-sobre-dme-marcam-cafe-da-manha-com-associados-do-sincovat-em-lajeado\\\/#primaryimage\"},\"thumbnailUrl\":\"https:\\\/\\\/folhapopular.info\\\/wp-content\\\/uploads\\\/2018\\\/12\\\/valmor-publico-e1544012631681.jpg\",\"datePublished\":\"2018-12-05T17:00:22+00:00\",\"author\":{\"@id\":\"https:\\\/\\\/folhapopular.info\\\/#\\\/schema\\\/person\\\/2814e8a0df7643585a9ca38bc6eb9d4b\"},\"breadcrumb\":{\"@id\":\"https:\\\/\\\/folhapopular.info\\\/index.php\\\/2018\\\/12\\\/05\\\/aprovacao-do-orcamento-de-2019-e-palestra-sobre-dme-marcam-cafe-da-manha-com-associados-do-sincovat-em-lajeado\\\/#breadcrumb\"},\"inLanguage\":\"pt-BR\",\"potentialAction\":[{\"@type\":\"ReadAction\",\"target\":[\"https:\\\/\\\/folhapopular.info\\\/index.php\\\/2018\\\/12\\\/05\\\/aprovacao-do-orcamento-de-2019-e-palestra-sobre-dme-marcam-cafe-da-manha-com-associados-do-sincovat-em-lajeado\\\/\"]}]},{\"@type\":\"ImageObject\",\"inLanguage\":\"pt-BR\",\"@id\":\"https:\\\/\\\/folhapopular.info\\\/index.php\\\/2018\\\/12\\\/05\\\/aprovacao-do-orcamento-de-2019-e-palestra-sobre-dme-marcam-cafe-da-manha-com-associados-do-sincovat-em-lajeado\\\/#primaryimage\",\"url\":\"https:\\\/\\\/folhapopular.info\\\/wp-content\\\/uploads\\\/2018\\\/12\\\/valmor-publico-e1544012631681.jpg\",\"contentUrl\":\"https:\\\/\\\/folhapopular.info\\\/wp-content\\\/uploads\\\/2018\\\/12\\\/valmor-publico-e1544012631681.jpg\",\"width\":800,\"height\":533,\"caption\":\"DME foi o tema explanado pelo contador Valmor Kappler\\\/ Cr\u00e9dito da foto: Simone Rockenbach\\\/ Diviulga\u00e7\u00e3o\"},{\"@type\":\"BreadcrumbList\",\"@id\":\"https:\\\/\\\/folhapopular.info\\\/index.php\\\/2018\\\/12\\\/05\\\/aprovacao-do-orcamento-de-2019-e-palestra-sobre-dme-marcam-cafe-da-manha-com-associados-do-sincovat-em-lajeado\\\/#breadcrumb\",\"itemListElement\":[{\"@type\":\"ListItem\",\"position\":1,\"name\":\"In\u00edcio\",\"item\":\"https:\\\/\\\/folhapopular.info\\\/\"},{\"@type\":\"ListItem\",\"position\":2,\"name\":\"Aprova\u00e7\u00e3o do or\u00e7amento de 2019 e palestra sobre DME marcam caf\u00e9 da manh\u00e3 com associados do Sincovat em Lajeado\"}]},{\"@type\":\"WebSite\",\"@id\":\"https:\\\/\\\/folhapopular.info\\\/#website\",\"url\":\"https:\\\/\\\/folhapopular.info\\\/\",\"name\":\"Folha Popular\",\"description\":\"Onde voc\u00ea tem vez e voz\",\"potentialAction\":[{\"@type\":\"SearchAction\",\"target\":{\"@type\":\"EntryPoint\",\"urlTemplate\":\"https:\\\/\\\/folhapopular.info\\\/?s={search_term_string}\"},\"query-input\":{\"@type\":\"PropertyValueSpecification\",\"valueRequired\":true,\"valueName\":\"search_term_string\"}}],\"inLanguage\":\"pt-BR\"},{\"@type\":\"Person\",\"@id\":\"https:\\\/\\\/folhapopular.info\\\/#\\\/schema\\\/person\\\/2814e8a0df7643585a9ca38bc6eb9d4b\",\"name\":\"Reda\u00e7\u00e3o Folha Popular\",\"image\":{\"@type\":\"ImageObject\",\"inLanguage\":\"pt-BR\",\"@id\":\"https:\\\/\\\/folhapopular.info\\\/wp-content\\\/uploads\\\/2026\\\/04\\\/Folha-1.webp\",\"url\":\"https:\\\/\\\/folhapopular.info\\\/wp-content\\\/uploads\\\/2026\\\/04\\\/Folha-1.webp\",\"contentUrl\":\"https:\\\/\\\/folhapopular.info\\\/wp-content\\\/uploads\\\/2026\\\/04\\\/Folha-1.webp\",\"caption\":\"Reda\u00e7\u00e3o Folha Popular\"},\"url\":\"https:\\\/\\\/folhapopular.info\\\/index.php\\\/author\\\/redacao\\\/\"}]}<\/script>\n<!-- \/ Yoast SEO plugin. -->","yoast_head_json":{"title":"Aprova\u00e7\u00e3o do or\u00e7amento de 2019 e palestra sobre DME marcam caf\u00e9 da manh\u00e3 com associados do Sincovat em Lajeado - Folha Popular","robots":{"index":"index","follow":"follow","max-snippet":"max-snippet:-1","max-image-preview":"max-image-preview:large","max-video-preview":"max-video-preview:-1"},"canonical":"https:\/\/folhapopular.info\/index.php\/2018\/12\/05\/aprovacao-do-orcamento-de-2019-e-palestra-sobre-dme-marcam-cafe-da-manha-com-associados-do-sincovat-em-lajeado\/","og_locale":"pt_BR","og_type":"article","og_title":"Aprova\u00e7\u00e3o do or\u00e7amento de 2019 e palestra sobre DME marcam caf\u00e9 da manh\u00e3 com associados do Sincovat em Lajeado - Folha Popular","og_description":"O fim de ano se aproxima e motiva a realiza\u00e7\u00e3o de confraterniza\u00e7\u00e3o. Na ter\u00e7a-feira (04\/12), o Sindicato dos Contadores e T\u00e9cnicos em Contabilidade do Vale do Taquari (Sincovat) promoveu a \u00faltima edi\u00e7\u00e3o do ano do Caf\u00e9 com os Associados, reunindo 63 pessoas na sede da entidade, em Lajeado. Na ocasi\u00e3o ocorreu a assembleia geral, seguida [&hellip;]","og_url":"https:\/\/folhapopular.info\/index.php\/2018\/12\/05\/aprovacao-do-orcamento-de-2019-e-palestra-sobre-dme-marcam-cafe-da-manha-com-associados-do-sincovat-em-lajeado\/","og_site_name":"Folha Popular","article_published_time":"2018-12-05T17:00:22+00:00","og_image":[{"width":800,"height":533,"url":"https:\/\/folhapopular.info\/wp-content\/uploads\/2018\/12\/valmor-publico-e1544012631681.jpg","type":"image\/jpeg"}],"author":"Reda\u00e7\u00e3o Folha Popular","twitter_card":"summary_large_image","twitter_misc":{"Escrito por":"Reda\u00e7\u00e3o Folha Popular","Est. tempo de leitura":"2 minutos"},"schema":{"@context":"https:\/\/schema.org","@graph":[{"@type":"Article","@id":"https:\/\/folhapopular.info\/index.php\/2018\/12\/05\/aprovacao-do-orcamento-de-2019-e-palestra-sobre-dme-marcam-cafe-da-manha-com-associados-do-sincovat-em-lajeado\/#article","isPartOf":{"@id":"https:\/\/folhapopular.info\/index.php\/2018\/12\/05\/aprovacao-do-orcamento-de-2019-e-palestra-sobre-dme-marcam-cafe-da-manha-com-associados-do-sincovat-em-lajeado\/"},"author":{"name":"Reda\u00e7\u00e3o Folha Popular","@id":"https:\/\/folhapopular.info\/#\/schema\/person\/2814e8a0df7643585a9ca38bc6eb9d4b"},"headline":"Aprova\u00e7\u00e3o do or\u00e7amento de 2019 e palestra sobre DME marcam caf\u00e9 da manh\u00e3 com associados do Sincovat em Lajeado","datePublished":"2018-12-05T17:00:22+00:00","mainEntityOfPage":{"@id":"https:\/\/folhapopular.info\/index.php\/2018\/12\/05\/aprovacao-do-orcamento-de-2019-e-palestra-sobre-dme-marcam-cafe-da-manha-com-associados-do-sincovat-em-lajeado\/"},"wordCount":480,"commentCount":0,"image":{"@id":"https:\/\/folhapopular.info\/index.php\/2018\/12\/05\/aprovacao-do-orcamento-de-2019-e-palestra-sobre-dme-marcam-cafe-da-manha-com-associados-do-sincovat-em-lajeado\/#primaryimage"},"thumbnailUrl":"https:\/\/folhapopular.info\/wp-content\/uploads\/2018\/12\/valmor-publico-e1544012631681.jpg","keywords":["DME","Lajeado","Sincovat","Valmor Kappler"],"articleSection":["Geral"],"inLanguage":"pt-BR","potentialAction":[{"@type":"CommentAction","name":"Comment","target":["https:\/\/folhapopular.info\/index.php\/2018\/12\/05\/aprovacao-do-orcamento-de-2019-e-palestra-sobre-dme-marcam-cafe-da-manha-com-associados-do-sincovat-em-lajeado\/#respond"]}]},{"@type":"WebPage","@id":"https:\/\/folhapopular.info\/index.php\/2018\/12\/05\/aprovacao-do-orcamento-de-2019-e-palestra-sobre-dme-marcam-cafe-da-manha-com-associados-do-sincovat-em-lajeado\/","url":"https:\/\/folhapopular.info\/index.php\/2018\/12\/05\/aprovacao-do-orcamento-de-2019-e-palestra-sobre-dme-marcam-cafe-da-manha-com-associados-do-sincovat-em-lajeado\/","name":"Aprova\u00e7\u00e3o do or\u00e7amento de 2019 e palestra sobre DME marcam caf\u00e9 da manh\u00e3 com associados do Sincovat em Lajeado - Folha Popular","isPartOf":{"@id":"https:\/\/folhapopular.info\/#website"},"primaryImageOfPage":{"@id":"https:\/\/folhapopular.info\/index.php\/2018\/12\/05\/aprovacao-do-orcamento-de-2019-e-palestra-sobre-dme-marcam-cafe-da-manha-com-associados-do-sincovat-em-lajeado\/#primaryimage"},"image":{"@id":"https:\/\/folhapopular.info\/index.php\/2018\/12\/05\/aprovacao-do-orcamento-de-2019-e-palestra-sobre-dme-marcam-cafe-da-manha-com-associados-do-sincovat-em-lajeado\/#primaryimage"},"thumbnailUrl":"https:\/\/folhapopular.info\/wp-content\/uploads\/2018\/12\/valmor-publico-e1544012631681.jpg","datePublished":"2018-12-05T17:00:22+00:00","author":{"@id":"https:\/\/folhapopular.info\/#\/schema\/person\/2814e8a0df7643585a9ca38bc6eb9d4b"},"breadcrumb":{"@id":"https:\/\/folhapopular.info\/index.php\/2018\/12\/05\/aprovacao-do-orcamento-de-2019-e-palestra-sobre-dme-marcam-cafe-da-manha-com-associados-do-sincovat-em-lajeado\/#breadcrumb"},"inLanguage":"pt-BR","potentialAction":[{"@type":"ReadAction","target":["https:\/\/folhapopular.info\/index.php\/2018\/12\/05\/aprovacao-do-orcamento-de-2019-e-palestra-sobre-dme-marcam-cafe-da-manha-com-associados-do-sincovat-em-lajeado\/"]}]},{"@type":"ImageObject","inLanguage":"pt-BR","@id":"https:\/\/folhapopular.info\/index.php\/2018\/12\/05\/aprovacao-do-orcamento-de-2019-e-palestra-sobre-dme-marcam-cafe-da-manha-com-associados-do-sincovat-em-lajeado\/#primaryimage","url":"https:\/\/folhapopular.info\/wp-content\/uploads\/2018\/12\/valmor-publico-e1544012631681.jpg","contentUrl":"https:\/\/folhapopular.info\/wp-content\/uploads\/2018\/12\/valmor-publico-e1544012631681.jpg","width":800,"height":533,"caption":"DME foi o tema explanado pelo contador Valmor Kappler\/ Cr\u00e9dito da foto: Simone Rockenbach\/ Diviulga\u00e7\u00e3o"},{"@type":"BreadcrumbList","@id":"https:\/\/folhapopular.info\/index.php\/2018\/12\/05\/aprovacao-do-orcamento-de-2019-e-palestra-sobre-dme-marcam-cafe-da-manha-com-associados-do-sincovat-em-lajeado\/#breadcrumb","itemListElement":[{"@type":"ListItem","position":1,"name":"In\u00edcio","item":"https:\/\/folhapopular.info\/"},{"@type":"ListItem","position":2,"name":"Aprova\u00e7\u00e3o do or\u00e7amento de 2019 e palestra sobre DME marcam caf\u00e9 da manh\u00e3 com associados do Sincovat em Lajeado"}]},{"@type":"WebSite","@id":"https:\/\/folhapopular.info\/#website","url":"https:\/\/folhapopular.info\/","name":"Folha Popular","description":"Onde voc\u00ea tem vez e voz","potentialAction":[{"@type":"SearchAction","target":{"@type":"EntryPoint","urlTemplate":"https:\/\/folhapopular.info\/?s={search_term_string}"},"query-input":{"@type":"PropertyValueSpecification","valueRequired":true,"valueName":"search_term_string"}}],"inLanguage":"pt-BR"},{"@type":"Person","@id":"https:\/\/folhapopular.info\/#\/schema\/person\/2814e8a0df7643585a9ca38bc6eb9d4b","name":"Reda\u00e7\u00e3o Folha Popular","image":{"@type":"ImageObject","inLanguage":"pt-BR","@id":"https:\/\/folhapopular.info\/wp-content\/uploads\/2026\/04\/Folha-1.webp","url":"https:\/\/folhapopular.info\/wp-content\/uploads\/2026\/04\/Folha-1.webp","contentUrl":"https:\/\/folhapopular.info\/wp-content\/uploads\/2026\/04\/Folha-1.webp","caption":"Reda\u00e7\u00e3o Folha Popular"},"url":"https:\/\/folhapopular.info\/index.php\/author\/redacao\/"}]}},"jetpack_featured_media_url":"https:\/\/folhapopular.info\/wp-content\/uploads\/2018\/12\/valmor-publico-e1544012631681.jpg","jetpack_sharing_enabled":true,"amp_enabled":true,"_links":{"self":[{"href":"https:\/\/folhapopular.info\/index.php\/wp-json\/wp\/v2\/posts\/50573","targetHints":{"allow":["GET"]}}],"collection":[{"href":"https:\/\/folhapopular.info\/index.php\/wp-json\/wp\/v2\/posts"}],"about":[{"href":"https:\/\/folhapopular.info\/index.php\/wp-json\/wp\/v2\/types\/post"}],"author":[{"embeddable":true,"href":"https:\/\/folhapopular.info\/index.php\/wp-json\/wp\/v2\/users\/8"}],"replies":[{"embeddable":true,"href":"https:\/\/folhapopular.info\/index.php\/wp-json\/wp\/v2\/comments?post=50573"}],"version-history":[{"count":0,"href":"https:\/\/folhapopular.info\/index.php\/wp-json\/wp\/v2\/posts\/50573\/revisions"}],"wp:featuredmedia":[{"embeddable":true,"href":"https:\/\/folhapopular.info\/index.php\/wp-json\/wp\/v2\/media\/50576"}],"wp:attachment":[{"href":"https:\/\/folhapopular.info\/index.php\/wp-json\/wp\/v2\/media?parent=50573"}],"wp:term":[{"taxonomy":"category","embeddable":true,"href":"https:\/\/folhapopular.info\/index.php\/wp-json\/wp\/v2\/categories?post=50573"},{"taxonomy":"post_tag","embeddable":true,"href":"https:\/\/folhapopular.info\/index.php\/wp-json\/wp\/v2\/tags?post=50573"}],"curies":[{"name":"wp","href":"https:\/\/api.w.org\/{rel}","templated":true}]}}