{"id":50592,"date":"2018-12-05T17:00:23","date_gmt":"2018-12-05T19:00:23","guid":{"rendered":"http:\/\/folhapopular.info\/?p=50592"},"modified":"2018-12-05T15:27:55","modified_gmt":"2018-12-05T17:27:55","slug":"diretoria-avalia-atividades-do-lajeado-brilha","status":"publish","type":"post","link":"https:\/\/folhapopular.info\/index.php\/2018\/12\/05\/diretoria-avalia-atividades-do-lajeado-brilha\/","title":{"rendered":"Diretoria avalia atividades do Lajeado Brilha"},"content":{"rendered":"<p>Reunida na sede da entidade nesta ter\u00e7a-feira (04\/12), a diretoria da C\u00e2mara de Dirigentes Lojistas (CDL) Lajeado se dedicou especialmente a comentar e avaliar o andamento das a\u00e7\u00f5es do Lajeado Brilha. O presidente Heinz Rockenbach lembrou que o pr\u00f3ximo sorteio da campanha ocorre na sexta-feira (07\/12), \u00e0s 18h em frente ao Posto Giovanella, no Bairro Americano. Conforme o dirigente, at\u00e9 esta ter\u00e7a-feira (04\/12) ao meio-dia 7.236 clientes tinham feito seu cadastro no sistema, totalizando 35 mil c\u00f3digos de seladinhas. Outra atra\u00e7\u00e3o \u00e9 o Pedalando com o Noel, que ocorre domingo (08\/12) e est\u00e1 com as inscri\u00e7\u00f5es abertas.<\/p>\n<p>Os empres\u00e1rios aproveitaram para falar sobre a Chegada do Papai Noel, que transcorreu dia 25 de novembro, e a Parada de Natal, cuja estreia foi no dia 30 de novembro. Muitos elogios foram direcionados \u00e0 equipe da secretaria da CDL Lajeado, respons\u00e1vel pela coordena\u00e7\u00e3o do trabalho junto a Lume Eventos. \u201cEst\u00e3o todos de parab\u00e9ns. A Chegada do Papai Noel foi fant\u00e1stica\u201d, afirmou o diretor-secret\u00e1rio Ricardo Brunetto. Membro da CDL Jovem, Isac Francisco dos Santos observou que muitos n\u00e3o sabiam que o espet\u00e1culo era feito por pessoas da regi\u00e3o, valorizando ainda mais o que foi apresentado na Avenida Pira\u00ed no dia 25 de novembro. \u201cConseguiram conciliar o aspecto religioso com os presentes, passando emo\u00e7\u00e3o e uma linda mensagem\u201d, acrescentou.<\/p>\n<p>O colega e vice-presidente pasta de Capacita\u00e7\u00e3o, Carlos Oliveira, afirmou que o Natal deste ano ajuda a consolidar a marca da CDL Lajeado e sua vincula\u00e7\u00e3o qualificada \u00e0 frente de eventos diversos, al\u00e9m das atividades de capacita\u00e7\u00e3o como a Conven\u00e7\u00e3o e o Encontro de Jovens Empres\u00e1rios. Sobre a Parada de Natal, Edson Bertozzi, da pasta de Com\u00e9rcio, parabenizou e j\u00e1 sugeriu que tamb\u00e9m seja feita aos s\u00e1bados, al\u00e9m das quatro sextas-feiras programadas. A quest\u00e3o ser\u00e1 avaliada para o pr\u00f3ximo ano, j\u00e1 que nesse ficaria invi\u00e1vel o agendamento com todos os artistas e volunt\u00e1rios participantes.<\/p>\n","protected":false},"excerpt":{"rendered":"<p>Reunida na sede da entidade nesta ter\u00e7a-feira (04\/12), a diretoria da C\u00e2mara de Dirigentes Lojistas (CDL) Lajeado se dedicou especialmente a comentar e avaliar o andamento das a\u00e7\u00f5es do Lajeado Brilha. O presidente Heinz Rockenbach lembrou que o pr\u00f3ximo sorteio da campanha ocorre na sexta-feira (07\/12), \u00e0s 18h em frente ao Posto Giovanella, no Bairro [&hellip;]<\/p>\n","protected":false},"author":8,"featured_media":50593,"comment_status":"open","ping_status":"open","sticky":false,"template":"","format":"standard","meta":{"pmpro_default_level":"","_jetpack_memberships_contains_paid_content":false,"footnotes":""},"categories":[3],"tags":[587,27,1267,3739,3770,1852],"class_list":{"0":"post-50592","1":"post","2":"type-post","3":"status-publish","4":"format-standard","5":"has-post-thumbnail","7":"category-geral","8":"tag-cdl","9":"tag-lajeado","10":"tag-lajeado-brilha","11":"tag-parada-de-natal","12":"tag-pedalando-com-o-noel","13":"tag-seladinhas","14":"pmpro-has-access"},"yoast_head":"<!-- This site is optimized with the Yoast SEO plugin v27.5 - https:\/\/yoast.com\/product\/yoast-seo-wordpress\/ -->\n<title>Diretoria avalia atividades do Lajeado Brilha - Folha Popular<\/title>\n<meta name=\"robots\" content=\"index, follow, max-snippet:-1, max-image-preview:large, max-video-preview:-1\" \/>\n<link rel=\"canonical\" href=\"https:\/\/folhapopular.info\/index.php\/2018\/12\/05\/diretoria-avalia-atividades-do-lajeado-brilha\/\" \/>\n<meta property=\"og:locale\" content=\"pt_BR\" \/>\n<meta property=\"og:type\" content=\"article\" \/>\n<meta property=\"og:title\" content=\"Diretoria avalia atividades do Lajeado Brilha - Folha Popular\" \/>\n<meta property=\"og:description\" content=\"Reunida na sede da entidade nesta ter\u00e7a-feira (04\/12), a diretoria da C\u00e2mara de Dirigentes Lojistas (CDL) Lajeado se dedicou especialmente a comentar e avaliar o andamento das a\u00e7\u00f5es do Lajeado Brilha. O presidente Heinz Rockenbach lembrou que o pr\u00f3ximo sorteio da campanha ocorre na sexta-feira (07\/12), \u00e0s 18h em frente ao Posto Giovanella, no Bairro [&hellip;]\" \/>\n<meta property=\"og:url\" content=\"https:\/\/folhapopular.info\/index.php\/2018\/12\/05\/diretoria-avalia-atividades-do-lajeado-brilha\/\" \/>\n<meta property=\"og:site_name\" content=\"Folha Popular\" \/>\n<meta property=\"article:published_time\" content=\"2018-12-05T19:00:23+00:00\" \/>\n<meta property=\"og:image\" content=\"https:\/\/folhapopular.info\/wp-content\/uploads\/2018\/12\/reuniao-dezembro-e1544015230585.jpg\" \/>\n\t<meta property=\"og:image:width\" content=\"800\" \/>\n\t<meta property=\"og:image:height\" content=\"533\" \/>\n\t<meta property=\"og:image:type\" content=\"image\/jpeg\" \/>\n<meta name=\"author\" content=\"Reda\u00e7\u00e3o Folha Popular\" \/>\n<meta name=\"twitter:card\" content=\"summary_large_image\" \/>\n<meta name=\"twitter:label1\" content=\"Escrito por\" \/>\n\t<meta name=\"twitter:data1\" content=\"Reda\u00e7\u00e3o Folha Popular\" \/>\n\t<meta name=\"twitter:label2\" content=\"Est. tempo de leitura\" \/>\n\t<meta name=\"twitter:data2\" content=\"2 minutos\" \/>\n<script type=\"application\/ld+json\" class=\"yoast-schema-graph\">{\"@context\":\"https:\\\/\\\/schema.org\",\"@graph\":[{\"@type\":\"Article\",\"@id\":\"https:\\\/\\\/folhapopular.info\\\/index.php\\\/2018\\\/12\\\/05\\\/diretoria-avalia-atividades-do-lajeado-brilha\\\/#article\",\"isPartOf\":{\"@id\":\"https:\\\/\\\/folhapopular.info\\\/index.php\\\/2018\\\/12\\\/05\\\/diretoria-avalia-atividades-do-lajeado-brilha\\\/\"},\"author\":{\"name\":\"Reda\u00e7\u00e3o Folha Popular\",\"@id\":\"https:\\\/\\\/folhapopular.info\\\/#\\\/schema\\\/person\\\/2814e8a0df7643585a9ca38bc6eb9d4b\"},\"headline\":\"Diretoria avalia atividades do Lajeado Brilha\",\"datePublished\":\"2018-12-05T19:00:23+00:00\",\"mainEntityOfPage\":{\"@id\":\"https:\\\/\\\/folhapopular.info\\\/index.php\\\/2018\\\/12\\\/05\\\/diretoria-avalia-atividades-do-lajeado-brilha\\\/\"},\"wordCount\":336,\"commentCount\":0,\"image\":{\"@id\":\"https:\\\/\\\/folhapopular.info\\\/index.php\\\/2018\\\/12\\\/05\\\/diretoria-avalia-atividades-do-lajeado-brilha\\\/#primaryimage\"},\"thumbnailUrl\":\"https:\\\/\\\/folhapopular.info\\\/wp-content\\\/uploads\\\/2018\\\/12\\\/reuniao-dezembro-e1544015230585.jpg\",\"keywords\":[\"CDL\",\"Lajeado\",\"Lajeado Brilha\",\"Parada de Natal\",\"Pedalando com o Noel\",\"Seladinhas\"],\"articleSection\":[\"Geral\"],\"inLanguage\":\"pt-BR\",\"potentialAction\":[{\"@type\":\"CommentAction\",\"name\":\"Comment\",\"target\":[\"https:\\\/\\\/folhapopular.info\\\/index.php\\\/2018\\\/12\\\/05\\\/diretoria-avalia-atividades-do-lajeado-brilha\\\/#respond\"]}]},{\"@type\":\"WebPage\",\"@id\":\"https:\\\/\\\/folhapopular.info\\\/index.php\\\/2018\\\/12\\\/05\\\/diretoria-avalia-atividades-do-lajeado-brilha\\\/\",\"url\":\"https:\\\/\\\/folhapopular.info\\\/index.php\\\/2018\\\/12\\\/05\\\/diretoria-avalia-atividades-do-lajeado-brilha\\\/\",\"name\":\"Diretoria avalia atividades do Lajeado Brilha - Folha Popular\",\"isPartOf\":{\"@id\":\"https:\\\/\\\/folhapopular.info\\\/#website\"},\"primaryImageOfPage\":{\"@id\":\"https:\\\/\\\/folhapopular.info\\\/index.php\\\/2018\\\/12\\\/05\\\/diretoria-avalia-atividades-do-lajeado-brilha\\\/#primaryimage\"},\"image\":{\"@id\":\"https:\\\/\\\/folhapopular.info\\\/index.php\\\/2018\\\/12\\\/05\\\/diretoria-avalia-atividades-do-lajeado-brilha\\\/#primaryimage\"},\"thumbnailUrl\":\"https:\\\/\\\/folhapopular.info\\\/wp-content\\\/uploads\\\/2018\\\/12\\\/reuniao-dezembro-e1544015230585.jpg\",\"datePublished\":\"2018-12-05T19:00:23+00:00\",\"author\":{\"@id\":\"https:\\\/\\\/folhapopular.info\\\/#\\\/schema\\\/person\\\/2814e8a0df7643585a9ca38bc6eb9d4b\"},\"breadcrumb\":{\"@id\":\"https:\\\/\\\/folhapopular.info\\\/index.php\\\/2018\\\/12\\\/05\\\/diretoria-avalia-atividades-do-lajeado-brilha\\\/#breadcrumb\"},\"inLanguage\":\"pt-BR\",\"potentialAction\":[{\"@type\":\"ReadAction\",\"target\":[\"https:\\\/\\\/folhapopular.info\\\/index.php\\\/2018\\\/12\\\/05\\\/diretoria-avalia-atividades-do-lajeado-brilha\\\/\"]}]},{\"@type\":\"ImageObject\",\"inLanguage\":\"pt-BR\",\"@id\":\"https:\\\/\\\/folhapopular.info\\\/index.php\\\/2018\\\/12\\\/05\\\/diretoria-avalia-atividades-do-lajeado-brilha\\\/#primaryimage\",\"url\":\"https:\\\/\\\/folhapopular.info\\\/wp-content\\\/uploads\\\/2018\\\/12\\\/reuniao-dezembro-e1544015230585.jpg\",\"contentUrl\":\"https:\\\/\\\/folhapopular.info\\\/wp-content\\\/uploads\\\/2018\\\/12\\\/reuniao-dezembro-e1544015230585.jpg\",\"width\":800,\"height\":533,\"caption\":\"Empres\u00e1rios que integram a diretoria elogiaram a equipe da secretaria da entidade, respons\u00e1vel pela coordena\u00e7\u00e3o do trabalho junto a Lume Eventos, pelas a\u00e7\u00f5es do Lajeado Brilha\\\/ Cr\u00e9dito da foto: Simone Rockenbach\\\/ Divulga\u00e7\u00e3o\"},{\"@type\":\"BreadcrumbList\",\"@id\":\"https:\\\/\\\/folhapopular.info\\\/index.php\\\/2018\\\/12\\\/05\\\/diretoria-avalia-atividades-do-lajeado-brilha\\\/#breadcrumb\",\"itemListElement\":[{\"@type\":\"ListItem\",\"position\":1,\"name\":\"In\u00edcio\",\"item\":\"https:\\\/\\\/folhapopular.info\\\/\"},{\"@type\":\"ListItem\",\"position\":2,\"name\":\"Diretoria avalia atividades do Lajeado Brilha\"}]},{\"@type\":\"WebSite\",\"@id\":\"https:\\\/\\\/folhapopular.info\\\/#website\",\"url\":\"https:\\\/\\\/folhapopular.info\\\/\",\"name\":\"Folha Popular\",\"description\":\"Onde voc\u00ea tem vez e voz\",\"potentialAction\":[{\"@type\":\"SearchAction\",\"target\":{\"@type\":\"EntryPoint\",\"urlTemplate\":\"https:\\\/\\\/folhapopular.info\\\/?s={search_term_string}\"},\"query-input\":{\"@type\":\"PropertyValueSpecification\",\"valueRequired\":true,\"valueName\":\"search_term_string\"}}],\"inLanguage\":\"pt-BR\"},{\"@type\":\"Person\",\"@id\":\"https:\\\/\\\/folhapopular.info\\\/#\\\/schema\\\/person\\\/2814e8a0df7643585a9ca38bc6eb9d4b\",\"name\":\"Reda\u00e7\u00e3o Folha Popular\",\"image\":{\"@type\":\"ImageObject\",\"inLanguage\":\"pt-BR\",\"@id\":\"https:\\\/\\\/folhapopular.info\\\/wp-content\\\/uploads\\\/2026\\\/04\\\/Folha-1.webp\",\"url\":\"https:\\\/\\\/folhapopular.info\\\/wp-content\\\/uploads\\\/2026\\\/04\\\/Folha-1.webp\",\"contentUrl\":\"https:\\\/\\\/folhapopular.info\\\/wp-content\\\/uploads\\\/2026\\\/04\\\/Folha-1.webp\",\"caption\":\"Reda\u00e7\u00e3o Folha Popular\"},\"url\":\"https:\\\/\\\/folhapopular.info\\\/index.php\\\/author\\\/redacao\\\/\"}]}<\/script>\n<!-- \/ Yoast SEO plugin. -->","yoast_head_json":{"title":"Diretoria avalia atividades do Lajeado Brilha - Folha Popular","robots":{"index":"index","follow":"follow","max-snippet":"max-snippet:-1","max-image-preview":"max-image-preview:large","max-video-preview":"max-video-preview:-1"},"canonical":"https:\/\/folhapopular.info\/index.php\/2018\/12\/05\/diretoria-avalia-atividades-do-lajeado-brilha\/","og_locale":"pt_BR","og_type":"article","og_title":"Diretoria avalia atividades do Lajeado Brilha - Folha Popular","og_description":"Reunida na sede da entidade nesta ter\u00e7a-feira (04\/12), a diretoria da C\u00e2mara de Dirigentes Lojistas (CDL) Lajeado se dedicou especialmente a comentar e avaliar o andamento das a\u00e7\u00f5es do Lajeado Brilha. O presidente Heinz Rockenbach lembrou que o pr\u00f3ximo sorteio da campanha ocorre na sexta-feira (07\/12), \u00e0s 18h em frente ao Posto Giovanella, no Bairro [&hellip;]","og_url":"https:\/\/folhapopular.info\/index.php\/2018\/12\/05\/diretoria-avalia-atividades-do-lajeado-brilha\/","og_site_name":"Folha Popular","article_published_time":"2018-12-05T19:00:23+00:00","og_image":[{"width":800,"height":533,"url":"https:\/\/folhapopular.info\/wp-content\/uploads\/2018\/12\/reuniao-dezembro-e1544015230585.jpg","type":"image\/jpeg"}],"author":"Reda\u00e7\u00e3o Folha Popular","twitter_card":"summary_large_image","twitter_misc":{"Escrito por":"Reda\u00e7\u00e3o Folha Popular","Est. tempo de leitura":"2 minutos"},"schema":{"@context":"https:\/\/schema.org","@graph":[{"@type":"Article","@id":"https:\/\/folhapopular.info\/index.php\/2018\/12\/05\/diretoria-avalia-atividades-do-lajeado-brilha\/#article","isPartOf":{"@id":"https:\/\/folhapopular.info\/index.php\/2018\/12\/05\/diretoria-avalia-atividades-do-lajeado-brilha\/"},"author":{"name":"Reda\u00e7\u00e3o Folha Popular","@id":"https:\/\/folhapopular.info\/#\/schema\/person\/2814e8a0df7643585a9ca38bc6eb9d4b"},"headline":"Diretoria avalia atividades do Lajeado Brilha","datePublished":"2018-12-05T19:00:23+00:00","mainEntityOfPage":{"@id":"https:\/\/folhapopular.info\/index.php\/2018\/12\/05\/diretoria-avalia-atividades-do-lajeado-brilha\/"},"wordCount":336,"commentCount":0,"image":{"@id":"https:\/\/folhapopular.info\/index.php\/2018\/12\/05\/diretoria-avalia-atividades-do-lajeado-brilha\/#primaryimage"},"thumbnailUrl":"https:\/\/folhapopular.info\/wp-content\/uploads\/2018\/12\/reuniao-dezembro-e1544015230585.jpg","keywords":["CDL","Lajeado","Lajeado Brilha","Parada de Natal","Pedalando com o Noel","Seladinhas"],"articleSection":["Geral"],"inLanguage":"pt-BR","potentialAction":[{"@type":"CommentAction","name":"Comment","target":["https:\/\/folhapopular.info\/index.php\/2018\/12\/05\/diretoria-avalia-atividades-do-lajeado-brilha\/#respond"]}]},{"@type":"WebPage","@id":"https:\/\/folhapopular.info\/index.php\/2018\/12\/05\/diretoria-avalia-atividades-do-lajeado-brilha\/","url":"https:\/\/folhapopular.info\/index.php\/2018\/12\/05\/diretoria-avalia-atividades-do-lajeado-brilha\/","name":"Diretoria avalia atividades do Lajeado Brilha - Folha Popular","isPartOf":{"@id":"https:\/\/folhapopular.info\/#website"},"primaryImageOfPage":{"@id":"https:\/\/folhapopular.info\/index.php\/2018\/12\/05\/diretoria-avalia-atividades-do-lajeado-brilha\/#primaryimage"},"image":{"@id":"https:\/\/folhapopular.info\/index.php\/2018\/12\/05\/diretoria-avalia-atividades-do-lajeado-brilha\/#primaryimage"},"thumbnailUrl":"https:\/\/folhapopular.info\/wp-content\/uploads\/2018\/12\/reuniao-dezembro-e1544015230585.jpg","datePublished":"2018-12-05T19:00:23+00:00","author":{"@id":"https:\/\/folhapopular.info\/#\/schema\/person\/2814e8a0df7643585a9ca38bc6eb9d4b"},"breadcrumb":{"@id":"https:\/\/folhapopular.info\/index.php\/2018\/12\/05\/diretoria-avalia-atividades-do-lajeado-brilha\/#breadcrumb"},"inLanguage":"pt-BR","potentialAction":[{"@type":"ReadAction","target":["https:\/\/folhapopular.info\/index.php\/2018\/12\/05\/diretoria-avalia-atividades-do-lajeado-brilha\/"]}]},{"@type":"ImageObject","inLanguage":"pt-BR","@id":"https:\/\/folhapopular.info\/index.php\/2018\/12\/05\/diretoria-avalia-atividades-do-lajeado-brilha\/#primaryimage","url":"https:\/\/folhapopular.info\/wp-content\/uploads\/2018\/12\/reuniao-dezembro-e1544015230585.jpg","contentUrl":"https:\/\/folhapopular.info\/wp-content\/uploads\/2018\/12\/reuniao-dezembro-e1544015230585.jpg","width":800,"height":533,"caption":"Empres\u00e1rios que integram a diretoria elogiaram a equipe da secretaria da entidade, respons\u00e1vel pela coordena\u00e7\u00e3o do trabalho junto a Lume Eventos, pelas a\u00e7\u00f5es do Lajeado Brilha\/ Cr\u00e9dito da foto: Simone Rockenbach\/ Divulga\u00e7\u00e3o"},{"@type":"BreadcrumbList","@id":"https:\/\/folhapopular.info\/index.php\/2018\/12\/05\/diretoria-avalia-atividades-do-lajeado-brilha\/#breadcrumb","itemListElement":[{"@type":"ListItem","position":1,"name":"In\u00edcio","item":"https:\/\/folhapopular.info\/"},{"@type":"ListItem","position":2,"name":"Diretoria avalia atividades do Lajeado Brilha"}]},{"@type":"WebSite","@id":"https:\/\/folhapopular.info\/#website","url":"https:\/\/folhapopular.info\/","name":"Folha Popular","description":"Onde voc\u00ea tem vez e voz","potentialAction":[{"@type":"SearchAction","target":{"@type":"EntryPoint","urlTemplate":"https:\/\/folhapopular.info\/?s={search_term_string}"},"query-input":{"@type":"PropertyValueSpecification","valueRequired":true,"valueName":"search_term_string"}}],"inLanguage":"pt-BR"},{"@type":"Person","@id":"https:\/\/folhapopular.info\/#\/schema\/person\/2814e8a0df7643585a9ca38bc6eb9d4b","name":"Reda\u00e7\u00e3o Folha Popular","image":{"@type":"ImageObject","inLanguage":"pt-BR","@id":"https:\/\/folhapopular.info\/wp-content\/uploads\/2026\/04\/Folha-1.webp","url":"https:\/\/folhapopular.info\/wp-content\/uploads\/2026\/04\/Folha-1.webp","contentUrl":"https:\/\/folhapopular.info\/wp-content\/uploads\/2026\/04\/Folha-1.webp","caption":"Reda\u00e7\u00e3o Folha Popular"},"url":"https:\/\/folhapopular.info\/index.php\/author\/redacao\/"}]}},"jetpack_featured_media_url":"https:\/\/folhapopular.info\/wp-content\/uploads\/2018\/12\/reuniao-dezembro-e1544015230585.jpg","jetpack_sharing_enabled":true,"amp_enabled":true,"_links":{"self":[{"href":"https:\/\/folhapopular.info\/index.php\/wp-json\/wp\/v2\/posts\/50592","targetHints":{"allow":["GET"]}}],"collection":[{"href":"https:\/\/folhapopular.info\/index.php\/wp-json\/wp\/v2\/posts"}],"about":[{"href":"https:\/\/folhapopular.info\/index.php\/wp-json\/wp\/v2\/types\/post"}],"author":[{"embeddable":true,"href":"https:\/\/folhapopular.info\/index.php\/wp-json\/wp\/v2\/users\/8"}],"replies":[{"embeddable":true,"href":"https:\/\/folhapopular.info\/index.php\/wp-json\/wp\/v2\/comments?post=50592"}],"version-history":[{"count":0,"href":"https:\/\/folhapopular.info\/index.php\/wp-json\/wp\/v2\/posts\/50592\/revisions"}],"wp:featuredmedia":[{"embeddable":true,"href":"https:\/\/folhapopular.info\/index.php\/wp-json\/wp\/v2\/media\/50593"}],"wp:attachment":[{"href":"https:\/\/folhapopular.info\/index.php\/wp-json\/wp\/v2\/media?parent=50592"}],"wp:term":[{"taxonomy":"category","embeddable":true,"href":"https:\/\/folhapopular.info\/index.php\/wp-json\/wp\/v2\/categories?post=50592"},{"taxonomy":"post_tag","embeddable":true,"href":"https:\/\/folhapopular.info\/index.php\/wp-json\/wp\/v2\/tags?post=50592"}],"curies":[{"name":"wp","href":"https:\/\/api.w.org\/{rel}","templated":true}]}}