{"id":50824,"date":"2018-12-10T16:00:06","date_gmt":"2018-12-10T18:00:06","guid":{"rendered":"http:\/\/folhapopular.info\/?p=50824"},"modified":"2018-12-10T14:31:07","modified_gmt":"2018-12-10T16:31:07","slug":"cerca-de-120-criancas-e-adultos-pedalaram-com-o-papai-noel-em-lajeado","status":"publish","type":"post","link":"https:\/\/folhapopular.info\/index.php\/2018\/12\/10\/cerca-de-120-criancas-e-adultos-pedalaram-com-o-papai-noel-em-lajeado\/","title":{"rendered":"Cerca de 120 crian\u00e7as e adultos pedalaram com o Papai Noel em Lajeado"},"content":{"rendered":"<p>O Pedalando com o Noel, realizado no domingo (09\/12) em Lajeado, contou com a participa\u00e7\u00e3o de cerca de 120 pessoas. Essa foi a segunda edi\u00e7\u00e3o do evento promovido pela CDL Jovem e que alcan\u00e7ou seus objetivos de reunir fam\u00edlias com uma atividade saud\u00e1vel e divertida. O passeio cicl\u00edstico teve \u00e0 frente o Papai Noel, que pedalou durante todo o percurso que partiu da Lojas Benoit e terminou no Parque Professor Theobaldo Dick.<\/p>\n<p>Com muitas bicicletas enfeitadas, a atra\u00e7\u00e3o teve o envolvimento de adultos e crian\u00e7as, algumas at\u00e9 sendo levadas nas cadeirinhas pelos pais. Ao som de m\u00fasicas natalinas e jingle do Lajeado Brilha, o grupo teve ainda a companhia das Brilhetes levadas no Fusca da CDL Lajeado.<\/p>\n<p>O encerramento ocorreu com o sorteio de duas bicicletas para Danieli Bottoni e Mateus Sieben Majolo. J\u00e1 Alice Weizenmann (7) comemorou a conquista da \u201cbike\u201d melhor decorada. A escolha feita pelo bom velhinho lhe rendeu um vale-compras de R$ 200,00 da Lojas Benoit. \u201cA m\u00e3e teve a ideia de pendurar o Papai Noel e eu os \u2018fest\u00f5es\u2019\u201d, contou Alice, feliz com o pr\u00eamio. Ela estava acompanhada do pai Cristiano e do irm\u00e3o \u00c2ngelo no passeio cicl\u00edstico. O Pedalando com o Noel teve o patroc\u00ednio de Lojas Benoit, Florestal Alimentos e Sicredi, al\u00e9m do apoio da prefeitura de Lajeado.<\/p>\n<p>&nbsp;<\/p>\n\r\n                <style type=\"text\/css\">\r\n                    \r\n                    #tdi_1  .td-doubleSlider-2 .td-item1 {\r\n                        background: url(https:\/\/folhapopular.info\/wp-content\/uploads\/2018\/12\/alice-80x60.jpg) 0 0 no-repeat;\r\n                    }\r\n                    #tdi_1  .td-doubleSlider-2 .td-item2 {\r\n                        background: url(https:\/\/folhapopular.info\/wp-content\/uploads\/2018\/12\/danieli-80x60.jpg) 0 0 no-repeat;\r\n                    }\r\n                    #tdi_1  .td-doubleSlider-2 .td-item3 {\r\n                        background: url(https:\/\/folhapopular.info\/wp-content\/uploads\/2018\/12\/mateus-80x60.jpg) 0 0 no-repeat;\r\n                    }\r\n                <\/style>\r\n\r\n                <div id=\"tdi_1\" class=\"td-gallery td-slide-on-2-columns\">\r\n                    <div class=\"post_td_gallery\">\r\n                        <div class=\"td-gallery-slide-top\">\r\n                           <div class=\"td-gallery-title\"><\/div>\r\n\r\n                            <div class=\"td-gallery-controls-wrapper\">\r\n                                <div class=\"td-gallery-slide-count\"><span class=\"td-gallery-slide-item-focus\">1<\/span> de 3<\/div>\r\n                                <div class=\"td-gallery-slide-prev-next-but\">\r\n                                    <i class = \"td-icon-left doubleSliderPrevButton\"><\/i>\r\n                                    <i class = \"td-icon-right doubleSliderNextButton\"><\/i>\r\n                                <\/div>\r\n                            <\/div>\r\n                        <\/div>\r\n\r\n                        <div class = \"td-doubleSlider-1 \">\r\n                            <div class = \"td-slider\">\r\n                                \r\n                    <div class = \"td-slide-item td-item1\">\r\n                        <figure class=\"td-slide-galery-figure td-slide-popup-gallery\">\r\n                            <a class=\"slide-gallery-image-link\" href=\"https:\/\/folhapopular.info\/wp-content\/uploads\/2018\/12\/alice.jpg\" title=\"Cr\u00e9dito da foto: Simone Rockenbach\/ Divulga\u00e7\u00e3o\"  data-caption=\"Bicicleta mais enfeitada rendeu a Alice Weizenmann um vale-compras de R$ 200,00 da Lojas Benoit\/ Cr\u00e9dito da foto: Simone Rockenbach\/ Divulga\u00e7\u00e3o\"  data-description=\"\">\r\n                                <img decoding=\"async\" src=\"https:\/\/folhapopular.info\/wp-content\/uploads\/2018\/12\/alice-630x420.jpg\" srcset=\"https:\/\/folhapopular.info\/wp-content\/uploads\/2018\/12\/alice-630x420.jpg 630w, https:\/\/folhapopular.info\/wp-content\/uploads\/2018\/12\/alice-300x200.jpg 300w, https:\/\/folhapopular.info\/wp-content\/uploads\/2018\/12\/alice-768x512.jpg 768w, https:\/\/folhapopular.info\/wp-content\/uploads\/2018\/12\/alice-1024x683.jpg 1024w, https:\/\/folhapopular.info\/wp-content\/uploads\/2018\/12\/alice-696x464.jpg 696w, https:\/\/folhapopular.info\/wp-content\/uploads\/2018\/12\/alice-1068x712.jpg 1068w, https:\/\/folhapopular.info\/wp-content\/uploads\/2018\/12\/alice.jpg 1920w\" sizes=\"(max-width: 630px) 100vw, 630px\" alt=\"\">\r\n                            <\/a>\r\n                            <figcaption class = \"td-slide-caption td-gallery-slide-content\"><div class = \"td-gallery-slide-copywrite\">Bicicleta mais enfeitada rendeu a Alice Weizenmann um vale-compras de R$ 200,00 da Lojas Benoit\/ Cr\u00e9dito da foto: Simone Rockenbach\/ Divulga\u00e7\u00e3o<\/div><\/figcaption>\r\n                        <\/figure>\r\n                    <\/div>\r\n                    <div class = \"td-slide-item td-item2\">\r\n                        <figure class=\"td-slide-galery-figure td-slide-popup-gallery\">\r\n                            <a class=\"slide-gallery-image-link\" href=\"https:\/\/folhapopular.info\/wp-content\/uploads\/2018\/12\/danieli.jpg\" title=\"Cr\u00e9dito da foto: Simone Rockenbach\/ Divulga\u00e7\u00e3o\"  data-caption=\"A pequena Danieli Bottoni tamb\u00e9m ganhou uma bicicleta\/ Cr\u00e9dito da foto: Simone Rockenbach\/ Divulga\u00e7\u00e3o\"  data-description=\"\">\r\n                                <img decoding=\"async\" src=\"https:\/\/folhapopular.info\/wp-content\/uploads\/2018\/12\/danieli-630x420.jpg\" srcset=\"https:\/\/folhapopular.info\/wp-content\/uploads\/2018\/12\/danieli-630x420.jpg 630w, https:\/\/folhapopular.info\/wp-content\/uploads\/2018\/12\/danieli-300x200.jpg 300w, https:\/\/folhapopular.info\/wp-content\/uploads\/2018\/12\/danieli-768x512.jpg 768w, https:\/\/folhapopular.info\/wp-content\/uploads\/2018\/12\/danieli-1024x683.jpg 1024w, https:\/\/folhapopular.info\/wp-content\/uploads\/2018\/12\/danieli-696x464.jpg 696w, https:\/\/folhapopular.info\/wp-content\/uploads\/2018\/12\/danieli-1068x712.jpg 1068w, https:\/\/folhapopular.info\/wp-content\/uploads\/2018\/12\/danieli.jpg 1920w\" sizes=\"(max-width: 630px) 100vw, 630px\" alt=\"\">\r\n                            <\/a>\r\n                            <figcaption class = \"td-slide-caption td-gallery-slide-content\"><div class = \"td-gallery-slide-copywrite\">A pequena Danieli Bottoni tamb\u00e9m ganhou uma bicicleta\/ Cr\u00e9dito da foto: Simone Rockenbach\/ Divulga\u00e7\u00e3o<\/div><\/figcaption>\r\n                        <\/figure>\r\n                    <\/div>\r\n                    <div class = \"td-slide-item td-item3\">\r\n                        <figure class=\"td-slide-galery-figure td-slide-popup-gallery\">\r\n                            <a class=\"slide-gallery-image-link\" href=\"https:\/\/folhapopular.info\/wp-content\/uploads\/2018\/12\/mateus.jpg\" title=\"Cr\u00e9dito da foto: Simone Rockenbach\/ Divulga\u00e7\u00e3o\"  data-caption=\"Mateus Sieben Majolo foi contemplado com uma bicicleta\/ Cr\u00e9dito da foto: Simone Rockenbach\/ Divulga\u00e7\u00e3o\"  data-description=\"\">\r\n                                <img decoding=\"async\" src=\"https:\/\/folhapopular.info\/wp-content\/uploads\/2018\/12\/mateus-630x420.jpg\" srcset=\"https:\/\/folhapopular.info\/wp-content\/uploads\/2018\/12\/mateus-630x420.jpg 630w, https:\/\/folhapopular.info\/wp-content\/uploads\/2018\/12\/mateus-300x200.jpg 300w, https:\/\/folhapopular.info\/wp-content\/uploads\/2018\/12\/mateus-768x512.jpg 768w, https:\/\/folhapopular.info\/wp-content\/uploads\/2018\/12\/mateus-1024x683.jpg 1024w, https:\/\/folhapopular.info\/wp-content\/uploads\/2018\/12\/mateus-696x464.jpg 696w, https:\/\/folhapopular.info\/wp-content\/uploads\/2018\/12\/mateus-1068x712.jpg 1068w, https:\/\/folhapopular.info\/wp-content\/uploads\/2018\/12\/mateus.jpg 1920w\" sizes=\"(max-width: 630px) 100vw, 630px\" alt=\"\">\r\n                            <\/a>\r\n                            <figcaption class = \"td-slide-caption td-gallery-slide-content\"><div class = \"td-gallery-slide-copywrite\">Mateus Sieben Majolo foi contemplado com uma bicicleta\/ Cr\u00e9dito da foto: Simone Rockenbach\/ Divulga\u00e7\u00e3o<\/div><\/figcaption>\r\n                        <\/figure>\r\n                    <\/div>\r\n                            <\/div>\r\n                        <\/div>\r\n\r\n                        <div class = \"td-doubleSlider-2\">\r\n                            <div class = \"td-slider\">\r\n                                \r\n                    <div class = \"td-button td-item1\">\r\n                        <div class = \"td-border\"><\/div>\r\n                    <\/div>\r\n                    <div class = \"td-button td-item2\">\r\n                        <div class = \"td-border\"><\/div>\r\n                    <\/div>\r\n                    <div class = \"td-button td-item3\">\r\n                        <div class = \"td-border\"><\/div>\r\n                    <\/div>\r\n                            <\/div>\r\n                        <\/div>\r\n\r\n                    <\/div>\r\n\r\n                <\/div>\r\n                \n","protected":false},"excerpt":{"rendered":"<p>O Pedalando com o Noel, realizado no domingo (09\/12) em Lajeado, contou com a participa\u00e7\u00e3o de cerca de 120 pessoas. Essa foi a segunda edi\u00e7\u00e3o do evento promovido pela CDL Jovem e que alcan\u00e7ou seus objetivos de reunir fam\u00edlias com uma atividade saud\u00e1vel e divertida. O passeio cicl\u00edstico teve \u00e0 frente o Papai Noel, que [&hellip;]<\/p>\n","protected":false},"author":8,"featured_media":50825,"comment_status":"open","ping_status":"open","sticky":false,"template":"","format":"standard","meta":{"pmpro_default_level":"","_jetpack_memberships_contains_paid_content":false,"footnotes":""},"categories":[2,6],"tags":[588,27,1267,3859,3714,3858],"class_list":{"0":"post-50824","1":"post","2":"type-post","3":"status-publish","4":"format-standard","5":"has-post-thumbnail","7":"category-featured","8":"category-inclusive","9":"tag-cdl-jovem","10":"tag-lajeado","11":"tag-lajeado-brilha","12":"tag-lojas-benoit","13":"tag-parque-professor-theobaldo-dick","14":"tag-pedalando-com-o-papai-noel","15":"pmpro-has-access"},"yoast_head":"<!-- This site is optimized with the Yoast SEO plugin v27.5 - https:\/\/yoast.com\/product\/yoast-seo-wordpress\/ -->\n<title>Cerca de 120 crian\u00e7as e adultos pedalaram com o Papai Noel em Lajeado - Folha Popular<\/title>\n<meta name=\"robots\" content=\"index, follow, max-snippet:-1, max-image-preview:large, max-video-preview:-1\" \/>\n<link rel=\"canonical\" href=\"https:\/\/folhapopular.info\/index.php\/2018\/12\/10\/cerca-de-120-criancas-e-adultos-pedalaram-com-o-papai-noel-em-lajeado\/\" \/>\n<meta property=\"og:locale\" content=\"pt_BR\" \/>\n<meta property=\"og:type\" content=\"article\" \/>\n<meta property=\"og:title\" content=\"Cerca de 120 crian\u00e7as e adultos pedalaram com o Papai Noel em Lajeado - Folha Popular\" \/>\n<meta property=\"og:description\" content=\"O Pedalando com o Noel, realizado no domingo (09\/12) em Lajeado, contou com a participa\u00e7\u00e3o de cerca de 120 pessoas. Essa foi a segunda edi\u00e7\u00e3o do evento promovido pela CDL Jovem e que alcan\u00e7ou seus objetivos de reunir fam\u00edlias com uma atividade saud\u00e1vel e divertida. O passeio cicl\u00edstico teve \u00e0 frente o Papai Noel, que [&hellip;]\" \/>\n<meta property=\"og:url\" content=\"https:\/\/folhapopular.info\/index.php\/2018\/12\/10\/cerca-de-120-criancas-e-adultos-pedalaram-com-o-papai-noel-em-lajeado\/\" \/>\n<meta property=\"og:site_name\" content=\"Folha Popular\" \/>\n<meta property=\"article:published_time\" content=\"2018-12-10T18:00:06+00:00\" \/>\n<meta property=\"og:image\" content=\"https:\/\/folhapopular.info\/wp-content\/uploads\/2018\/12\/passeio03-e1544457756236.jpg\" \/>\n\t<meta property=\"og:image:width\" content=\"800\" \/>\n\t<meta property=\"og:image:height\" content=\"533\" \/>\n\t<meta property=\"og:image:type\" content=\"image\/jpeg\" \/>\n<meta name=\"author\" content=\"Reda\u00e7\u00e3o Folha Popular\" \/>\n<meta name=\"twitter:card\" content=\"summary_large_image\" \/>\n<meta name=\"twitter:label1\" content=\"Escrito por\" \/>\n\t<meta name=\"twitter:data1\" content=\"Reda\u00e7\u00e3o Folha Popular\" \/>\n\t<meta name=\"twitter:label2\" content=\"Est. tempo de leitura\" \/>\n\t<meta name=\"twitter:data2\" content=\"1 minuto\" \/>\n<script type=\"application\/ld+json\" class=\"yoast-schema-graph\">{\"@context\":\"https:\\\/\\\/schema.org\",\"@graph\":[{\"@type\":\"Article\",\"@id\":\"https:\\\/\\\/folhapopular.info\\\/index.php\\\/2018\\\/12\\\/10\\\/cerca-de-120-criancas-e-adultos-pedalaram-com-o-papai-noel-em-lajeado\\\/#article\",\"isPartOf\":{\"@id\":\"https:\\\/\\\/folhapopular.info\\\/index.php\\\/2018\\\/12\\\/10\\\/cerca-de-120-criancas-e-adultos-pedalaram-com-o-papai-noel-em-lajeado\\\/\"},\"author\":{\"name\":\"Reda\u00e7\u00e3o Folha Popular\",\"@id\":\"https:\\\/\\\/folhapopular.info\\\/#\\\/schema\\\/person\\\/2814e8a0df7643585a9ca38bc6eb9d4b\"},\"headline\":\"Cerca de 120 crian\u00e7as e adultos pedalaram com o Papai Noel em Lajeado\",\"datePublished\":\"2018-12-10T18:00:06+00:00\",\"mainEntityOfPage\":{\"@id\":\"https:\\\/\\\/folhapopular.info\\\/index.php\\\/2018\\\/12\\\/10\\\/cerca-de-120-criancas-e-adultos-pedalaram-com-o-papai-noel-em-lajeado\\\/\"},\"wordCount\":247,\"commentCount\":0,\"image\":{\"@id\":\"https:\\\/\\\/folhapopular.info\\\/index.php\\\/2018\\\/12\\\/10\\\/cerca-de-120-criancas-e-adultos-pedalaram-com-o-papai-noel-em-lajeado\\\/#primaryimage\"},\"thumbnailUrl\":\"https:\\\/\\\/folhapopular.info\\\/wp-content\\\/uploads\\\/2018\\\/12\\\/passeio03-e1544457756236.jpg\",\"keywords\":[\"CDL Jovem\",\"Lajeado\",\"Lajeado Brilha\",\"Lojas Benoit\",\"Parque Professor Theobaldo Dick\",\"Pedalando com o Papai Noel\"],\"articleSection\":[\"Destaques\",\"Inclusive\"],\"inLanguage\":\"pt-BR\",\"potentialAction\":[{\"@type\":\"CommentAction\",\"name\":\"Comment\",\"target\":[\"https:\\\/\\\/folhapopular.info\\\/index.php\\\/2018\\\/12\\\/10\\\/cerca-de-120-criancas-e-adultos-pedalaram-com-o-papai-noel-em-lajeado\\\/#respond\"]}]},{\"@type\":\"WebPage\",\"@id\":\"https:\\\/\\\/folhapopular.info\\\/index.php\\\/2018\\\/12\\\/10\\\/cerca-de-120-criancas-e-adultos-pedalaram-com-o-papai-noel-em-lajeado\\\/\",\"url\":\"https:\\\/\\\/folhapopular.info\\\/index.php\\\/2018\\\/12\\\/10\\\/cerca-de-120-criancas-e-adultos-pedalaram-com-o-papai-noel-em-lajeado\\\/\",\"name\":\"Cerca de 120 crian\u00e7as e adultos pedalaram com o Papai Noel em Lajeado - Folha Popular\",\"isPartOf\":{\"@id\":\"https:\\\/\\\/folhapopular.info\\\/#website\"},\"primaryImageOfPage\":{\"@id\":\"https:\\\/\\\/folhapopular.info\\\/index.php\\\/2018\\\/12\\\/10\\\/cerca-de-120-criancas-e-adultos-pedalaram-com-o-papai-noel-em-lajeado\\\/#primaryimage\"},\"image\":{\"@id\":\"https:\\\/\\\/folhapopular.info\\\/index.php\\\/2018\\\/12\\\/10\\\/cerca-de-120-criancas-e-adultos-pedalaram-com-o-papai-noel-em-lajeado\\\/#primaryimage\"},\"thumbnailUrl\":\"https:\\\/\\\/folhapopular.info\\\/wp-content\\\/uploads\\\/2018\\\/12\\\/passeio03-e1544457756236.jpg\",\"datePublished\":\"2018-12-10T18:00:06+00:00\",\"author\":{\"@id\":\"https:\\\/\\\/folhapopular.info\\\/#\\\/schema\\\/person\\\/2814e8a0df7643585a9ca38bc6eb9d4b\"},\"breadcrumb\":{\"@id\":\"https:\\\/\\\/folhapopular.info\\\/index.php\\\/2018\\\/12\\\/10\\\/cerca-de-120-criancas-e-adultos-pedalaram-com-o-papai-noel-em-lajeado\\\/#breadcrumb\"},\"inLanguage\":\"pt-BR\",\"potentialAction\":[{\"@type\":\"ReadAction\",\"target\":[\"https:\\\/\\\/folhapopular.info\\\/index.php\\\/2018\\\/12\\\/10\\\/cerca-de-120-criancas-e-adultos-pedalaram-com-o-papai-noel-em-lajeado\\\/\"]}]},{\"@type\":\"ImageObject\",\"inLanguage\":\"pt-BR\",\"@id\":\"https:\\\/\\\/folhapopular.info\\\/index.php\\\/2018\\\/12\\\/10\\\/cerca-de-120-criancas-e-adultos-pedalaram-com-o-papai-noel-em-lajeado\\\/#primaryimage\",\"url\":\"https:\\\/\\\/folhapopular.info\\\/wp-content\\\/uploads\\\/2018\\\/12\\\/passeio03-e1544457756236.jpg\",\"contentUrl\":\"https:\\\/\\\/folhapopular.info\\\/wp-content\\\/uploads\\\/2018\\\/12\\\/passeio03-e1544457756236.jpg\",\"width\":800,\"height\":533,\"caption\":\"Passeio cicl\u00edstico percorreu o Centro de Lajeado com a participa\u00e7\u00e3o de adultos e crian\u00e7as\\\/ Cr\u00e9dito da foto: Simone Rockenbach\\\/ Divulga\u00e7\u00e3o\"},{\"@type\":\"BreadcrumbList\",\"@id\":\"https:\\\/\\\/folhapopular.info\\\/index.php\\\/2018\\\/12\\\/10\\\/cerca-de-120-criancas-e-adultos-pedalaram-com-o-papai-noel-em-lajeado\\\/#breadcrumb\",\"itemListElement\":[{\"@type\":\"ListItem\",\"position\":1,\"name\":\"In\u00edcio\",\"item\":\"https:\\\/\\\/folhapopular.info\\\/\"},{\"@type\":\"ListItem\",\"position\":2,\"name\":\"Cerca de 120 crian\u00e7as e adultos pedalaram com o Papai Noel em Lajeado\"}]},{\"@type\":\"WebSite\",\"@id\":\"https:\\\/\\\/folhapopular.info\\\/#website\",\"url\":\"https:\\\/\\\/folhapopular.info\\\/\",\"name\":\"Folha Popular\",\"description\":\"Onde voc\u00ea tem vez e voz\",\"potentialAction\":[{\"@type\":\"SearchAction\",\"target\":{\"@type\":\"EntryPoint\",\"urlTemplate\":\"https:\\\/\\\/folhapopular.info\\\/?s={search_term_string}\"},\"query-input\":{\"@type\":\"PropertyValueSpecification\",\"valueRequired\":true,\"valueName\":\"search_term_string\"}}],\"inLanguage\":\"pt-BR\"},{\"@type\":\"Person\",\"@id\":\"https:\\\/\\\/folhapopular.info\\\/#\\\/schema\\\/person\\\/2814e8a0df7643585a9ca38bc6eb9d4b\",\"name\":\"Reda\u00e7\u00e3o Folha Popular\",\"image\":{\"@type\":\"ImageObject\",\"inLanguage\":\"pt-BR\",\"@id\":\"https:\\\/\\\/folhapopular.info\\\/wp-content\\\/uploads\\\/2026\\\/04\\\/Folha-1.webp\",\"url\":\"https:\\\/\\\/folhapopular.info\\\/wp-content\\\/uploads\\\/2026\\\/04\\\/Folha-1.webp\",\"contentUrl\":\"https:\\\/\\\/folhapopular.info\\\/wp-content\\\/uploads\\\/2026\\\/04\\\/Folha-1.webp\",\"caption\":\"Reda\u00e7\u00e3o Folha Popular\"},\"url\":\"https:\\\/\\\/folhapopular.info\\\/index.php\\\/author\\\/redacao\\\/\"}]}<\/script>\n<!-- \/ Yoast SEO plugin. -->","yoast_head_json":{"title":"Cerca de 120 crian\u00e7as e adultos pedalaram com o Papai Noel em Lajeado - Folha Popular","robots":{"index":"index","follow":"follow","max-snippet":"max-snippet:-1","max-image-preview":"max-image-preview:large","max-video-preview":"max-video-preview:-1"},"canonical":"https:\/\/folhapopular.info\/index.php\/2018\/12\/10\/cerca-de-120-criancas-e-adultos-pedalaram-com-o-papai-noel-em-lajeado\/","og_locale":"pt_BR","og_type":"article","og_title":"Cerca de 120 crian\u00e7as e adultos pedalaram com o Papai Noel em Lajeado - Folha Popular","og_description":"O Pedalando com o Noel, realizado no domingo (09\/12) em Lajeado, contou com a participa\u00e7\u00e3o de cerca de 120 pessoas. Essa foi a segunda edi\u00e7\u00e3o do evento promovido pela CDL Jovem e que alcan\u00e7ou seus objetivos de reunir fam\u00edlias com uma atividade saud\u00e1vel e divertida. O passeio cicl\u00edstico teve \u00e0 frente o Papai Noel, que [&hellip;]","og_url":"https:\/\/folhapopular.info\/index.php\/2018\/12\/10\/cerca-de-120-criancas-e-adultos-pedalaram-com-o-papai-noel-em-lajeado\/","og_site_name":"Folha Popular","article_published_time":"2018-12-10T18:00:06+00:00","og_image":[{"width":800,"height":533,"url":"https:\/\/folhapopular.info\/wp-content\/uploads\/2018\/12\/passeio03-e1544457756236.jpg","type":"image\/jpeg"}],"author":"Reda\u00e7\u00e3o Folha Popular","twitter_card":"summary_large_image","twitter_misc":{"Escrito por":"Reda\u00e7\u00e3o Folha Popular","Est. tempo de leitura":"1 minuto"},"schema":{"@context":"https:\/\/schema.org","@graph":[{"@type":"Article","@id":"https:\/\/folhapopular.info\/index.php\/2018\/12\/10\/cerca-de-120-criancas-e-adultos-pedalaram-com-o-papai-noel-em-lajeado\/#article","isPartOf":{"@id":"https:\/\/folhapopular.info\/index.php\/2018\/12\/10\/cerca-de-120-criancas-e-adultos-pedalaram-com-o-papai-noel-em-lajeado\/"},"author":{"name":"Reda\u00e7\u00e3o Folha Popular","@id":"https:\/\/folhapopular.info\/#\/schema\/person\/2814e8a0df7643585a9ca38bc6eb9d4b"},"headline":"Cerca de 120 crian\u00e7as e adultos pedalaram com o Papai Noel em Lajeado","datePublished":"2018-12-10T18:00:06+00:00","mainEntityOfPage":{"@id":"https:\/\/folhapopular.info\/index.php\/2018\/12\/10\/cerca-de-120-criancas-e-adultos-pedalaram-com-o-papai-noel-em-lajeado\/"},"wordCount":247,"commentCount":0,"image":{"@id":"https:\/\/folhapopular.info\/index.php\/2018\/12\/10\/cerca-de-120-criancas-e-adultos-pedalaram-com-o-papai-noel-em-lajeado\/#primaryimage"},"thumbnailUrl":"https:\/\/folhapopular.info\/wp-content\/uploads\/2018\/12\/passeio03-e1544457756236.jpg","keywords":["CDL Jovem","Lajeado","Lajeado Brilha","Lojas Benoit","Parque Professor Theobaldo Dick","Pedalando com o Papai Noel"],"articleSection":["Destaques","Inclusive"],"inLanguage":"pt-BR","potentialAction":[{"@type":"CommentAction","name":"Comment","target":["https:\/\/folhapopular.info\/index.php\/2018\/12\/10\/cerca-de-120-criancas-e-adultos-pedalaram-com-o-papai-noel-em-lajeado\/#respond"]}]},{"@type":"WebPage","@id":"https:\/\/folhapopular.info\/index.php\/2018\/12\/10\/cerca-de-120-criancas-e-adultos-pedalaram-com-o-papai-noel-em-lajeado\/","url":"https:\/\/folhapopular.info\/index.php\/2018\/12\/10\/cerca-de-120-criancas-e-adultos-pedalaram-com-o-papai-noel-em-lajeado\/","name":"Cerca de 120 crian\u00e7as e adultos pedalaram com o Papai Noel em Lajeado - Folha Popular","isPartOf":{"@id":"https:\/\/folhapopular.info\/#website"},"primaryImageOfPage":{"@id":"https:\/\/folhapopular.info\/index.php\/2018\/12\/10\/cerca-de-120-criancas-e-adultos-pedalaram-com-o-papai-noel-em-lajeado\/#primaryimage"},"image":{"@id":"https:\/\/folhapopular.info\/index.php\/2018\/12\/10\/cerca-de-120-criancas-e-adultos-pedalaram-com-o-papai-noel-em-lajeado\/#primaryimage"},"thumbnailUrl":"https:\/\/folhapopular.info\/wp-content\/uploads\/2018\/12\/passeio03-e1544457756236.jpg","datePublished":"2018-12-10T18:00:06+00:00","author":{"@id":"https:\/\/folhapopular.info\/#\/schema\/person\/2814e8a0df7643585a9ca38bc6eb9d4b"},"breadcrumb":{"@id":"https:\/\/folhapopular.info\/index.php\/2018\/12\/10\/cerca-de-120-criancas-e-adultos-pedalaram-com-o-papai-noel-em-lajeado\/#breadcrumb"},"inLanguage":"pt-BR","potentialAction":[{"@type":"ReadAction","target":["https:\/\/folhapopular.info\/index.php\/2018\/12\/10\/cerca-de-120-criancas-e-adultos-pedalaram-com-o-papai-noel-em-lajeado\/"]}]},{"@type":"ImageObject","inLanguage":"pt-BR","@id":"https:\/\/folhapopular.info\/index.php\/2018\/12\/10\/cerca-de-120-criancas-e-adultos-pedalaram-com-o-papai-noel-em-lajeado\/#primaryimage","url":"https:\/\/folhapopular.info\/wp-content\/uploads\/2018\/12\/passeio03-e1544457756236.jpg","contentUrl":"https:\/\/folhapopular.info\/wp-content\/uploads\/2018\/12\/passeio03-e1544457756236.jpg","width":800,"height":533,"caption":"Passeio cicl\u00edstico percorreu o Centro de Lajeado com a participa\u00e7\u00e3o de adultos e crian\u00e7as\/ Cr\u00e9dito da foto: Simone Rockenbach\/ Divulga\u00e7\u00e3o"},{"@type":"BreadcrumbList","@id":"https:\/\/folhapopular.info\/index.php\/2018\/12\/10\/cerca-de-120-criancas-e-adultos-pedalaram-com-o-papai-noel-em-lajeado\/#breadcrumb","itemListElement":[{"@type":"ListItem","position":1,"name":"In\u00edcio","item":"https:\/\/folhapopular.info\/"},{"@type":"ListItem","position":2,"name":"Cerca de 120 crian\u00e7as e adultos pedalaram com o Papai Noel em Lajeado"}]},{"@type":"WebSite","@id":"https:\/\/folhapopular.info\/#website","url":"https:\/\/folhapopular.info\/","name":"Folha Popular","description":"Onde voc\u00ea tem vez e voz","potentialAction":[{"@type":"SearchAction","target":{"@type":"EntryPoint","urlTemplate":"https:\/\/folhapopular.info\/?s={search_term_string}"},"query-input":{"@type":"PropertyValueSpecification","valueRequired":true,"valueName":"search_term_string"}}],"inLanguage":"pt-BR"},{"@type":"Person","@id":"https:\/\/folhapopular.info\/#\/schema\/person\/2814e8a0df7643585a9ca38bc6eb9d4b","name":"Reda\u00e7\u00e3o Folha Popular","image":{"@type":"ImageObject","inLanguage":"pt-BR","@id":"https:\/\/folhapopular.info\/wp-content\/uploads\/2026\/04\/Folha-1.webp","url":"https:\/\/folhapopular.info\/wp-content\/uploads\/2026\/04\/Folha-1.webp","contentUrl":"https:\/\/folhapopular.info\/wp-content\/uploads\/2026\/04\/Folha-1.webp","caption":"Reda\u00e7\u00e3o Folha Popular"},"url":"https:\/\/folhapopular.info\/index.php\/author\/redacao\/"}]}},"jetpack_featured_media_url":"https:\/\/folhapopular.info\/wp-content\/uploads\/2018\/12\/passeio03-e1544457756236.jpg","jetpack_sharing_enabled":true,"amp_enabled":true,"_links":{"self":[{"href":"https:\/\/folhapopular.info\/index.php\/wp-json\/wp\/v2\/posts\/50824","targetHints":{"allow":["GET"]}}],"collection":[{"href":"https:\/\/folhapopular.info\/index.php\/wp-json\/wp\/v2\/posts"}],"about":[{"href":"https:\/\/folhapopular.info\/index.php\/wp-json\/wp\/v2\/types\/post"}],"author":[{"embeddable":true,"href":"https:\/\/folhapopular.info\/index.php\/wp-json\/wp\/v2\/users\/8"}],"replies":[{"embeddable":true,"href":"https:\/\/folhapopular.info\/index.php\/wp-json\/wp\/v2\/comments?post=50824"}],"version-history":[{"count":0,"href":"https:\/\/folhapopular.info\/index.php\/wp-json\/wp\/v2\/posts\/50824\/revisions"}],"wp:featuredmedia":[{"embeddable":true,"href":"https:\/\/folhapopular.info\/index.php\/wp-json\/wp\/v2\/media\/50825"}],"wp:attachment":[{"href":"https:\/\/folhapopular.info\/index.php\/wp-json\/wp\/v2\/media?parent=50824"}],"wp:term":[{"taxonomy":"category","embeddable":true,"href":"https:\/\/folhapopular.info\/index.php\/wp-json\/wp\/v2\/categories?post=50824"},{"taxonomy":"post_tag","embeddable":true,"href":"https:\/\/folhapopular.info\/index.php\/wp-json\/wp\/v2\/tags?post=50824"}],"curies":[{"name":"wp","href":"https:\/\/api.w.org\/{rel}","templated":true}]}}