{"id":51073,"date":"2018-12-14T15:30:11","date_gmt":"2018-12-14T17:30:11","guid":{"rendered":"http:\/\/folhapopular.info\/?p=51073"},"modified":"2018-12-14T15:04:41","modified_gmt":"2018-12-14T17:04:41","slug":"espetaculo-noite-feliz-sera-neste-sabado-em-carlos-barbosa","status":"publish","type":"post","link":"https:\/\/folhapopular.info\/index.php\/2018\/12\/14\/espetaculo-noite-feliz-sera-neste-sabado-em-carlos-barbosa\/","title":{"rendered":"Espet\u00e1culo Noite Feliz ser\u00e1 neste s\u00e1bado em Carlos Barbosa"},"content":{"rendered":"<p>O espet\u00e1culo Noite Feliz, do Centro de Patina\u00e7\u00e3o Rodas da Serra, proporcionar\u00e1 uma viagem incr\u00edvel e emocionante ao p\u00fablico neste s\u00e1bado (15\/12). Reunindo o real sentido do natal, como a fraternidade, o amor ao pr\u00f3ximo e a confraterniza\u00e7\u00e3o universal, a apresenta\u00e7\u00e3o abordar\u00e1 ainda o brilho e a magia desta \u00e9poca do ano, com a figura do bom velhinho.<\/p>\n<p>O evento, que integra a programa\u00e7\u00e3o do Natal no Caminho das Estrelas de Carlos Barbosa, ser\u00e1 realizado a partir das 20h30min no Palco da Esta\u00e7\u00e3o. Em caso de condi\u00e7\u00f5es clim\u00e1ticas desfavor\u00e1veis, o espet\u00e1culo Noite Feliz ser\u00e1 transferido para a Rua Coberta.<\/p>\n<p>O Natal no Caminho das Estrelas \u00e9 uma realiza\u00e7\u00e3o da prefeitura de Carlos Barbosa, por meio da Secretaria Municipal de Desenvolvimento Tur\u00edstico, Ind\u00fastria e Com\u00e9rcio, em conjunto com o Minist\u00e9rio da Cultura, atrav\u00e9s da Lei Rouanet e o SESC e conta com o apoio da Tramontina, CORSAN, Imply, Cooperativa Santa Clara, Construtora K\u00e4fer, ACBF &#8211; Associa\u00e7\u00e3o Carlos Barbosa de Futsal, Sicredi, Planos de Sa\u00fade Tacchimed, Hospital S\u00e3o Roque, Galvanotek Embalagens, Instituto Mix, Quatrun Aquecimento, Posto do Guerra, Espa\u00e7o Cultural Caravaggio, Vin\u00edcola Dom Naneto, Casa Pedrucci, Castellar, Artefatos de Concreto Fiorotto e tem como proponente a empresa S&amp;S Cultura, Turismo e Eventos.<\/p>\n","protected":false},"excerpt":{"rendered":"<p>O espet\u00e1culo Noite Feliz, do Centro de Patina\u00e7\u00e3o Rodas da Serra, proporcionar\u00e1 uma viagem incr\u00edvel e emocionante ao p\u00fablico neste s\u00e1bado (15\/12). Reunindo o real sentido do natal, como a fraternidade, o amor ao pr\u00f3ximo e a confraterniza\u00e7\u00e3o universal, a apresenta\u00e7\u00e3o abordar\u00e1 ainda o brilho e a magia desta \u00e9poca do ano, com a figura [&hellip;]<\/p>\n","protected":false},"author":8,"featured_media":51078,"comment_status":"open","ping_status":"open","sticky":false,"template":"","format":"standard","meta":{"pmpro_default_level":"","_jetpack_memberships_contains_paid_content":false,"footnotes":""},"categories":[6],"tags":[30,3919,3920,714],"class_list":{"0":"post-51073","1":"post","2":"type-post","3":"status-publish","4":"format-standard","5":"has-post-thumbnail","7":"category-inclusive","8":"tag-carlos-barbosa","9":"tag-espetaculo-noite-feliz","10":"tag-palco-da-estacao","11":"tag-rua-coberta","12":"pmpro-has-access"},"yoast_head":"<!-- This site is optimized with the Yoast SEO plugin v27.5 - https:\/\/yoast.com\/product\/yoast-seo-wordpress\/ -->\n<title>Espet\u00e1culo Noite Feliz ser\u00e1 neste s\u00e1bado em Carlos Barbosa - Folha Popular<\/title>\n<meta name=\"robots\" content=\"index, follow, max-snippet:-1, max-image-preview:large, max-video-preview:-1\" \/>\n<link rel=\"canonical\" href=\"https:\/\/folhapopular.info\/index.php\/2018\/12\/14\/espetaculo-noite-feliz-sera-neste-sabado-em-carlos-barbosa\/\" \/>\n<meta property=\"og:locale\" content=\"pt_BR\" \/>\n<meta property=\"og:type\" content=\"article\" \/>\n<meta property=\"og:title\" content=\"Espet\u00e1culo Noite Feliz ser\u00e1 neste s\u00e1bado em Carlos Barbosa - Folha Popular\" \/>\n<meta property=\"og:description\" content=\"O espet\u00e1culo Noite Feliz, do Centro de Patina\u00e7\u00e3o Rodas da Serra, proporcionar\u00e1 uma viagem incr\u00edvel e emocionante ao p\u00fablico neste s\u00e1bado (15\/12). Reunindo o real sentido do natal, como a fraternidade, o amor ao pr\u00f3ximo e a confraterniza\u00e7\u00e3o universal, a apresenta\u00e7\u00e3o abordar\u00e1 ainda o brilho e a magia desta \u00e9poca do ano, com a figura [&hellip;]\" \/>\n<meta property=\"og:url\" content=\"https:\/\/folhapopular.info\/index.php\/2018\/12\/14\/espetaculo-noite-feliz-sera-neste-sabado-em-carlos-barbosa\/\" \/>\n<meta property=\"og:site_name\" content=\"Folha Popular\" \/>\n<meta property=\"article:published_time\" content=\"2018-12-14T17:30:11+00:00\" \/>\n<meta property=\"og:image\" content=\"https:\/\/folhapopular.info\/wp-content\/uploads\/2018\/12\/2018_12_14_1544805080-e1544807034174.jpg\" \/>\n\t<meta property=\"og:image:width\" content=\"800\" \/>\n\t<meta property=\"og:image:height\" content=\"533\" \/>\n\t<meta property=\"og:image:type\" content=\"image\/jpeg\" \/>\n<meta name=\"author\" content=\"Reda\u00e7\u00e3o Folha Popular\" \/>\n<meta name=\"twitter:card\" content=\"summary_large_image\" \/>\n<meta name=\"twitter:label1\" content=\"Escrito por\" \/>\n\t<meta name=\"twitter:data1\" content=\"Reda\u00e7\u00e3o Folha Popular\" \/>\n\t<meta name=\"twitter:label2\" content=\"Est. tempo de leitura\" \/>\n\t<meta name=\"twitter:data2\" content=\"1 minuto\" \/>\n<script type=\"application\/ld+json\" class=\"yoast-schema-graph\">{\"@context\":\"https:\\\/\\\/schema.org\",\"@graph\":[{\"@type\":\"Article\",\"@id\":\"https:\\\/\\\/folhapopular.info\\\/index.php\\\/2018\\\/12\\\/14\\\/espetaculo-noite-feliz-sera-neste-sabado-em-carlos-barbosa\\\/#article\",\"isPartOf\":{\"@id\":\"https:\\\/\\\/folhapopular.info\\\/index.php\\\/2018\\\/12\\\/14\\\/espetaculo-noite-feliz-sera-neste-sabado-em-carlos-barbosa\\\/\"},\"author\":{\"name\":\"Reda\u00e7\u00e3o Folha Popular\",\"@id\":\"https:\\\/\\\/folhapopular.info\\\/#\\\/schema\\\/person\\\/2814e8a0df7643585a9ca38bc6eb9d4b\"},\"headline\":\"Espet\u00e1culo Noite Feliz ser\u00e1 neste s\u00e1bado em Carlos Barbosa\",\"datePublished\":\"2018-12-14T17:30:11+00:00\",\"mainEntityOfPage\":{\"@id\":\"https:\\\/\\\/folhapopular.info\\\/index.php\\\/2018\\\/12\\\/14\\\/espetaculo-noite-feliz-sera-neste-sabado-em-carlos-barbosa\\\/\"},\"wordCount\":238,\"commentCount\":0,\"image\":{\"@id\":\"https:\\\/\\\/folhapopular.info\\\/index.php\\\/2018\\\/12\\\/14\\\/espetaculo-noite-feliz-sera-neste-sabado-em-carlos-barbosa\\\/#primaryimage\"},\"thumbnailUrl\":\"https:\\\/\\\/folhapopular.info\\\/wp-content\\\/uploads\\\/2018\\\/12\\\/2018_12_14_1544805080-e1544807034174.jpg\",\"keywords\":[\"Carlos Barbosa\",\"Espet\u00e1culo Noite Feliz\",\"Palco da Esta\u00e7\u00e3o\",\"Rua Coberta\"],\"articleSection\":[\"Inclusive\"],\"inLanguage\":\"pt-BR\",\"potentialAction\":[{\"@type\":\"CommentAction\",\"name\":\"Comment\",\"target\":[\"https:\\\/\\\/folhapopular.info\\\/index.php\\\/2018\\\/12\\\/14\\\/espetaculo-noite-feliz-sera-neste-sabado-em-carlos-barbosa\\\/#respond\"]}]},{\"@type\":\"WebPage\",\"@id\":\"https:\\\/\\\/folhapopular.info\\\/index.php\\\/2018\\\/12\\\/14\\\/espetaculo-noite-feliz-sera-neste-sabado-em-carlos-barbosa\\\/\",\"url\":\"https:\\\/\\\/folhapopular.info\\\/index.php\\\/2018\\\/12\\\/14\\\/espetaculo-noite-feliz-sera-neste-sabado-em-carlos-barbosa\\\/\",\"name\":\"Espet\u00e1culo Noite Feliz ser\u00e1 neste s\u00e1bado em Carlos Barbosa - Folha Popular\",\"isPartOf\":{\"@id\":\"https:\\\/\\\/folhapopular.info\\\/#website\"},\"primaryImageOfPage\":{\"@id\":\"https:\\\/\\\/folhapopular.info\\\/index.php\\\/2018\\\/12\\\/14\\\/espetaculo-noite-feliz-sera-neste-sabado-em-carlos-barbosa\\\/#primaryimage\"},\"image\":{\"@id\":\"https:\\\/\\\/folhapopular.info\\\/index.php\\\/2018\\\/12\\\/14\\\/espetaculo-noite-feliz-sera-neste-sabado-em-carlos-barbosa\\\/#primaryimage\"},\"thumbnailUrl\":\"https:\\\/\\\/folhapopular.info\\\/wp-content\\\/uploads\\\/2018\\\/12\\\/2018_12_14_1544805080-e1544807034174.jpg\",\"datePublished\":\"2018-12-14T17:30:11+00:00\",\"author\":{\"@id\":\"https:\\\/\\\/folhapopular.info\\\/#\\\/schema\\\/person\\\/2814e8a0df7643585a9ca38bc6eb9d4b\"},\"breadcrumb\":{\"@id\":\"https:\\\/\\\/folhapopular.info\\\/index.php\\\/2018\\\/12\\\/14\\\/espetaculo-noite-feliz-sera-neste-sabado-em-carlos-barbosa\\\/#breadcrumb\"},\"inLanguage\":\"pt-BR\",\"potentialAction\":[{\"@type\":\"ReadAction\",\"target\":[\"https:\\\/\\\/folhapopular.info\\\/index.php\\\/2018\\\/12\\\/14\\\/espetaculo-noite-feliz-sera-neste-sabado-em-carlos-barbosa\\\/\"]}]},{\"@type\":\"ImageObject\",\"inLanguage\":\"pt-BR\",\"@id\":\"https:\\\/\\\/folhapopular.info\\\/index.php\\\/2018\\\/12\\\/14\\\/espetaculo-noite-feliz-sera-neste-sabado-em-carlos-barbosa\\\/#primaryimage\",\"url\":\"https:\\\/\\\/folhapopular.info\\\/wp-content\\\/uploads\\\/2018\\\/12\\\/2018_12_14_1544805080-e1544807034174.jpg\",\"contentUrl\":\"https:\\\/\\\/folhapopular.info\\\/wp-content\\\/uploads\\\/2018\\\/12\\\/2018_12_14_1544805080-e1544807034174.jpg\",\"width\":800,\"height\":533,\"caption\":\"Em caso de condi\u00e7\u00f5es clim\u00e1ticas desfavor\u00e1veis, o espet\u00e1culo Noite Feliz ser\u00e1 transferido para a Rua Coberta\"},{\"@type\":\"BreadcrumbList\",\"@id\":\"https:\\\/\\\/folhapopular.info\\\/index.php\\\/2018\\\/12\\\/14\\\/espetaculo-noite-feliz-sera-neste-sabado-em-carlos-barbosa\\\/#breadcrumb\",\"itemListElement\":[{\"@type\":\"ListItem\",\"position\":1,\"name\":\"In\u00edcio\",\"item\":\"https:\\\/\\\/folhapopular.info\\\/\"},{\"@type\":\"ListItem\",\"position\":2,\"name\":\"Espet\u00e1culo Noite Feliz ser\u00e1 neste s\u00e1bado em Carlos Barbosa\"}]},{\"@type\":\"WebSite\",\"@id\":\"https:\\\/\\\/folhapopular.info\\\/#website\",\"url\":\"https:\\\/\\\/folhapopular.info\\\/\",\"name\":\"Folha Popular\",\"description\":\"Onde voc\u00ea tem vez e voz\",\"potentialAction\":[{\"@type\":\"SearchAction\",\"target\":{\"@type\":\"EntryPoint\",\"urlTemplate\":\"https:\\\/\\\/folhapopular.info\\\/?s={search_term_string}\"},\"query-input\":{\"@type\":\"PropertyValueSpecification\",\"valueRequired\":true,\"valueName\":\"search_term_string\"}}],\"inLanguage\":\"pt-BR\"},{\"@type\":\"Person\",\"@id\":\"https:\\\/\\\/folhapopular.info\\\/#\\\/schema\\\/person\\\/2814e8a0df7643585a9ca38bc6eb9d4b\",\"name\":\"Reda\u00e7\u00e3o Folha Popular\",\"image\":{\"@type\":\"ImageObject\",\"inLanguage\":\"pt-BR\",\"@id\":\"https:\\\/\\\/folhapopular.info\\\/wp-content\\\/uploads\\\/2026\\\/04\\\/Folha-1.webp\",\"url\":\"https:\\\/\\\/folhapopular.info\\\/wp-content\\\/uploads\\\/2026\\\/04\\\/Folha-1.webp\",\"contentUrl\":\"https:\\\/\\\/folhapopular.info\\\/wp-content\\\/uploads\\\/2026\\\/04\\\/Folha-1.webp\",\"caption\":\"Reda\u00e7\u00e3o Folha Popular\"},\"url\":\"https:\\\/\\\/folhapopular.info\\\/index.php\\\/author\\\/redacao\\\/\"}]}<\/script>\n<!-- \/ Yoast SEO plugin. -->","yoast_head_json":{"title":"Espet\u00e1culo Noite Feliz ser\u00e1 neste s\u00e1bado em Carlos Barbosa - Folha Popular","robots":{"index":"index","follow":"follow","max-snippet":"max-snippet:-1","max-image-preview":"max-image-preview:large","max-video-preview":"max-video-preview:-1"},"canonical":"https:\/\/folhapopular.info\/index.php\/2018\/12\/14\/espetaculo-noite-feliz-sera-neste-sabado-em-carlos-barbosa\/","og_locale":"pt_BR","og_type":"article","og_title":"Espet\u00e1culo Noite Feliz ser\u00e1 neste s\u00e1bado em Carlos Barbosa - Folha Popular","og_description":"O espet\u00e1culo Noite Feliz, do Centro de Patina\u00e7\u00e3o Rodas da Serra, proporcionar\u00e1 uma viagem incr\u00edvel e emocionante ao p\u00fablico neste s\u00e1bado (15\/12). Reunindo o real sentido do natal, como a fraternidade, o amor ao pr\u00f3ximo e a confraterniza\u00e7\u00e3o universal, a apresenta\u00e7\u00e3o abordar\u00e1 ainda o brilho e a magia desta \u00e9poca do ano, com a figura [&hellip;]","og_url":"https:\/\/folhapopular.info\/index.php\/2018\/12\/14\/espetaculo-noite-feliz-sera-neste-sabado-em-carlos-barbosa\/","og_site_name":"Folha Popular","article_published_time":"2018-12-14T17:30:11+00:00","og_image":[{"width":800,"height":533,"url":"https:\/\/folhapopular.info\/wp-content\/uploads\/2018\/12\/2018_12_14_1544805080-e1544807034174.jpg","type":"image\/jpeg"}],"author":"Reda\u00e7\u00e3o Folha Popular","twitter_card":"summary_large_image","twitter_misc":{"Escrito por":"Reda\u00e7\u00e3o Folha Popular","Est. tempo de leitura":"1 minuto"},"schema":{"@context":"https:\/\/schema.org","@graph":[{"@type":"Article","@id":"https:\/\/folhapopular.info\/index.php\/2018\/12\/14\/espetaculo-noite-feliz-sera-neste-sabado-em-carlos-barbosa\/#article","isPartOf":{"@id":"https:\/\/folhapopular.info\/index.php\/2018\/12\/14\/espetaculo-noite-feliz-sera-neste-sabado-em-carlos-barbosa\/"},"author":{"name":"Reda\u00e7\u00e3o Folha Popular","@id":"https:\/\/folhapopular.info\/#\/schema\/person\/2814e8a0df7643585a9ca38bc6eb9d4b"},"headline":"Espet\u00e1culo Noite Feliz ser\u00e1 neste s\u00e1bado em Carlos Barbosa","datePublished":"2018-12-14T17:30:11+00:00","mainEntityOfPage":{"@id":"https:\/\/folhapopular.info\/index.php\/2018\/12\/14\/espetaculo-noite-feliz-sera-neste-sabado-em-carlos-barbosa\/"},"wordCount":238,"commentCount":0,"image":{"@id":"https:\/\/folhapopular.info\/index.php\/2018\/12\/14\/espetaculo-noite-feliz-sera-neste-sabado-em-carlos-barbosa\/#primaryimage"},"thumbnailUrl":"https:\/\/folhapopular.info\/wp-content\/uploads\/2018\/12\/2018_12_14_1544805080-e1544807034174.jpg","keywords":["Carlos Barbosa","Espet\u00e1culo Noite Feliz","Palco da Esta\u00e7\u00e3o","Rua Coberta"],"articleSection":["Inclusive"],"inLanguage":"pt-BR","potentialAction":[{"@type":"CommentAction","name":"Comment","target":["https:\/\/folhapopular.info\/index.php\/2018\/12\/14\/espetaculo-noite-feliz-sera-neste-sabado-em-carlos-barbosa\/#respond"]}]},{"@type":"WebPage","@id":"https:\/\/folhapopular.info\/index.php\/2018\/12\/14\/espetaculo-noite-feliz-sera-neste-sabado-em-carlos-barbosa\/","url":"https:\/\/folhapopular.info\/index.php\/2018\/12\/14\/espetaculo-noite-feliz-sera-neste-sabado-em-carlos-barbosa\/","name":"Espet\u00e1culo Noite Feliz ser\u00e1 neste s\u00e1bado em Carlos Barbosa - Folha Popular","isPartOf":{"@id":"https:\/\/folhapopular.info\/#website"},"primaryImageOfPage":{"@id":"https:\/\/folhapopular.info\/index.php\/2018\/12\/14\/espetaculo-noite-feliz-sera-neste-sabado-em-carlos-barbosa\/#primaryimage"},"image":{"@id":"https:\/\/folhapopular.info\/index.php\/2018\/12\/14\/espetaculo-noite-feliz-sera-neste-sabado-em-carlos-barbosa\/#primaryimage"},"thumbnailUrl":"https:\/\/folhapopular.info\/wp-content\/uploads\/2018\/12\/2018_12_14_1544805080-e1544807034174.jpg","datePublished":"2018-12-14T17:30:11+00:00","author":{"@id":"https:\/\/folhapopular.info\/#\/schema\/person\/2814e8a0df7643585a9ca38bc6eb9d4b"},"breadcrumb":{"@id":"https:\/\/folhapopular.info\/index.php\/2018\/12\/14\/espetaculo-noite-feliz-sera-neste-sabado-em-carlos-barbosa\/#breadcrumb"},"inLanguage":"pt-BR","potentialAction":[{"@type":"ReadAction","target":["https:\/\/folhapopular.info\/index.php\/2018\/12\/14\/espetaculo-noite-feliz-sera-neste-sabado-em-carlos-barbosa\/"]}]},{"@type":"ImageObject","inLanguage":"pt-BR","@id":"https:\/\/folhapopular.info\/index.php\/2018\/12\/14\/espetaculo-noite-feliz-sera-neste-sabado-em-carlos-barbosa\/#primaryimage","url":"https:\/\/folhapopular.info\/wp-content\/uploads\/2018\/12\/2018_12_14_1544805080-e1544807034174.jpg","contentUrl":"https:\/\/folhapopular.info\/wp-content\/uploads\/2018\/12\/2018_12_14_1544805080-e1544807034174.jpg","width":800,"height":533,"caption":"Em caso de condi\u00e7\u00f5es clim\u00e1ticas desfavor\u00e1veis, o espet\u00e1culo Noite Feliz ser\u00e1 transferido para a Rua Coberta"},{"@type":"BreadcrumbList","@id":"https:\/\/folhapopular.info\/index.php\/2018\/12\/14\/espetaculo-noite-feliz-sera-neste-sabado-em-carlos-barbosa\/#breadcrumb","itemListElement":[{"@type":"ListItem","position":1,"name":"In\u00edcio","item":"https:\/\/folhapopular.info\/"},{"@type":"ListItem","position":2,"name":"Espet\u00e1culo Noite Feliz ser\u00e1 neste s\u00e1bado em Carlos Barbosa"}]},{"@type":"WebSite","@id":"https:\/\/folhapopular.info\/#website","url":"https:\/\/folhapopular.info\/","name":"Folha Popular","description":"Onde voc\u00ea tem vez e voz","potentialAction":[{"@type":"SearchAction","target":{"@type":"EntryPoint","urlTemplate":"https:\/\/folhapopular.info\/?s={search_term_string}"},"query-input":{"@type":"PropertyValueSpecification","valueRequired":true,"valueName":"search_term_string"}}],"inLanguage":"pt-BR"},{"@type":"Person","@id":"https:\/\/folhapopular.info\/#\/schema\/person\/2814e8a0df7643585a9ca38bc6eb9d4b","name":"Reda\u00e7\u00e3o Folha Popular","image":{"@type":"ImageObject","inLanguage":"pt-BR","@id":"https:\/\/folhapopular.info\/wp-content\/uploads\/2026\/04\/Folha-1.webp","url":"https:\/\/folhapopular.info\/wp-content\/uploads\/2026\/04\/Folha-1.webp","contentUrl":"https:\/\/folhapopular.info\/wp-content\/uploads\/2026\/04\/Folha-1.webp","caption":"Reda\u00e7\u00e3o Folha Popular"},"url":"https:\/\/folhapopular.info\/index.php\/author\/redacao\/"}]}},"jetpack_featured_media_url":"https:\/\/folhapopular.info\/wp-content\/uploads\/2018\/12\/2018_12_14_1544805080-e1544807034174.jpg","jetpack_sharing_enabled":true,"amp_enabled":true,"_links":{"self":[{"href":"https:\/\/folhapopular.info\/index.php\/wp-json\/wp\/v2\/posts\/51073","targetHints":{"allow":["GET"]}}],"collection":[{"href":"https:\/\/folhapopular.info\/index.php\/wp-json\/wp\/v2\/posts"}],"about":[{"href":"https:\/\/folhapopular.info\/index.php\/wp-json\/wp\/v2\/types\/post"}],"author":[{"embeddable":true,"href":"https:\/\/folhapopular.info\/index.php\/wp-json\/wp\/v2\/users\/8"}],"replies":[{"embeddable":true,"href":"https:\/\/folhapopular.info\/index.php\/wp-json\/wp\/v2\/comments?post=51073"}],"version-history":[{"count":0,"href":"https:\/\/folhapopular.info\/index.php\/wp-json\/wp\/v2\/posts\/51073\/revisions"}],"wp:featuredmedia":[{"embeddable":true,"href":"https:\/\/folhapopular.info\/index.php\/wp-json\/wp\/v2\/media\/51078"}],"wp:attachment":[{"href":"https:\/\/folhapopular.info\/index.php\/wp-json\/wp\/v2\/media?parent=51073"}],"wp:term":[{"taxonomy":"category","embeddable":true,"href":"https:\/\/folhapopular.info\/index.php\/wp-json\/wp\/v2\/categories?post=51073"},{"taxonomy":"post_tag","embeddable":true,"href":"https:\/\/folhapopular.info\/index.php\/wp-json\/wp\/v2\/tags?post=51073"}],"curies":[{"name":"wp","href":"https:\/\/api.w.org\/{rel}","templated":true}]}}