{"id":51427,"date":"2018-12-20T17:00:36","date_gmt":"2018-12-20T19:00:36","guid":{"rendered":"http:\/\/folhapopular.info\/?p=51427"},"modified":"2018-12-20T10:08:23","modified_gmt":"2018-12-20T12:08:23","slug":"ultima-parada-de-natal-em-lajeado-ocorre-nesta-sexta-feira","status":"publish","type":"post","link":"https:\/\/folhapopular.info\/index.php\/2018\/12\/20\/ultima-parada-de-natal-em-lajeado-ocorre-nesta-sexta-feira\/","title":{"rendered":"\u00daltima Parada de Natal em Lajeado ocorre nesta sexta-feira"},"content":{"rendered":"\n<p>Na sexta-feira (21\/12) a comunidade regional ter\u00e1 um motivo a mais para visitar o Centro de Lajeado al\u00e9m do com\u00e9rcio aberto at\u00e9 as 21h. A partir das 20h ocorre a \u00faltima Parada de Natal, desfile do Lajeado Brilha 2018 que percorre a Rua Julio de Castilhos levando personagens, can\u00e7\u00f5es e sentimentos t\u00edpicos do per\u00edodo natalino. O trajeto inicia em frente \u00e0 Casa de Cultura e finaliza na Rua Tiradentes, com dura\u00e7\u00e3o aproximada de 30 minutos. A atra\u00e7\u00e3o \u00e9 gratuita e livre para todas as idades.<\/p>\n\n\n\n<p>O grupo \u00e9 dividido em alas, sendo tr\u00eas delas coreografadas por alunos da escola Empire of Dance: mam\u00e3es no\u00e9is, soldadinhos de chumbo e duendes. Atletas da Academia de Patina\u00e7\u00e3o Arte e Movimento representam bonecas, e membros da diretoria e funcion\u00e1rios de estabelecimentos participantes da campanha pedalam bicicletas especialmente decoradas para a ocasi\u00e3o. Uma Kombi garante a trilha sonora e um Fusca que transporta Mam\u00e3e Noel. O preferido das crian\u00e7as, o bom velhinho vem a bordo de seu tren\u00f3, e o Cedelinho fecha o desfile. Tamb\u00e9m participam Brilhetes e duendes que distribuem balas e pirulitos entre os espectadores.<\/p>\n\n\n\n<p>As Paradas de Natal s\u00e3o uma realiza\u00e7\u00e3o da CDL Lajeado e Minist\u00e9rio da Cultura. O patroc\u00ednio \u00e9 de Atlas Brasil Cal\u00e7ados, Florestal Alimentos, Sulg\u00e1s, Sicredi, Bremil, Benoit e Girando Sol; com apoio de Grupo Charrua, Gr\u00e1fica Cometa, Unimed, C\u00e2mara de Vereadores de Lajeado, Prefeitura de Lajeado, Bebidas Fruki e Grupo Independente.<\/p>\n\n\n\n<p><\/p>\n","protected":false},"excerpt":{"rendered":"<p>Na sexta-feira (21\/12) a comunidade regional ter\u00e1 um motivo a mais para visitar o Centro de Lajeado al\u00e9m do com\u00e9rcio aberto at\u00e9 as 21h. A partir das 20h ocorre a \u00faltima Parada de Natal, desfile do Lajeado Brilha 2018 que percorre a Rua Julio de Castilhos levando personagens, can\u00e7\u00f5es e sentimentos t\u00edpicos do per\u00edodo natalino. [&hellip;]<\/p>\n","protected":false},"author":8,"featured_media":51428,"comment_status":"open","ping_status":"open","sticky":false,"template":"","format":"standard","meta":{"pmpro_default_level":"","_jetpack_memberships_contains_paid_content":false,"footnotes":""},"categories":[6],"tags":[3991],"class_list":{"0":"post-51427","1":"post","2":"type-post","3":"status-publish","4":"format-standard","5":"has-post-thumbnail","7":"category-inclusive","8":"tag-rua-tiradentes","9":"pmpro-has-access"},"yoast_head":"<!-- This site is optimized with the Yoast SEO plugin v27.5 - https:\/\/yoast.com\/product\/yoast-seo-wordpress\/ -->\n<title>\u00daltima Parada de Natal em Lajeado ocorre nesta sexta-feira - Folha Popular<\/title>\n<meta name=\"robots\" content=\"index, follow, max-snippet:-1, max-image-preview:large, max-video-preview:-1\" \/>\n<link rel=\"canonical\" href=\"https:\/\/folhapopular.info\/index.php\/2018\/12\/20\/ultima-parada-de-natal-em-lajeado-ocorre-nesta-sexta-feira\/\" \/>\n<meta property=\"og:locale\" content=\"pt_BR\" \/>\n<meta property=\"og:type\" content=\"article\" \/>\n<meta property=\"og:title\" content=\"\u00daltima Parada de Natal em Lajeado ocorre nesta sexta-feira - Folha Popular\" \/>\n<meta property=\"og:description\" content=\"Na sexta-feira (21\/12) a comunidade regional ter\u00e1 um motivo a mais para visitar o Centro de Lajeado al\u00e9m do com\u00e9rcio aberto at\u00e9 as 21h. A partir das 20h ocorre a \u00faltima Parada de Natal, desfile do Lajeado Brilha 2018 que percorre a Rua Julio de Castilhos levando personagens, can\u00e7\u00f5es e sentimentos t\u00edpicos do per\u00edodo natalino. [&hellip;]\" \/>\n<meta property=\"og:url\" content=\"https:\/\/folhapopular.info\/index.php\/2018\/12\/20\/ultima-parada-de-natal-em-lajeado-ocorre-nesta-sexta-feira\/\" \/>\n<meta property=\"og:site_name\" content=\"Folha Popular\" \/>\n<meta property=\"article:published_time\" content=\"2018-12-20T19:00:36+00:00\" \/>\n<meta property=\"og:image\" content=\"https:\/\/folhapopular.info\/wp-content\/uploads\/2018\/12\/bicicletas-e1545307657168.jpg\" \/>\n\t<meta property=\"og:image:width\" content=\"800\" \/>\n\t<meta property=\"og:image:height\" content=\"533\" \/>\n\t<meta property=\"og:image:type\" content=\"image\/jpeg\" \/>\n<meta name=\"author\" content=\"Reda\u00e7\u00e3o Folha Popular\" \/>\n<meta name=\"twitter:card\" content=\"summary_large_image\" \/>\n<meta name=\"twitter:label1\" content=\"Escrito por\" \/>\n\t<meta name=\"twitter:data1\" content=\"Reda\u00e7\u00e3o Folha Popular\" \/>\n\t<meta name=\"twitter:label2\" content=\"Est. tempo de leitura\" \/>\n\t<meta name=\"twitter:data2\" content=\"1 minuto\" \/>\n<script type=\"application\/ld+json\" class=\"yoast-schema-graph\">{\"@context\":\"https:\\\/\\\/schema.org\",\"@graph\":[{\"@type\":\"Article\",\"@id\":\"https:\\\/\\\/folhapopular.info\\\/index.php\\\/2018\\\/12\\\/20\\\/ultima-parada-de-natal-em-lajeado-ocorre-nesta-sexta-feira\\\/#article\",\"isPartOf\":{\"@id\":\"https:\\\/\\\/folhapopular.info\\\/index.php\\\/2018\\\/12\\\/20\\\/ultima-parada-de-natal-em-lajeado-ocorre-nesta-sexta-feira\\\/\"},\"author\":{\"name\":\"Reda\u00e7\u00e3o Folha Popular\",\"@id\":\"https:\\\/\\\/folhapopular.info\\\/#\\\/schema\\\/person\\\/2814e8a0df7643585a9ca38bc6eb9d4b\"},\"headline\":\"\u00daltima Parada de Natal em Lajeado ocorre nesta sexta-feira\",\"datePublished\":\"2018-12-20T19:00:36+00:00\",\"mainEntityOfPage\":{\"@id\":\"https:\\\/\\\/folhapopular.info\\\/index.php\\\/2018\\\/12\\\/20\\\/ultima-parada-de-natal-em-lajeado-ocorre-nesta-sexta-feira\\\/\"},\"wordCount\":259,\"commentCount\":0,\"image\":{\"@id\":\"https:\\\/\\\/folhapopular.info\\\/index.php\\\/2018\\\/12\\\/20\\\/ultima-parada-de-natal-em-lajeado-ocorre-nesta-sexta-feira\\\/#primaryimage\"},\"thumbnailUrl\":\"https:\\\/\\\/folhapopular.info\\\/wp-content\\\/uploads\\\/2018\\\/12\\\/bicicletas-e1545307657168.jpg\",\"keywords\":[\"Rua Tiradentes\"],\"articleSection\":[\"Inclusive\"],\"inLanguage\":\"pt-BR\",\"potentialAction\":[{\"@type\":\"CommentAction\",\"name\":\"Comment\",\"target\":[\"https:\\\/\\\/folhapopular.info\\\/index.php\\\/2018\\\/12\\\/20\\\/ultima-parada-de-natal-em-lajeado-ocorre-nesta-sexta-feira\\\/#respond\"]}]},{\"@type\":\"WebPage\",\"@id\":\"https:\\\/\\\/folhapopular.info\\\/index.php\\\/2018\\\/12\\\/20\\\/ultima-parada-de-natal-em-lajeado-ocorre-nesta-sexta-feira\\\/\",\"url\":\"https:\\\/\\\/folhapopular.info\\\/index.php\\\/2018\\\/12\\\/20\\\/ultima-parada-de-natal-em-lajeado-ocorre-nesta-sexta-feira\\\/\",\"name\":\"\u00daltima Parada de Natal em Lajeado ocorre nesta sexta-feira - Folha Popular\",\"isPartOf\":{\"@id\":\"https:\\\/\\\/folhapopular.info\\\/#website\"},\"primaryImageOfPage\":{\"@id\":\"https:\\\/\\\/folhapopular.info\\\/index.php\\\/2018\\\/12\\\/20\\\/ultima-parada-de-natal-em-lajeado-ocorre-nesta-sexta-feira\\\/#primaryimage\"},\"image\":{\"@id\":\"https:\\\/\\\/folhapopular.info\\\/index.php\\\/2018\\\/12\\\/20\\\/ultima-parada-de-natal-em-lajeado-ocorre-nesta-sexta-feira\\\/#primaryimage\"},\"thumbnailUrl\":\"https:\\\/\\\/folhapopular.info\\\/wp-content\\\/uploads\\\/2018\\\/12\\\/bicicletas-e1545307657168.jpg\",\"datePublished\":\"2018-12-20T19:00:36+00:00\",\"author\":{\"@id\":\"https:\\\/\\\/folhapopular.info\\\/#\\\/schema\\\/person\\\/2814e8a0df7643585a9ca38bc6eb9d4b\"},\"breadcrumb\":{\"@id\":\"https:\\\/\\\/folhapopular.info\\\/index.php\\\/2018\\\/12\\\/20\\\/ultima-parada-de-natal-em-lajeado-ocorre-nesta-sexta-feira\\\/#breadcrumb\"},\"inLanguage\":\"pt-BR\",\"potentialAction\":[{\"@type\":\"ReadAction\",\"target\":[\"https:\\\/\\\/folhapopular.info\\\/index.php\\\/2018\\\/12\\\/20\\\/ultima-parada-de-natal-em-lajeado-ocorre-nesta-sexta-feira\\\/\"]}]},{\"@type\":\"ImageObject\",\"inLanguage\":\"pt-BR\",\"@id\":\"https:\\\/\\\/folhapopular.info\\\/index.php\\\/2018\\\/12\\\/20\\\/ultima-parada-de-natal-em-lajeado-ocorre-nesta-sexta-feira\\\/#primaryimage\",\"url\":\"https:\\\/\\\/folhapopular.info\\\/wp-content\\\/uploads\\\/2018\\\/12\\\/bicicletas-e1545307657168.jpg\",\"contentUrl\":\"https:\\\/\\\/folhapopular.info\\\/wp-content\\\/uploads\\\/2018\\\/12\\\/bicicletas-e1545307657168.jpg\",\"width\":800,\"height\":533,\"caption\":\"Membros da diretoria e funcion\u00e1rios de estabelecimentos participantes da campanha pedalam bicicletas especialmente decoradas\\\/ Cr\u00e9dito da foto: Simone Rockenbach\\\/ Divulga\u00e7\u00e3o\"},{\"@type\":\"BreadcrumbList\",\"@id\":\"https:\\\/\\\/folhapopular.info\\\/index.php\\\/2018\\\/12\\\/20\\\/ultima-parada-de-natal-em-lajeado-ocorre-nesta-sexta-feira\\\/#breadcrumb\",\"itemListElement\":[{\"@type\":\"ListItem\",\"position\":1,\"name\":\"In\u00edcio\",\"item\":\"https:\\\/\\\/folhapopular.info\\\/\"},{\"@type\":\"ListItem\",\"position\":2,\"name\":\"\u00daltima Parada de Natal em Lajeado ocorre nesta sexta-feira\"}]},{\"@type\":\"WebSite\",\"@id\":\"https:\\\/\\\/folhapopular.info\\\/#website\",\"url\":\"https:\\\/\\\/folhapopular.info\\\/\",\"name\":\"Folha Popular\",\"description\":\"Onde voc\u00ea tem vez e voz\",\"potentialAction\":[{\"@type\":\"SearchAction\",\"target\":{\"@type\":\"EntryPoint\",\"urlTemplate\":\"https:\\\/\\\/folhapopular.info\\\/?s={search_term_string}\"},\"query-input\":{\"@type\":\"PropertyValueSpecification\",\"valueRequired\":true,\"valueName\":\"search_term_string\"}}],\"inLanguage\":\"pt-BR\"},{\"@type\":\"Person\",\"@id\":\"https:\\\/\\\/folhapopular.info\\\/#\\\/schema\\\/person\\\/2814e8a0df7643585a9ca38bc6eb9d4b\",\"name\":\"Reda\u00e7\u00e3o Folha Popular\",\"image\":{\"@type\":\"ImageObject\",\"inLanguage\":\"pt-BR\",\"@id\":\"https:\\\/\\\/folhapopular.info\\\/wp-content\\\/uploads\\\/2026\\\/04\\\/Folha-1.webp\",\"url\":\"https:\\\/\\\/folhapopular.info\\\/wp-content\\\/uploads\\\/2026\\\/04\\\/Folha-1.webp\",\"contentUrl\":\"https:\\\/\\\/folhapopular.info\\\/wp-content\\\/uploads\\\/2026\\\/04\\\/Folha-1.webp\",\"caption\":\"Reda\u00e7\u00e3o Folha Popular\"},\"url\":\"https:\\\/\\\/folhapopular.info\\\/index.php\\\/author\\\/redacao\\\/\"}]}<\/script>\n<!-- \/ Yoast SEO plugin. -->","yoast_head_json":{"title":"\u00daltima Parada de Natal em Lajeado ocorre nesta sexta-feira - Folha Popular","robots":{"index":"index","follow":"follow","max-snippet":"max-snippet:-1","max-image-preview":"max-image-preview:large","max-video-preview":"max-video-preview:-1"},"canonical":"https:\/\/folhapopular.info\/index.php\/2018\/12\/20\/ultima-parada-de-natal-em-lajeado-ocorre-nesta-sexta-feira\/","og_locale":"pt_BR","og_type":"article","og_title":"\u00daltima Parada de Natal em Lajeado ocorre nesta sexta-feira - Folha Popular","og_description":"Na sexta-feira (21\/12) a comunidade regional ter\u00e1 um motivo a mais para visitar o Centro de Lajeado al\u00e9m do com\u00e9rcio aberto at\u00e9 as 21h. A partir das 20h ocorre a \u00faltima Parada de Natal, desfile do Lajeado Brilha 2018 que percorre a Rua Julio de Castilhos levando personagens, can\u00e7\u00f5es e sentimentos t\u00edpicos do per\u00edodo natalino. [&hellip;]","og_url":"https:\/\/folhapopular.info\/index.php\/2018\/12\/20\/ultima-parada-de-natal-em-lajeado-ocorre-nesta-sexta-feira\/","og_site_name":"Folha Popular","article_published_time":"2018-12-20T19:00:36+00:00","og_image":[{"width":800,"height":533,"url":"https:\/\/folhapopular.info\/wp-content\/uploads\/2018\/12\/bicicletas-e1545307657168.jpg","type":"image\/jpeg"}],"author":"Reda\u00e7\u00e3o Folha Popular","twitter_card":"summary_large_image","twitter_misc":{"Escrito por":"Reda\u00e7\u00e3o Folha Popular","Est. tempo de leitura":"1 minuto"},"schema":{"@context":"https:\/\/schema.org","@graph":[{"@type":"Article","@id":"https:\/\/folhapopular.info\/index.php\/2018\/12\/20\/ultima-parada-de-natal-em-lajeado-ocorre-nesta-sexta-feira\/#article","isPartOf":{"@id":"https:\/\/folhapopular.info\/index.php\/2018\/12\/20\/ultima-parada-de-natal-em-lajeado-ocorre-nesta-sexta-feira\/"},"author":{"name":"Reda\u00e7\u00e3o Folha Popular","@id":"https:\/\/folhapopular.info\/#\/schema\/person\/2814e8a0df7643585a9ca38bc6eb9d4b"},"headline":"\u00daltima Parada de Natal em Lajeado ocorre nesta sexta-feira","datePublished":"2018-12-20T19:00:36+00:00","mainEntityOfPage":{"@id":"https:\/\/folhapopular.info\/index.php\/2018\/12\/20\/ultima-parada-de-natal-em-lajeado-ocorre-nesta-sexta-feira\/"},"wordCount":259,"commentCount":0,"image":{"@id":"https:\/\/folhapopular.info\/index.php\/2018\/12\/20\/ultima-parada-de-natal-em-lajeado-ocorre-nesta-sexta-feira\/#primaryimage"},"thumbnailUrl":"https:\/\/folhapopular.info\/wp-content\/uploads\/2018\/12\/bicicletas-e1545307657168.jpg","keywords":["Rua Tiradentes"],"articleSection":["Inclusive"],"inLanguage":"pt-BR","potentialAction":[{"@type":"CommentAction","name":"Comment","target":["https:\/\/folhapopular.info\/index.php\/2018\/12\/20\/ultima-parada-de-natal-em-lajeado-ocorre-nesta-sexta-feira\/#respond"]}]},{"@type":"WebPage","@id":"https:\/\/folhapopular.info\/index.php\/2018\/12\/20\/ultima-parada-de-natal-em-lajeado-ocorre-nesta-sexta-feira\/","url":"https:\/\/folhapopular.info\/index.php\/2018\/12\/20\/ultima-parada-de-natal-em-lajeado-ocorre-nesta-sexta-feira\/","name":"\u00daltima Parada de Natal em Lajeado ocorre nesta sexta-feira - Folha Popular","isPartOf":{"@id":"https:\/\/folhapopular.info\/#website"},"primaryImageOfPage":{"@id":"https:\/\/folhapopular.info\/index.php\/2018\/12\/20\/ultima-parada-de-natal-em-lajeado-ocorre-nesta-sexta-feira\/#primaryimage"},"image":{"@id":"https:\/\/folhapopular.info\/index.php\/2018\/12\/20\/ultima-parada-de-natal-em-lajeado-ocorre-nesta-sexta-feira\/#primaryimage"},"thumbnailUrl":"https:\/\/folhapopular.info\/wp-content\/uploads\/2018\/12\/bicicletas-e1545307657168.jpg","datePublished":"2018-12-20T19:00:36+00:00","author":{"@id":"https:\/\/folhapopular.info\/#\/schema\/person\/2814e8a0df7643585a9ca38bc6eb9d4b"},"breadcrumb":{"@id":"https:\/\/folhapopular.info\/index.php\/2018\/12\/20\/ultima-parada-de-natal-em-lajeado-ocorre-nesta-sexta-feira\/#breadcrumb"},"inLanguage":"pt-BR","potentialAction":[{"@type":"ReadAction","target":["https:\/\/folhapopular.info\/index.php\/2018\/12\/20\/ultima-parada-de-natal-em-lajeado-ocorre-nesta-sexta-feira\/"]}]},{"@type":"ImageObject","inLanguage":"pt-BR","@id":"https:\/\/folhapopular.info\/index.php\/2018\/12\/20\/ultima-parada-de-natal-em-lajeado-ocorre-nesta-sexta-feira\/#primaryimage","url":"https:\/\/folhapopular.info\/wp-content\/uploads\/2018\/12\/bicicletas-e1545307657168.jpg","contentUrl":"https:\/\/folhapopular.info\/wp-content\/uploads\/2018\/12\/bicicletas-e1545307657168.jpg","width":800,"height":533,"caption":"Membros da diretoria e funcion\u00e1rios de estabelecimentos participantes da campanha pedalam bicicletas especialmente decoradas\/ Cr\u00e9dito da foto: Simone Rockenbach\/ Divulga\u00e7\u00e3o"},{"@type":"BreadcrumbList","@id":"https:\/\/folhapopular.info\/index.php\/2018\/12\/20\/ultima-parada-de-natal-em-lajeado-ocorre-nesta-sexta-feira\/#breadcrumb","itemListElement":[{"@type":"ListItem","position":1,"name":"In\u00edcio","item":"https:\/\/folhapopular.info\/"},{"@type":"ListItem","position":2,"name":"\u00daltima Parada de Natal em Lajeado ocorre nesta sexta-feira"}]},{"@type":"WebSite","@id":"https:\/\/folhapopular.info\/#website","url":"https:\/\/folhapopular.info\/","name":"Folha Popular","description":"Onde voc\u00ea tem vez e voz","potentialAction":[{"@type":"SearchAction","target":{"@type":"EntryPoint","urlTemplate":"https:\/\/folhapopular.info\/?s={search_term_string}"},"query-input":{"@type":"PropertyValueSpecification","valueRequired":true,"valueName":"search_term_string"}}],"inLanguage":"pt-BR"},{"@type":"Person","@id":"https:\/\/folhapopular.info\/#\/schema\/person\/2814e8a0df7643585a9ca38bc6eb9d4b","name":"Reda\u00e7\u00e3o Folha Popular","image":{"@type":"ImageObject","inLanguage":"pt-BR","@id":"https:\/\/folhapopular.info\/wp-content\/uploads\/2026\/04\/Folha-1.webp","url":"https:\/\/folhapopular.info\/wp-content\/uploads\/2026\/04\/Folha-1.webp","contentUrl":"https:\/\/folhapopular.info\/wp-content\/uploads\/2026\/04\/Folha-1.webp","caption":"Reda\u00e7\u00e3o Folha Popular"},"url":"https:\/\/folhapopular.info\/index.php\/author\/redacao\/"}]}},"jetpack_featured_media_url":"https:\/\/folhapopular.info\/wp-content\/uploads\/2018\/12\/bicicletas-e1545307657168.jpg","jetpack_sharing_enabled":true,"amp_enabled":true,"_links":{"self":[{"href":"https:\/\/folhapopular.info\/index.php\/wp-json\/wp\/v2\/posts\/51427","targetHints":{"allow":["GET"]}}],"collection":[{"href":"https:\/\/folhapopular.info\/index.php\/wp-json\/wp\/v2\/posts"}],"about":[{"href":"https:\/\/folhapopular.info\/index.php\/wp-json\/wp\/v2\/types\/post"}],"author":[{"embeddable":true,"href":"https:\/\/folhapopular.info\/index.php\/wp-json\/wp\/v2\/users\/8"}],"replies":[{"embeddable":true,"href":"https:\/\/folhapopular.info\/index.php\/wp-json\/wp\/v2\/comments?post=51427"}],"version-history":[{"count":0,"href":"https:\/\/folhapopular.info\/index.php\/wp-json\/wp\/v2\/posts\/51427\/revisions"}],"wp:featuredmedia":[{"embeddable":true,"href":"https:\/\/folhapopular.info\/index.php\/wp-json\/wp\/v2\/media\/51428"}],"wp:attachment":[{"href":"https:\/\/folhapopular.info\/index.php\/wp-json\/wp\/v2\/media?parent=51427"}],"wp:term":[{"taxonomy":"category","embeddable":true,"href":"https:\/\/folhapopular.info\/index.php\/wp-json\/wp\/v2\/categories?post=51427"},{"taxonomy":"post_tag","embeddable":true,"href":"https:\/\/folhapopular.info\/index.php\/wp-json\/wp\/v2\/tags?post=51427"}],"curies":[{"name":"wp","href":"https:\/\/api.w.org\/{rel}","templated":true}]}}