{"id":52579,"date":"2019-01-24T09:37:05","date_gmt":"2019-01-24T11:37:05","guid":{"rendered":"http:\/\/folhapopular.info\/?p=52579"},"modified":"2019-01-24T11:30:42","modified_gmt":"2019-01-24T13:30:42","slug":"sao-jose-e-o-primeiro-campeao-da-copa-teutonia-languiru","status":"publish","type":"post","link":"https:\/\/folhapopular.info\/index.php\/2019\/01\/24\/sao-jose-e-o-primeiro-campeao-da-copa-teutonia-languiru\/","title":{"rendered":"S\u00e3o Jos\u00e9 \u00e9 o primeiro campe\u00e3o da Copa Teut\u00f4nia Languiru"},"content":{"rendered":"\n<p class=\"has-drop-cap\">No final da tarde e in\u00edcio da noite desta quinta-feira (23\/01), o S\u00e3o Jos\u00e9 de Porto Alegre conquistou o primeiro t\u00edtulo da 13\u00aa Copa Teut\u00f4nia Cooperativa Languiru de Futebol Infanto-Juvenil. A equipe de Porto Alegre levou o t\u00edtulo ao superar o Manchister\/SC nas cobran\u00e7as de p\u00eanaltis.<\/p>\n\n\n\n<p>A final foi disputada no campo da Associa\u00e7\u00e3o dos Funcion\u00e1rios da Eleg\u00ea, no Bairro Languiru, pela categoria 2007. Ap\u00f3s empate sem gols (0x0) no tempo normal, o EC Clube S\u00e3o Jos\u00e9 A venceu o CFA Manchister por 5 a 4, nos p\u00eanaltis.<\/p>\n\n\n\n<p>A 13\u00aa Copa Teut\u00f4nia Languiru \u00e9 organizada pela Planeta Bola Eventos Esportivos, com patroc\u00ednio da Cooperativa Languiru e apoio da Administra\u00e7\u00e3o Municipal de Teut\u00f4nia.<\/p>\n\n\n\n<p><strong>Mais finais nesta quinta<\/strong><br>Nesta quinta-feira (24\/01), ser\u00e3o disputadas as demais finais da Copa Teut\u00f4nia. Os cinco jogos est\u00e3o marcados para o campo da SER Ga\u00facho, no Bairro Teut\u00f4nia:<br>08:30 &#8211; Cat. 2002 &#8211; Novo Hamburgo x Brasil<br>10:00 &#8211; Cat. 2003 &#8211; Novo Hamburgo x ACWD Trevo<br>11:30 &#8211; Cat. 2004 &#8211; Manchister\/SC x Juventus<br>14:30 &#8211; Cat. 2006 &#8211; Ernestina\/Gr\u00eamio x Cruzeiro<br>15:40 &#8211; Cat. 2005 &#8211; S\u00e3o Jos\u00e9 x Juventus\/Wizard<\/p>\n\n\n\n<p><strong>Destaques da categoria 2007<\/strong><br>Campe\u00e3o: EC S\u00e3o Jos\u00e9 A, de Porto Alegre<br>Vice-campe\u00e3o: CFA Manchister, de Palho\u00e7a (SC)<br>3\u00ba lugar: Nolifute, de Arroio do Meio\/Encantado<br>4\u00ba lugar: AERC Juventus, de Teut\u00f4nia<br>Artilheiro: Nicolas Pires, do CFA Manchister<br>Goleiro menos vazado: Jo\u00e3o Schmidt, do CFA Manchister<\/p>\n\n\n\n<ul class=\"wp-block-gallery columns-3 is-cropped wp-block-gallery-1 is-layout-flex wp-block-gallery-is-layout-flex\"><li class=\"blocks-gallery-item\"><figure><img loading=\"lazy\" decoding=\"async\" width=\"683\" height=\"1024\" src=\"https:\/\/folhapopular.info\/wp-content\/uploads\/2019\/01\/50544987_1006944123027120_399862932726349824_o-683x1024.jpg\" alt=\"\" data-id=\"52580\" data-link=\"https:\/\/folhapopular.info\/?attachment_id=52580\" class=\"wp-image-52580\" srcset=\"https:\/\/folhapopular.info\/wp-content\/uploads\/2019\/01\/50544987_1006944123027120_399862932726349824_o-683x1024.jpg 683w, https:\/\/folhapopular.info\/wp-content\/uploads\/2019\/01\/50544987_1006944123027120_399862932726349824_o-200x300.jpg 200w, https:\/\/folhapopular.info\/wp-content\/uploads\/2019\/01\/50544987_1006944123027120_399862932726349824_o-768x1152.jpg 768w, https:\/\/folhapopular.info\/wp-content\/uploads\/2019\/01\/50544987_1006944123027120_399862932726349824_o-696x1044.jpg 696w, https:\/\/folhapopular.info\/wp-content\/uploads\/2019\/01\/50544987_1006944123027120_399862932726349824_o-1068x1602.jpg 1068w, https:\/\/folhapopular.info\/wp-content\/uploads\/2019\/01\/50544987_1006944123027120_399862932726349824_o-280x420.jpg 280w, https:\/\/folhapopular.info\/wp-content\/uploads\/2019\/01\/50544987_1006944123027120_399862932726349824_o.jpg 1152w\" sizes=\"auto, (max-width: 683px) 100vw, 683px\" \/><figcaption>Jo\u00e3o Schmidt, do CFA Manchister, goleiro menos vazado<\/figcaption><\/figure><\/li><li class=\"blocks-gallery-item\"><figure><img loading=\"lazy\" decoding=\"async\" width=\"683\" height=\"1024\" src=\"https:\/\/folhapopular.info\/wp-content\/uploads\/2019\/01\/50537459_1006944113027121_3458570054881247232_o-683x1024.jpg\" alt=\"\" data-id=\"52583\" data-link=\"https:\/\/folhapopular.info\/?attachment_id=52583\" class=\"wp-image-52583\" srcset=\"https:\/\/folhapopular.info\/wp-content\/uploads\/2019\/01\/50537459_1006944113027121_3458570054881247232_o-683x1024.jpg 683w, https:\/\/folhapopular.info\/wp-content\/uploads\/2019\/01\/50537459_1006944113027121_3458570054881247232_o-200x300.jpg 200w, https:\/\/folhapopular.info\/wp-content\/uploads\/2019\/01\/50537459_1006944113027121_3458570054881247232_o-768x1152.jpg 768w, https:\/\/folhapopular.info\/wp-content\/uploads\/2019\/01\/50537459_1006944113027121_3458570054881247232_o-696x1044.jpg 696w, https:\/\/folhapopular.info\/wp-content\/uploads\/2019\/01\/50537459_1006944113027121_3458570054881247232_o-1068x1602.jpg 1068w, https:\/\/folhapopular.info\/wp-content\/uploads\/2019\/01\/50537459_1006944113027121_3458570054881247232_o-280x420.jpg 280w, https:\/\/folhapopular.info\/wp-content\/uploads\/2019\/01\/50537459_1006944113027121_3458570054881247232_o.jpg 1152w\" sizes=\"auto, (max-width: 683px) 100vw, 683px\" \/><figcaption>Nicolas Pires, do CFA Manchister, goleador da cat. 2007<\/figcaption><\/figure><\/li><li class=\"blocks-gallery-item\"><figure><img loading=\"lazy\" decoding=\"async\" width=\"1024\" height=\"683\" src=\"https:\/\/folhapopular.info\/wp-content\/uploads\/2019\/01\/50519313_1006944149693784_4989153853506060288_o-1024x683.jpg\" alt=\"\" data-id=\"52581\" data-link=\"https:\/\/folhapopular.info\/?attachment_id=52581\" class=\"wp-image-52581\" srcset=\"https:\/\/folhapopular.info\/wp-content\/uploads\/2019\/01\/50519313_1006944149693784_4989153853506060288_o-1024x683.jpg 1024w, https:\/\/folhapopular.info\/wp-content\/uploads\/2019\/01\/50519313_1006944149693784_4989153853506060288_o-300x200.jpg 300w, https:\/\/folhapopular.info\/wp-content\/uploads\/2019\/01\/50519313_1006944149693784_4989153853506060288_o-768x512.jpg 768w, https:\/\/folhapopular.info\/wp-content\/uploads\/2019\/01\/50519313_1006944149693784_4989153853506060288_o-696x464.jpg 696w, https:\/\/folhapopular.info\/wp-content\/uploads\/2019\/01\/50519313_1006944149693784_4989153853506060288_o-1068x712.jpg 1068w, https:\/\/folhapopular.info\/wp-content\/uploads\/2019\/01\/50519313_1006944149693784_4989153853506060288_o-630x420.jpg 630w, https:\/\/folhapopular.info\/wp-content\/uploads\/2019\/01\/50519313_1006944149693784_4989153853506060288_o.jpg 1728w\" sizes=\"auto, (max-width: 1024px) 100vw, 1024px\" \/><figcaption>Manchister\/SC ficou vice-campe\u00e3o na categoria 2007<\/figcaption><\/figure><\/li><\/ul>\n","protected":false},"excerpt":{"rendered":"<p>No final da tarde e in\u00edcio da noite desta quinta-feira (23\/01), o S\u00e3o Jos\u00e9 de Porto Alegre conquistou o primeiro t\u00edtulo da 13\u00aa Copa Teut\u00f4nia Cooperativa Languiru de Futebol Infanto-Juvenil. A equipe de Porto Alegre levou o t\u00edtulo ao superar o Manchister\/SC nas cobran\u00e7as de p\u00eanaltis. A final foi disputada no campo da Associa\u00e7\u00e3o dos [&hellip;]<\/p>\n","protected":false},"author":7,"featured_media":52582,"comment_status":"open","ping_status":"open","sticky":false,"template":"","format":"standard","meta":{"pmpro_default_level":"","_jetpack_memberships_contains_paid_content":false,"footnotes":""},"categories":[5,240],"tags":[2054],"class_list":{"0":"post-52579","1":"post","2":"type-post","3":"status-publish","4":"format-standard","5":"has-post-thumbnail","7":"category-esportes","8":"category-futebol-amador","9":"tag-copa-teutonia","10":"pmpro-has-access"},"yoast_head":"<!-- This site is optimized with the Yoast SEO plugin v27.5 - https:\/\/yoast.com\/product\/yoast-seo-wordpress\/ -->\n<title>S\u00e3o Jos\u00e9 \u00e9 o primeiro campe\u00e3o da Copa Teut\u00f4nia Languiru - Folha Popular<\/title>\n<meta name=\"robots\" content=\"index, follow, max-snippet:-1, max-image-preview:large, max-video-preview:-1\" \/>\n<link rel=\"canonical\" href=\"https:\/\/folhapopular.info\/index.php\/2019\/01\/24\/sao-jose-e-o-primeiro-campeao-da-copa-teutonia-languiru\/\" \/>\n<meta property=\"og:locale\" content=\"pt_BR\" \/>\n<meta property=\"og:type\" content=\"article\" \/>\n<meta property=\"og:title\" content=\"S\u00e3o Jos\u00e9 \u00e9 o primeiro campe\u00e3o da Copa Teut\u00f4nia Languiru - Folha Popular\" \/>\n<meta property=\"og:description\" content=\"No final da tarde e in\u00edcio da noite desta quinta-feira (23\/01), o S\u00e3o Jos\u00e9 de Porto Alegre conquistou o primeiro t\u00edtulo da 13\u00aa Copa Teut\u00f4nia Cooperativa Languiru de Futebol Infanto-Juvenil. A equipe de Porto Alegre levou o t\u00edtulo ao superar o Manchister\/SC nas cobran\u00e7as de p\u00eanaltis. A final foi disputada no campo da Associa\u00e7\u00e3o dos [&hellip;]\" \/>\n<meta property=\"og:url\" content=\"https:\/\/folhapopular.info\/index.php\/2019\/01\/24\/sao-jose-e-o-primeiro-campeao-da-copa-teutonia-languiru\/\" \/>\n<meta property=\"og:site_name\" content=\"Folha Popular\" \/>\n<meta property=\"article:published_time\" content=\"2019-01-24T11:37:05+00:00\" \/>\n<meta property=\"article:modified_time\" content=\"2019-01-24T13:30:42+00:00\" \/>\n<meta property=\"og:image\" content=\"https:\/\/folhapopular.info\/wp-content\/uploads\/2019\/01\/50524831_1006944349693764_659774399062212608_o.jpg\" \/>\n\t<meta property=\"og:image:width\" content=\"1728\" \/>\n\t<meta property=\"og:image:height\" content=\"1152\" \/>\n\t<meta property=\"og:image:type\" content=\"image\/jpeg\" \/>\n<meta name=\"author\" content=\"Lucas Leandro Brune\" \/>\n<meta name=\"twitter:card\" content=\"summary_large_image\" \/>\n<meta name=\"twitter:label1\" content=\"Escrito por\" \/>\n\t<meta name=\"twitter:data1\" content=\"Lucas Leandro Brune\" \/>\n\t<meta name=\"twitter:label2\" content=\"Est. tempo de leitura\" \/>\n\t<meta name=\"twitter:data2\" content=\"1 minuto\" \/>\n<script type=\"application\/ld+json\" class=\"yoast-schema-graph\">{\"@context\":\"https:\\\/\\\/schema.org\",\"@graph\":[{\"@type\":\"Article\",\"@id\":\"https:\\\/\\\/folhapopular.info\\\/index.php\\\/2019\\\/01\\\/24\\\/sao-jose-e-o-primeiro-campeao-da-copa-teutonia-languiru\\\/#article\",\"isPartOf\":{\"@id\":\"https:\\\/\\\/folhapopular.info\\\/index.php\\\/2019\\\/01\\\/24\\\/sao-jose-e-o-primeiro-campeao-da-copa-teutonia-languiru\\\/\"},\"author\":{\"name\":\"Lucas Leandro Brune\",\"@id\":\"https:\\\/\\\/folhapopular.info\\\/#\\\/schema\\\/person\\\/533a15f60cd49e81ab3a90b4ca33cb36\"},\"headline\":\"S\u00e3o Jos\u00e9 \u00e9 o primeiro campe\u00e3o da Copa Teut\u00f4nia Languiru\",\"datePublished\":\"2019-01-24T11:37:05+00:00\",\"dateModified\":\"2019-01-24T13:30:42+00:00\",\"mainEntityOfPage\":{\"@id\":\"https:\\\/\\\/folhapopular.info\\\/index.php\\\/2019\\\/01\\\/24\\\/sao-jose-e-o-primeiro-campeao-da-copa-teutonia-languiru\\\/\"},\"wordCount\":276,\"commentCount\":0,\"image\":{\"@id\":\"https:\\\/\\\/folhapopular.info\\\/index.php\\\/2019\\\/01\\\/24\\\/sao-jose-e-o-primeiro-campeao-da-copa-teutonia-languiru\\\/#primaryimage\"},\"thumbnailUrl\":\"https:\\\/\\\/folhapopular.info\\\/wp-content\\\/uploads\\\/2019\\\/01\\\/50524831_1006944349693764_659774399062212608_o.jpg\",\"keywords\":[\"Copa Teut\u00f4nia\"],\"articleSection\":[\"Esportes\",\"Futebol Amador\"],\"inLanguage\":\"pt-BR\",\"potentialAction\":[{\"@type\":\"CommentAction\",\"name\":\"Comment\",\"target\":[\"https:\\\/\\\/folhapopular.info\\\/index.php\\\/2019\\\/01\\\/24\\\/sao-jose-e-o-primeiro-campeao-da-copa-teutonia-languiru\\\/#respond\"]}]},{\"@type\":\"WebPage\",\"@id\":\"https:\\\/\\\/folhapopular.info\\\/index.php\\\/2019\\\/01\\\/24\\\/sao-jose-e-o-primeiro-campeao-da-copa-teutonia-languiru\\\/\",\"url\":\"https:\\\/\\\/folhapopular.info\\\/index.php\\\/2019\\\/01\\\/24\\\/sao-jose-e-o-primeiro-campeao-da-copa-teutonia-languiru\\\/\",\"name\":\"S\u00e3o Jos\u00e9 \u00e9 o primeiro campe\u00e3o da Copa Teut\u00f4nia Languiru - Folha Popular\",\"isPartOf\":{\"@id\":\"https:\\\/\\\/folhapopular.info\\\/#website\"},\"primaryImageOfPage\":{\"@id\":\"https:\\\/\\\/folhapopular.info\\\/index.php\\\/2019\\\/01\\\/24\\\/sao-jose-e-o-primeiro-campeao-da-copa-teutonia-languiru\\\/#primaryimage\"},\"image\":{\"@id\":\"https:\\\/\\\/folhapopular.info\\\/index.php\\\/2019\\\/01\\\/24\\\/sao-jose-e-o-primeiro-campeao-da-copa-teutonia-languiru\\\/#primaryimage\"},\"thumbnailUrl\":\"https:\\\/\\\/folhapopular.info\\\/wp-content\\\/uploads\\\/2019\\\/01\\\/50524831_1006944349693764_659774399062212608_o.jpg\",\"datePublished\":\"2019-01-24T11:37:05+00:00\",\"dateModified\":\"2019-01-24T13:30:42+00:00\",\"author\":{\"@id\":\"https:\\\/\\\/folhapopular.info\\\/#\\\/schema\\\/person\\\/533a15f60cd49e81ab3a90b4ca33cb36\"},\"breadcrumb\":{\"@id\":\"https:\\\/\\\/folhapopular.info\\\/index.php\\\/2019\\\/01\\\/24\\\/sao-jose-e-o-primeiro-campeao-da-copa-teutonia-languiru\\\/#breadcrumb\"},\"inLanguage\":\"pt-BR\",\"potentialAction\":[{\"@type\":\"ReadAction\",\"target\":[\"https:\\\/\\\/folhapopular.info\\\/index.php\\\/2019\\\/01\\\/24\\\/sao-jose-e-o-primeiro-campeao-da-copa-teutonia-languiru\\\/\"]}]},{\"@type\":\"ImageObject\",\"inLanguage\":\"pt-BR\",\"@id\":\"https:\\\/\\\/folhapopular.info\\\/index.php\\\/2019\\\/01\\\/24\\\/sao-jose-e-o-primeiro-campeao-da-copa-teutonia-languiru\\\/#primaryimage\",\"url\":\"https:\\\/\\\/folhapopular.info\\\/wp-content\\\/uploads\\\/2019\\\/01\\\/50524831_1006944349693764_659774399062212608_o.jpg\",\"contentUrl\":\"https:\\\/\\\/folhapopular.info\\\/wp-content\\\/uploads\\\/2019\\\/01\\\/50524831_1006944349693764_659774399062212608_o.jpg\",\"width\":1728,\"height\":1152,\"caption\":\"S\u00e3o Jos\u00e9 conquistou o t\u00edtulo nos p\u00eanaltis sobre o Manchister na categoria 2007\"},{\"@type\":\"BreadcrumbList\",\"@id\":\"https:\\\/\\\/folhapopular.info\\\/index.php\\\/2019\\\/01\\\/24\\\/sao-jose-e-o-primeiro-campeao-da-copa-teutonia-languiru\\\/#breadcrumb\",\"itemListElement\":[{\"@type\":\"ListItem\",\"position\":1,\"name\":\"In\u00edcio\",\"item\":\"https:\\\/\\\/folhapopular.info\\\/\"},{\"@type\":\"ListItem\",\"position\":2,\"name\":\"S\u00e3o Jos\u00e9 \u00e9 o primeiro campe\u00e3o da Copa Teut\u00f4nia Languiru\"}]},{\"@type\":\"WebSite\",\"@id\":\"https:\\\/\\\/folhapopular.info\\\/#website\",\"url\":\"https:\\\/\\\/folhapopular.info\\\/\",\"name\":\"Folha Popular\",\"description\":\"Onde voc\u00ea tem vez e voz\",\"potentialAction\":[{\"@type\":\"SearchAction\",\"target\":{\"@type\":\"EntryPoint\",\"urlTemplate\":\"https:\\\/\\\/folhapopular.info\\\/?s={search_term_string}\"},\"query-input\":{\"@type\":\"PropertyValueSpecification\",\"valueRequired\":true,\"valueName\":\"search_term_string\"}}],\"inLanguage\":\"pt-BR\"},{\"@type\":\"Person\",\"@id\":\"https:\\\/\\\/folhapopular.info\\\/#\\\/schema\\\/person\\\/533a15f60cd49e81ab3a90b4ca33cb36\",\"name\":\"Lucas Leandro Brune\",\"image\":{\"@type\":\"ImageObject\",\"inLanguage\":\"pt-BR\",\"@id\":\"https:\\\/\\\/folhapopular.info\\\/wp-content\\\/uploads\\\/2026\\\/04\\\/LUCAS-1-1.webp\",\"url\":\"https:\\\/\\\/folhapopular.info\\\/wp-content\\\/uploads\\\/2026\\\/04\\\/LUCAS-1-1.webp\",\"contentUrl\":\"https:\\\/\\\/folhapopular.info\\\/wp-content\\\/uploads\\\/2026\\\/04\\\/LUCAS-1-1.webp\",\"caption\":\"Lucas Leandro Brune\"},\"description\":\"Jornalista Profissional Diplomado MTB\\\/RS 14.333\",\"url\":\"https:\\\/\\\/folhapopular.info\\\/index.php\\\/author\\\/lucas-brune\\\/\"}]}<\/script>\n<!-- \/ Yoast SEO plugin. -->","yoast_head_json":{"title":"S\u00e3o Jos\u00e9 \u00e9 o primeiro campe\u00e3o da Copa Teut\u00f4nia Languiru - Folha Popular","robots":{"index":"index","follow":"follow","max-snippet":"max-snippet:-1","max-image-preview":"max-image-preview:large","max-video-preview":"max-video-preview:-1"},"canonical":"https:\/\/folhapopular.info\/index.php\/2019\/01\/24\/sao-jose-e-o-primeiro-campeao-da-copa-teutonia-languiru\/","og_locale":"pt_BR","og_type":"article","og_title":"S\u00e3o Jos\u00e9 \u00e9 o primeiro campe\u00e3o da Copa Teut\u00f4nia Languiru - Folha Popular","og_description":"No final da tarde e in\u00edcio da noite desta quinta-feira (23\/01), o S\u00e3o Jos\u00e9 de Porto Alegre conquistou o primeiro t\u00edtulo da 13\u00aa Copa Teut\u00f4nia Cooperativa Languiru de Futebol Infanto-Juvenil. A equipe de Porto Alegre levou o t\u00edtulo ao superar o Manchister\/SC nas cobran\u00e7as de p\u00eanaltis. A final foi disputada no campo da Associa\u00e7\u00e3o dos [&hellip;]","og_url":"https:\/\/folhapopular.info\/index.php\/2019\/01\/24\/sao-jose-e-o-primeiro-campeao-da-copa-teutonia-languiru\/","og_site_name":"Folha Popular","article_published_time":"2019-01-24T11:37:05+00:00","article_modified_time":"2019-01-24T13:30:42+00:00","og_image":[{"width":1728,"height":1152,"url":"https:\/\/folhapopular.info\/wp-content\/uploads\/2019\/01\/50524831_1006944349693764_659774399062212608_o.jpg","type":"image\/jpeg"}],"author":"Lucas Leandro Brune","twitter_card":"summary_large_image","twitter_misc":{"Escrito por":"Lucas Leandro Brune","Est. tempo de leitura":"1 minuto"},"schema":{"@context":"https:\/\/schema.org","@graph":[{"@type":"Article","@id":"https:\/\/folhapopular.info\/index.php\/2019\/01\/24\/sao-jose-e-o-primeiro-campeao-da-copa-teutonia-languiru\/#article","isPartOf":{"@id":"https:\/\/folhapopular.info\/index.php\/2019\/01\/24\/sao-jose-e-o-primeiro-campeao-da-copa-teutonia-languiru\/"},"author":{"name":"Lucas Leandro Brune","@id":"https:\/\/folhapopular.info\/#\/schema\/person\/533a15f60cd49e81ab3a90b4ca33cb36"},"headline":"S\u00e3o Jos\u00e9 \u00e9 o primeiro campe\u00e3o da Copa Teut\u00f4nia Languiru","datePublished":"2019-01-24T11:37:05+00:00","dateModified":"2019-01-24T13:30:42+00:00","mainEntityOfPage":{"@id":"https:\/\/folhapopular.info\/index.php\/2019\/01\/24\/sao-jose-e-o-primeiro-campeao-da-copa-teutonia-languiru\/"},"wordCount":276,"commentCount":0,"image":{"@id":"https:\/\/folhapopular.info\/index.php\/2019\/01\/24\/sao-jose-e-o-primeiro-campeao-da-copa-teutonia-languiru\/#primaryimage"},"thumbnailUrl":"https:\/\/folhapopular.info\/wp-content\/uploads\/2019\/01\/50524831_1006944349693764_659774399062212608_o.jpg","keywords":["Copa Teut\u00f4nia"],"articleSection":["Esportes","Futebol Amador"],"inLanguage":"pt-BR","potentialAction":[{"@type":"CommentAction","name":"Comment","target":["https:\/\/folhapopular.info\/index.php\/2019\/01\/24\/sao-jose-e-o-primeiro-campeao-da-copa-teutonia-languiru\/#respond"]}]},{"@type":"WebPage","@id":"https:\/\/folhapopular.info\/index.php\/2019\/01\/24\/sao-jose-e-o-primeiro-campeao-da-copa-teutonia-languiru\/","url":"https:\/\/folhapopular.info\/index.php\/2019\/01\/24\/sao-jose-e-o-primeiro-campeao-da-copa-teutonia-languiru\/","name":"S\u00e3o Jos\u00e9 \u00e9 o primeiro campe\u00e3o da Copa Teut\u00f4nia Languiru - Folha Popular","isPartOf":{"@id":"https:\/\/folhapopular.info\/#website"},"primaryImageOfPage":{"@id":"https:\/\/folhapopular.info\/index.php\/2019\/01\/24\/sao-jose-e-o-primeiro-campeao-da-copa-teutonia-languiru\/#primaryimage"},"image":{"@id":"https:\/\/folhapopular.info\/index.php\/2019\/01\/24\/sao-jose-e-o-primeiro-campeao-da-copa-teutonia-languiru\/#primaryimage"},"thumbnailUrl":"https:\/\/folhapopular.info\/wp-content\/uploads\/2019\/01\/50524831_1006944349693764_659774399062212608_o.jpg","datePublished":"2019-01-24T11:37:05+00:00","dateModified":"2019-01-24T13:30:42+00:00","author":{"@id":"https:\/\/folhapopular.info\/#\/schema\/person\/533a15f60cd49e81ab3a90b4ca33cb36"},"breadcrumb":{"@id":"https:\/\/folhapopular.info\/index.php\/2019\/01\/24\/sao-jose-e-o-primeiro-campeao-da-copa-teutonia-languiru\/#breadcrumb"},"inLanguage":"pt-BR","potentialAction":[{"@type":"ReadAction","target":["https:\/\/folhapopular.info\/index.php\/2019\/01\/24\/sao-jose-e-o-primeiro-campeao-da-copa-teutonia-languiru\/"]}]},{"@type":"ImageObject","inLanguage":"pt-BR","@id":"https:\/\/folhapopular.info\/index.php\/2019\/01\/24\/sao-jose-e-o-primeiro-campeao-da-copa-teutonia-languiru\/#primaryimage","url":"https:\/\/folhapopular.info\/wp-content\/uploads\/2019\/01\/50524831_1006944349693764_659774399062212608_o.jpg","contentUrl":"https:\/\/folhapopular.info\/wp-content\/uploads\/2019\/01\/50524831_1006944349693764_659774399062212608_o.jpg","width":1728,"height":1152,"caption":"S\u00e3o Jos\u00e9 conquistou o t\u00edtulo nos p\u00eanaltis sobre o Manchister na categoria 2007"},{"@type":"BreadcrumbList","@id":"https:\/\/folhapopular.info\/index.php\/2019\/01\/24\/sao-jose-e-o-primeiro-campeao-da-copa-teutonia-languiru\/#breadcrumb","itemListElement":[{"@type":"ListItem","position":1,"name":"In\u00edcio","item":"https:\/\/folhapopular.info\/"},{"@type":"ListItem","position":2,"name":"S\u00e3o Jos\u00e9 \u00e9 o primeiro campe\u00e3o da Copa Teut\u00f4nia Languiru"}]},{"@type":"WebSite","@id":"https:\/\/folhapopular.info\/#website","url":"https:\/\/folhapopular.info\/","name":"Folha Popular","description":"Onde voc\u00ea tem vez e voz","potentialAction":[{"@type":"SearchAction","target":{"@type":"EntryPoint","urlTemplate":"https:\/\/folhapopular.info\/?s={search_term_string}"},"query-input":{"@type":"PropertyValueSpecification","valueRequired":true,"valueName":"search_term_string"}}],"inLanguage":"pt-BR"},{"@type":"Person","@id":"https:\/\/folhapopular.info\/#\/schema\/person\/533a15f60cd49e81ab3a90b4ca33cb36","name":"Lucas Leandro Brune","image":{"@type":"ImageObject","inLanguage":"pt-BR","@id":"https:\/\/folhapopular.info\/wp-content\/uploads\/2026\/04\/LUCAS-1-1.webp","url":"https:\/\/folhapopular.info\/wp-content\/uploads\/2026\/04\/LUCAS-1-1.webp","contentUrl":"https:\/\/folhapopular.info\/wp-content\/uploads\/2026\/04\/LUCAS-1-1.webp","caption":"Lucas Leandro Brune"},"description":"Jornalista Profissional Diplomado MTB\/RS 14.333","url":"https:\/\/folhapopular.info\/index.php\/author\/lucas-brune\/"}]}},"jetpack_featured_media_url":"https:\/\/folhapopular.info\/wp-content\/uploads\/2019\/01\/50524831_1006944349693764_659774399062212608_o.jpg","jetpack_sharing_enabled":true,"amp_enabled":true,"_links":{"self":[{"href":"https:\/\/folhapopular.info\/index.php\/wp-json\/wp\/v2\/posts\/52579","targetHints":{"allow":["GET"]}}],"collection":[{"href":"https:\/\/folhapopular.info\/index.php\/wp-json\/wp\/v2\/posts"}],"about":[{"href":"https:\/\/folhapopular.info\/index.php\/wp-json\/wp\/v2\/types\/post"}],"author":[{"embeddable":true,"href":"https:\/\/folhapopular.info\/index.php\/wp-json\/wp\/v2\/users\/7"}],"replies":[{"embeddable":true,"href":"https:\/\/folhapopular.info\/index.php\/wp-json\/wp\/v2\/comments?post=52579"}],"version-history":[{"count":0,"href":"https:\/\/folhapopular.info\/index.php\/wp-json\/wp\/v2\/posts\/52579\/revisions"}],"wp:featuredmedia":[{"embeddable":true,"href":"https:\/\/folhapopular.info\/index.php\/wp-json\/wp\/v2\/media\/52582"}],"wp:attachment":[{"href":"https:\/\/folhapopular.info\/index.php\/wp-json\/wp\/v2\/media?parent=52579"}],"wp:term":[{"taxonomy":"category","embeddable":true,"href":"https:\/\/folhapopular.info\/index.php\/wp-json\/wp\/v2\/categories?post=52579"},{"taxonomy":"post_tag","embeddable":true,"href":"https:\/\/folhapopular.info\/index.php\/wp-json\/wp\/v2\/tags?post=52579"}],"curies":[{"name":"wp","href":"https:\/\/api.w.org\/{rel}","templated":true}]}}