{"id":52757,"date":"2019-01-29T13:00:37","date_gmt":"2019-01-29T15:00:37","guid":{"rendered":"http:\/\/folhapopular.info\/?p=52757"},"modified":"2019-01-29T09:45:09","modified_gmt":"2019-01-29T11:45:09","slug":"univates-promove-evento-na-area-de-biotecnologia-para-universitarios-gauchos","status":"publish","type":"post","link":"https:\/\/folhapopular.info\/index.php\/2019\/01\/29\/univates-promove-evento-na-area-de-biotecnologia-para-universitarios-gauchos\/","title":{"rendered":"Univates promove evento na \u00e1rea de Biotecnologia para universit\u00e1rios ga\u00fachos"},"content":{"rendered":"\n<p>A Escola de Ver\u00e3o em Biotecnologia objetiva despertar o interesse dos alunos de gradua\u00e7\u00e3o dessa \u00e1rea. O encontro teve in\u00edcio nesta segunda-feira (28\/01), na Universidade do Vale do Taquari &#8211; Univates e segue at\u00e9 sexta-feira (1\u00ba\/02). As atividades re\u00fanem 21 estudantes de gradua\u00e7\u00e3o das institui\u00e7\u00f5es de ensino: Universidade Estadual do Rio Grande do Sul (Uergs), Universidade de Santa Cruz do Sul (Unisc), Universidade Federal de Pelotas (UFPel), Instituto Federal do Rio Grande do Sul (IFRS), Universidade Federal de Ci\u00eancias da Sa\u00fade de Porto Alegre (UFCSPA) e Universidade Federal de Santa Maria (UFSM), al\u00e9m de alunos da pr\u00f3pria Institui\u00e7\u00e3o. <\/p>\n\n\n\n<p>O evento \u00e9 organizado pelo <a rel=\"noreferrer noopener\" href=\"https:\/\/www.univates.br\/ppgbiotec\/\" target=\"_blank\">Programa de P\u00f3s-Gradua\u00e7\u00e3o em Biotecnologia (PPGBiotec)<\/a> da Univates e patrocinado pelas empresas Regenera Biomol\u00e9culas do Mar, Anal\u00edtica e Meck.<br><\/p>\n\n\n\n<p>Entre as atividades durante a semana est\u00e3o as aulas que tratam da \u00e1rea com rela\u00e7\u00e3o \u00e0 farmacologia de produtos naturais, os aspectos nutrigen\u00e9ticos de marcadores bioqu\u00edmicos, antropom\u00e9tricos e comportamentais e as implica\u00e7\u00f5es para doen\u00e7as multifatoriais, caracteriza\u00e7\u00e3o fisiol\u00f3gica e molecular de plantas sob estresses ambientais e em associa\u00e7\u00e3o com microrganismos. <\/p>\n\n\n\n<p>Ser\u00e3o abordados assuntos referentes \u00e0 cadeia produtiva do leite, \u00e0 sele\u00e7\u00e3o e caracteriza\u00e7\u00e3o de microrganismos com potencial de uso biotecnol\u00f3gico, \u00e0 aplica\u00e7\u00e3o de marcadores moleculares no estudo da sa\u00fade reprodutiva animal e humana e \u00e0 bioecologia e ao controle de \u00e1caros no Rio Grande do Sul. Al\u00e9m disso, os participantes ir\u00e3o realizar est\u00e1gio em grupos de pesquisa cient\u00edfica no turno da tarde. <br><\/p>\n\n\n\n<p>O estudante David Fagundes estuda na Uergs e est\u00e1 participando do projeto. &nbsp;\u201cEspero aprender mais sobre a \u00e1rea da biotecnologia, nas \u00e1reas animal e vegetal\u201d, explica. Ele est\u00e1 animado para a experi\u00eancia de est\u00e1gio que o evento proporciona. \u00c9 a primeira vez que visita a Univates e pretende conhecer o <em>campus<\/em> e a estrutura da Universidade.<br><\/p>\n\n\n\n<p><strong>PPGBiotec recebe inscri\u00e7\u00f5es em fluxo cont\u00ednuo<\/strong><br><\/p>\n\n\n\n<p>At\u00e9 31 de agosto o mestrado e o doutorado do PPGBiotec da Univates recebem inscri\u00e7\u00f5es por meio do edital de fluxo cont\u00ednuo, no endere\u00e7o <a rel=\"noreferrer noopener\" href=\"https:\/\/www.univates.br\/ppgbiotec\/processo-seletivo\" target=\"_blank\">www.univates.br\/ppgbiotec\/processo-seletivo<\/a>. <\/p>\n\n\n\n<p>As aulas s\u00e3o oferecidas no regime presencial e regular, ocorrendo semanalmente nas sextas-feiras \u00e0 noite e aos s\u00e1bados de manh\u00e3, no per\u00edodo de abril a dezembro de cada ano.<\/p>\n\n\n\n<p>O programa concentra-se nas \u00e1reas de Biotecnologia Agroalimentar, com linhas de pesquisa em Biotecnologia na Produ\u00e7\u00e3o Prim\u00e1ria de Alimentos e Biotecnologia na Produ\u00e7\u00e3o Industrial de Alimentos, e de Biotecnologia em Sa\u00fade, com linhas de pesquisa em Detec\u00e7\u00e3o e Caracteriza\u00e7\u00e3o de Microrganismos e Aspectos Moleculares em Processos Fisiopatol\u00f3gicos.<\/p>\n\n\n\n<p>Mais informa\u00e7\u00f5es podem ser obtidas no <em>site<\/em><em> <\/em><a href=\"https:\/\/www.univates.br\/ppgbiotec\" target=\"_blank\" rel=\"noreferrer noopener\">www.univates.br\/ppgbiotec<\/a> ou pelo <em>e-mail <\/em><a href=\"mailto:ppgbiotec@univates.br\" target=\"_blank\" rel=\"noreferrer noopener\">ppgbiotec@univates.br<\/a>.<br><\/p>\n","protected":false},"excerpt":{"rendered":"<p>A Escola de Ver\u00e3o em Biotecnologia objetiva despertar o interesse dos alunos de gradua\u00e7\u00e3o dessa \u00e1rea. O encontro teve in\u00edcio nesta segunda-feira (28\/01), na Universidade do Vale do Taquari &#8211; Univates e segue at\u00e9 sexta-feira (1\u00ba\/02). As atividades re\u00fanem 21 estudantes de gradua\u00e7\u00e3o das institui\u00e7\u00f5es de ensino: Universidade Estadual do Rio Grande do Sul (Uergs), [&hellip;]<\/p>\n","protected":false},"author":8,"featured_media":52758,"comment_status":"open","ping_status":"open","sticky":false,"template":"","format":"standard","meta":{"pmpro_default_level":"","_jetpack_memberships_contains_paid_content":false,"footnotes":""},"categories":[3],"tags":[2159,27,83],"class_list":{"0":"post-52757","1":"post","2":"type-post","3":"status-publish","4":"format-standard","5":"has-post-thumbnail","7":"category-geral","8":"tag-biotecnologia","9":"tag-lajeado","10":"tag-univates","11":"pmpro-has-access"},"yoast_head":"<!-- This site is optimized with the Yoast SEO plugin v27.5 - https:\/\/yoast.com\/product\/yoast-seo-wordpress\/ -->\n<title>Univates promove evento na \u00e1rea de Biotecnologia para universit\u00e1rios ga\u00fachos - Folha Popular<\/title>\n<meta name=\"robots\" content=\"index, follow, max-snippet:-1, max-image-preview:large, max-video-preview:-1\" \/>\n<link rel=\"canonical\" href=\"https:\/\/folhapopular.info\/index.php\/2019\/01\/29\/univates-promove-evento-na-area-de-biotecnologia-para-universitarios-gauchos\/\" \/>\n<meta property=\"og:locale\" content=\"pt_BR\" \/>\n<meta property=\"og:type\" content=\"article\" \/>\n<meta property=\"og:title\" content=\"Univates promove evento na \u00e1rea de Biotecnologia para universit\u00e1rios ga\u00fachos - Folha Popular\" \/>\n<meta property=\"og:description\" content=\"A Escola de Ver\u00e3o em Biotecnologia objetiva despertar o interesse dos alunos de gradua\u00e7\u00e3o dessa \u00e1rea. O encontro teve in\u00edcio nesta segunda-feira (28\/01), na Universidade do Vale do Taquari &#8211; Univates e segue at\u00e9 sexta-feira (1\u00ba\/02). As atividades re\u00fanem 21 estudantes de gradua\u00e7\u00e3o das institui\u00e7\u00f5es de ensino: Universidade Estadual do Rio Grande do Sul (Uergs), [&hellip;]\" \/>\n<meta property=\"og:url\" content=\"https:\/\/folhapopular.info\/index.php\/2019\/01\/29\/univates-promove-evento-na-area-de-biotecnologia-para-universitarios-gauchos\/\" \/>\n<meta property=\"og:site_name\" content=\"Folha Popular\" \/>\n<meta property=\"article:published_time\" content=\"2019-01-29T15:00:37+00:00\" \/>\n<meta property=\"og:image\" content=\"https:\/\/folhapopular.info\/wp-content\/uploads\/2019\/01\/Escola-de-Ver\u00e3o.-Nat\u00e1lia-Bottoni-e1548762280412.jpg\" \/>\n\t<meta property=\"og:image:width\" content=\"800\" \/>\n\t<meta property=\"og:image:height\" content=\"533\" \/>\n\t<meta property=\"og:image:type\" content=\"image\/jpeg\" \/>\n<meta name=\"author\" content=\"Reda\u00e7\u00e3o Folha Popular\" \/>\n<meta name=\"twitter:card\" content=\"summary_large_image\" \/>\n<meta name=\"twitter:label1\" content=\"Escrito por\" \/>\n\t<meta name=\"twitter:data1\" content=\"Reda\u00e7\u00e3o Folha Popular\" \/>\n\t<meta name=\"twitter:label2\" content=\"Est. tempo de leitura\" \/>\n\t<meta name=\"twitter:data2\" content=\"2 minutos\" \/>\n<script type=\"application\/ld+json\" class=\"yoast-schema-graph\">{\"@context\":\"https:\\\/\\\/schema.org\",\"@graph\":[{\"@type\":\"Article\",\"@id\":\"https:\\\/\\\/folhapopular.info\\\/index.php\\\/2019\\\/01\\\/29\\\/univates-promove-evento-na-area-de-biotecnologia-para-universitarios-gauchos\\\/#article\",\"isPartOf\":{\"@id\":\"https:\\\/\\\/folhapopular.info\\\/index.php\\\/2019\\\/01\\\/29\\\/univates-promove-evento-na-area-de-biotecnologia-para-universitarios-gauchos\\\/\"},\"author\":{\"name\":\"Reda\u00e7\u00e3o Folha Popular\",\"@id\":\"https:\\\/\\\/folhapopular.info\\\/#\\\/schema\\\/person\\\/2814e8a0df7643585a9ca38bc6eb9d4b\"},\"headline\":\"Univates promove evento na \u00e1rea de Biotecnologia para universit\u00e1rios ga\u00fachos\",\"datePublished\":\"2019-01-29T15:00:37+00:00\",\"mainEntityOfPage\":{\"@id\":\"https:\\\/\\\/folhapopular.info\\\/index.php\\\/2019\\\/01\\\/29\\\/univates-promove-evento-na-area-de-biotecnologia-para-universitarios-gauchos\\\/\"},\"wordCount\":471,\"commentCount\":0,\"image\":{\"@id\":\"https:\\\/\\\/folhapopular.info\\\/index.php\\\/2019\\\/01\\\/29\\\/univates-promove-evento-na-area-de-biotecnologia-para-universitarios-gauchos\\\/#primaryimage\"},\"thumbnailUrl\":\"https:\\\/\\\/folhapopular.info\\\/wp-content\\\/uploads\\\/2019\\\/01\\\/Escola-de-Ver\u00e3o.-Nat\u00e1lia-Bottoni-e1548762280412.jpg\",\"keywords\":[\"Biotecnologia\",\"Lajeado\",\"Univates\"],\"articleSection\":[\"Geral\"],\"inLanguage\":\"pt-BR\",\"potentialAction\":[{\"@type\":\"CommentAction\",\"name\":\"Comment\",\"target\":[\"https:\\\/\\\/folhapopular.info\\\/index.php\\\/2019\\\/01\\\/29\\\/univates-promove-evento-na-area-de-biotecnologia-para-universitarios-gauchos\\\/#respond\"]}]},{\"@type\":\"WebPage\",\"@id\":\"https:\\\/\\\/folhapopular.info\\\/index.php\\\/2019\\\/01\\\/29\\\/univates-promove-evento-na-area-de-biotecnologia-para-universitarios-gauchos\\\/\",\"url\":\"https:\\\/\\\/folhapopular.info\\\/index.php\\\/2019\\\/01\\\/29\\\/univates-promove-evento-na-area-de-biotecnologia-para-universitarios-gauchos\\\/\",\"name\":\"Univates promove evento na \u00e1rea de Biotecnologia para universit\u00e1rios ga\u00fachos - Folha Popular\",\"isPartOf\":{\"@id\":\"https:\\\/\\\/folhapopular.info\\\/#website\"},\"primaryImageOfPage\":{\"@id\":\"https:\\\/\\\/folhapopular.info\\\/index.php\\\/2019\\\/01\\\/29\\\/univates-promove-evento-na-area-de-biotecnologia-para-universitarios-gauchos\\\/#primaryimage\"},\"image\":{\"@id\":\"https:\\\/\\\/folhapopular.info\\\/index.php\\\/2019\\\/01\\\/29\\\/univates-promove-evento-na-area-de-biotecnologia-para-universitarios-gauchos\\\/#primaryimage\"},\"thumbnailUrl\":\"https:\\\/\\\/folhapopular.info\\\/wp-content\\\/uploads\\\/2019\\\/01\\\/Escola-de-Ver\u00e3o.-Nat\u00e1lia-Bottoni-e1548762280412.jpg\",\"datePublished\":\"2019-01-29T15:00:37+00:00\",\"author\":{\"@id\":\"https:\\\/\\\/folhapopular.info\\\/#\\\/schema\\\/person\\\/2814e8a0df7643585a9ca38bc6eb9d4b\"},\"breadcrumb\":{\"@id\":\"https:\\\/\\\/folhapopular.info\\\/index.php\\\/2019\\\/01\\\/29\\\/univates-promove-evento-na-area-de-biotecnologia-para-universitarios-gauchos\\\/#breadcrumb\"},\"inLanguage\":\"pt-BR\",\"potentialAction\":[{\"@type\":\"ReadAction\",\"target\":[\"https:\\\/\\\/folhapopular.info\\\/index.php\\\/2019\\\/01\\\/29\\\/univates-promove-evento-na-area-de-biotecnologia-para-universitarios-gauchos\\\/\"]}]},{\"@type\":\"ImageObject\",\"inLanguage\":\"pt-BR\",\"@id\":\"https:\\\/\\\/folhapopular.info\\\/index.php\\\/2019\\\/01\\\/29\\\/univates-promove-evento-na-area-de-biotecnologia-para-universitarios-gauchos\\\/#primaryimage\",\"url\":\"https:\\\/\\\/folhapopular.info\\\/wp-content\\\/uploads\\\/2019\\\/01\\\/Escola-de-Ver\u00e3o.-Nat\u00e1lia-Bottoni-e1548762280412.jpg\",\"contentUrl\":\"https:\\\/\\\/folhapopular.info\\\/wp-content\\\/uploads\\\/2019\\\/01\\\/Escola-de-Ver\u00e3o.-Nat\u00e1lia-Bottoni-e1548762280412.jpg\",\"width\":800,\"height\":533,\"caption\":\"Escola de Ver\u00e3o em Biotecnologia na Univates\\\/ Cr\u00e9dito da foto: Nat\u00e1lia Bottoni\\\/ Divulga\u00e7\u00e3o\"},{\"@type\":\"BreadcrumbList\",\"@id\":\"https:\\\/\\\/folhapopular.info\\\/index.php\\\/2019\\\/01\\\/29\\\/univates-promove-evento-na-area-de-biotecnologia-para-universitarios-gauchos\\\/#breadcrumb\",\"itemListElement\":[{\"@type\":\"ListItem\",\"position\":1,\"name\":\"In\u00edcio\",\"item\":\"https:\\\/\\\/folhapopular.info\\\/\"},{\"@type\":\"ListItem\",\"position\":2,\"name\":\"Univates promove evento na \u00e1rea de Biotecnologia para universit\u00e1rios ga\u00fachos\"}]},{\"@type\":\"WebSite\",\"@id\":\"https:\\\/\\\/folhapopular.info\\\/#website\",\"url\":\"https:\\\/\\\/folhapopular.info\\\/\",\"name\":\"Folha Popular\",\"description\":\"Onde voc\u00ea tem vez e voz\",\"potentialAction\":[{\"@type\":\"SearchAction\",\"target\":{\"@type\":\"EntryPoint\",\"urlTemplate\":\"https:\\\/\\\/folhapopular.info\\\/?s={search_term_string}\"},\"query-input\":{\"@type\":\"PropertyValueSpecification\",\"valueRequired\":true,\"valueName\":\"search_term_string\"}}],\"inLanguage\":\"pt-BR\"},{\"@type\":\"Person\",\"@id\":\"https:\\\/\\\/folhapopular.info\\\/#\\\/schema\\\/person\\\/2814e8a0df7643585a9ca38bc6eb9d4b\",\"name\":\"Reda\u00e7\u00e3o Folha Popular\",\"image\":{\"@type\":\"ImageObject\",\"inLanguage\":\"pt-BR\",\"@id\":\"https:\\\/\\\/folhapopular.info\\\/wp-content\\\/uploads\\\/2026\\\/04\\\/Folha-1.webp\",\"url\":\"https:\\\/\\\/folhapopular.info\\\/wp-content\\\/uploads\\\/2026\\\/04\\\/Folha-1.webp\",\"contentUrl\":\"https:\\\/\\\/folhapopular.info\\\/wp-content\\\/uploads\\\/2026\\\/04\\\/Folha-1.webp\",\"caption\":\"Reda\u00e7\u00e3o Folha Popular\"},\"url\":\"https:\\\/\\\/folhapopular.info\\\/index.php\\\/author\\\/redacao\\\/\"}]}<\/script>\n<!-- \/ Yoast SEO plugin. -->","yoast_head_json":{"title":"Univates promove evento na \u00e1rea de Biotecnologia para universit\u00e1rios ga\u00fachos - Folha Popular","robots":{"index":"index","follow":"follow","max-snippet":"max-snippet:-1","max-image-preview":"max-image-preview:large","max-video-preview":"max-video-preview:-1"},"canonical":"https:\/\/folhapopular.info\/index.php\/2019\/01\/29\/univates-promove-evento-na-area-de-biotecnologia-para-universitarios-gauchos\/","og_locale":"pt_BR","og_type":"article","og_title":"Univates promove evento na \u00e1rea de Biotecnologia para universit\u00e1rios ga\u00fachos - Folha Popular","og_description":"A Escola de Ver\u00e3o em Biotecnologia objetiva despertar o interesse dos alunos de gradua\u00e7\u00e3o dessa \u00e1rea. O encontro teve in\u00edcio nesta segunda-feira (28\/01), na Universidade do Vale do Taquari &#8211; Univates e segue at\u00e9 sexta-feira (1\u00ba\/02). As atividades re\u00fanem 21 estudantes de gradua\u00e7\u00e3o das institui\u00e7\u00f5es de ensino: Universidade Estadual do Rio Grande do Sul (Uergs), [&hellip;]","og_url":"https:\/\/folhapopular.info\/index.php\/2019\/01\/29\/univates-promove-evento-na-area-de-biotecnologia-para-universitarios-gauchos\/","og_site_name":"Folha Popular","article_published_time":"2019-01-29T15:00:37+00:00","og_image":[{"width":800,"height":533,"url":"https:\/\/folhapopular.info\/wp-content\/uploads\/2019\/01\/Escola-de-Ver\u00e3o.-Nat\u00e1lia-Bottoni-e1548762280412.jpg","type":"image\/jpeg"}],"author":"Reda\u00e7\u00e3o Folha Popular","twitter_card":"summary_large_image","twitter_misc":{"Escrito por":"Reda\u00e7\u00e3o Folha Popular","Est. tempo de leitura":"2 minutos"},"schema":{"@context":"https:\/\/schema.org","@graph":[{"@type":"Article","@id":"https:\/\/folhapopular.info\/index.php\/2019\/01\/29\/univates-promove-evento-na-area-de-biotecnologia-para-universitarios-gauchos\/#article","isPartOf":{"@id":"https:\/\/folhapopular.info\/index.php\/2019\/01\/29\/univates-promove-evento-na-area-de-biotecnologia-para-universitarios-gauchos\/"},"author":{"name":"Reda\u00e7\u00e3o Folha Popular","@id":"https:\/\/folhapopular.info\/#\/schema\/person\/2814e8a0df7643585a9ca38bc6eb9d4b"},"headline":"Univates promove evento na \u00e1rea de Biotecnologia para universit\u00e1rios ga\u00fachos","datePublished":"2019-01-29T15:00:37+00:00","mainEntityOfPage":{"@id":"https:\/\/folhapopular.info\/index.php\/2019\/01\/29\/univates-promove-evento-na-area-de-biotecnologia-para-universitarios-gauchos\/"},"wordCount":471,"commentCount":0,"image":{"@id":"https:\/\/folhapopular.info\/index.php\/2019\/01\/29\/univates-promove-evento-na-area-de-biotecnologia-para-universitarios-gauchos\/#primaryimage"},"thumbnailUrl":"https:\/\/folhapopular.info\/wp-content\/uploads\/2019\/01\/Escola-de-Ver\u00e3o.-Nat\u00e1lia-Bottoni-e1548762280412.jpg","keywords":["Biotecnologia","Lajeado","Univates"],"articleSection":["Geral"],"inLanguage":"pt-BR","potentialAction":[{"@type":"CommentAction","name":"Comment","target":["https:\/\/folhapopular.info\/index.php\/2019\/01\/29\/univates-promove-evento-na-area-de-biotecnologia-para-universitarios-gauchos\/#respond"]}]},{"@type":"WebPage","@id":"https:\/\/folhapopular.info\/index.php\/2019\/01\/29\/univates-promove-evento-na-area-de-biotecnologia-para-universitarios-gauchos\/","url":"https:\/\/folhapopular.info\/index.php\/2019\/01\/29\/univates-promove-evento-na-area-de-biotecnologia-para-universitarios-gauchos\/","name":"Univates promove evento na \u00e1rea de Biotecnologia para universit\u00e1rios ga\u00fachos - Folha Popular","isPartOf":{"@id":"https:\/\/folhapopular.info\/#website"},"primaryImageOfPage":{"@id":"https:\/\/folhapopular.info\/index.php\/2019\/01\/29\/univates-promove-evento-na-area-de-biotecnologia-para-universitarios-gauchos\/#primaryimage"},"image":{"@id":"https:\/\/folhapopular.info\/index.php\/2019\/01\/29\/univates-promove-evento-na-area-de-biotecnologia-para-universitarios-gauchos\/#primaryimage"},"thumbnailUrl":"https:\/\/folhapopular.info\/wp-content\/uploads\/2019\/01\/Escola-de-Ver\u00e3o.-Nat\u00e1lia-Bottoni-e1548762280412.jpg","datePublished":"2019-01-29T15:00:37+00:00","author":{"@id":"https:\/\/folhapopular.info\/#\/schema\/person\/2814e8a0df7643585a9ca38bc6eb9d4b"},"breadcrumb":{"@id":"https:\/\/folhapopular.info\/index.php\/2019\/01\/29\/univates-promove-evento-na-area-de-biotecnologia-para-universitarios-gauchos\/#breadcrumb"},"inLanguage":"pt-BR","potentialAction":[{"@type":"ReadAction","target":["https:\/\/folhapopular.info\/index.php\/2019\/01\/29\/univates-promove-evento-na-area-de-biotecnologia-para-universitarios-gauchos\/"]}]},{"@type":"ImageObject","inLanguage":"pt-BR","@id":"https:\/\/folhapopular.info\/index.php\/2019\/01\/29\/univates-promove-evento-na-area-de-biotecnologia-para-universitarios-gauchos\/#primaryimage","url":"https:\/\/folhapopular.info\/wp-content\/uploads\/2019\/01\/Escola-de-Ver\u00e3o.-Nat\u00e1lia-Bottoni-e1548762280412.jpg","contentUrl":"https:\/\/folhapopular.info\/wp-content\/uploads\/2019\/01\/Escola-de-Ver\u00e3o.-Nat\u00e1lia-Bottoni-e1548762280412.jpg","width":800,"height":533,"caption":"Escola de Ver\u00e3o em Biotecnologia na Univates\/ Cr\u00e9dito da foto: Nat\u00e1lia Bottoni\/ Divulga\u00e7\u00e3o"},{"@type":"BreadcrumbList","@id":"https:\/\/folhapopular.info\/index.php\/2019\/01\/29\/univates-promove-evento-na-area-de-biotecnologia-para-universitarios-gauchos\/#breadcrumb","itemListElement":[{"@type":"ListItem","position":1,"name":"In\u00edcio","item":"https:\/\/folhapopular.info\/"},{"@type":"ListItem","position":2,"name":"Univates promove evento na \u00e1rea de Biotecnologia para universit\u00e1rios ga\u00fachos"}]},{"@type":"WebSite","@id":"https:\/\/folhapopular.info\/#website","url":"https:\/\/folhapopular.info\/","name":"Folha Popular","description":"Onde voc\u00ea tem vez e voz","potentialAction":[{"@type":"SearchAction","target":{"@type":"EntryPoint","urlTemplate":"https:\/\/folhapopular.info\/?s={search_term_string}"},"query-input":{"@type":"PropertyValueSpecification","valueRequired":true,"valueName":"search_term_string"}}],"inLanguage":"pt-BR"},{"@type":"Person","@id":"https:\/\/folhapopular.info\/#\/schema\/person\/2814e8a0df7643585a9ca38bc6eb9d4b","name":"Reda\u00e7\u00e3o Folha Popular","image":{"@type":"ImageObject","inLanguage":"pt-BR","@id":"https:\/\/folhapopular.info\/wp-content\/uploads\/2026\/04\/Folha-1.webp","url":"https:\/\/folhapopular.info\/wp-content\/uploads\/2026\/04\/Folha-1.webp","contentUrl":"https:\/\/folhapopular.info\/wp-content\/uploads\/2026\/04\/Folha-1.webp","caption":"Reda\u00e7\u00e3o Folha Popular"},"url":"https:\/\/folhapopular.info\/index.php\/author\/redacao\/"}]}},"jetpack_featured_media_url":"https:\/\/folhapopular.info\/wp-content\/uploads\/2019\/01\/Escola-de-Ver\u00e3o.-Nat\u00e1lia-Bottoni-e1548762280412.jpg","jetpack_sharing_enabled":true,"amp_enabled":true,"_links":{"self":[{"href":"https:\/\/folhapopular.info\/index.php\/wp-json\/wp\/v2\/posts\/52757","targetHints":{"allow":["GET"]}}],"collection":[{"href":"https:\/\/folhapopular.info\/index.php\/wp-json\/wp\/v2\/posts"}],"about":[{"href":"https:\/\/folhapopular.info\/index.php\/wp-json\/wp\/v2\/types\/post"}],"author":[{"embeddable":true,"href":"https:\/\/folhapopular.info\/index.php\/wp-json\/wp\/v2\/users\/8"}],"replies":[{"embeddable":true,"href":"https:\/\/folhapopular.info\/index.php\/wp-json\/wp\/v2\/comments?post=52757"}],"version-history":[{"count":0,"href":"https:\/\/folhapopular.info\/index.php\/wp-json\/wp\/v2\/posts\/52757\/revisions"}],"wp:featuredmedia":[{"embeddable":true,"href":"https:\/\/folhapopular.info\/index.php\/wp-json\/wp\/v2\/media\/52758"}],"wp:attachment":[{"href":"https:\/\/folhapopular.info\/index.php\/wp-json\/wp\/v2\/media?parent=52757"}],"wp:term":[{"taxonomy":"category","embeddable":true,"href":"https:\/\/folhapopular.info\/index.php\/wp-json\/wp\/v2\/categories?post=52757"},{"taxonomy":"post_tag","embeddable":true,"href":"https:\/\/folhapopular.info\/index.php\/wp-json\/wp\/v2\/tags?post=52757"}],"curies":[{"name":"wp","href":"https:\/\/api.w.org\/{rel}","templated":true}]}}