{"id":53324,"date":"2019-02-14T08:14:26","date_gmt":"2019-02-14T10:14:26","guid":{"rendered":"http:\/\/folhapopular.info\/?p=53324"},"modified":"2019-02-14T08:21:08","modified_gmt":"2019-02-14T10:21:08","slug":"governo-de-estrela-e-apae-selam-parceria","status":"publish","type":"post","link":"https:\/\/folhapopular.info\/index.php\/2019\/02\/14\/governo-de-estrela-e-apae-selam-parceria\/","title":{"rendered":"Governo de Estrela e Apae selam parceria"},"content":{"rendered":"\n<p>Governo de Estrela e a Associa\u00e7\u00e3o de Pais e Amigos dos Excepcionais (Apae) de Estrela assinaram, na tarde desta ter\u00e7a-feira (12\/02), termo de parceria, numa esp\u00e9cie de renova\u00e7\u00e3o dos acordos j\u00e1 existentes. O ato informal no gabinete do prefeito Rafael Mallmann contou com a presen\u00e7a do presidente da entidade, Jo\u00e3o Carlos Sch\u00e4fer, e a diretora Rose Tolio. Com o termo assinado, se buscar\u00e1 a realiza\u00e7\u00e3o de a\u00e7\u00e3o conjunta para a defesa dos direitos da pessoa com defici\u00eancia, preven\u00e7\u00e3o, orienta\u00e7\u00f5es, presta\u00e7\u00e3o de servi\u00e7os e apoio \u00e0s fam\u00edlias, direcionadas a melhoria da qualidade de vida das mesmas. <\/p>\n\n\n\n<p>Assim, entre outras medidas, o munic\u00edpio contribuir\u00e1 com repasse de verba, atrav\u00e9s do Fundo de Manuten\u00e7\u00e3o e Desenvolvimento da Educa\u00e7\u00e3o B\u00e1sica e de Valoriza\u00e7\u00e3o dos Profissionais da Educa\u00e7\u00e3o (Fundeb), para ajuda de custeio, e ceder\u00e1 um coordenador pedag\u00f3gico para a execu\u00e7\u00e3o de plano de trabalho, entre outras atividades paralelas e conjuntas.<\/p>\n\n\n\n<p>Para o prefeito, a entidade faz trabalho exemplar no munic\u00edpio junto \u00e0s pessoas com defici\u00eancia intelectual e outras, assim como no apoio \u00e0s fam\u00edlias destas, e portanto quando julgar necess\u00e1rio deve buscar sim o aux\u00edlio com lideran\u00e7as p\u00fablicas e privadas.<\/p>\n\n\n\n<p>\u201cE n\u00f3s, enquanto governo, vamos sempre dentro do poss\u00edvel, e das nossas limita\u00e7\u00f5es, inclusive legais, encontrar uma forma de colaborar com este servi\u00e7o fundamental.\u201d Segundo Sch\u00e4fer, a colabora\u00e7\u00e3o p\u00fablica e privada \u00e9 necess\u00e1ria para que a entidade, fundada em 18 de agosto de 1967, siga realizando o bom atendimento ao seu p\u00fablico-alvo, e diante disto tamb\u00e9m tem a necessidade de se modernizar e melhorar sua estrutura. \u201cTemos muitos planos, pois lidamos com pessoas e o futuro delas, por isso precisamos sim constantemente fazer melhorias, ajustes, inclusive em nossa estrutura f\u00edsica e pessoal, mas isto tudo \u00e9 sempre muito discutido pela diretoria da Apae e quando poss\u00edvel s\u00e3o realizadas dentro de nossas limita\u00e7\u00f5es. Contudo, contribui\u00e7\u00f5es como do Poder P\u00fablico municipal colaboram e muito para a execu\u00e7\u00e3o das mesmas\u201d, frisa.<br><\/p>\n","protected":false},"excerpt":{"rendered":"<p>Governo de Estrela e a Associa\u00e7\u00e3o de Pais e Amigos dos Excepcionais (Apae) de Estrela assinaram, na tarde desta ter\u00e7a-feira (12\/02), termo de parceria, numa esp\u00e9cie de renova\u00e7\u00e3o dos acordos j\u00e1 existentes. O ato informal no gabinete do prefeito Rafael Mallmann contou com a presen\u00e7a do presidente da entidade, Jo\u00e3o Carlos Sch\u00e4fer, e a diretora [&hellip;]<\/p>\n","protected":false},"author":8,"featured_media":53325,"comment_status":"open","ping_status":"open","sticky":false,"template":"","format":"standard","meta":{"pmpro_default_level":"","_jetpack_memberships_contains_paid_content":false,"footnotes":""},"categories":[2,3],"tags":[887,8],"class_list":{"0":"post-53324","1":"post","2":"type-post","3":"status-publish","4":"format-standard","5":"has-post-thumbnail","7":"category-featured","8":"category-geral","9":"tag-apae","10":"tag-estrela","11":"pmpro-has-access"},"yoast_head":"<!-- This site is optimized with the Yoast SEO plugin v27.5 - https:\/\/yoast.com\/product\/yoast-seo-wordpress\/ -->\n<title>Governo de Estrela e Apae selam parceria - Folha Popular<\/title>\n<meta name=\"robots\" content=\"index, follow, max-snippet:-1, max-image-preview:large, max-video-preview:-1\" \/>\n<link rel=\"canonical\" href=\"https:\/\/folhapopular.info\/index.php\/2019\/02\/14\/governo-de-estrela-e-apae-selam-parceria\/\" \/>\n<meta property=\"og:locale\" content=\"pt_BR\" \/>\n<meta property=\"og:type\" content=\"article\" \/>\n<meta property=\"og:title\" content=\"Governo de Estrela e Apae selam parceria - Folha Popular\" \/>\n<meta property=\"og:description\" content=\"Governo de Estrela e a Associa\u00e7\u00e3o de Pais e Amigos dos Excepcionais (Apae) de Estrela assinaram, na tarde desta ter\u00e7a-feira (12\/02), termo de parceria, numa esp\u00e9cie de renova\u00e7\u00e3o dos acordos j\u00e1 existentes. O ato informal no gabinete do prefeito Rafael Mallmann contou com a presen\u00e7a do presidente da entidade, Jo\u00e3o Carlos Sch\u00e4fer, e a diretora [&hellip;]\" \/>\n<meta property=\"og:url\" content=\"https:\/\/folhapopular.info\/index.php\/2019\/02\/14\/governo-de-estrela-e-apae-selam-parceria\/\" \/>\n<meta property=\"og:site_name\" content=\"Folha Popular\" \/>\n<meta property=\"article:published_time\" content=\"2019-02-14T10:14:26+00:00\" \/>\n<meta property=\"article:modified_time\" content=\"2019-02-14T10:21:08+00:00\" \/>\n<meta property=\"og:image\" content=\"https:\/\/folhapopular.info\/wp-content\/uploads\/2019\/02\/Apae-parceria-Angeli-2-e1550139623885.jpg\" \/>\n\t<meta property=\"og:image:width\" content=\"800\" \/>\n\t<meta property=\"og:image:height\" content=\"533\" \/>\n\t<meta property=\"og:image:type\" content=\"image\/jpeg\" \/>\n<meta name=\"author\" content=\"Reda\u00e7\u00e3o Folha Popular\" \/>\n<meta name=\"twitter:card\" content=\"summary_large_image\" \/>\n<meta name=\"twitter:label1\" content=\"Escrito por\" \/>\n\t<meta name=\"twitter:data1\" content=\"Reda\u00e7\u00e3o Folha Popular\" \/>\n\t<meta name=\"twitter:label2\" content=\"Est. tempo de leitura\" \/>\n\t<meta name=\"twitter:data2\" content=\"2 minutos\" \/>\n<script type=\"application\/ld+json\" class=\"yoast-schema-graph\">{\"@context\":\"https:\\\/\\\/schema.org\",\"@graph\":[{\"@type\":\"Article\",\"@id\":\"https:\\\/\\\/folhapopular.info\\\/index.php\\\/2019\\\/02\\\/14\\\/governo-de-estrela-e-apae-selam-parceria\\\/#article\",\"isPartOf\":{\"@id\":\"https:\\\/\\\/folhapopular.info\\\/index.php\\\/2019\\\/02\\\/14\\\/governo-de-estrela-e-apae-selam-parceria\\\/\"},\"author\":{\"name\":\"Reda\u00e7\u00e3o Folha Popular\",\"@id\":\"https:\\\/\\\/folhapopular.info\\\/#\\\/schema\\\/person\\\/2814e8a0df7643585a9ca38bc6eb9d4b\"},\"headline\":\"Governo de Estrela e Apae selam parceria\",\"datePublished\":\"2019-02-14T10:14:26+00:00\",\"dateModified\":\"2019-02-14T10:21:08+00:00\",\"mainEntityOfPage\":{\"@id\":\"https:\\\/\\\/folhapopular.info\\\/index.php\\\/2019\\\/02\\\/14\\\/governo-de-estrela-e-apae-selam-parceria\\\/\"},\"wordCount\":364,\"commentCount\":0,\"image\":{\"@id\":\"https:\\\/\\\/folhapopular.info\\\/index.php\\\/2019\\\/02\\\/14\\\/governo-de-estrela-e-apae-selam-parceria\\\/#primaryimage\"},\"thumbnailUrl\":\"https:\\\/\\\/folhapopular.info\\\/wp-content\\\/uploads\\\/2019\\\/02\\\/Apae-parceria-Angeli-2-e1550139623885.jpg\",\"keywords\":[\"Apae\",\"Estrela\"],\"articleSection\":[\"Destaques\",\"Geral\"],\"inLanguage\":\"pt-BR\",\"potentialAction\":[{\"@type\":\"CommentAction\",\"name\":\"Comment\",\"target\":[\"https:\\\/\\\/folhapopular.info\\\/index.php\\\/2019\\\/02\\\/14\\\/governo-de-estrela-e-apae-selam-parceria\\\/#respond\"]}]},{\"@type\":\"WebPage\",\"@id\":\"https:\\\/\\\/folhapopular.info\\\/index.php\\\/2019\\\/02\\\/14\\\/governo-de-estrela-e-apae-selam-parceria\\\/\",\"url\":\"https:\\\/\\\/folhapopular.info\\\/index.php\\\/2019\\\/02\\\/14\\\/governo-de-estrela-e-apae-selam-parceria\\\/\",\"name\":\"Governo de Estrela e Apae selam parceria - Folha Popular\",\"isPartOf\":{\"@id\":\"https:\\\/\\\/folhapopular.info\\\/#website\"},\"primaryImageOfPage\":{\"@id\":\"https:\\\/\\\/folhapopular.info\\\/index.php\\\/2019\\\/02\\\/14\\\/governo-de-estrela-e-apae-selam-parceria\\\/#primaryimage\"},\"image\":{\"@id\":\"https:\\\/\\\/folhapopular.info\\\/index.php\\\/2019\\\/02\\\/14\\\/governo-de-estrela-e-apae-selam-parceria\\\/#primaryimage\"},\"thumbnailUrl\":\"https:\\\/\\\/folhapopular.info\\\/wp-content\\\/uploads\\\/2019\\\/02\\\/Apae-parceria-Angeli-2-e1550139623885.jpg\",\"datePublished\":\"2019-02-14T10:14:26+00:00\",\"dateModified\":\"2019-02-14T10:21:08+00:00\",\"author\":{\"@id\":\"https:\\\/\\\/folhapopular.info\\\/#\\\/schema\\\/person\\\/2814e8a0df7643585a9ca38bc6eb9d4b\"},\"breadcrumb\":{\"@id\":\"https:\\\/\\\/folhapopular.info\\\/index.php\\\/2019\\\/02\\\/14\\\/governo-de-estrela-e-apae-selam-parceria\\\/#breadcrumb\"},\"inLanguage\":\"pt-BR\",\"potentialAction\":[{\"@type\":\"ReadAction\",\"target\":[\"https:\\\/\\\/folhapopular.info\\\/index.php\\\/2019\\\/02\\\/14\\\/governo-de-estrela-e-apae-selam-parceria\\\/\"]}]},{\"@type\":\"ImageObject\",\"inLanguage\":\"pt-BR\",\"@id\":\"https:\\\/\\\/folhapopular.info\\\/index.php\\\/2019\\\/02\\\/14\\\/governo-de-estrela-e-apae-selam-parceria\\\/#primaryimage\",\"url\":\"https:\\\/\\\/folhapopular.info\\\/wp-content\\\/uploads\\\/2019\\\/02\\\/Apae-parceria-Angeli-2-e1550139623885.jpg\",\"contentUrl\":\"https:\\\/\\\/folhapopular.info\\\/wp-content\\\/uploads\\\/2019\\\/02\\\/Apae-parceria-Angeli-2-e1550139623885.jpg\",\"width\":800,\"height\":533,\"caption\":\"Renova\u00e7\u00e3o de parceria foi selada entre presidente da Apae e prefeito Mallmann\\\/ Cr\u00e9dito da foto: Rodrigo Angeli\\\/ Divulga\u00e7\u00e3o\"},{\"@type\":\"BreadcrumbList\",\"@id\":\"https:\\\/\\\/folhapopular.info\\\/index.php\\\/2019\\\/02\\\/14\\\/governo-de-estrela-e-apae-selam-parceria\\\/#breadcrumb\",\"itemListElement\":[{\"@type\":\"ListItem\",\"position\":1,\"name\":\"In\u00edcio\",\"item\":\"https:\\\/\\\/folhapopular.info\\\/\"},{\"@type\":\"ListItem\",\"position\":2,\"name\":\"Governo de Estrela e Apae selam parceria\"}]},{\"@type\":\"WebSite\",\"@id\":\"https:\\\/\\\/folhapopular.info\\\/#website\",\"url\":\"https:\\\/\\\/folhapopular.info\\\/\",\"name\":\"Folha Popular\",\"description\":\"Onde voc\u00ea tem vez e voz\",\"potentialAction\":[{\"@type\":\"SearchAction\",\"target\":{\"@type\":\"EntryPoint\",\"urlTemplate\":\"https:\\\/\\\/folhapopular.info\\\/?s={search_term_string}\"},\"query-input\":{\"@type\":\"PropertyValueSpecification\",\"valueRequired\":true,\"valueName\":\"search_term_string\"}}],\"inLanguage\":\"pt-BR\"},{\"@type\":\"Person\",\"@id\":\"https:\\\/\\\/folhapopular.info\\\/#\\\/schema\\\/person\\\/2814e8a0df7643585a9ca38bc6eb9d4b\",\"name\":\"Reda\u00e7\u00e3o Folha Popular\",\"image\":{\"@type\":\"ImageObject\",\"inLanguage\":\"pt-BR\",\"@id\":\"https:\\\/\\\/folhapopular.info\\\/wp-content\\\/uploads\\\/2026\\\/04\\\/Folha-1.webp\",\"url\":\"https:\\\/\\\/folhapopular.info\\\/wp-content\\\/uploads\\\/2026\\\/04\\\/Folha-1.webp\",\"contentUrl\":\"https:\\\/\\\/folhapopular.info\\\/wp-content\\\/uploads\\\/2026\\\/04\\\/Folha-1.webp\",\"caption\":\"Reda\u00e7\u00e3o Folha Popular\"},\"url\":\"https:\\\/\\\/folhapopular.info\\\/index.php\\\/author\\\/redacao\\\/\"}]}<\/script>\n<!-- \/ Yoast SEO plugin. -->","yoast_head_json":{"title":"Governo de Estrela e Apae selam parceria - Folha Popular","robots":{"index":"index","follow":"follow","max-snippet":"max-snippet:-1","max-image-preview":"max-image-preview:large","max-video-preview":"max-video-preview:-1"},"canonical":"https:\/\/folhapopular.info\/index.php\/2019\/02\/14\/governo-de-estrela-e-apae-selam-parceria\/","og_locale":"pt_BR","og_type":"article","og_title":"Governo de Estrela e Apae selam parceria - Folha Popular","og_description":"Governo de Estrela e a Associa\u00e7\u00e3o de Pais e Amigos dos Excepcionais (Apae) de Estrela assinaram, na tarde desta ter\u00e7a-feira (12\/02), termo de parceria, numa esp\u00e9cie de renova\u00e7\u00e3o dos acordos j\u00e1 existentes. O ato informal no gabinete do prefeito Rafael Mallmann contou com a presen\u00e7a do presidente da entidade, Jo\u00e3o Carlos Sch\u00e4fer, e a diretora [&hellip;]","og_url":"https:\/\/folhapopular.info\/index.php\/2019\/02\/14\/governo-de-estrela-e-apae-selam-parceria\/","og_site_name":"Folha Popular","article_published_time":"2019-02-14T10:14:26+00:00","article_modified_time":"2019-02-14T10:21:08+00:00","og_image":[{"width":800,"height":533,"url":"https:\/\/folhapopular.info\/wp-content\/uploads\/2019\/02\/Apae-parceria-Angeli-2-e1550139623885.jpg","type":"image\/jpeg"}],"author":"Reda\u00e7\u00e3o Folha Popular","twitter_card":"summary_large_image","twitter_misc":{"Escrito por":"Reda\u00e7\u00e3o Folha Popular","Est. tempo de leitura":"2 minutos"},"schema":{"@context":"https:\/\/schema.org","@graph":[{"@type":"Article","@id":"https:\/\/folhapopular.info\/index.php\/2019\/02\/14\/governo-de-estrela-e-apae-selam-parceria\/#article","isPartOf":{"@id":"https:\/\/folhapopular.info\/index.php\/2019\/02\/14\/governo-de-estrela-e-apae-selam-parceria\/"},"author":{"name":"Reda\u00e7\u00e3o Folha Popular","@id":"https:\/\/folhapopular.info\/#\/schema\/person\/2814e8a0df7643585a9ca38bc6eb9d4b"},"headline":"Governo de Estrela e Apae selam parceria","datePublished":"2019-02-14T10:14:26+00:00","dateModified":"2019-02-14T10:21:08+00:00","mainEntityOfPage":{"@id":"https:\/\/folhapopular.info\/index.php\/2019\/02\/14\/governo-de-estrela-e-apae-selam-parceria\/"},"wordCount":364,"commentCount":0,"image":{"@id":"https:\/\/folhapopular.info\/index.php\/2019\/02\/14\/governo-de-estrela-e-apae-selam-parceria\/#primaryimage"},"thumbnailUrl":"https:\/\/folhapopular.info\/wp-content\/uploads\/2019\/02\/Apae-parceria-Angeli-2-e1550139623885.jpg","keywords":["Apae","Estrela"],"articleSection":["Destaques","Geral"],"inLanguage":"pt-BR","potentialAction":[{"@type":"CommentAction","name":"Comment","target":["https:\/\/folhapopular.info\/index.php\/2019\/02\/14\/governo-de-estrela-e-apae-selam-parceria\/#respond"]}]},{"@type":"WebPage","@id":"https:\/\/folhapopular.info\/index.php\/2019\/02\/14\/governo-de-estrela-e-apae-selam-parceria\/","url":"https:\/\/folhapopular.info\/index.php\/2019\/02\/14\/governo-de-estrela-e-apae-selam-parceria\/","name":"Governo de Estrela e Apae selam parceria - Folha Popular","isPartOf":{"@id":"https:\/\/folhapopular.info\/#website"},"primaryImageOfPage":{"@id":"https:\/\/folhapopular.info\/index.php\/2019\/02\/14\/governo-de-estrela-e-apae-selam-parceria\/#primaryimage"},"image":{"@id":"https:\/\/folhapopular.info\/index.php\/2019\/02\/14\/governo-de-estrela-e-apae-selam-parceria\/#primaryimage"},"thumbnailUrl":"https:\/\/folhapopular.info\/wp-content\/uploads\/2019\/02\/Apae-parceria-Angeli-2-e1550139623885.jpg","datePublished":"2019-02-14T10:14:26+00:00","dateModified":"2019-02-14T10:21:08+00:00","author":{"@id":"https:\/\/folhapopular.info\/#\/schema\/person\/2814e8a0df7643585a9ca38bc6eb9d4b"},"breadcrumb":{"@id":"https:\/\/folhapopular.info\/index.php\/2019\/02\/14\/governo-de-estrela-e-apae-selam-parceria\/#breadcrumb"},"inLanguage":"pt-BR","potentialAction":[{"@type":"ReadAction","target":["https:\/\/folhapopular.info\/index.php\/2019\/02\/14\/governo-de-estrela-e-apae-selam-parceria\/"]}]},{"@type":"ImageObject","inLanguage":"pt-BR","@id":"https:\/\/folhapopular.info\/index.php\/2019\/02\/14\/governo-de-estrela-e-apae-selam-parceria\/#primaryimage","url":"https:\/\/folhapopular.info\/wp-content\/uploads\/2019\/02\/Apae-parceria-Angeli-2-e1550139623885.jpg","contentUrl":"https:\/\/folhapopular.info\/wp-content\/uploads\/2019\/02\/Apae-parceria-Angeli-2-e1550139623885.jpg","width":800,"height":533,"caption":"Renova\u00e7\u00e3o de parceria foi selada entre presidente da Apae e prefeito Mallmann\/ Cr\u00e9dito da foto: Rodrigo Angeli\/ Divulga\u00e7\u00e3o"},{"@type":"BreadcrumbList","@id":"https:\/\/folhapopular.info\/index.php\/2019\/02\/14\/governo-de-estrela-e-apae-selam-parceria\/#breadcrumb","itemListElement":[{"@type":"ListItem","position":1,"name":"In\u00edcio","item":"https:\/\/folhapopular.info\/"},{"@type":"ListItem","position":2,"name":"Governo de Estrela e Apae selam parceria"}]},{"@type":"WebSite","@id":"https:\/\/folhapopular.info\/#website","url":"https:\/\/folhapopular.info\/","name":"Folha Popular","description":"Onde voc\u00ea tem vez e voz","potentialAction":[{"@type":"SearchAction","target":{"@type":"EntryPoint","urlTemplate":"https:\/\/folhapopular.info\/?s={search_term_string}"},"query-input":{"@type":"PropertyValueSpecification","valueRequired":true,"valueName":"search_term_string"}}],"inLanguage":"pt-BR"},{"@type":"Person","@id":"https:\/\/folhapopular.info\/#\/schema\/person\/2814e8a0df7643585a9ca38bc6eb9d4b","name":"Reda\u00e7\u00e3o Folha Popular","image":{"@type":"ImageObject","inLanguage":"pt-BR","@id":"https:\/\/folhapopular.info\/wp-content\/uploads\/2026\/04\/Folha-1.webp","url":"https:\/\/folhapopular.info\/wp-content\/uploads\/2026\/04\/Folha-1.webp","contentUrl":"https:\/\/folhapopular.info\/wp-content\/uploads\/2026\/04\/Folha-1.webp","caption":"Reda\u00e7\u00e3o Folha Popular"},"url":"https:\/\/folhapopular.info\/index.php\/author\/redacao\/"}]}},"jetpack_featured_media_url":"https:\/\/folhapopular.info\/wp-content\/uploads\/2019\/02\/Apae-parceria-Angeli-2-e1550139623885.jpg","jetpack_sharing_enabled":true,"amp_enabled":true,"_links":{"self":[{"href":"https:\/\/folhapopular.info\/index.php\/wp-json\/wp\/v2\/posts\/53324","targetHints":{"allow":["GET"]}}],"collection":[{"href":"https:\/\/folhapopular.info\/index.php\/wp-json\/wp\/v2\/posts"}],"about":[{"href":"https:\/\/folhapopular.info\/index.php\/wp-json\/wp\/v2\/types\/post"}],"author":[{"embeddable":true,"href":"https:\/\/folhapopular.info\/index.php\/wp-json\/wp\/v2\/users\/8"}],"replies":[{"embeddable":true,"href":"https:\/\/folhapopular.info\/index.php\/wp-json\/wp\/v2\/comments?post=53324"}],"version-history":[{"count":0,"href":"https:\/\/folhapopular.info\/index.php\/wp-json\/wp\/v2\/posts\/53324\/revisions"}],"wp:featuredmedia":[{"embeddable":true,"href":"https:\/\/folhapopular.info\/index.php\/wp-json\/wp\/v2\/media\/53325"}],"wp:attachment":[{"href":"https:\/\/folhapopular.info\/index.php\/wp-json\/wp\/v2\/media?parent=53324"}],"wp:term":[{"taxonomy":"category","embeddable":true,"href":"https:\/\/folhapopular.info\/index.php\/wp-json\/wp\/v2\/categories?post=53324"},{"taxonomy":"post_tag","embeddable":true,"href":"https:\/\/folhapopular.info\/index.php\/wp-json\/wp\/v2\/tags?post=53324"}],"curies":[{"name":"wp","href":"https:\/\/api.w.org\/{rel}","templated":true}]}}