{"id":53375,"date":"2019-02-15T11:00:58","date_gmt":"2019-02-15T13:00:58","guid":{"rendered":"http:\/\/folhapopular.info\/?p=53375"},"modified":"2019-02-15T16:45:47","modified_gmt":"2019-02-15T18:45:47","slug":"cemiterio-municipal-de-carlos-barbosa-recebe-calcamento","status":"publish","type":"post","link":"https:\/\/folhapopular.info\/index.php\/2019\/02\/15\/cemiterio-municipal-de-carlos-barbosa-recebe-calcamento\/","title":{"rendered":"Cemit\u00e9rio Municipal de Carlos Barbosa recebe cal\u00e7amento"},"content":{"rendered":"\n<p>Por meio da parceria entre a Administra\u00e7\u00e3o e a empresa Tramontina de Carlos Barbosa est\u00e1 sendo realizado a continua\u00e7\u00e3o do passeio p\u00fablico em frente ao Cemit\u00e9rio Municipal, na Rua Buarque de Macedo. O objetivo \u00e9 atender melhor a comunidade e proporcionar seguran\u00e7a e mobilidade urbana aos pedestres.<\/p>\n\n\n\n<p>Desta forma, a Administra\u00e7\u00e3o de Carlos Barbosa pede a compreens\u00e3o dos motoristas que trafegam pelo local, e se poss\u00edvel utilizem vias alternativas para o bom andamento dos servi\u00e7os.<\/p>\n","protected":false},"excerpt":{"rendered":"<p>Por meio da parceria entre a Administra\u00e7\u00e3o e a empresa Tramontina de Carlos Barbosa est\u00e1 sendo realizado a continua\u00e7\u00e3o do passeio p\u00fablico em frente ao Cemit\u00e9rio Municipal, na Rua Buarque de Macedo. O objetivo \u00e9 atender melhor a comunidade e proporcionar seguran\u00e7a e mobilidade urbana aos pedestres. Desta forma, a Administra\u00e7\u00e3o de Carlos Barbosa pede [&hellip;]<\/p>\n","protected":false},"author":8,"featured_media":53376,"comment_status":"open","ping_status":"open","sticky":false,"template":"","format":"standard","meta":{"pmpro_default_level":"","_jetpack_memberships_contains_paid_content":false,"footnotes":""},"categories":[3],"tags":[3225,30],"class_list":{"0":"post-53375","1":"post","2":"type-post","3":"status-publish","4":"format-standard","5":"has-post-thumbnail","7":"category-geral","8":"tag-calcadas","9":"tag-carlos-barbosa","10":"pmpro-has-access"},"yoast_head":"<!-- This site is optimized with the Yoast SEO plugin v27.5 - https:\/\/yoast.com\/product\/yoast-seo-wordpress\/ -->\n<title>Cemit\u00e9rio Municipal de Carlos Barbosa recebe cal\u00e7amento - Folha Popular<\/title>\n<meta name=\"robots\" content=\"index, follow, max-snippet:-1, max-image-preview:large, max-video-preview:-1\" \/>\n<link rel=\"canonical\" href=\"https:\/\/folhapopular.info\/index.php\/2019\/02\/15\/cemiterio-municipal-de-carlos-barbosa-recebe-calcamento\/\" \/>\n<meta property=\"og:locale\" content=\"pt_BR\" \/>\n<meta property=\"og:type\" content=\"article\" \/>\n<meta property=\"og:title\" content=\"Cemit\u00e9rio Municipal de Carlos Barbosa recebe cal\u00e7amento - Folha Popular\" \/>\n<meta property=\"og:description\" content=\"Por meio da parceria entre a Administra\u00e7\u00e3o e a empresa Tramontina de Carlos Barbosa est\u00e1 sendo realizado a continua\u00e7\u00e3o do passeio p\u00fablico em frente ao Cemit\u00e9rio Municipal, na Rua Buarque de Macedo. O objetivo \u00e9 atender melhor a comunidade e proporcionar seguran\u00e7a e mobilidade urbana aos pedestres. Desta forma, a Administra\u00e7\u00e3o de Carlos Barbosa pede [&hellip;]\" \/>\n<meta property=\"og:url\" content=\"https:\/\/folhapopular.info\/index.php\/2019\/02\/15\/cemiterio-municipal-de-carlos-barbosa-recebe-calcamento\/\" \/>\n<meta property=\"og:site_name\" content=\"Folha Popular\" \/>\n<meta property=\"article:published_time\" content=\"2019-02-15T13:00:58+00:00\" \/>\n<meta property=\"article:modified_time\" content=\"2019-02-15T18:45:47+00:00\" \/>\n<meta property=\"og:image\" content=\"https:\/\/folhapopular.info\/wp-content\/uploads\/2019\/02\/2019_02_14_1550140761-e1550227683683.jpg\" \/>\n\t<meta property=\"og:image:width\" content=\"800\" \/>\n\t<meta property=\"og:image:height\" content=\"531\" \/>\n\t<meta property=\"og:image:type\" content=\"image\/jpeg\" \/>\n<meta name=\"author\" content=\"Reda\u00e7\u00e3o Folha Popular\" \/>\n<meta name=\"twitter:card\" content=\"summary_large_image\" \/>\n<meta name=\"twitter:label1\" content=\"Escrito por\" \/>\n\t<meta name=\"twitter:data1\" content=\"Reda\u00e7\u00e3o Folha Popular\" \/>\n<script type=\"application\/ld+json\" class=\"yoast-schema-graph\">{\"@context\":\"https:\\\/\\\/schema.org\",\"@graph\":[{\"@type\":\"Article\",\"@id\":\"https:\\\/\\\/folhapopular.info\\\/index.php\\\/2019\\\/02\\\/15\\\/cemiterio-municipal-de-carlos-barbosa-recebe-calcamento\\\/#article\",\"isPartOf\":{\"@id\":\"https:\\\/\\\/folhapopular.info\\\/index.php\\\/2019\\\/02\\\/15\\\/cemiterio-municipal-de-carlos-barbosa-recebe-calcamento\\\/\"},\"author\":{\"name\":\"Reda\u00e7\u00e3o Folha Popular\",\"@id\":\"https:\\\/\\\/folhapopular.info\\\/#\\\/schema\\\/person\\\/2814e8a0df7643585a9ca38bc6eb9d4b\"},\"headline\":\"Cemit\u00e9rio Municipal de Carlos Barbosa recebe cal\u00e7amento\",\"datePublished\":\"2019-02-15T13:00:58+00:00\",\"dateModified\":\"2019-02-15T18:45:47+00:00\",\"mainEntityOfPage\":{\"@id\":\"https:\\\/\\\/folhapopular.info\\\/index.php\\\/2019\\\/02\\\/15\\\/cemiterio-municipal-de-carlos-barbosa-recebe-calcamento\\\/\"},\"wordCount\":92,\"commentCount\":0,\"image\":{\"@id\":\"https:\\\/\\\/folhapopular.info\\\/index.php\\\/2019\\\/02\\\/15\\\/cemiterio-municipal-de-carlos-barbosa-recebe-calcamento\\\/#primaryimage\"},\"thumbnailUrl\":\"https:\\\/\\\/folhapopular.info\\\/wp-content\\\/uploads\\\/2019\\\/02\\\/2019_02_14_1550140761-e1550227683683.jpg\",\"keywords\":[\"Cal\u00e7adas\",\"Carlos Barbosa\"],\"articleSection\":[\"Geral\"],\"inLanguage\":\"pt-BR\",\"potentialAction\":[{\"@type\":\"CommentAction\",\"name\":\"Comment\",\"target\":[\"https:\\\/\\\/folhapopular.info\\\/index.php\\\/2019\\\/02\\\/15\\\/cemiterio-municipal-de-carlos-barbosa-recebe-calcamento\\\/#respond\"]}]},{\"@type\":\"WebPage\",\"@id\":\"https:\\\/\\\/folhapopular.info\\\/index.php\\\/2019\\\/02\\\/15\\\/cemiterio-municipal-de-carlos-barbosa-recebe-calcamento\\\/\",\"url\":\"https:\\\/\\\/folhapopular.info\\\/index.php\\\/2019\\\/02\\\/15\\\/cemiterio-municipal-de-carlos-barbosa-recebe-calcamento\\\/\",\"name\":\"Cemit\u00e9rio Municipal de Carlos Barbosa recebe cal\u00e7amento - Folha Popular\",\"isPartOf\":{\"@id\":\"https:\\\/\\\/folhapopular.info\\\/#website\"},\"primaryImageOfPage\":{\"@id\":\"https:\\\/\\\/folhapopular.info\\\/index.php\\\/2019\\\/02\\\/15\\\/cemiterio-municipal-de-carlos-barbosa-recebe-calcamento\\\/#primaryimage\"},\"image\":{\"@id\":\"https:\\\/\\\/folhapopular.info\\\/index.php\\\/2019\\\/02\\\/15\\\/cemiterio-municipal-de-carlos-barbosa-recebe-calcamento\\\/#primaryimage\"},\"thumbnailUrl\":\"https:\\\/\\\/folhapopular.info\\\/wp-content\\\/uploads\\\/2019\\\/02\\\/2019_02_14_1550140761-e1550227683683.jpg\",\"datePublished\":\"2019-02-15T13:00:58+00:00\",\"dateModified\":\"2019-02-15T18:45:47+00:00\",\"author\":{\"@id\":\"https:\\\/\\\/folhapopular.info\\\/#\\\/schema\\\/person\\\/2814e8a0df7643585a9ca38bc6eb9d4b\"},\"breadcrumb\":{\"@id\":\"https:\\\/\\\/folhapopular.info\\\/index.php\\\/2019\\\/02\\\/15\\\/cemiterio-municipal-de-carlos-barbosa-recebe-calcamento\\\/#breadcrumb\"},\"inLanguage\":\"pt-BR\",\"potentialAction\":[{\"@type\":\"ReadAction\",\"target\":[\"https:\\\/\\\/folhapopular.info\\\/index.php\\\/2019\\\/02\\\/15\\\/cemiterio-municipal-de-carlos-barbosa-recebe-calcamento\\\/\"]}]},{\"@type\":\"ImageObject\",\"inLanguage\":\"pt-BR\",\"@id\":\"https:\\\/\\\/folhapopular.info\\\/index.php\\\/2019\\\/02\\\/15\\\/cemiterio-municipal-de-carlos-barbosa-recebe-calcamento\\\/#primaryimage\",\"url\":\"https:\\\/\\\/folhapopular.info\\\/wp-content\\\/uploads\\\/2019\\\/02\\\/2019_02_14_1550140761-e1550227683683.jpg\",\"contentUrl\":\"https:\\\/\\\/folhapopular.info\\\/wp-content\\\/uploads\\\/2019\\\/02\\\/2019_02_14_1550140761-e1550227683683.jpg\",\"width\":800,\"height\":531,\"caption\":\"Cr\u00e9dito da foto: Daiane Alt\u00edssimo\\\/ Divulga\u00e7\u00e3o\"},{\"@type\":\"BreadcrumbList\",\"@id\":\"https:\\\/\\\/folhapopular.info\\\/index.php\\\/2019\\\/02\\\/15\\\/cemiterio-municipal-de-carlos-barbosa-recebe-calcamento\\\/#breadcrumb\",\"itemListElement\":[{\"@type\":\"ListItem\",\"position\":1,\"name\":\"In\u00edcio\",\"item\":\"https:\\\/\\\/folhapopular.info\\\/\"},{\"@type\":\"ListItem\",\"position\":2,\"name\":\"Cemit\u00e9rio Municipal de Carlos Barbosa recebe cal\u00e7amento\"}]},{\"@type\":\"WebSite\",\"@id\":\"https:\\\/\\\/folhapopular.info\\\/#website\",\"url\":\"https:\\\/\\\/folhapopular.info\\\/\",\"name\":\"Folha Popular\",\"description\":\"Onde voc\u00ea tem vez e voz\",\"potentialAction\":[{\"@type\":\"SearchAction\",\"target\":{\"@type\":\"EntryPoint\",\"urlTemplate\":\"https:\\\/\\\/folhapopular.info\\\/?s={search_term_string}\"},\"query-input\":{\"@type\":\"PropertyValueSpecification\",\"valueRequired\":true,\"valueName\":\"search_term_string\"}}],\"inLanguage\":\"pt-BR\"},{\"@type\":\"Person\",\"@id\":\"https:\\\/\\\/folhapopular.info\\\/#\\\/schema\\\/person\\\/2814e8a0df7643585a9ca38bc6eb9d4b\",\"name\":\"Reda\u00e7\u00e3o Folha Popular\",\"image\":{\"@type\":\"ImageObject\",\"inLanguage\":\"pt-BR\",\"@id\":\"https:\\\/\\\/folhapopular.info\\\/wp-content\\\/uploads\\\/2026\\\/04\\\/Folha-1.webp\",\"url\":\"https:\\\/\\\/folhapopular.info\\\/wp-content\\\/uploads\\\/2026\\\/04\\\/Folha-1.webp\",\"contentUrl\":\"https:\\\/\\\/folhapopular.info\\\/wp-content\\\/uploads\\\/2026\\\/04\\\/Folha-1.webp\",\"caption\":\"Reda\u00e7\u00e3o Folha Popular\"},\"url\":\"https:\\\/\\\/folhapopular.info\\\/index.php\\\/author\\\/redacao\\\/\"}]}<\/script>\n<!-- \/ Yoast SEO plugin. -->","yoast_head_json":{"title":"Cemit\u00e9rio Municipal de Carlos Barbosa recebe cal\u00e7amento - Folha Popular","robots":{"index":"index","follow":"follow","max-snippet":"max-snippet:-1","max-image-preview":"max-image-preview:large","max-video-preview":"max-video-preview:-1"},"canonical":"https:\/\/folhapopular.info\/index.php\/2019\/02\/15\/cemiterio-municipal-de-carlos-barbosa-recebe-calcamento\/","og_locale":"pt_BR","og_type":"article","og_title":"Cemit\u00e9rio Municipal de Carlos Barbosa recebe cal\u00e7amento - Folha Popular","og_description":"Por meio da parceria entre a Administra\u00e7\u00e3o e a empresa Tramontina de Carlos Barbosa est\u00e1 sendo realizado a continua\u00e7\u00e3o do passeio p\u00fablico em frente ao Cemit\u00e9rio Municipal, na Rua Buarque de Macedo. O objetivo \u00e9 atender melhor a comunidade e proporcionar seguran\u00e7a e mobilidade urbana aos pedestres. Desta forma, a Administra\u00e7\u00e3o de Carlos Barbosa pede [&hellip;]","og_url":"https:\/\/folhapopular.info\/index.php\/2019\/02\/15\/cemiterio-municipal-de-carlos-barbosa-recebe-calcamento\/","og_site_name":"Folha Popular","article_published_time":"2019-02-15T13:00:58+00:00","article_modified_time":"2019-02-15T18:45:47+00:00","og_image":[{"width":800,"height":531,"url":"https:\/\/folhapopular.info\/wp-content\/uploads\/2019\/02\/2019_02_14_1550140761-e1550227683683.jpg","type":"image\/jpeg"}],"author":"Reda\u00e7\u00e3o Folha Popular","twitter_card":"summary_large_image","twitter_misc":{"Escrito por":"Reda\u00e7\u00e3o Folha Popular"},"schema":{"@context":"https:\/\/schema.org","@graph":[{"@type":"Article","@id":"https:\/\/folhapopular.info\/index.php\/2019\/02\/15\/cemiterio-municipal-de-carlos-barbosa-recebe-calcamento\/#article","isPartOf":{"@id":"https:\/\/folhapopular.info\/index.php\/2019\/02\/15\/cemiterio-municipal-de-carlos-barbosa-recebe-calcamento\/"},"author":{"name":"Reda\u00e7\u00e3o Folha Popular","@id":"https:\/\/folhapopular.info\/#\/schema\/person\/2814e8a0df7643585a9ca38bc6eb9d4b"},"headline":"Cemit\u00e9rio Municipal de Carlos Barbosa recebe cal\u00e7amento","datePublished":"2019-02-15T13:00:58+00:00","dateModified":"2019-02-15T18:45:47+00:00","mainEntityOfPage":{"@id":"https:\/\/folhapopular.info\/index.php\/2019\/02\/15\/cemiterio-municipal-de-carlos-barbosa-recebe-calcamento\/"},"wordCount":92,"commentCount":0,"image":{"@id":"https:\/\/folhapopular.info\/index.php\/2019\/02\/15\/cemiterio-municipal-de-carlos-barbosa-recebe-calcamento\/#primaryimage"},"thumbnailUrl":"https:\/\/folhapopular.info\/wp-content\/uploads\/2019\/02\/2019_02_14_1550140761-e1550227683683.jpg","keywords":["Cal\u00e7adas","Carlos Barbosa"],"articleSection":["Geral"],"inLanguage":"pt-BR","potentialAction":[{"@type":"CommentAction","name":"Comment","target":["https:\/\/folhapopular.info\/index.php\/2019\/02\/15\/cemiterio-municipal-de-carlos-barbosa-recebe-calcamento\/#respond"]}]},{"@type":"WebPage","@id":"https:\/\/folhapopular.info\/index.php\/2019\/02\/15\/cemiterio-municipal-de-carlos-barbosa-recebe-calcamento\/","url":"https:\/\/folhapopular.info\/index.php\/2019\/02\/15\/cemiterio-municipal-de-carlos-barbosa-recebe-calcamento\/","name":"Cemit\u00e9rio Municipal de Carlos Barbosa recebe cal\u00e7amento - Folha Popular","isPartOf":{"@id":"https:\/\/folhapopular.info\/#website"},"primaryImageOfPage":{"@id":"https:\/\/folhapopular.info\/index.php\/2019\/02\/15\/cemiterio-municipal-de-carlos-barbosa-recebe-calcamento\/#primaryimage"},"image":{"@id":"https:\/\/folhapopular.info\/index.php\/2019\/02\/15\/cemiterio-municipal-de-carlos-barbosa-recebe-calcamento\/#primaryimage"},"thumbnailUrl":"https:\/\/folhapopular.info\/wp-content\/uploads\/2019\/02\/2019_02_14_1550140761-e1550227683683.jpg","datePublished":"2019-02-15T13:00:58+00:00","dateModified":"2019-02-15T18:45:47+00:00","author":{"@id":"https:\/\/folhapopular.info\/#\/schema\/person\/2814e8a0df7643585a9ca38bc6eb9d4b"},"breadcrumb":{"@id":"https:\/\/folhapopular.info\/index.php\/2019\/02\/15\/cemiterio-municipal-de-carlos-barbosa-recebe-calcamento\/#breadcrumb"},"inLanguage":"pt-BR","potentialAction":[{"@type":"ReadAction","target":["https:\/\/folhapopular.info\/index.php\/2019\/02\/15\/cemiterio-municipal-de-carlos-barbosa-recebe-calcamento\/"]}]},{"@type":"ImageObject","inLanguage":"pt-BR","@id":"https:\/\/folhapopular.info\/index.php\/2019\/02\/15\/cemiterio-municipal-de-carlos-barbosa-recebe-calcamento\/#primaryimage","url":"https:\/\/folhapopular.info\/wp-content\/uploads\/2019\/02\/2019_02_14_1550140761-e1550227683683.jpg","contentUrl":"https:\/\/folhapopular.info\/wp-content\/uploads\/2019\/02\/2019_02_14_1550140761-e1550227683683.jpg","width":800,"height":531,"caption":"Cr\u00e9dito da foto: Daiane Alt\u00edssimo\/ Divulga\u00e7\u00e3o"},{"@type":"BreadcrumbList","@id":"https:\/\/folhapopular.info\/index.php\/2019\/02\/15\/cemiterio-municipal-de-carlos-barbosa-recebe-calcamento\/#breadcrumb","itemListElement":[{"@type":"ListItem","position":1,"name":"In\u00edcio","item":"https:\/\/folhapopular.info\/"},{"@type":"ListItem","position":2,"name":"Cemit\u00e9rio Municipal de Carlos Barbosa recebe cal\u00e7amento"}]},{"@type":"WebSite","@id":"https:\/\/folhapopular.info\/#website","url":"https:\/\/folhapopular.info\/","name":"Folha Popular","description":"Onde voc\u00ea tem vez e voz","potentialAction":[{"@type":"SearchAction","target":{"@type":"EntryPoint","urlTemplate":"https:\/\/folhapopular.info\/?s={search_term_string}"},"query-input":{"@type":"PropertyValueSpecification","valueRequired":true,"valueName":"search_term_string"}}],"inLanguage":"pt-BR"},{"@type":"Person","@id":"https:\/\/folhapopular.info\/#\/schema\/person\/2814e8a0df7643585a9ca38bc6eb9d4b","name":"Reda\u00e7\u00e3o Folha Popular","image":{"@type":"ImageObject","inLanguage":"pt-BR","@id":"https:\/\/folhapopular.info\/wp-content\/uploads\/2026\/04\/Folha-1.webp","url":"https:\/\/folhapopular.info\/wp-content\/uploads\/2026\/04\/Folha-1.webp","contentUrl":"https:\/\/folhapopular.info\/wp-content\/uploads\/2026\/04\/Folha-1.webp","caption":"Reda\u00e7\u00e3o Folha Popular"},"url":"https:\/\/folhapopular.info\/index.php\/author\/redacao\/"}]}},"jetpack_featured_media_url":"https:\/\/folhapopular.info\/wp-content\/uploads\/2019\/02\/2019_02_14_1550140761-e1550227683683.jpg","jetpack_sharing_enabled":true,"amp_enabled":true,"_links":{"self":[{"href":"https:\/\/folhapopular.info\/index.php\/wp-json\/wp\/v2\/posts\/53375","targetHints":{"allow":["GET"]}}],"collection":[{"href":"https:\/\/folhapopular.info\/index.php\/wp-json\/wp\/v2\/posts"}],"about":[{"href":"https:\/\/folhapopular.info\/index.php\/wp-json\/wp\/v2\/types\/post"}],"author":[{"embeddable":true,"href":"https:\/\/folhapopular.info\/index.php\/wp-json\/wp\/v2\/users\/8"}],"replies":[{"embeddable":true,"href":"https:\/\/folhapopular.info\/index.php\/wp-json\/wp\/v2\/comments?post=53375"}],"version-history":[{"count":0,"href":"https:\/\/folhapopular.info\/index.php\/wp-json\/wp\/v2\/posts\/53375\/revisions"}],"wp:featuredmedia":[{"embeddable":true,"href":"https:\/\/folhapopular.info\/index.php\/wp-json\/wp\/v2\/media\/53376"}],"wp:attachment":[{"href":"https:\/\/folhapopular.info\/index.php\/wp-json\/wp\/v2\/media?parent=53375"}],"wp:term":[{"taxonomy":"category","embeddable":true,"href":"https:\/\/folhapopular.info\/index.php\/wp-json\/wp\/v2\/categories?post=53375"},{"taxonomy":"post_tag","embeddable":true,"href":"https:\/\/folhapopular.info\/index.php\/wp-json\/wp\/v2\/tags?post=53375"}],"curies":[{"name":"wp","href":"https:\/\/api.w.org\/{rel}","templated":true}]}}