{"id":53398,"date":"2019-02-16T11:00:18","date_gmt":"2019-02-16T13:00:18","guid":{"rendered":"http:\/\/folhapopular.info\/?p=53398"},"modified":"2019-02-16T07:48:04","modified_gmt":"2019-02-16T09:48:04","slug":"quinta-edicao-do-so-elas-rola-moca-projeta-numeros-ainda-maiores-em-estrela","status":"publish","type":"post","link":"https:\/\/folhapopular.info\/index.php\/2019\/02\/16\/quinta-edicao-do-so-elas-rola-moca-projeta-numeros-ainda-maiores-em-estrela\/","title":{"rendered":"Quinta edi\u00e7\u00e3o do S\u00f3 Elas\/Rola Mo\u00e7a projeta n\u00fameros ainda maiores em Estrela"},"content":{"rendered":"\n<p class=\"wp-block-paragraph\">Os n\u00fameros justificam a expectativa da Secretaria de Esportes e Lazer (Smel) de Estrela. Organizadora da\u00a0\u201c5\u00aa S\u00f3 Elas\/Rola Mo\u00e7a\u00a0\u2013 Corrida, Caminhada e Kangoo\u201d, evento esportivo exclusivo \u00e0s mulheres, de todas as idades, a pasta j\u00e1 registra mais de 460 inscritas antecipadamente para a\u00a0quinta\u00a0edi\u00e7\u00e3o do evento, agendado para\u00a010 de mar\u00e7o, no Parque Princesa do Vale, com largada \u00e0s 9h. <\/p>\n\n\n\n<p class=\"wp-block-paragraph\">Tem patroc\u00ednio da Rola Mo\u00e7a e apoio da Liga Feminina de Combate ao C\u00e2ncer de Estrela, para quem \u00e9 revertido parte do valor arrecadado com as inscri\u00e7\u00f5es. N\u00famero \u00e9 praticamente o dobro do registrado ano passado, e ainda restam 15 dias para o fim das inscri\u00e7\u00f5es. As mesmas devem ser realizadas no site\u00a0<a rel=\"noreferrer noopener\" href=\"http:\/\/www.centraldacorrida.com.br\/\" target=\"_blank\">www.centraldacorrida.com.br<\/a><\/p>\n\n\n\n<p class=\"wp-block-paragraph\">A 5\u00aa S\u00f3 Elas\/Rola Mo\u00e7a&nbsp;ocorrer\u00e1 mais uma vez nas tr\u00eas modalidades. Corrida, em car\u00e1ter&nbsp;competitivo, acontecer\u00e1 no percurso de 5 km individual; a Corrida de Kangoo Jump no percurso de 3 km individual; e a Caminhada no percurso de 3 km individual. No percurso pelas ruas centrais, todo protegido do tr\u00e2nsito no momento da passagem das atletas, as participantes contar\u00e3o com a orienta\u00e7\u00e3o de dezenas de volunt\u00e1rios.<\/p>\n\n\n\n<p class=\"wp-block-paragraph\">Criada em mar\u00e7o de 2015, para integrar a programa\u00e7\u00e3o do Multimulher, no m\u00eas dedicado a elas, a prova sempre teve as modalidades corrida e caminhada em sua elabora\u00e7\u00e3o. J\u00e1 na primeira edi\u00e7\u00e3o foram mais de 200 participantes. O sucesso foi tamanho que no segundo ano o n\u00famero duplicou. <\/p>\n\n\n\n<p class=\"wp-block-paragraph\">Em 2017 passou a contar tamb\u00e9m com a modalidade kangoo jump. O n\u00famero de participantes caiu, visto o aumento de eventos paralelos e esportivos, n\u00e3o somente na cidade como regi\u00e3o e Estado, mas aumentou a quantidade de munic\u00edpios representados: 32. N\u00fameros que se mantiveram na edi\u00e7\u00e3o passada, mas que t\u00eam grandes chances de serem superados em 2019.<\/p>\n\n\n\n<p class=\"wp-block-paragraph\">O primeiro lote de inscri\u00e7\u00f5es chegou ao fim no \u00faltimo dia 10, j\u00e1 com mais de 400 inscritas. Outras 60 se inscreveram ao longo da semana. Os valores atuais: R$ 49 (corrida e kangoo);&nbsp;R$ 30&nbsp;(caminhada).&nbsp;H\u00e1 desconto para Grupos de Corrida ou Kangoo,&nbsp;com&nbsp;dez&nbsp;ou mais inscritos. Nesse caso, o cupom de desconto deve ser solicitado pelo e-mail&nbsp;<a href=\"mailto:segundotempo@estrela.rs.gov.br\" target=\"_blank\" rel=\"noreferrer noopener\">segundotempo@estrela.rs.gov.br<\/a>&nbsp;antes da realiza\u00e7\u00e3o da inscri\u00e7\u00e3o. Pessoas com idade igual ou superior a 60 anos&nbsp;ter\u00e3o direito a desconto de 50% no valor final da inscri\u00e7\u00e3o da corrida (desconto autom\u00e1tico no momento de efetuar a inscri\u00e7\u00e3o pela internet). As vagas poder\u00e3o ser confirmadas at\u00e9 o pr\u00f3ximo dia 1\u00ba, diretamente no site&nbsp;<a href=\"http:\/\/www.centraldacorrida.com.br\/\" rel=\"noreferrer noopener\" target=\"_blank\">www.centraldacorrida.com.br<\/a><\/p>\n\n\n\n<p class=\"wp-block-paragraph\"><strong>Premia\u00e7\u00e3o<\/strong><\/p>\n\n\n\n<p class=\"wp-block-paragraph\">Al\u00e9m das mais de 500 medalhas de participa\u00e7\u00e3o que se calcula, ser\u00e3o distribu\u00eddos mais de 50 trof\u00e9us e outras 28 medalhas para as premia\u00e7\u00f5es da corrida e do kangoo jump. Na corrida 5 km receber\u00e3o trof\u00e9u as cinco primeiras colocadas no geral. Tamb\u00e9m por faixa et\u00e1ria, no total de 12 categorias, com trof\u00e9u para as tr\u00eas primeiras colocadas e medalhas para terceiro e quarto lugar. Tamb\u00e9m trof\u00e9us para a maior academia ou grupo de corrida e participante de mais idade. A premia\u00e7\u00e3o segue a mesma ordem no kangoo, apesar de serem&nbsp;apenas duas categorias de faixa et\u00e1ria.<\/p>\n\n\n\n<p class=\"wp-block-paragraph\"><strong>Kits Atleta<\/strong><br><\/p>\n\n\n\n<p class=\"wp-block-paragraph\">As participantes inscritas&nbsp;ter\u00e3o direito ao Kit Atleta composto por uma camiseta baby look Rola Mo\u00e7a;&nbsp;sacola Rola Mo\u00e7a; ta\u00e7a de espumante;&nbsp;toalha;&nbsp;<em>squeeze<\/em>; n\u00famero de peito e chip descart\u00e1vel (corrida e kangoo), medalha de participa\u00e7\u00e3o e brindes dos apoiadores. O mesmo poder\u00e1 ser retirado antecipadamente: dia&nbsp;8 de mar\u00e7o (sexta-feira) das 17h \u00e0s 20h, no Cal\u00e7ad\u00e3o de Estrela, e no dia&nbsp;9 de mar\u00e7o (s\u00e1bado) das&nbsp;10h \u00e0s 17h, na loja Rola Mo\u00e7a (Av. Benjamin Constant, 1498, Lajeado). No dia da prova, no local, das 7h30min \u00e0s 8h30min.<\/p>\n\n\n\n<p class=\"wp-block-paragraph\"><strong>Kits pr\u00eamios<\/strong><\/p>\n\n\n\n<p class=\"wp-block-paragraph\">As mulheres inscritas e somente as presentes concorrer\u00e3o a seis kits de suplementos de vitaminas e minerais da Flofarma. Tamb\u00e9m a uma gargantilha de 18 quilates com cristal&nbsp;Swarovski&nbsp;exclusiva, desenvolvida pelo atelier Jornada Reali Ferri \u2013 Joias exclusivas.<br><\/p>\n","protected":false},"excerpt":{"rendered":"<p>Os n\u00fameros justificam a expectativa da Secretaria de Esportes e Lazer (Smel) de Estrela. Organizadora da\u00a0\u201c5\u00aa S\u00f3 Elas\/Rola Mo\u00e7a\u00a0\u2013 Corrida, Caminhada e Kangoo\u201d, evento esportivo exclusivo \u00e0s mulheres, de todas as idades, a pasta j\u00e1 registra mais de 460 inscritas antecipadamente para a\u00a0quinta\u00a0edi\u00e7\u00e3o do evento, agendado para\u00a010 de mar\u00e7o, no Parque Princesa do Vale, com [&hellip;]<\/p>\n","protected":false},"author":8,"featured_media":53399,"comment_status":"open","ping_status":"open","sticky":false,"template":"","format":"standard","meta":{"pmpro_default_level":"","_jetpack_memberships_contains_paid_content":false,"footnotes":""},"categories":[2,6],"tags":[8,4332],"class_list":["post-53398","post","type-post","status-publish","format-standard","has-post-thumbnail","category-featured","category-inclusive","tag-estrela","tag-so-elas-rola-moca","pmpro-has-access"],"yoast_head":"<!-- This site is optimized with the Yoast SEO plugin v28.4 - https:\/\/yoast.com\/product\/yoast-seo-wordpress\/ -->\n<title>Quinta edi\u00e7\u00e3o do S\u00f3 Elas\/Rola Mo\u00e7a projeta n\u00fameros ainda maiores em Estrela - Folha Popular<\/title>\n<meta name=\"robots\" content=\"index, follow, max-snippet:-1, max-image-preview:large, max-video-preview:-1\" \/>\n<link rel=\"canonical\" href=\"https:\/\/folhapopular.info\/index.php\/2019\/02\/16\/quinta-edicao-do-so-elas-rola-moca-projeta-numeros-ainda-maiores-em-estrela\/\" \/>\n<meta property=\"og:locale\" content=\"pt_BR\" \/>\n<meta property=\"og:type\" content=\"article\" \/>\n<meta property=\"og:title\" content=\"Quinta edi\u00e7\u00e3o do S\u00f3 Elas\/Rola Mo\u00e7a projeta n\u00fameros ainda maiores em Estrela - Folha Popular\" \/>\n<meta property=\"og:description\" content=\"Os n\u00fameros justificam a expectativa da Secretaria de Esportes e Lazer (Smel) de Estrela. Organizadora da\u00a0\u201c5\u00aa S\u00f3 Elas\/Rola Mo\u00e7a\u00a0\u2013 Corrida, Caminhada e Kangoo\u201d, evento esportivo exclusivo \u00e0s mulheres, de todas as idades, a pasta j\u00e1 registra mais de 460 inscritas antecipadamente para a\u00a0quinta\u00a0edi\u00e7\u00e3o do evento, agendado para\u00a010 de mar\u00e7o, no Parque Princesa do Vale, com [&hellip;]\" \/>\n<meta property=\"og:url\" content=\"https:\/\/folhapopular.info\/index.php\/2019\/02\/16\/quinta-edicao-do-so-elas-rola-moca-projeta-numeros-ainda-maiores-em-estrela\/\" \/>\n<meta property=\"og:site_name\" content=\"Folha Popular\" \/>\n<meta property=\"article:published_time\" content=\"2019-02-16T13:00:18+00:00\" \/>\n<meta property=\"og:image\" content=\"https:\/\/folhapopular.info\/wp-content\/uploads\/2019\/02\/S\u00f3-Elas-2018-participantes-e1550310464463.jpg\" \/>\n\t<meta property=\"og:image:width\" content=\"800\" \/>\n\t<meta property=\"og:image:height\" content=\"533\" \/>\n\t<meta property=\"og:image:type\" content=\"image\/jpeg\" \/>\n<meta name=\"author\" content=\"Reda\u00e7\u00e3o Folha Popular\" \/>\n<meta name=\"twitter:card\" content=\"summary_large_image\" \/>\n<meta name=\"twitter:label1\" content=\"Escrito por\" \/>\n\t<meta name=\"twitter:data1\" content=\"Reda\u00e7\u00e3o Folha Popular\" \/>\n\t<meta name=\"twitter:label2\" content=\"Est. tempo de leitura\" \/>\n\t<meta name=\"twitter:data2\" content=\"4 minutos\" \/>\n<script type=\"application\/ld+json\" class=\"yoast-schema-graph\">{\"@context\":\"https:\\\/\\\/schema.org\",\"@graph\":[{\"@type\":\"Article\",\"@id\":\"https:\\\/\\\/folhapopular.info\\\/index.php\\\/2019\\\/02\\\/16\\\/quinta-edicao-do-so-elas-rola-moca-projeta-numeros-ainda-maiores-em-estrela\\\/#article\",\"isPartOf\":{\"@id\":\"https:\\\/\\\/folhapopular.info\\\/index.php\\\/2019\\\/02\\\/16\\\/quinta-edicao-do-so-elas-rola-moca-projeta-numeros-ainda-maiores-em-estrela\\\/\"},\"author\":{\"name\":\"Reda\u00e7\u00e3o Folha Popular\",\"@id\":\"https:\\\/\\\/folhapopular.info\\\/#\\\/schema\\\/person\\\/2814e8a0df7643585a9ca38bc6eb9d4b\"},\"headline\":\"Quinta edi\u00e7\u00e3o do S\u00f3 Elas\\\/Rola Mo\u00e7a projeta n\u00fameros ainda maiores em Estrela\",\"datePublished\":\"2019-02-16T13:00:18+00:00\",\"mainEntityOfPage\":{\"@id\":\"https:\\\/\\\/folhapopular.info\\\/index.php\\\/2019\\\/02\\\/16\\\/quinta-edicao-do-so-elas-rola-moca-projeta-numeros-ainda-maiores-em-estrela\\\/\"},\"wordCount\":724,\"commentCount\":0,\"image\":{\"@id\":\"https:\\\/\\\/folhapopular.info\\\/index.php\\\/2019\\\/02\\\/16\\\/quinta-edicao-do-so-elas-rola-moca-projeta-numeros-ainda-maiores-em-estrela\\\/#primaryimage\"},\"thumbnailUrl\":\"https:\\\/\\\/folhapopular.info\\\/wp-content\\\/uploads\\\/2019\\\/02\\\/S\u00f3-Elas-2018-participantes-e1550310464463.jpg\",\"keywords\":[\"Estrela\",\"S\u00f3 Elas\\\/Rola Mo\u00e7a\"],\"articleSection\":[\"Destaques\",\"Inclusive\"],\"inLanguage\":\"pt-BR\",\"potentialAction\":[{\"@type\":\"CommentAction\",\"name\":\"Comment\",\"target\":[\"https:\\\/\\\/folhapopular.info\\\/index.php\\\/2019\\\/02\\\/16\\\/quinta-edicao-do-so-elas-rola-moca-projeta-numeros-ainda-maiores-em-estrela\\\/#respond\"]}]},{\"@type\":\"WebPage\",\"@id\":\"https:\\\/\\\/folhapopular.info\\\/index.php\\\/2019\\\/02\\\/16\\\/quinta-edicao-do-so-elas-rola-moca-projeta-numeros-ainda-maiores-em-estrela\\\/\",\"url\":\"https:\\\/\\\/folhapopular.info\\\/index.php\\\/2019\\\/02\\\/16\\\/quinta-edicao-do-so-elas-rola-moca-projeta-numeros-ainda-maiores-em-estrela\\\/\",\"name\":\"Quinta edi\u00e7\u00e3o do S\u00f3 Elas\\\/Rola Mo\u00e7a projeta n\u00fameros ainda maiores em Estrela - Folha Popular\",\"isPartOf\":{\"@id\":\"https:\\\/\\\/folhapopular.info\\\/#website\"},\"primaryImageOfPage\":{\"@id\":\"https:\\\/\\\/folhapopular.info\\\/index.php\\\/2019\\\/02\\\/16\\\/quinta-edicao-do-so-elas-rola-moca-projeta-numeros-ainda-maiores-em-estrela\\\/#primaryimage\"},\"image\":{\"@id\":\"https:\\\/\\\/folhapopular.info\\\/index.php\\\/2019\\\/02\\\/16\\\/quinta-edicao-do-so-elas-rola-moca-projeta-numeros-ainda-maiores-em-estrela\\\/#primaryimage\"},\"thumbnailUrl\":\"https:\\\/\\\/folhapopular.info\\\/wp-content\\\/uploads\\\/2019\\\/02\\\/S\u00f3-Elas-2018-participantes-e1550310464463.jpg\",\"datePublished\":\"2019-02-16T13:00:18+00:00\",\"author\":{\"@id\":\"https:\\\/\\\/folhapopular.info\\\/#\\\/schema\\\/person\\\/2814e8a0df7643585a9ca38bc6eb9d4b\"},\"breadcrumb\":{\"@id\":\"https:\\\/\\\/folhapopular.info\\\/index.php\\\/2019\\\/02\\\/16\\\/quinta-edicao-do-so-elas-rola-moca-projeta-numeros-ainda-maiores-em-estrela\\\/#breadcrumb\"},\"inLanguage\":\"pt-BR\",\"potentialAction\":[{\"@type\":\"ReadAction\",\"target\":[\"https:\\\/\\\/folhapopular.info\\\/index.php\\\/2019\\\/02\\\/16\\\/quinta-edicao-do-so-elas-rola-moca-projeta-numeros-ainda-maiores-em-estrela\\\/\"]}]},{\"@type\":\"ImageObject\",\"inLanguage\":\"pt-BR\",\"@id\":\"https:\\\/\\\/folhapopular.info\\\/index.php\\\/2019\\\/02\\\/16\\\/quinta-edicao-do-so-elas-rola-moca-projeta-numeros-ainda-maiores-em-estrela\\\/#primaryimage\",\"url\":\"https:\\\/\\\/folhapopular.info\\\/wp-content\\\/uploads\\\/2019\\\/02\\\/S\u00f3-Elas-2018-participantes-e1550310464463.jpg\",\"contentUrl\":\"https:\\\/\\\/folhapopular.info\\\/wp-content\\\/uploads\\\/2019\\\/02\\\/S\u00f3-Elas-2018-participantes-e1550310464463.jpg\",\"width\":800,\"height\":533,\"caption\":\"Quinta edi\u00e7\u00e3o ter\u00e1 mais uma vez tr\u00eas modalidades, duas competitivas: corrida e kangoo\\\/ Cr\u00e9dito da foto: Rodrigo Angeli\\\/ Divulga\u00e7\u00e3o\"},{\"@type\":\"BreadcrumbList\",\"@id\":\"https:\\\/\\\/folhapopular.info\\\/index.php\\\/2019\\\/02\\\/16\\\/quinta-edicao-do-so-elas-rola-moca-projeta-numeros-ainda-maiores-em-estrela\\\/#breadcrumb\",\"itemListElement\":[{\"@type\":\"ListItem\",\"position\":1,\"name\":\"In\u00edcio\",\"item\":\"https:\\\/\\\/folhapopular.info\\\/\"},{\"@type\":\"ListItem\",\"position\":2,\"name\":\"Quinta edi\u00e7\u00e3o do S\u00f3 Elas\\\/Rola Mo\u00e7a projeta n\u00fameros ainda maiores em Estrela\"}]},{\"@type\":\"WebSite\",\"@id\":\"https:\\\/\\\/folhapopular.info\\\/#website\",\"url\":\"https:\\\/\\\/folhapopular.info\\\/\",\"name\":\"Folha Popular\",\"description\":\"Onde voc\u00ea tem vez e voz\",\"potentialAction\":[{\"@type\":\"SearchAction\",\"target\":{\"@type\":\"EntryPoint\",\"urlTemplate\":\"https:\\\/\\\/folhapopular.info\\\/?s={search_term_string}\"},\"query-input\":{\"@type\":\"PropertyValueSpecification\",\"valueRequired\":true,\"valueName\":\"search_term_string\"}}],\"inLanguage\":\"pt-BR\"},{\"@type\":\"Person\",\"@id\":\"https:\\\/\\\/folhapopular.info\\\/#\\\/schema\\\/person\\\/2814e8a0df7643585a9ca38bc6eb9d4b\",\"name\":\"Reda\u00e7\u00e3o Folha Popular\",\"image\":{\"@type\":\"ImageObject\",\"inLanguage\":\"pt-BR\",\"@id\":\"https:\\\/\\\/folhapopular.info\\\/wp-content\\\/uploads\\\/2026\\\/04\\\/Folha-1.webp\",\"url\":\"https:\\\/\\\/folhapopular.info\\\/wp-content\\\/uploads\\\/2026\\\/04\\\/Folha-1.webp\",\"contentUrl\":\"https:\\\/\\\/folhapopular.info\\\/wp-content\\\/uploads\\\/2026\\\/04\\\/Folha-1.webp\",\"caption\":\"Reda\u00e7\u00e3o Folha Popular\"},\"url\":\"https:\\\/\\\/folhapopular.info\\\/index.php\\\/author\\\/redacao\\\/\"}]}<\/script>\n<!-- \/ Yoast SEO plugin. -->","yoast_head_json":{"title":"Quinta edi\u00e7\u00e3o do S\u00f3 Elas\/Rola Mo\u00e7a projeta n\u00fameros ainda maiores em Estrela - Folha Popular","robots":{"index":"index","follow":"follow","max-snippet":"max-snippet:-1","max-image-preview":"max-image-preview:large","max-video-preview":"max-video-preview:-1"},"canonical":"https:\/\/folhapopular.info\/index.php\/2019\/02\/16\/quinta-edicao-do-so-elas-rola-moca-projeta-numeros-ainda-maiores-em-estrela\/","og_locale":"pt_BR","og_type":"article","og_title":"Quinta edi\u00e7\u00e3o do S\u00f3 Elas\/Rola Mo\u00e7a projeta n\u00fameros ainda maiores em Estrela - Folha Popular","og_description":"Os n\u00fameros justificam a expectativa da Secretaria de Esportes e Lazer (Smel) de Estrela. Organizadora da\u00a0\u201c5\u00aa S\u00f3 Elas\/Rola Mo\u00e7a\u00a0\u2013 Corrida, Caminhada e Kangoo\u201d, evento esportivo exclusivo \u00e0s mulheres, de todas as idades, a pasta j\u00e1 registra mais de 460 inscritas antecipadamente para a\u00a0quinta\u00a0edi\u00e7\u00e3o do evento, agendado para\u00a010 de mar\u00e7o, no Parque Princesa do Vale, com [&hellip;]","og_url":"https:\/\/folhapopular.info\/index.php\/2019\/02\/16\/quinta-edicao-do-so-elas-rola-moca-projeta-numeros-ainda-maiores-em-estrela\/","og_site_name":"Folha Popular","article_published_time":"2019-02-16T13:00:18+00:00","og_image":[{"width":800,"height":533,"url":"https:\/\/folhapopular.info\/wp-content\/uploads\/2019\/02\/S\u00f3-Elas-2018-participantes-e1550310464463.jpg","type":"image\/jpeg"}],"author":"Reda\u00e7\u00e3o Folha Popular","twitter_card":"summary_large_image","twitter_misc":{"Escrito por":"Reda\u00e7\u00e3o Folha Popular","Est. tempo de leitura":"4 minutos"},"schema":{"@context":"https:\/\/schema.org","@graph":[{"@type":"Article","@id":"https:\/\/folhapopular.info\/index.php\/2019\/02\/16\/quinta-edicao-do-so-elas-rola-moca-projeta-numeros-ainda-maiores-em-estrela\/#article","isPartOf":{"@id":"https:\/\/folhapopular.info\/index.php\/2019\/02\/16\/quinta-edicao-do-so-elas-rola-moca-projeta-numeros-ainda-maiores-em-estrela\/"},"author":{"name":"Reda\u00e7\u00e3o Folha Popular","@id":"https:\/\/folhapopular.info\/#\/schema\/person\/2814e8a0df7643585a9ca38bc6eb9d4b"},"headline":"Quinta edi\u00e7\u00e3o do S\u00f3 Elas\/Rola Mo\u00e7a projeta n\u00fameros ainda maiores em Estrela","datePublished":"2019-02-16T13:00:18+00:00","mainEntityOfPage":{"@id":"https:\/\/folhapopular.info\/index.php\/2019\/02\/16\/quinta-edicao-do-so-elas-rola-moca-projeta-numeros-ainda-maiores-em-estrela\/"},"wordCount":724,"commentCount":0,"image":{"@id":"https:\/\/folhapopular.info\/index.php\/2019\/02\/16\/quinta-edicao-do-so-elas-rola-moca-projeta-numeros-ainda-maiores-em-estrela\/#primaryimage"},"thumbnailUrl":"https:\/\/folhapopular.info\/wp-content\/uploads\/2019\/02\/S\u00f3-Elas-2018-participantes-e1550310464463.jpg","keywords":["Estrela","S\u00f3 Elas\/Rola Mo\u00e7a"],"articleSection":["Destaques","Inclusive"],"inLanguage":"pt-BR","potentialAction":[{"@type":"CommentAction","name":"Comment","target":["https:\/\/folhapopular.info\/index.php\/2019\/02\/16\/quinta-edicao-do-so-elas-rola-moca-projeta-numeros-ainda-maiores-em-estrela\/#respond"]}]},{"@type":"WebPage","@id":"https:\/\/folhapopular.info\/index.php\/2019\/02\/16\/quinta-edicao-do-so-elas-rola-moca-projeta-numeros-ainda-maiores-em-estrela\/","url":"https:\/\/folhapopular.info\/index.php\/2019\/02\/16\/quinta-edicao-do-so-elas-rola-moca-projeta-numeros-ainda-maiores-em-estrela\/","name":"Quinta edi\u00e7\u00e3o do S\u00f3 Elas\/Rola Mo\u00e7a projeta n\u00fameros ainda maiores em Estrela - Folha Popular","isPartOf":{"@id":"https:\/\/folhapopular.info\/#website"},"primaryImageOfPage":{"@id":"https:\/\/folhapopular.info\/index.php\/2019\/02\/16\/quinta-edicao-do-so-elas-rola-moca-projeta-numeros-ainda-maiores-em-estrela\/#primaryimage"},"image":{"@id":"https:\/\/folhapopular.info\/index.php\/2019\/02\/16\/quinta-edicao-do-so-elas-rola-moca-projeta-numeros-ainda-maiores-em-estrela\/#primaryimage"},"thumbnailUrl":"https:\/\/folhapopular.info\/wp-content\/uploads\/2019\/02\/S\u00f3-Elas-2018-participantes-e1550310464463.jpg","datePublished":"2019-02-16T13:00:18+00:00","author":{"@id":"https:\/\/folhapopular.info\/#\/schema\/person\/2814e8a0df7643585a9ca38bc6eb9d4b"},"breadcrumb":{"@id":"https:\/\/folhapopular.info\/index.php\/2019\/02\/16\/quinta-edicao-do-so-elas-rola-moca-projeta-numeros-ainda-maiores-em-estrela\/#breadcrumb"},"inLanguage":"pt-BR","potentialAction":[{"@type":"ReadAction","target":["https:\/\/folhapopular.info\/index.php\/2019\/02\/16\/quinta-edicao-do-so-elas-rola-moca-projeta-numeros-ainda-maiores-em-estrela\/"]}]},{"@type":"ImageObject","inLanguage":"pt-BR","@id":"https:\/\/folhapopular.info\/index.php\/2019\/02\/16\/quinta-edicao-do-so-elas-rola-moca-projeta-numeros-ainda-maiores-em-estrela\/#primaryimage","url":"https:\/\/folhapopular.info\/wp-content\/uploads\/2019\/02\/S\u00f3-Elas-2018-participantes-e1550310464463.jpg","contentUrl":"https:\/\/folhapopular.info\/wp-content\/uploads\/2019\/02\/S\u00f3-Elas-2018-participantes-e1550310464463.jpg","width":800,"height":533,"caption":"Quinta edi\u00e7\u00e3o ter\u00e1 mais uma vez tr\u00eas modalidades, duas competitivas: corrida e kangoo\/ Cr\u00e9dito da foto: Rodrigo Angeli\/ Divulga\u00e7\u00e3o"},{"@type":"BreadcrumbList","@id":"https:\/\/folhapopular.info\/index.php\/2019\/02\/16\/quinta-edicao-do-so-elas-rola-moca-projeta-numeros-ainda-maiores-em-estrela\/#breadcrumb","itemListElement":[{"@type":"ListItem","position":1,"name":"In\u00edcio","item":"https:\/\/folhapopular.info\/"},{"@type":"ListItem","position":2,"name":"Quinta edi\u00e7\u00e3o do S\u00f3 Elas\/Rola Mo\u00e7a projeta n\u00fameros ainda maiores em Estrela"}]},{"@type":"WebSite","@id":"https:\/\/folhapopular.info\/#website","url":"https:\/\/folhapopular.info\/","name":"Folha Popular","description":"Onde voc\u00ea tem vez e voz","potentialAction":[{"@type":"SearchAction","target":{"@type":"EntryPoint","urlTemplate":"https:\/\/folhapopular.info\/?s={search_term_string}"},"query-input":{"@type":"PropertyValueSpecification","valueRequired":true,"valueName":"search_term_string"}}],"inLanguage":"pt-BR"},{"@type":"Person","@id":"https:\/\/folhapopular.info\/#\/schema\/person\/2814e8a0df7643585a9ca38bc6eb9d4b","name":"Reda\u00e7\u00e3o Folha Popular","image":{"@type":"ImageObject","inLanguage":"pt-BR","@id":"https:\/\/folhapopular.info\/wp-content\/uploads\/2026\/04\/Folha-1.webp","url":"https:\/\/folhapopular.info\/wp-content\/uploads\/2026\/04\/Folha-1.webp","contentUrl":"https:\/\/folhapopular.info\/wp-content\/uploads\/2026\/04\/Folha-1.webp","caption":"Reda\u00e7\u00e3o Folha Popular"},"url":"https:\/\/folhapopular.info\/index.php\/author\/redacao\/"}]}},"jetpack_sharing_enabled":true,"amp_enabled":true,"jetpack_featured_media_url":"https:\/\/folhapopular.info\/wp-content\/uploads\/2019\/02\/S\u00f3-Elas-2018-participantes-e1550310464463.jpg","_links":{"self":[{"href":"https:\/\/folhapopular.info\/index.php\/wp-json\/wp\/v2\/posts\/53398","targetHints":{"allow":["GET"]}}],"collection":[{"href":"https:\/\/folhapopular.info\/index.php\/wp-json\/wp\/v2\/posts"}],"about":[{"href":"https:\/\/folhapopular.info\/index.php\/wp-json\/wp\/v2\/types\/post"}],"author":[{"embeddable":true,"href":"https:\/\/folhapopular.info\/index.php\/wp-json\/wp\/v2\/users\/8"}],"replies":[{"embeddable":true,"href":"https:\/\/folhapopular.info\/index.php\/wp-json\/wp\/v2\/comments?post=53398"}],"version-history":[{"count":0,"href":"https:\/\/folhapopular.info\/index.php\/wp-json\/wp\/v2\/posts\/53398\/revisions"}],"wp:featuredmedia":[{"embeddable":true,"href":"https:\/\/folhapopular.info\/index.php\/wp-json\/wp\/v2\/media\/53399"}],"wp:attachment":[{"href":"https:\/\/folhapopular.info\/index.php\/wp-json\/wp\/v2\/media?parent=53398"}],"wp:term":[{"taxonomy":"category","embeddable":true,"href":"https:\/\/folhapopular.info\/index.php\/wp-json\/wp\/v2\/categories?post=53398"},{"taxonomy":"post_tag","embeddable":true,"href":"https:\/\/folhapopular.info\/index.php\/wp-json\/wp\/v2\/tags?post=53398"}],"curies":[{"name":"wp","href":"https:\/\/api.w.org\/{rel}","templated":true}]}}