{"id":53492,"date":"2019-02-19T11:00:56","date_gmt":"2019-02-19T14:00:56","guid":{"rendered":"http:\/\/folhapopular.info\/?p=53492"},"modified":"2019-02-19T07:31:19","modified_gmt":"2019-02-19T10:31:19","slug":"mais-de-dois-mil-estudantes-voltam-as-aulas-na-rede-municipal-de-estrela","status":"publish","type":"post","link":"https:\/\/folhapopular.info\/index.php\/2019\/02\/19\/mais-de-dois-mil-estudantes-voltam-as-aulas-na-rede-municipal-de-estrela\/","title":{"rendered":"Mais de dois mil estudantes voltam \u00e0s aulas na rede municipal de Estrela"},"content":{"rendered":"\n<p>Mais de dois mil estudantes retornam \u00e0s aulas nas nove escolas de Ensino Fundamental (Emefs) de Estrela na pr\u00f3xima\u00a0quarta-feira (20\/02). Para os professores as atividades se iniciaram nesta\u00a0segunda\u00a0(18\/02), com reuni\u00f5es preparat\u00f3rias. Cada escola vai preparar atividades espec\u00edficas para marcar o in\u00edcio do ano letivo.<\/p>\n\n\n\n<p>Na\u00a0segunda\u00a0(18\/02) os professores tamb\u00e9m participam, \u00e0 noite, da abertura do Congresso Internacional de Educa\u00e7\u00e3o: os desafios da escola na educa\u00e7\u00e3o contempor\u00e2nea \u2013 os futuros poss\u00edveis da escola, na Univates, em Lajeado. O congresso se encerra em julho, com mais uma etapa presencial. Durante o semestre haver\u00e1 atividades \u00e0 dist\u00e2ncia, de acordo com a \u00e1rea de atua\u00e7\u00e3o do docente. S\u00e3o mais de 250 inscritos da rede municipal de Estrela, tanto da Educa\u00e7\u00e3o Infantil quanto do Ensino Fundamental.<\/p>\n\n\n\n<p>Para o in\u00edcio deste ano letivo a Secretaria de Educa\u00e7\u00e3o (Smed) investiu em novos mobili\u00e1rios para as escolas. S\u00e3o 1,5 mil conjuntos de mesas e cadeiras para atender as escolas em um investimento superior a R$ 350 mil, com recursos federais atrav\u00e9s do Fundo Nacional de Desenvolvimento da Educa\u00e7\u00e3o (FNDE). As cadeiras e mesas, para professores e alunos, como tamb\u00e9m para pessoas portadoras de defici\u00eancia f\u00edsica, est\u00e3o sendo distribu\u00eddos e estar\u00e3o dispon\u00edveis para uso na abertura do ano letivo.<\/p>\n\n\n\n<p>J\u00e1 as escolas de Educa\u00e7\u00e3o Infantil (Emeis) retomaram o atendimento \u00e0s crian\u00e7as no dia\u00a04 de fevereiro. Entre as novidades deste ano, nas Emeis e Emefs, est\u00e1 a presen\u00e7a de monitores e professores nomeados pelo Governo Municipal, os quais fizeram o concurso p\u00fablico no ano passado.\u00a0 <\/p>\n","protected":false},"excerpt":{"rendered":"<p>Mais de dois mil estudantes retornam \u00e0s aulas nas nove escolas de Ensino Fundamental (Emefs) de Estrela na pr\u00f3xima\u00a0quarta-feira (20\/02). Para os professores as atividades se iniciaram nesta\u00a0segunda\u00a0(18\/02), com reuni\u00f5es preparat\u00f3rias. Cada escola vai preparar atividades espec\u00edficas para marcar o in\u00edcio do ano letivo. Na\u00a0segunda\u00a0(18\/02) os professores tamb\u00e9m participam, \u00e0 noite, da abertura do Congresso [&hellip;]<\/p>\n","protected":false},"author":8,"featured_media":53493,"comment_status":"open","ping_status":"open","sticky":false,"template":"","format":"standard","meta":{"pmpro_default_level":"","_jetpack_memberships_contains_paid_content":false,"footnotes":""},"categories":[3],"tags":[8,2236],"class_list":{"0":"post-53492","1":"post","2":"type-post","3":"status-publish","4":"format-standard","5":"has-post-thumbnail","7":"category-geral","8":"tag-estrela","9":"tag-volta-as-aulas","10":"pmpro-has-access"},"yoast_head":"<!-- This site is optimized with the Yoast SEO plugin v27.5 - https:\/\/yoast.com\/product\/yoast-seo-wordpress\/ -->\n<title>Mais de dois mil estudantes voltam \u00e0s aulas na rede municipal de Estrela - Folha Popular<\/title>\n<meta name=\"robots\" content=\"index, follow, max-snippet:-1, max-image-preview:large, max-video-preview:-1\" \/>\n<link rel=\"canonical\" href=\"https:\/\/folhapopular.info\/index.php\/2019\/02\/19\/mais-de-dois-mil-estudantes-voltam-as-aulas-na-rede-municipal-de-estrela\/\" \/>\n<meta property=\"og:locale\" content=\"pt_BR\" \/>\n<meta property=\"og:type\" content=\"article\" \/>\n<meta property=\"og:title\" content=\"Mais de dois mil estudantes voltam \u00e0s aulas na rede municipal de Estrela - Folha Popular\" \/>\n<meta property=\"og:description\" content=\"Mais de dois mil estudantes retornam \u00e0s aulas nas nove escolas de Ensino Fundamental (Emefs) de Estrela na pr\u00f3xima\u00a0quarta-feira (20\/02). Para os professores as atividades se iniciaram nesta\u00a0segunda\u00a0(18\/02), com reuni\u00f5es preparat\u00f3rias. Cada escola vai preparar atividades espec\u00edficas para marcar o in\u00edcio do ano letivo. Na\u00a0segunda\u00a0(18\/02) os professores tamb\u00e9m participam, \u00e0 noite, da abertura do Congresso [&hellip;]\" \/>\n<meta property=\"og:url\" content=\"https:\/\/folhapopular.info\/index.php\/2019\/02\/19\/mais-de-dois-mil-estudantes-voltam-as-aulas-na-rede-municipal-de-estrela\/\" \/>\n<meta property=\"og:site_name\" content=\"Folha Popular\" \/>\n<meta property=\"article:published_time\" content=\"2019-02-19T14:00:56+00:00\" \/>\n<meta property=\"og:image\" content=\"https:\/\/folhapopular.info\/wp-content\/uploads\/2019\/02\/Alunos-sala-de-aula-e1550572264495.jpg\" \/>\n\t<meta property=\"og:image:width\" content=\"800\" \/>\n\t<meta property=\"og:image:height\" content=\"533\" \/>\n\t<meta property=\"og:image:type\" content=\"image\/jpeg\" \/>\n<meta name=\"author\" content=\"Reda\u00e7\u00e3o Folha Popular\" \/>\n<meta name=\"twitter:card\" content=\"summary_large_image\" \/>\n<meta name=\"twitter:label1\" content=\"Escrito por\" \/>\n\t<meta name=\"twitter:data1\" content=\"Reda\u00e7\u00e3o Folha Popular\" \/>\n\t<meta name=\"twitter:label2\" content=\"Est. tempo de leitura\" \/>\n\t<meta name=\"twitter:data2\" content=\"1 minuto\" \/>\n<script type=\"application\/ld+json\" class=\"yoast-schema-graph\">{\"@context\":\"https:\\\/\\\/schema.org\",\"@graph\":[{\"@type\":\"Article\",\"@id\":\"https:\\\/\\\/folhapopular.info\\\/index.php\\\/2019\\\/02\\\/19\\\/mais-de-dois-mil-estudantes-voltam-as-aulas-na-rede-municipal-de-estrela\\\/#article\",\"isPartOf\":{\"@id\":\"https:\\\/\\\/folhapopular.info\\\/index.php\\\/2019\\\/02\\\/19\\\/mais-de-dois-mil-estudantes-voltam-as-aulas-na-rede-municipal-de-estrela\\\/\"},\"author\":{\"name\":\"Reda\u00e7\u00e3o Folha Popular\",\"@id\":\"https:\\\/\\\/folhapopular.info\\\/#\\\/schema\\\/person\\\/2814e8a0df7643585a9ca38bc6eb9d4b\"},\"headline\":\"Mais de dois mil estudantes voltam \u00e0s aulas na rede municipal de Estrela\",\"datePublished\":\"2019-02-19T14:00:56+00:00\",\"mainEntityOfPage\":{\"@id\":\"https:\\\/\\\/folhapopular.info\\\/index.php\\\/2019\\\/02\\\/19\\\/mais-de-dois-mil-estudantes-voltam-as-aulas-na-rede-municipal-de-estrela\\\/\"},\"wordCount\":284,\"commentCount\":0,\"image\":{\"@id\":\"https:\\\/\\\/folhapopular.info\\\/index.php\\\/2019\\\/02\\\/19\\\/mais-de-dois-mil-estudantes-voltam-as-aulas-na-rede-municipal-de-estrela\\\/#primaryimage\"},\"thumbnailUrl\":\"https:\\\/\\\/folhapopular.info\\\/wp-content\\\/uploads\\\/2019\\\/02\\\/Alunos-sala-de-aula-e1550572264495.jpg\",\"keywords\":[\"Estrela\",\"Volta \u00e0s Aulas\"],\"articleSection\":[\"Geral\"],\"inLanguage\":\"pt-BR\",\"potentialAction\":[{\"@type\":\"CommentAction\",\"name\":\"Comment\",\"target\":[\"https:\\\/\\\/folhapopular.info\\\/index.php\\\/2019\\\/02\\\/19\\\/mais-de-dois-mil-estudantes-voltam-as-aulas-na-rede-municipal-de-estrela\\\/#respond\"]}]},{\"@type\":\"WebPage\",\"@id\":\"https:\\\/\\\/folhapopular.info\\\/index.php\\\/2019\\\/02\\\/19\\\/mais-de-dois-mil-estudantes-voltam-as-aulas-na-rede-municipal-de-estrela\\\/\",\"url\":\"https:\\\/\\\/folhapopular.info\\\/index.php\\\/2019\\\/02\\\/19\\\/mais-de-dois-mil-estudantes-voltam-as-aulas-na-rede-municipal-de-estrela\\\/\",\"name\":\"Mais de dois mil estudantes voltam \u00e0s aulas na rede municipal de Estrela - Folha Popular\",\"isPartOf\":{\"@id\":\"https:\\\/\\\/folhapopular.info\\\/#website\"},\"primaryImageOfPage\":{\"@id\":\"https:\\\/\\\/folhapopular.info\\\/index.php\\\/2019\\\/02\\\/19\\\/mais-de-dois-mil-estudantes-voltam-as-aulas-na-rede-municipal-de-estrela\\\/#primaryimage\"},\"image\":{\"@id\":\"https:\\\/\\\/folhapopular.info\\\/index.php\\\/2019\\\/02\\\/19\\\/mais-de-dois-mil-estudantes-voltam-as-aulas-na-rede-municipal-de-estrela\\\/#primaryimage\"},\"thumbnailUrl\":\"https:\\\/\\\/folhapopular.info\\\/wp-content\\\/uploads\\\/2019\\\/02\\\/Alunos-sala-de-aula-e1550572264495.jpg\",\"datePublished\":\"2019-02-19T14:00:56+00:00\",\"author\":{\"@id\":\"https:\\\/\\\/folhapopular.info\\\/#\\\/schema\\\/person\\\/2814e8a0df7643585a9ca38bc6eb9d4b\"},\"breadcrumb\":{\"@id\":\"https:\\\/\\\/folhapopular.info\\\/index.php\\\/2019\\\/02\\\/19\\\/mais-de-dois-mil-estudantes-voltam-as-aulas-na-rede-municipal-de-estrela\\\/#breadcrumb\"},\"inLanguage\":\"pt-BR\",\"potentialAction\":[{\"@type\":\"ReadAction\",\"target\":[\"https:\\\/\\\/folhapopular.info\\\/index.php\\\/2019\\\/02\\\/19\\\/mais-de-dois-mil-estudantes-voltam-as-aulas-na-rede-municipal-de-estrela\\\/\"]}]},{\"@type\":\"ImageObject\",\"inLanguage\":\"pt-BR\",\"@id\":\"https:\\\/\\\/folhapopular.info\\\/index.php\\\/2019\\\/02\\\/19\\\/mais-de-dois-mil-estudantes-voltam-as-aulas-na-rede-municipal-de-estrela\\\/#primaryimage\",\"url\":\"https:\\\/\\\/folhapopular.info\\\/wp-content\\\/uploads\\\/2019\\\/02\\\/Alunos-sala-de-aula-e1550572264495.jpg\",\"contentUrl\":\"https:\\\/\\\/folhapopular.info\\\/wp-content\\\/uploads\\\/2019\\\/02\\\/Alunos-sala-de-aula-e1550572264495.jpg\",\"width\":800,\"height\":533,\"caption\":\"As nove escolas de Ensino Fundamental v\u00e3o receber mais de dois mil alunos\\\/ Cr\u00e9ditos da foto: Rodrigo Angeli\\\/ Divulga\u00e7\u00e3o\"},{\"@type\":\"BreadcrumbList\",\"@id\":\"https:\\\/\\\/folhapopular.info\\\/index.php\\\/2019\\\/02\\\/19\\\/mais-de-dois-mil-estudantes-voltam-as-aulas-na-rede-municipal-de-estrela\\\/#breadcrumb\",\"itemListElement\":[{\"@type\":\"ListItem\",\"position\":1,\"name\":\"In\u00edcio\",\"item\":\"https:\\\/\\\/folhapopular.info\\\/\"},{\"@type\":\"ListItem\",\"position\":2,\"name\":\"Mais de dois mil estudantes voltam \u00e0s aulas na rede municipal de Estrela\"}]},{\"@type\":\"WebSite\",\"@id\":\"https:\\\/\\\/folhapopular.info\\\/#website\",\"url\":\"https:\\\/\\\/folhapopular.info\\\/\",\"name\":\"Folha Popular\",\"description\":\"Onde voc\u00ea tem vez e voz\",\"potentialAction\":[{\"@type\":\"SearchAction\",\"target\":{\"@type\":\"EntryPoint\",\"urlTemplate\":\"https:\\\/\\\/folhapopular.info\\\/?s={search_term_string}\"},\"query-input\":{\"@type\":\"PropertyValueSpecification\",\"valueRequired\":true,\"valueName\":\"search_term_string\"}}],\"inLanguage\":\"pt-BR\"},{\"@type\":\"Person\",\"@id\":\"https:\\\/\\\/folhapopular.info\\\/#\\\/schema\\\/person\\\/2814e8a0df7643585a9ca38bc6eb9d4b\",\"name\":\"Reda\u00e7\u00e3o Folha Popular\",\"image\":{\"@type\":\"ImageObject\",\"inLanguage\":\"pt-BR\",\"@id\":\"https:\\\/\\\/folhapopular.info\\\/wp-content\\\/uploads\\\/2026\\\/04\\\/Folha-1.webp\",\"url\":\"https:\\\/\\\/folhapopular.info\\\/wp-content\\\/uploads\\\/2026\\\/04\\\/Folha-1.webp\",\"contentUrl\":\"https:\\\/\\\/folhapopular.info\\\/wp-content\\\/uploads\\\/2026\\\/04\\\/Folha-1.webp\",\"caption\":\"Reda\u00e7\u00e3o Folha Popular\"},\"url\":\"https:\\\/\\\/folhapopular.info\\\/index.php\\\/author\\\/redacao\\\/\"}]}<\/script>\n<!-- \/ Yoast SEO plugin. -->","yoast_head_json":{"title":"Mais de dois mil estudantes voltam \u00e0s aulas na rede municipal de Estrela - Folha Popular","robots":{"index":"index","follow":"follow","max-snippet":"max-snippet:-1","max-image-preview":"max-image-preview:large","max-video-preview":"max-video-preview:-1"},"canonical":"https:\/\/folhapopular.info\/index.php\/2019\/02\/19\/mais-de-dois-mil-estudantes-voltam-as-aulas-na-rede-municipal-de-estrela\/","og_locale":"pt_BR","og_type":"article","og_title":"Mais de dois mil estudantes voltam \u00e0s aulas na rede municipal de Estrela - Folha Popular","og_description":"Mais de dois mil estudantes retornam \u00e0s aulas nas nove escolas de Ensino Fundamental (Emefs) de Estrela na pr\u00f3xima\u00a0quarta-feira (20\/02). Para os professores as atividades se iniciaram nesta\u00a0segunda\u00a0(18\/02), com reuni\u00f5es preparat\u00f3rias. Cada escola vai preparar atividades espec\u00edficas para marcar o in\u00edcio do ano letivo. Na\u00a0segunda\u00a0(18\/02) os professores tamb\u00e9m participam, \u00e0 noite, da abertura do Congresso [&hellip;]","og_url":"https:\/\/folhapopular.info\/index.php\/2019\/02\/19\/mais-de-dois-mil-estudantes-voltam-as-aulas-na-rede-municipal-de-estrela\/","og_site_name":"Folha Popular","article_published_time":"2019-02-19T14:00:56+00:00","og_image":[{"width":800,"height":533,"url":"https:\/\/folhapopular.info\/wp-content\/uploads\/2019\/02\/Alunos-sala-de-aula-e1550572264495.jpg","type":"image\/jpeg"}],"author":"Reda\u00e7\u00e3o Folha Popular","twitter_card":"summary_large_image","twitter_misc":{"Escrito por":"Reda\u00e7\u00e3o Folha Popular","Est. tempo de leitura":"1 minuto"},"schema":{"@context":"https:\/\/schema.org","@graph":[{"@type":"Article","@id":"https:\/\/folhapopular.info\/index.php\/2019\/02\/19\/mais-de-dois-mil-estudantes-voltam-as-aulas-na-rede-municipal-de-estrela\/#article","isPartOf":{"@id":"https:\/\/folhapopular.info\/index.php\/2019\/02\/19\/mais-de-dois-mil-estudantes-voltam-as-aulas-na-rede-municipal-de-estrela\/"},"author":{"name":"Reda\u00e7\u00e3o Folha Popular","@id":"https:\/\/folhapopular.info\/#\/schema\/person\/2814e8a0df7643585a9ca38bc6eb9d4b"},"headline":"Mais de dois mil estudantes voltam \u00e0s aulas na rede municipal de Estrela","datePublished":"2019-02-19T14:00:56+00:00","mainEntityOfPage":{"@id":"https:\/\/folhapopular.info\/index.php\/2019\/02\/19\/mais-de-dois-mil-estudantes-voltam-as-aulas-na-rede-municipal-de-estrela\/"},"wordCount":284,"commentCount":0,"image":{"@id":"https:\/\/folhapopular.info\/index.php\/2019\/02\/19\/mais-de-dois-mil-estudantes-voltam-as-aulas-na-rede-municipal-de-estrela\/#primaryimage"},"thumbnailUrl":"https:\/\/folhapopular.info\/wp-content\/uploads\/2019\/02\/Alunos-sala-de-aula-e1550572264495.jpg","keywords":["Estrela","Volta \u00e0s Aulas"],"articleSection":["Geral"],"inLanguage":"pt-BR","potentialAction":[{"@type":"CommentAction","name":"Comment","target":["https:\/\/folhapopular.info\/index.php\/2019\/02\/19\/mais-de-dois-mil-estudantes-voltam-as-aulas-na-rede-municipal-de-estrela\/#respond"]}]},{"@type":"WebPage","@id":"https:\/\/folhapopular.info\/index.php\/2019\/02\/19\/mais-de-dois-mil-estudantes-voltam-as-aulas-na-rede-municipal-de-estrela\/","url":"https:\/\/folhapopular.info\/index.php\/2019\/02\/19\/mais-de-dois-mil-estudantes-voltam-as-aulas-na-rede-municipal-de-estrela\/","name":"Mais de dois mil estudantes voltam \u00e0s aulas na rede municipal de Estrela - Folha Popular","isPartOf":{"@id":"https:\/\/folhapopular.info\/#website"},"primaryImageOfPage":{"@id":"https:\/\/folhapopular.info\/index.php\/2019\/02\/19\/mais-de-dois-mil-estudantes-voltam-as-aulas-na-rede-municipal-de-estrela\/#primaryimage"},"image":{"@id":"https:\/\/folhapopular.info\/index.php\/2019\/02\/19\/mais-de-dois-mil-estudantes-voltam-as-aulas-na-rede-municipal-de-estrela\/#primaryimage"},"thumbnailUrl":"https:\/\/folhapopular.info\/wp-content\/uploads\/2019\/02\/Alunos-sala-de-aula-e1550572264495.jpg","datePublished":"2019-02-19T14:00:56+00:00","author":{"@id":"https:\/\/folhapopular.info\/#\/schema\/person\/2814e8a0df7643585a9ca38bc6eb9d4b"},"breadcrumb":{"@id":"https:\/\/folhapopular.info\/index.php\/2019\/02\/19\/mais-de-dois-mil-estudantes-voltam-as-aulas-na-rede-municipal-de-estrela\/#breadcrumb"},"inLanguage":"pt-BR","potentialAction":[{"@type":"ReadAction","target":["https:\/\/folhapopular.info\/index.php\/2019\/02\/19\/mais-de-dois-mil-estudantes-voltam-as-aulas-na-rede-municipal-de-estrela\/"]}]},{"@type":"ImageObject","inLanguage":"pt-BR","@id":"https:\/\/folhapopular.info\/index.php\/2019\/02\/19\/mais-de-dois-mil-estudantes-voltam-as-aulas-na-rede-municipal-de-estrela\/#primaryimage","url":"https:\/\/folhapopular.info\/wp-content\/uploads\/2019\/02\/Alunos-sala-de-aula-e1550572264495.jpg","contentUrl":"https:\/\/folhapopular.info\/wp-content\/uploads\/2019\/02\/Alunos-sala-de-aula-e1550572264495.jpg","width":800,"height":533,"caption":"As nove escolas de Ensino Fundamental v\u00e3o receber mais de dois mil alunos\/ Cr\u00e9ditos da foto: Rodrigo Angeli\/ Divulga\u00e7\u00e3o"},{"@type":"BreadcrumbList","@id":"https:\/\/folhapopular.info\/index.php\/2019\/02\/19\/mais-de-dois-mil-estudantes-voltam-as-aulas-na-rede-municipal-de-estrela\/#breadcrumb","itemListElement":[{"@type":"ListItem","position":1,"name":"In\u00edcio","item":"https:\/\/folhapopular.info\/"},{"@type":"ListItem","position":2,"name":"Mais de dois mil estudantes voltam \u00e0s aulas na rede municipal de Estrela"}]},{"@type":"WebSite","@id":"https:\/\/folhapopular.info\/#website","url":"https:\/\/folhapopular.info\/","name":"Folha Popular","description":"Onde voc\u00ea tem vez e voz","potentialAction":[{"@type":"SearchAction","target":{"@type":"EntryPoint","urlTemplate":"https:\/\/folhapopular.info\/?s={search_term_string}"},"query-input":{"@type":"PropertyValueSpecification","valueRequired":true,"valueName":"search_term_string"}}],"inLanguage":"pt-BR"},{"@type":"Person","@id":"https:\/\/folhapopular.info\/#\/schema\/person\/2814e8a0df7643585a9ca38bc6eb9d4b","name":"Reda\u00e7\u00e3o Folha Popular","image":{"@type":"ImageObject","inLanguage":"pt-BR","@id":"https:\/\/folhapopular.info\/wp-content\/uploads\/2026\/04\/Folha-1.webp","url":"https:\/\/folhapopular.info\/wp-content\/uploads\/2026\/04\/Folha-1.webp","contentUrl":"https:\/\/folhapopular.info\/wp-content\/uploads\/2026\/04\/Folha-1.webp","caption":"Reda\u00e7\u00e3o Folha Popular"},"url":"https:\/\/folhapopular.info\/index.php\/author\/redacao\/"}]}},"jetpack_featured_media_url":"https:\/\/folhapopular.info\/wp-content\/uploads\/2019\/02\/Alunos-sala-de-aula-e1550572264495.jpg","jetpack_sharing_enabled":true,"amp_enabled":true,"_links":{"self":[{"href":"https:\/\/folhapopular.info\/index.php\/wp-json\/wp\/v2\/posts\/53492","targetHints":{"allow":["GET"]}}],"collection":[{"href":"https:\/\/folhapopular.info\/index.php\/wp-json\/wp\/v2\/posts"}],"about":[{"href":"https:\/\/folhapopular.info\/index.php\/wp-json\/wp\/v2\/types\/post"}],"author":[{"embeddable":true,"href":"https:\/\/folhapopular.info\/index.php\/wp-json\/wp\/v2\/users\/8"}],"replies":[{"embeddable":true,"href":"https:\/\/folhapopular.info\/index.php\/wp-json\/wp\/v2\/comments?post=53492"}],"version-history":[{"count":0,"href":"https:\/\/folhapopular.info\/index.php\/wp-json\/wp\/v2\/posts\/53492\/revisions"}],"wp:featuredmedia":[{"embeddable":true,"href":"https:\/\/folhapopular.info\/index.php\/wp-json\/wp\/v2\/media\/53493"}],"wp:attachment":[{"href":"https:\/\/folhapopular.info\/index.php\/wp-json\/wp\/v2\/media?parent=53492"}],"wp:term":[{"taxonomy":"category","embeddable":true,"href":"https:\/\/folhapopular.info\/index.php\/wp-json\/wp\/v2\/categories?post=53492"},{"taxonomy":"post_tag","embeddable":true,"href":"https:\/\/folhapopular.info\/index.php\/wp-json\/wp\/v2\/tags?post=53492"}],"curies":[{"name":"wp","href":"https:\/\/api.w.org\/{rel}","templated":true}]}}