{"id":53569,"date":"2019-02-21T09:00:20","date_gmt":"2019-02-21T12:00:20","guid":{"rendered":"http:\/\/folhapopular.info\/?p=53569"},"modified":"2019-02-21T07:36:18","modified_gmt":"2019-02-21T10:36:18","slug":"atividades-especiais-marcam-volta-as-aulas-na-rede-municipal-de-estrela","status":"publish","type":"post","link":"https:\/\/folhapopular.info\/index.php\/2019\/02\/21\/atividades-especiais-marcam-volta-as-aulas-na-rede-municipal-de-estrela\/","title":{"rendered":"Atividades especiais marcam volta \u00e0s aulas na rede municipal de Estrela"},"content":{"rendered":"\n<p>Os mais de dois mil estudantes das escolas de Ensino Fundamental de Estrela foram recebidos com atividades especiais na volta \u00e0s aulas, nesta quarta-feira (20.02). Na Emef Pinheiros, por exemplo, eles foram recepcionados pelos professores e pelo Gr\u00eamio Estudantil com m\u00fasica, brincadeiras e pintura de rosto. O in\u00edcio do ano letivo para as crian\u00e7as do 1\u00ba ao 5\u00ba anos teve, al\u00e9m da recep\u00e7\u00e3o, uma din\u00e2mica na quadra de esportes, com foco no tema deste ano: \u201cAs flores do amanh\u00e3 nascem das sementes de\u00a0hoje\u201d.<\/p>\n\n\n\n<p>O objetivo, conforme a diretora Maria Raquel G\u00fcntzel, \u00e9\u00a0 transmitir bons sentimentos entre os alunos, como amor, amizade, afeto e carinho, mostrando que, ao cultivar estes sentimentos, a colheita tamb\u00e9m ser\u00e1 de coisas boas para todos. O plantio foi simbolizado em um cartaz, onde cada crian\u00e7a colocou um cora\u00e7\u00e3o. Elas tamb\u00e9m plantaram sementes em vasos, que depois de florescerem ser\u00e3o transplantadas para o jardim da escola, e receberam um pacotinho de sementes de girassol com uma frase para levarem suas casas. \u201cQueremos que esta proposta flores\u00e7a tamb\u00e9m junto \u00e0s fam\u00edlias\u201d, explica a diretora.\u00a0 A Emef Pinheiros, do bairro de mesmo nome, conta com 196 alunos, dos quais 106 nos anos iniciais (1\u00ba ao 5\u00ba) e 90 nos anos finais (6\u00ba ao 9\u00ba).<\/p>\n\n\n\n<p>Para o in\u00edcio deste ano letivo a Secretaria de Educa\u00e7\u00e3o (Smed) investiu em novos mobili\u00e1rios. S\u00e3o 1,5 mil conjuntos de mesas e cadeiras para atender as escolas em um investimento superior a R$ 350 mil, com recursos federais atrav\u00e9s do Fundo Nacional de Desenvolvimento da Educa\u00e7\u00e3o (FNDE). As cadeiras e mesas, para professores e alunos, como tamb\u00e9m para pessoas portadoras de defici\u00eancia f\u00edsica, est\u00e3o dispon\u00edveis para uso no in\u00edcio deste do ano letivo.<\/p>\n\n\n\n<p>J\u00e1 as escolas de Educa\u00e7\u00e3o Infantil (Emeis) retomaram o atendimento \u00e0s crian\u00e7as no dia\u00a04 de fevereiro. Entre as novidades deste ano, nas Emeis e Emefs, est\u00e1 a presen\u00e7a de monitores e professores nomeados pelo Governo Municipal, os quais fizeram o concurso p\u00fablico no ano passado.\u00a0<\/p>\n\n\n\n<p>Para este ano, entre as metas da Secretaria de Educa\u00e7\u00e3o, est\u00e3o a abertura da nova Emei em Arroio do Ouro, a primeira no interior do munic\u00edpio; constru\u00e7\u00e3o de novo pr\u00e9dio da Emei Girassol, cujo projeto est\u00e1 em fase de elabora\u00e7\u00e3o; cria\u00e7\u00e3o de 50 novas vagas no Ensino Fundamental, introdu\u00e7\u00e3o da L\u00edngua Inglesa para os alunos da pr\u00e9-escola at\u00e9 o 5\u00ba ano e projeto de Empreendedorismo e Educa\u00e7\u00e3o Financeira para os alunos do 8\u00ba e 9\u00ba anos.<br><\/p>\n","protected":false},"excerpt":{"rendered":"<p>Os mais de dois mil estudantes das escolas de Ensino Fundamental de Estrela foram recebidos com atividades especiais na volta \u00e0s aulas, nesta quarta-feira (20.02). Na Emef Pinheiros, por exemplo, eles foram recepcionados pelos professores e pelo Gr\u00eamio Estudantil com m\u00fasica, brincadeiras e pintura de rosto. O in\u00edcio do ano letivo para as crian\u00e7as do [&hellip;]<\/p>\n","protected":false},"author":8,"featured_media":53570,"comment_status":"open","ping_status":"open","sticky":false,"template":"","format":"standard","meta":{"pmpro_default_level":"","_jetpack_memberships_contains_paid_content":false,"footnotes":""},"categories":[3],"tags":[8,2236],"class_list":{"0":"post-53569","1":"post","2":"type-post","3":"status-publish","4":"format-standard","5":"has-post-thumbnail","7":"category-geral","8":"tag-estrela","9":"tag-volta-as-aulas","10":"pmpro-has-access"},"yoast_head":"<!-- This site is optimized with the Yoast SEO plugin v27.5 - https:\/\/yoast.com\/product\/yoast-seo-wordpress\/ -->\n<title>Atividades especiais marcam volta \u00e0s aulas na rede municipal de Estrela - Folha Popular<\/title>\n<meta name=\"robots\" content=\"index, follow, max-snippet:-1, max-image-preview:large, max-video-preview:-1\" \/>\n<link rel=\"canonical\" href=\"https:\/\/folhapopular.info\/index.php\/2019\/02\/21\/atividades-especiais-marcam-volta-as-aulas-na-rede-municipal-de-estrela\/\" \/>\n<meta property=\"og:locale\" content=\"pt_BR\" \/>\n<meta property=\"og:type\" content=\"article\" \/>\n<meta property=\"og:title\" content=\"Atividades especiais marcam volta \u00e0s aulas na rede municipal de Estrela - Folha Popular\" \/>\n<meta property=\"og:description\" content=\"Os mais de dois mil estudantes das escolas de Ensino Fundamental de Estrela foram recebidos com atividades especiais na volta \u00e0s aulas, nesta quarta-feira (20.02). Na Emef Pinheiros, por exemplo, eles foram recepcionados pelos professores e pelo Gr\u00eamio Estudantil com m\u00fasica, brincadeiras e pintura de rosto. O in\u00edcio do ano letivo para as crian\u00e7as do [&hellip;]\" \/>\n<meta property=\"og:url\" content=\"https:\/\/folhapopular.info\/index.php\/2019\/02\/21\/atividades-especiais-marcam-volta-as-aulas-na-rede-municipal-de-estrela\/\" \/>\n<meta property=\"og:site_name\" content=\"Folha Popular\" \/>\n<meta property=\"article:published_time\" content=\"2019-02-21T12:00:20+00:00\" \/>\n<meta property=\"og:image\" content=\"https:\/\/folhapopular.info\/wp-content\/uploads\/2019\/02\/Volta-\u00e0s-aulas-Pinheiros_din\u00e2mica-e1550745312441.jpeg\" \/>\n\t<meta property=\"og:image:width\" content=\"800\" \/>\n\t<meta property=\"og:image:height\" content=\"600\" \/>\n\t<meta property=\"og:image:type\" content=\"image\/jpeg\" \/>\n<meta name=\"author\" content=\"Reda\u00e7\u00e3o Folha Popular\" \/>\n<meta name=\"twitter:card\" content=\"summary_large_image\" \/>\n<meta name=\"twitter:label1\" content=\"Escrito por\" \/>\n\t<meta name=\"twitter:data1\" content=\"Reda\u00e7\u00e3o Folha Popular\" \/>\n\t<meta name=\"twitter:label2\" content=\"Est. tempo de leitura\" \/>\n\t<meta name=\"twitter:data2\" content=\"2 minutos\" \/>\n<script type=\"application\/ld+json\" class=\"yoast-schema-graph\">{\"@context\":\"https:\\\/\\\/schema.org\",\"@graph\":[{\"@type\":\"Article\",\"@id\":\"https:\\\/\\\/folhapopular.info\\\/index.php\\\/2019\\\/02\\\/21\\\/atividades-especiais-marcam-volta-as-aulas-na-rede-municipal-de-estrela\\\/#article\",\"isPartOf\":{\"@id\":\"https:\\\/\\\/folhapopular.info\\\/index.php\\\/2019\\\/02\\\/21\\\/atividades-especiais-marcam-volta-as-aulas-na-rede-municipal-de-estrela\\\/\"},\"author\":{\"name\":\"Reda\u00e7\u00e3o Folha Popular\",\"@id\":\"https:\\\/\\\/folhapopular.info\\\/#\\\/schema\\\/person\\\/2814e8a0df7643585a9ca38bc6eb9d4b\"},\"headline\":\"Atividades especiais marcam volta \u00e0s aulas na rede municipal de Estrela\",\"datePublished\":\"2019-02-21T12:00:20+00:00\",\"mainEntityOfPage\":{\"@id\":\"https:\\\/\\\/folhapopular.info\\\/index.php\\\/2019\\\/02\\\/21\\\/atividades-especiais-marcam-volta-as-aulas-na-rede-municipal-de-estrela\\\/\"},\"wordCount\":437,\"commentCount\":0,\"image\":{\"@id\":\"https:\\\/\\\/folhapopular.info\\\/index.php\\\/2019\\\/02\\\/21\\\/atividades-especiais-marcam-volta-as-aulas-na-rede-municipal-de-estrela\\\/#primaryimage\"},\"thumbnailUrl\":\"https:\\\/\\\/folhapopular.info\\\/wp-content\\\/uploads\\\/2019\\\/02\\\/Volta-\u00e0s-aulas-Pinheiros_din\u00e2mica-e1550745312441.jpeg\",\"keywords\":[\"Estrela\",\"Volta \u00e0s Aulas\"],\"articleSection\":[\"Geral\"],\"inLanguage\":\"pt-BR\",\"potentialAction\":[{\"@type\":\"CommentAction\",\"name\":\"Comment\",\"target\":[\"https:\\\/\\\/folhapopular.info\\\/index.php\\\/2019\\\/02\\\/21\\\/atividades-especiais-marcam-volta-as-aulas-na-rede-municipal-de-estrela\\\/#respond\"]}]},{\"@type\":\"WebPage\",\"@id\":\"https:\\\/\\\/folhapopular.info\\\/index.php\\\/2019\\\/02\\\/21\\\/atividades-especiais-marcam-volta-as-aulas-na-rede-municipal-de-estrela\\\/\",\"url\":\"https:\\\/\\\/folhapopular.info\\\/index.php\\\/2019\\\/02\\\/21\\\/atividades-especiais-marcam-volta-as-aulas-na-rede-municipal-de-estrela\\\/\",\"name\":\"Atividades especiais marcam volta \u00e0s aulas na rede municipal de Estrela - Folha Popular\",\"isPartOf\":{\"@id\":\"https:\\\/\\\/folhapopular.info\\\/#website\"},\"primaryImageOfPage\":{\"@id\":\"https:\\\/\\\/folhapopular.info\\\/index.php\\\/2019\\\/02\\\/21\\\/atividades-especiais-marcam-volta-as-aulas-na-rede-municipal-de-estrela\\\/#primaryimage\"},\"image\":{\"@id\":\"https:\\\/\\\/folhapopular.info\\\/index.php\\\/2019\\\/02\\\/21\\\/atividades-especiais-marcam-volta-as-aulas-na-rede-municipal-de-estrela\\\/#primaryimage\"},\"thumbnailUrl\":\"https:\\\/\\\/folhapopular.info\\\/wp-content\\\/uploads\\\/2019\\\/02\\\/Volta-\u00e0s-aulas-Pinheiros_din\u00e2mica-e1550745312441.jpeg\",\"datePublished\":\"2019-02-21T12:00:20+00:00\",\"author\":{\"@id\":\"https:\\\/\\\/folhapopular.info\\\/#\\\/schema\\\/person\\\/2814e8a0df7643585a9ca38bc6eb9d4b\"},\"breadcrumb\":{\"@id\":\"https:\\\/\\\/folhapopular.info\\\/index.php\\\/2019\\\/02\\\/21\\\/atividades-especiais-marcam-volta-as-aulas-na-rede-municipal-de-estrela\\\/#breadcrumb\"},\"inLanguage\":\"pt-BR\",\"potentialAction\":[{\"@type\":\"ReadAction\",\"target\":[\"https:\\\/\\\/folhapopular.info\\\/index.php\\\/2019\\\/02\\\/21\\\/atividades-especiais-marcam-volta-as-aulas-na-rede-municipal-de-estrela\\\/\"]}]},{\"@type\":\"ImageObject\",\"inLanguage\":\"pt-BR\",\"@id\":\"https:\\\/\\\/folhapopular.info\\\/index.php\\\/2019\\\/02\\\/21\\\/atividades-especiais-marcam-volta-as-aulas-na-rede-municipal-de-estrela\\\/#primaryimage\",\"url\":\"https:\\\/\\\/folhapopular.info\\\/wp-content\\\/uploads\\\/2019\\\/02\\\/Volta-\u00e0s-aulas-Pinheiros_din\u00e2mica-e1550745312441.jpeg\",\"contentUrl\":\"https:\\\/\\\/folhapopular.info\\\/wp-content\\\/uploads\\\/2019\\\/02\\\/Volta-\u00e0s-aulas-Pinheiros_din\u00e2mica-e1550745312441.jpeg\",\"width\":800,\"height\":600,\"caption\":\"Din\u00e2mica reuniu alunos do 1\u00ba ao 5\u00ba anos da Emef Pinheiros\\\/ Cr\u00e9dito da foto: Paulo Ricardo Schneider \\\/ Divulga\u00e7\u00e3o\"},{\"@type\":\"BreadcrumbList\",\"@id\":\"https:\\\/\\\/folhapopular.info\\\/index.php\\\/2019\\\/02\\\/21\\\/atividades-especiais-marcam-volta-as-aulas-na-rede-municipal-de-estrela\\\/#breadcrumb\",\"itemListElement\":[{\"@type\":\"ListItem\",\"position\":1,\"name\":\"In\u00edcio\",\"item\":\"https:\\\/\\\/folhapopular.info\\\/\"},{\"@type\":\"ListItem\",\"position\":2,\"name\":\"Atividades especiais marcam volta \u00e0s aulas na rede municipal de Estrela\"}]},{\"@type\":\"WebSite\",\"@id\":\"https:\\\/\\\/folhapopular.info\\\/#website\",\"url\":\"https:\\\/\\\/folhapopular.info\\\/\",\"name\":\"Folha Popular\",\"description\":\"Onde voc\u00ea tem vez e voz\",\"potentialAction\":[{\"@type\":\"SearchAction\",\"target\":{\"@type\":\"EntryPoint\",\"urlTemplate\":\"https:\\\/\\\/folhapopular.info\\\/?s={search_term_string}\"},\"query-input\":{\"@type\":\"PropertyValueSpecification\",\"valueRequired\":true,\"valueName\":\"search_term_string\"}}],\"inLanguage\":\"pt-BR\"},{\"@type\":\"Person\",\"@id\":\"https:\\\/\\\/folhapopular.info\\\/#\\\/schema\\\/person\\\/2814e8a0df7643585a9ca38bc6eb9d4b\",\"name\":\"Reda\u00e7\u00e3o Folha Popular\",\"image\":{\"@type\":\"ImageObject\",\"inLanguage\":\"pt-BR\",\"@id\":\"https:\\\/\\\/folhapopular.info\\\/wp-content\\\/uploads\\\/2026\\\/04\\\/Folha-1.webp\",\"url\":\"https:\\\/\\\/folhapopular.info\\\/wp-content\\\/uploads\\\/2026\\\/04\\\/Folha-1.webp\",\"contentUrl\":\"https:\\\/\\\/folhapopular.info\\\/wp-content\\\/uploads\\\/2026\\\/04\\\/Folha-1.webp\",\"caption\":\"Reda\u00e7\u00e3o Folha Popular\"},\"url\":\"https:\\\/\\\/folhapopular.info\\\/index.php\\\/author\\\/redacao\\\/\"}]}<\/script>\n<!-- \/ Yoast SEO plugin. -->","yoast_head_json":{"title":"Atividades especiais marcam volta \u00e0s aulas na rede municipal de Estrela - Folha Popular","robots":{"index":"index","follow":"follow","max-snippet":"max-snippet:-1","max-image-preview":"max-image-preview:large","max-video-preview":"max-video-preview:-1"},"canonical":"https:\/\/folhapopular.info\/index.php\/2019\/02\/21\/atividades-especiais-marcam-volta-as-aulas-na-rede-municipal-de-estrela\/","og_locale":"pt_BR","og_type":"article","og_title":"Atividades especiais marcam volta \u00e0s aulas na rede municipal de Estrela - Folha Popular","og_description":"Os mais de dois mil estudantes das escolas de Ensino Fundamental de Estrela foram recebidos com atividades especiais na volta \u00e0s aulas, nesta quarta-feira (20.02). Na Emef Pinheiros, por exemplo, eles foram recepcionados pelos professores e pelo Gr\u00eamio Estudantil com m\u00fasica, brincadeiras e pintura de rosto. O in\u00edcio do ano letivo para as crian\u00e7as do [&hellip;]","og_url":"https:\/\/folhapopular.info\/index.php\/2019\/02\/21\/atividades-especiais-marcam-volta-as-aulas-na-rede-municipal-de-estrela\/","og_site_name":"Folha Popular","article_published_time":"2019-02-21T12:00:20+00:00","og_image":[{"width":800,"height":600,"url":"https:\/\/folhapopular.info\/wp-content\/uploads\/2019\/02\/Volta-\u00e0s-aulas-Pinheiros_din\u00e2mica-e1550745312441.jpeg","type":"image\/jpeg"}],"author":"Reda\u00e7\u00e3o Folha Popular","twitter_card":"summary_large_image","twitter_misc":{"Escrito por":"Reda\u00e7\u00e3o Folha Popular","Est. tempo de leitura":"2 minutos"},"schema":{"@context":"https:\/\/schema.org","@graph":[{"@type":"Article","@id":"https:\/\/folhapopular.info\/index.php\/2019\/02\/21\/atividades-especiais-marcam-volta-as-aulas-na-rede-municipal-de-estrela\/#article","isPartOf":{"@id":"https:\/\/folhapopular.info\/index.php\/2019\/02\/21\/atividades-especiais-marcam-volta-as-aulas-na-rede-municipal-de-estrela\/"},"author":{"name":"Reda\u00e7\u00e3o Folha Popular","@id":"https:\/\/folhapopular.info\/#\/schema\/person\/2814e8a0df7643585a9ca38bc6eb9d4b"},"headline":"Atividades especiais marcam volta \u00e0s aulas na rede municipal de Estrela","datePublished":"2019-02-21T12:00:20+00:00","mainEntityOfPage":{"@id":"https:\/\/folhapopular.info\/index.php\/2019\/02\/21\/atividades-especiais-marcam-volta-as-aulas-na-rede-municipal-de-estrela\/"},"wordCount":437,"commentCount":0,"image":{"@id":"https:\/\/folhapopular.info\/index.php\/2019\/02\/21\/atividades-especiais-marcam-volta-as-aulas-na-rede-municipal-de-estrela\/#primaryimage"},"thumbnailUrl":"https:\/\/folhapopular.info\/wp-content\/uploads\/2019\/02\/Volta-\u00e0s-aulas-Pinheiros_din\u00e2mica-e1550745312441.jpeg","keywords":["Estrela","Volta \u00e0s Aulas"],"articleSection":["Geral"],"inLanguage":"pt-BR","potentialAction":[{"@type":"CommentAction","name":"Comment","target":["https:\/\/folhapopular.info\/index.php\/2019\/02\/21\/atividades-especiais-marcam-volta-as-aulas-na-rede-municipal-de-estrela\/#respond"]}]},{"@type":"WebPage","@id":"https:\/\/folhapopular.info\/index.php\/2019\/02\/21\/atividades-especiais-marcam-volta-as-aulas-na-rede-municipal-de-estrela\/","url":"https:\/\/folhapopular.info\/index.php\/2019\/02\/21\/atividades-especiais-marcam-volta-as-aulas-na-rede-municipal-de-estrela\/","name":"Atividades especiais marcam volta \u00e0s aulas na rede municipal de Estrela - Folha Popular","isPartOf":{"@id":"https:\/\/folhapopular.info\/#website"},"primaryImageOfPage":{"@id":"https:\/\/folhapopular.info\/index.php\/2019\/02\/21\/atividades-especiais-marcam-volta-as-aulas-na-rede-municipal-de-estrela\/#primaryimage"},"image":{"@id":"https:\/\/folhapopular.info\/index.php\/2019\/02\/21\/atividades-especiais-marcam-volta-as-aulas-na-rede-municipal-de-estrela\/#primaryimage"},"thumbnailUrl":"https:\/\/folhapopular.info\/wp-content\/uploads\/2019\/02\/Volta-\u00e0s-aulas-Pinheiros_din\u00e2mica-e1550745312441.jpeg","datePublished":"2019-02-21T12:00:20+00:00","author":{"@id":"https:\/\/folhapopular.info\/#\/schema\/person\/2814e8a0df7643585a9ca38bc6eb9d4b"},"breadcrumb":{"@id":"https:\/\/folhapopular.info\/index.php\/2019\/02\/21\/atividades-especiais-marcam-volta-as-aulas-na-rede-municipal-de-estrela\/#breadcrumb"},"inLanguage":"pt-BR","potentialAction":[{"@type":"ReadAction","target":["https:\/\/folhapopular.info\/index.php\/2019\/02\/21\/atividades-especiais-marcam-volta-as-aulas-na-rede-municipal-de-estrela\/"]}]},{"@type":"ImageObject","inLanguage":"pt-BR","@id":"https:\/\/folhapopular.info\/index.php\/2019\/02\/21\/atividades-especiais-marcam-volta-as-aulas-na-rede-municipal-de-estrela\/#primaryimage","url":"https:\/\/folhapopular.info\/wp-content\/uploads\/2019\/02\/Volta-\u00e0s-aulas-Pinheiros_din\u00e2mica-e1550745312441.jpeg","contentUrl":"https:\/\/folhapopular.info\/wp-content\/uploads\/2019\/02\/Volta-\u00e0s-aulas-Pinheiros_din\u00e2mica-e1550745312441.jpeg","width":800,"height":600,"caption":"Din\u00e2mica reuniu alunos do 1\u00ba ao 5\u00ba anos da Emef Pinheiros\/ Cr\u00e9dito da foto: Paulo Ricardo Schneider \/ Divulga\u00e7\u00e3o"},{"@type":"BreadcrumbList","@id":"https:\/\/folhapopular.info\/index.php\/2019\/02\/21\/atividades-especiais-marcam-volta-as-aulas-na-rede-municipal-de-estrela\/#breadcrumb","itemListElement":[{"@type":"ListItem","position":1,"name":"In\u00edcio","item":"https:\/\/folhapopular.info\/"},{"@type":"ListItem","position":2,"name":"Atividades especiais marcam volta \u00e0s aulas na rede municipal de Estrela"}]},{"@type":"WebSite","@id":"https:\/\/folhapopular.info\/#website","url":"https:\/\/folhapopular.info\/","name":"Folha Popular","description":"Onde voc\u00ea tem vez e voz","potentialAction":[{"@type":"SearchAction","target":{"@type":"EntryPoint","urlTemplate":"https:\/\/folhapopular.info\/?s={search_term_string}"},"query-input":{"@type":"PropertyValueSpecification","valueRequired":true,"valueName":"search_term_string"}}],"inLanguage":"pt-BR"},{"@type":"Person","@id":"https:\/\/folhapopular.info\/#\/schema\/person\/2814e8a0df7643585a9ca38bc6eb9d4b","name":"Reda\u00e7\u00e3o Folha Popular","image":{"@type":"ImageObject","inLanguage":"pt-BR","@id":"https:\/\/folhapopular.info\/wp-content\/uploads\/2026\/04\/Folha-1.webp","url":"https:\/\/folhapopular.info\/wp-content\/uploads\/2026\/04\/Folha-1.webp","contentUrl":"https:\/\/folhapopular.info\/wp-content\/uploads\/2026\/04\/Folha-1.webp","caption":"Reda\u00e7\u00e3o Folha Popular"},"url":"https:\/\/folhapopular.info\/index.php\/author\/redacao\/"}]}},"jetpack_featured_media_url":"https:\/\/folhapopular.info\/wp-content\/uploads\/2019\/02\/Volta-\u00e0s-aulas-Pinheiros_din\u00e2mica-e1550745312441.jpeg","jetpack_sharing_enabled":true,"amp_enabled":true,"_links":{"self":[{"href":"https:\/\/folhapopular.info\/index.php\/wp-json\/wp\/v2\/posts\/53569","targetHints":{"allow":["GET"]}}],"collection":[{"href":"https:\/\/folhapopular.info\/index.php\/wp-json\/wp\/v2\/posts"}],"about":[{"href":"https:\/\/folhapopular.info\/index.php\/wp-json\/wp\/v2\/types\/post"}],"author":[{"embeddable":true,"href":"https:\/\/folhapopular.info\/index.php\/wp-json\/wp\/v2\/users\/8"}],"replies":[{"embeddable":true,"href":"https:\/\/folhapopular.info\/index.php\/wp-json\/wp\/v2\/comments?post=53569"}],"version-history":[{"count":0,"href":"https:\/\/folhapopular.info\/index.php\/wp-json\/wp\/v2\/posts\/53569\/revisions"}],"wp:featuredmedia":[{"embeddable":true,"href":"https:\/\/folhapopular.info\/index.php\/wp-json\/wp\/v2\/media\/53570"}],"wp:attachment":[{"href":"https:\/\/folhapopular.info\/index.php\/wp-json\/wp\/v2\/media?parent=53569"}],"wp:term":[{"taxonomy":"category","embeddable":true,"href":"https:\/\/folhapopular.info\/index.php\/wp-json\/wp\/v2\/categories?post=53569"},{"taxonomy":"post_tag","embeddable":true,"href":"https:\/\/folhapopular.info\/index.php\/wp-json\/wp\/v2\/tags?post=53569"}],"curies":[{"name":"wp","href":"https:\/\/api.w.org\/{rel}","templated":true}]}}