{"id":53778,"date":"2019-02-25T16:00:50","date_gmt":"2019-02-25T19:00:50","guid":{"rendered":"http:\/\/folhapopular.info\/?p=53778"},"modified":"2019-02-25T17:17:11","modified_gmt":"2019-02-25T20:17:11","slug":"noite-de-muito-samba-estrela-elege-a-corte-do-carnaval","status":"publish","type":"post","link":"https:\/\/folhapopular.info\/index.php\/2019\/02\/25\/noite-de-muito-samba-estrela-elege-a-corte-do-carnaval\/","title":{"rendered":"\ufeffEm noite de muito samba, Estrela elege a Corte do Carnaval"},"content":{"rendered":"\n<p>Em uma noite de muito samba, o munic\u00edpio escolheu, no&nbsp;s\u00e1bado&nbsp;(23\/02), a nova Corte do Carnaval de Estrela. Tendo a escadaria do Rio Taquari como palco, e com muito samba no p\u00e9, as nove candidatas desfilaram para os jurados, que elegeram as rainhas que v\u00e3o comandar a folia no munic\u00edpio. As escolhidas foram Tabada Lauhana da Silva Cardoso (Rainha Mirim); Elo\u00edsa da Silva Oliveira (Rainha Adolescente); Ketlin de Azeredo Ribeiro (Rainha Adulta) e Fernanda Cardoso (Rainha da Diversidade). O evento foi promovido pela Escola de Samba Renascer do Samba e Secretaria Municipal de Cultura e Turismo (Secultur).<\/p>\n\n\n\n<p>A programa\u00e7\u00e3o teve in\u00edcio com um coquetel no Centro de Cultura, oportunidade em que os jurados puderam conversar e iniciar a avalia\u00e7\u00e3o das candidatas, cujos quesitos foram simpatia, eleg\u00e2ncia, est\u00e9tica corporal e samba no p\u00e9. O j\u00fari foi formado por Rudnei Schwertner dos Santos, Francine Petter Eidt, que representou a primeira-dama Carine Schwingel; Jos\u00e9 Itamar Horn (Bitti), Luciana Pereira, M\u00e1rcio Santos, Lisete Machado e pelo secret\u00e1rio do Planejamento e Desenvolvimento Econ\u00f4mico Paulo Finck.<\/p>\n\n\n\n<p>Na escadaria do Rio Taquari, ao som da bateria da Renascer do Samba, ocorreu o desfile das candidatas e a despedida da Rainha 2017\/2018, Rose dos Santos. Ao final, o an\u00fancio da nova Corte, que por dois anos representar\u00e1 o munic\u00edpio nos eventos carnavalescos. O presidente da escola, Ata\u00edde Boa Vista (Sagu), destacou o esfor\u00e7o da agremia\u00e7\u00e3o para realizar o Carnaval. Lembrou o trabalho de 9 anos pela escola, que at\u00e9 pouco tempo era bloco. \u201cN\u00e3o vamos deixar o samba morrer\u201d, pediu o presidente. <\/p>\n\n\n\n<p>J\u00e1 a carnavalesca Adriana da Silva Vidal enfatizou que o Carnaval n\u00e3o \u00e9 somente uma festa popular, mas faz parte da cultura brasileira. \u201cNossa escola quer mostrar os valores de Estrela, e por isto, este ano, vai homenagear a escadaria e as est\u00e1tuas que representam a for\u00e7a da ind\u00fastria e com\u00e9rcio\u201d, disse.Para o secret\u00e1rio de Cultura e Turismo, Marcelo Braun o evento mostrou que o Carnaval est\u00e1 vivo na comunidade, faz parte de sua cultura. O foco agora, segundo ele, \u00e9 o desfile que ocorre no dia&nbsp;16 de mar\u00e7o, a partir das 20h, no cal\u00e7ad\u00e3o, com a participa\u00e7\u00e3o das escolas Renascer do Samba e Moleque Atrevido de Encantado. \u201cCom certeza ser\u00e1 uma bela festa, onde todos poder\u00e3o brincar e se divertir\u201d, promete.&nbsp; <\/p>\n","protected":false},"excerpt":{"rendered":"<p>Em uma noite de muito samba, o munic\u00edpio escolheu, no&nbsp;s\u00e1bado&nbsp;(23\/02), a nova Corte do Carnaval de Estrela. Tendo a escadaria do Rio Taquari como palco, e com muito samba no p\u00e9, as nove candidatas desfilaram para os jurados, que elegeram as rainhas que v\u00e3o comandar a folia no munic\u00edpio. As escolhidas foram Tabada Lauhana da [&hellip;]<\/p>\n","protected":false},"author":8,"featured_media":53779,"comment_status":"open","ping_status":"open","sticky":false,"template":"","format":"standard","meta":{"pmpro_default_level":"","_jetpack_memberships_contains_paid_content":false,"footnotes":""},"categories":[6],"tags":[2152,4382,8],"class_list":{"0":"post-53778","1":"post","2":"type-post","3":"status-publish","4":"format-standard","5":"has-post-thumbnail","7":"category-inclusive","8":"tag-carnaval","9":"tag-corte-do-carnaval","10":"tag-estrela","11":"pmpro-has-access"},"yoast_head":"<!-- This site is optimized with the Yoast SEO plugin v27.5 - https:\/\/yoast.com\/product\/yoast-seo-wordpress\/ -->\n<title>\ufeffEm noite de muito samba, Estrela elege a Corte do Carnaval - Folha Popular<\/title>\n<meta name=\"robots\" content=\"index, follow, max-snippet:-1, max-image-preview:large, max-video-preview:-1\" \/>\n<link rel=\"canonical\" href=\"https:\/\/folhapopular.info\/index.php\/2019\/02\/25\/noite-de-muito-samba-estrela-elege-a-corte-do-carnaval\/\" \/>\n<meta property=\"og:locale\" content=\"pt_BR\" \/>\n<meta property=\"og:type\" content=\"article\" \/>\n<meta property=\"og:title\" content=\"\ufeffEm noite de muito samba, Estrela elege a Corte do Carnaval - Folha Popular\" \/>\n<meta property=\"og:description\" content=\"Em uma noite de muito samba, o munic\u00edpio escolheu, no&nbsp;s\u00e1bado&nbsp;(23\/02), a nova Corte do Carnaval de Estrela. Tendo a escadaria do Rio Taquari como palco, e com muito samba no p\u00e9, as nove candidatas desfilaram para os jurados, que elegeram as rainhas que v\u00e3o comandar a folia no munic\u00edpio. As escolhidas foram Tabada Lauhana da [&hellip;]\" \/>\n<meta property=\"og:url\" content=\"https:\/\/folhapopular.info\/index.php\/2019\/02\/25\/noite-de-muito-samba-estrela-elege-a-corte-do-carnaval\/\" \/>\n<meta property=\"og:site_name\" content=\"Folha Popular\" \/>\n<meta property=\"article:published_time\" content=\"2019-02-25T19:00:50+00:00\" \/>\n<meta property=\"article:modified_time\" content=\"2019-02-25T20:17:11+00:00\" \/>\n<meta property=\"og:image\" content=\"https:\/\/folhapopular.info\/wp-content\/uploads\/2019\/02\/Corte-do-Carnaval-Estrela_2019-e1551118990551.jpg\" \/>\n\t<meta property=\"og:image:width\" content=\"800\" \/>\n\t<meta property=\"og:image:height\" content=\"533\" \/>\n\t<meta property=\"og:image:type\" content=\"image\/jpeg\" \/>\n<meta name=\"author\" content=\"Reda\u00e7\u00e3o Folha Popular\" \/>\n<meta name=\"twitter:card\" content=\"summary_large_image\" \/>\n<meta name=\"twitter:label1\" content=\"Escrito por\" \/>\n\t<meta name=\"twitter:data1\" content=\"Reda\u00e7\u00e3o Folha Popular\" \/>\n\t<meta name=\"twitter:label2\" content=\"Est. tempo de leitura\" \/>\n\t<meta name=\"twitter:data2\" content=\"2 minutos\" \/>\n<script type=\"application\/ld+json\" class=\"yoast-schema-graph\">{\"@context\":\"https:\\\/\\\/schema.org\",\"@graph\":[{\"@type\":\"Article\",\"@id\":\"https:\\\/\\\/folhapopular.info\\\/index.php\\\/2019\\\/02\\\/25\\\/noite-de-muito-samba-estrela-elege-a-corte-do-carnaval\\\/#article\",\"isPartOf\":{\"@id\":\"https:\\\/\\\/folhapopular.info\\\/index.php\\\/2019\\\/02\\\/25\\\/noite-de-muito-samba-estrela-elege-a-corte-do-carnaval\\\/\"},\"author\":{\"name\":\"Reda\u00e7\u00e3o Folha Popular\",\"@id\":\"https:\\\/\\\/folhapopular.info\\\/#\\\/schema\\\/person\\\/2814e8a0df7643585a9ca38bc6eb9d4b\"},\"headline\":\"\ufeffEm noite de muito samba, Estrela elege a Corte do Carnaval\",\"datePublished\":\"2019-02-25T19:00:50+00:00\",\"dateModified\":\"2019-02-25T20:17:11+00:00\",\"mainEntityOfPage\":{\"@id\":\"https:\\\/\\\/folhapopular.info\\\/index.php\\\/2019\\\/02\\\/25\\\/noite-de-muito-samba-estrela-elege-a-corte-do-carnaval\\\/\"},\"wordCount\":419,\"commentCount\":0,\"image\":{\"@id\":\"https:\\\/\\\/folhapopular.info\\\/index.php\\\/2019\\\/02\\\/25\\\/noite-de-muito-samba-estrela-elege-a-corte-do-carnaval\\\/#primaryimage\"},\"thumbnailUrl\":\"https:\\\/\\\/folhapopular.info\\\/wp-content\\\/uploads\\\/2019\\\/02\\\/Corte-do-Carnaval-Estrela_2019-e1551118990551.jpg\",\"keywords\":[\"Carnaval\",\"Corte do Carnaval\",\"Estrela\"],\"articleSection\":[\"Inclusive\"],\"inLanguage\":\"pt-BR\",\"potentialAction\":[{\"@type\":\"CommentAction\",\"name\":\"Comment\",\"target\":[\"https:\\\/\\\/folhapopular.info\\\/index.php\\\/2019\\\/02\\\/25\\\/noite-de-muito-samba-estrela-elege-a-corte-do-carnaval\\\/#respond\"]}]},{\"@type\":\"WebPage\",\"@id\":\"https:\\\/\\\/folhapopular.info\\\/index.php\\\/2019\\\/02\\\/25\\\/noite-de-muito-samba-estrela-elege-a-corte-do-carnaval\\\/\",\"url\":\"https:\\\/\\\/folhapopular.info\\\/index.php\\\/2019\\\/02\\\/25\\\/noite-de-muito-samba-estrela-elege-a-corte-do-carnaval\\\/\",\"name\":\"\ufeffEm noite de muito samba, Estrela elege a Corte do Carnaval - Folha Popular\",\"isPartOf\":{\"@id\":\"https:\\\/\\\/folhapopular.info\\\/#website\"},\"primaryImageOfPage\":{\"@id\":\"https:\\\/\\\/folhapopular.info\\\/index.php\\\/2019\\\/02\\\/25\\\/noite-de-muito-samba-estrela-elege-a-corte-do-carnaval\\\/#primaryimage\"},\"image\":{\"@id\":\"https:\\\/\\\/folhapopular.info\\\/index.php\\\/2019\\\/02\\\/25\\\/noite-de-muito-samba-estrela-elege-a-corte-do-carnaval\\\/#primaryimage\"},\"thumbnailUrl\":\"https:\\\/\\\/folhapopular.info\\\/wp-content\\\/uploads\\\/2019\\\/02\\\/Corte-do-Carnaval-Estrela_2019-e1551118990551.jpg\",\"datePublished\":\"2019-02-25T19:00:50+00:00\",\"dateModified\":\"2019-02-25T20:17:11+00:00\",\"author\":{\"@id\":\"https:\\\/\\\/folhapopular.info\\\/#\\\/schema\\\/person\\\/2814e8a0df7643585a9ca38bc6eb9d4b\"},\"breadcrumb\":{\"@id\":\"https:\\\/\\\/folhapopular.info\\\/index.php\\\/2019\\\/02\\\/25\\\/noite-de-muito-samba-estrela-elege-a-corte-do-carnaval\\\/#breadcrumb\"},\"inLanguage\":\"pt-BR\",\"potentialAction\":[{\"@type\":\"ReadAction\",\"target\":[\"https:\\\/\\\/folhapopular.info\\\/index.php\\\/2019\\\/02\\\/25\\\/noite-de-muito-samba-estrela-elege-a-corte-do-carnaval\\\/\"]}]},{\"@type\":\"ImageObject\",\"inLanguage\":\"pt-BR\",\"@id\":\"https:\\\/\\\/folhapopular.info\\\/index.php\\\/2019\\\/02\\\/25\\\/noite-de-muito-samba-estrela-elege-a-corte-do-carnaval\\\/#primaryimage\",\"url\":\"https:\\\/\\\/folhapopular.info\\\/wp-content\\\/uploads\\\/2019\\\/02\\\/Corte-do-Carnaval-Estrela_2019-e1551118990551.jpg\",\"contentUrl\":\"https:\\\/\\\/folhapopular.info\\\/wp-content\\\/uploads\\\/2019\\\/02\\\/Corte-do-Carnaval-Estrela_2019-e1551118990551.jpg\",\"width\":800,\"height\":533,\"caption\":\"A nova Corte do Carnaval: Tabada Lauhana Cardoso, Elo\u00edsa da Silva Oliveira, Ketlin de Azeredo Ribeiro e Fernanda Cardoso\"},{\"@type\":\"BreadcrumbList\",\"@id\":\"https:\\\/\\\/folhapopular.info\\\/index.php\\\/2019\\\/02\\\/25\\\/noite-de-muito-samba-estrela-elege-a-corte-do-carnaval\\\/#breadcrumb\",\"itemListElement\":[{\"@type\":\"ListItem\",\"position\":1,\"name\":\"In\u00edcio\",\"item\":\"https:\\\/\\\/folhapopular.info\\\/\"},{\"@type\":\"ListItem\",\"position\":2,\"name\":\"\ufeffEm noite de muito samba, Estrela elege a Corte do Carnaval\"}]},{\"@type\":\"WebSite\",\"@id\":\"https:\\\/\\\/folhapopular.info\\\/#website\",\"url\":\"https:\\\/\\\/folhapopular.info\\\/\",\"name\":\"Folha Popular\",\"description\":\"Onde voc\u00ea tem vez e voz\",\"potentialAction\":[{\"@type\":\"SearchAction\",\"target\":{\"@type\":\"EntryPoint\",\"urlTemplate\":\"https:\\\/\\\/folhapopular.info\\\/?s={search_term_string}\"},\"query-input\":{\"@type\":\"PropertyValueSpecification\",\"valueRequired\":true,\"valueName\":\"search_term_string\"}}],\"inLanguage\":\"pt-BR\"},{\"@type\":\"Person\",\"@id\":\"https:\\\/\\\/folhapopular.info\\\/#\\\/schema\\\/person\\\/2814e8a0df7643585a9ca38bc6eb9d4b\",\"name\":\"Reda\u00e7\u00e3o Folha Popular\",\"image\":{\"@type\":\"ImageObject\",\"inLanguage\":\"pt-BR\",\"@id\":\"https:\\\/\\\/folhapopular.info\\\/wp-content\\\/uploads\\\/2026\\\/04\\\/Folha-1.webp\",\"url\":\"https:\\\/\\\/folhapopular.info\\\/wp-content\\\/uploads\\\/2026\\\/04\\\/Folha-1.webp\",\"contentUrl\":\"https:\\\/\\\/folhapopular.info\\\/wp-content\\\/uploads\\\/2026\\\/04\\\/Folha-1.webp\",\"caption\":\"Reda\u00e7\u00e3o Folha Popular\"},\"url\":\"https:\\\/\\\/folhapopular.info\\\/index.php\\\/author\\\/redacao\\\/\"}]}<\/script>\n<!-- \/ Yoast SEO plugin. -->","yoast_head_json":{"title":"\ufeffEm noite de muito samba, Estrela elege a Corte do Carnaval - Folha Popular","robots":{"index":"index","follow":"follow","max-snippet":"max-snippet:-1","max-image-preview":"max-image-preview:large","max-video-preview":"max-video-preview:-1"},"canonical":"https:\/\/folhapopular.info\/index.php\/2019\/02\/25\/noite-de-muito-samba-estrela-elege-a-corte-do-carnaval\/","og_locale":"pt_BR","og_type":"article","og_title":"\ufeffEm noite de muito samba, Estrela elege a Corte do Carnaval - Folha Popular","og_description":"Em uma noite de muito samba, o munic\u00edpio escolheu, no&nbsp;s\u00e1bado&nbsp;(23\/02), a nova Corte do Carnaval de Estrela. Tendo a escadaria do Rio Taquari como palco, e com muito samba no p\u00e9, as nove candidatas desfilaram para os jurados, que elegeram as rainhas que v\u00e3o comandar a folia no munic\u00edpio. As escolhidas foram Tabada Lauhana da [&hellip;]","og_url":"https:\/\/folhapopular.info\/index.php\/2019\/02\/25\/noite-de-muito-samba-estrela-elege-a-corte-do-carnaval\/","og_site_name":"Folha Popular","article_published_time":"2019-02-25T19:00:50+00:00","article_modified_time":"2019-02-25T20:17:11+00:00","og_image":[{"width":800,"height":533,"url":"https:\/\/folhapopular.info\/wp-content\/uploads\/2019\/02\/Corte-do-Carnaval-Estrela_2019-e1551118990551.jpg","type":"image\/jpeg"}],"author":"Reda\u00e7\u00e3o Folha Popular","twitter_card":"summary_large_image","twitter_misc":{"Escrito por":"Reda\u00e7\u00e3o Folha Popular","Est. tempo de leitura":"2 minutos"},"schema":{"@context":"https:\/\/schema.org","@graph":[{"@type":"Article","@id":"https:\/\/folhapopular.info\/index.php\/2019\/02\/25\/noite-de-muito-samba-estrela-elege-a-corte-do-carnaval\/#article","isPartOf":{"@id":"https:\/\/folhapopular.info\/index.php\/2019\/02\/25\/noite-de-muito-samba-estrela-elege-a-corte-do-carnaval\/"},"author":{"name":"Reda\u00e7\u00e3o Folha Popular","@id":"https:\/\/folhapopular.info\/#\/schema\/person\/2814e8a0df7643585a9ca38bc6eb9d4b"},"headline":"\ufeffEm noite de muito samba, Estrela elege a Corte do Carnaval","datePublished":"2019-02-25T19:00:50+00:00","dateModified":"2019-02-25T20:17:11+00:00","mainEntityOfPage":{"@id":"https:\/\/folhapopular.info\/index.php\/2019\/02\/25\/noite-de-muito-samba-estrela-elege-a-corte-do-carnaval\/"},"wordCount":419,"commentCount":0,"image":{"@id":"https:\/\/folhapopular.info\/index.php\/2019\/02\/25\/noite-de-muito-samba-estrela-elege-a-corte-do-carnaval\/#primaryimage"},"thumbnailUrl":"https:\/\/folhapopular.info\/wp-content\/uploads\/2019\/02\/Corte-do-Carnaval-Estrela_2019-e1551118990551.jpg","keywords":["Carnaval","Corte do Carnaval","Estrela"],"articleSection":["Inclusive"],"inLanguage":"pt-BR","potentialAction":[{"@type":"CommentAction","name":"Comment","target":["https:\/\/folhapopular.info\/index.php\/2019\/02\/25\/noite-de-muito-samba-estrela-elege-a-corte-do-carnaval\/#respond"]}]},{"@type":"WebPage","@id":"https:\/\/folhapopular.info\/index.php\/2019\/02\/25\/noite-de-muito-samba-estrela-elege-a-corte-do-carnaval\/","url":"https:\/\/folhapopular.info\/index.php\/2019\/02\/25\/noite-de-muito-samba-estrela-elege-a-corte-do-carnaval\/","name":"\ufeffEm noite de muito samba, Estrela elege a Corte do Carnaval - Folha Popular","isPartOf":{"@id":"https:\/\/folhapopular.info\/#website"},"primaryImageOfPage":{"@id":"https:\/\/folhapopular.info\/index.php\/2019\/02\/25\/noite-de-muito-samba-estrela-elege-a-corte-do-carnaval\/#primaryimage"},"image":{"@id":"https:\/\/folhapopular.info\/index.php\/2019\/02\/25\/noite-de-muito-samba-estrela-elege-a-corte-do-carnaval\/#primaryimage"},"thumbnailUrl":"https:\/\/folhapopular.info\/wp-content\/uploads\/2019\/02\/Corte-do-Carnaval-Estrela_2019-e1551118990551.jpg","datePublished":"2019-02-25T19:00:50+00:00","dateModified":"2019-02-25T20:17:11+00:00","author":{"@id":"https:\/\/folhapopular.info\/#\/schema\/person\/2814e8a0df7643585a9ca38bc6eb9d4b"},"breadcrumb":{"@id":"https:\/\/folhapopular.info\/index.php\/2019\/02\/25\/noite-de-muito-samba-estrela-elege-a-corte-do-carnaval\/#breadcrumb"},"inLanguage":"pt-BR","potentialAction":[{"@type":"ReadAction","target":["https:\/\/folhapopular.info\/index.php\/2019\/02\/25\/noite-de-muito-samba-estrela-elege-a-corte-do-carnaval\/"]}]},{"@type":"ImageObject","inLanguage":"pt-BR","@id":"https:\/\/folhapopular.info\/index.php\/2019\/02\/25\/noite-de-muito-samba-estrela-elege-a-corte-do-carnaval\/#primaryimage","url":"https:\/\/folhapopular.info\/wp-content\/uploads\/2019\/02\/Corte-do-Carnaval-Estrela_2019-e1551118990551.jpg","contentUrl":"https:\/\/folhapopular.info\/wp-content\/uploads\/2019\/02\/Corte-do-Carnaval-Estrela_2019-e1551118990551.jpg","width":800,"height":533,"caption":"A nova Corte do Carnaval: Tabada Lauhana Cardoso, Elo\u00edsa da Silva Oliveira, Ketlin de Azeredo Ribeiro e Fernanda Cardoso"},{"@type":"BreadcrumbList","@id":"https:\/\/folhapopular.info\/index.php\/2019\/02\/25\/noite-de-muito-samba-estrela-elege-a-corte-do-carnaval\/#breadcrumb","itemListElement":[{"@type":"ListItem","position":1,"name":"In\u00edcio","item":"https:\/\/folhapopular.info\/"},{"@type":"ListItem","position":2,"name":"\ufeffEm noite de muito samba, Estrela elege a Corte do Carnaval"}]},{"@type":"WebSite","@id":"https:\/\/folhapopular.info\/#website","url":"https:\/\/folhapopular.info\/","name":"Folha Popular","description":"Onde voc\u00ea tem vez e voz","potentialAction":[{"@type":"SearchAction","target":{"@type":"EntryPoint","urlTemplate":"https:\/\/folhapopular.info\/?s={search_term_string}"},"query-input":{"@type":"PropertyValueSpecification","valueRequired":true,"valueName":"search_term_string"}}],"inLanguage":"pt-BR"},{"@type":"Person","@id":"https:\/\/folhapopular.info\/#\/schema\/person\/2814e8a0df7643585a9ca38bc6eb9d4b","name":"Reda\u00e7\u00e3o Folha Popular","image":{"@type":"ImageObject","inLanguage":"pt-BR","@id":"https:\/\/folhapopular.info\/wp-content\/uploads\/2026\/04\/Folha-1.webp","url":"https:\/\/folhapopular.info\/wp-content\/uploads\/2026\/04\/Folha-1.webp","contentUrl":"https:\/\/folhapopular.info\/wp-content\/uploads\/2026\/04\/Folha-1.webp","caption":"Reda\u00e7\u00e3o Folha Popular"},"url":"https:\/\/folhapopular.info\/index.php\/author\/redacao\/"}]}},"jetpack_featured_media_url":"https:\/\/folhapopular.info\/wp-content\/uploads\/2019\/02\/Corte-do-Carnaval-Estrela_2019-e1551118990551.jpg","jetpack_sharing_enabled":true,"amp_enabled":true,"_links":{"self":[{"href":"https:\/\/folhapopular.info\/index.php\/wp-json\/wp\/v2\/posts\/53778","targetHints":{"allow":["GET"]}}],"collection":[{"href":"https:\/\/folhapopular.info\/index.php\/wp-json\/wp\/v2\/posts"}],"about":[{"href":"https:\/\/folhapopular.info\/index.php\/wp-json\/wp\/v2\/types\/post"}],"author":[{"embeddable":true,"href":"https:\/\/folhapopular.info\/index.php\/wp-json\/wp\/v2\/users\/8"}],"replies":[{"embeddable":true,"href":"https:\/\/folhapopular.info\/index.php\/wp-json\/wp\/v2\/comments?post=53778"}],"version-history":[{"count":0,"href":"https:\/\/folhapopular.info\/index.php\/wp-json\/wp\/v2\/posts\/53778\/revisions"}],"wp:featuredmedia":[{"embeddable":true,"href":"https:\/\/folhapopular.info\/index.php\/wp-json\/wp\/v2\/media\/53779"}],"wp:attachment":[{"href":"https:\/\/folhapopular.info\/index.php\/wp-json\/wp\/v2\/media?parent=53778"}],"wp:term":[{"taxonomy":"category","embeddable":true,"href":"https:\/\/folhapopular.info\/index.php\/wp-json\/wp\/v2\/categories?post=53778"},{"taxonomy":"post_tag","embeddable":true,"href":"https:\/\/folhapopular.info\/index.php\/wp-json\/wp\/v2\/tags?post=53778"}],"curies":[{"name":"wp","href":"https:\/\/api.w.org\/{rel}","templated":true}]}}