{"id":53928,"date":"2019-03-01T12:00:20","date_gmt":"2019-03-01T15:00:20","guid":{"rendered":"http:\/\/folhapopular.info\/?p=53928"},"modified":"2019-03-01T10:15:26","modified_gmt":"2019-03-01T13:15:26","slug":"baile-das-luluzinhas-arrecadou-mais-de-1-tonelada-de-alimentos-em-todas-as-edicoes-em-paverama","status":"publish","type":"post","link":"https:\/\/folhapopular.info\/index.php\/2019\/03\/01\/baile-das-luluzinhas-arrecadou-mais-de-1-tonelada-de-alimentos-em-todas-as-edicoes-em-paverama\/","title":{"rendered":"Baile das Luluzinhas arrecadou mais de 1 tonelada de alimentos em todas as edi\u00e7\u00f5es em Paverama"},"content":{"rendered":"\n<p>O Baile das Luluzinhas chega em 2019 a sua 17\u00aa edi\u00e7\u00e3o, a programa\u00e7\u00e3o \u00e9 realizada pelo Gabinete da primeira-dama. O evento \u00e9 sucesso de p\u00fablico, sendo considerado um dos maiores eventos destinado ao p\u00fablico feminino da regi\u00e3o.<\/p>\n\n\n\n<p>Mulheres de Paverama e cidades vizinhas participam do baile que celebra o Dia Internacional da Mulher sempre tendo uma tem\u00e1tica, onde \u201celas\u201d usam de toda sua criatividade para fantasiar-se a car\u00e1ter. Neste ano o tema \u00e9 carnaval.<\/p>\n\n\n\n<p>Sem custos de entrada, o evento tem cunho social, ou seja, visa auxiliar fam\u00edlias carentes e institui\u00e7\u00f5es. Em todas as edi\u00e7\u00f5es foram arrecadados mais de uma tonelada de alimento, mais precisamente 1221 quilos, al\u00e9m de 400 litros de leite e 300 unidades de produtos de limpeza.<\/p>\n\n\n\n<p>O evento \u00e9 organizado pela primeira-dama D\u00e9bora Markus e a pela vice-primeira-dama Ivane Dickel juntamente do Centro de Refer\u00eancia em Assist\u00eancia Social.<\/p>\n\n\n\n<p><strong><em>N\u00fameros do Baile das Luluzinhas nas \u00faltimas 4 edi\u00e7\u00f5es:<\/em><\/strong><\/p>\n\n\n\n<p>2015: 317 kg de alimentos n\u00e3o perec\u00edveis<\/p>\n\n\n\n<p>2016: 344 kg de alimentos n\u00e3o perec\u00edveis<\/p>\n\n\n\n<p>2017: 400 litros de leite e 300 unidades de pacotes de limpeza<\/p>\n\n\n\n<p>2018: 560 kg de alimentos n\u00e3o perec\u00edveis<\/p>\n","protected":false},"excerpt":{"rendered":"<p>O Baile das Luluzinhas chega em 2019 a sua 17\u00aa edi\u00e7\u00e3o, a programa\u00e7\u00e3o \u00e9 realizada pelo Gabinete da primeira-dama. O evento \u00e9 sucesso de p\u00fablico, sendo considerado um dos maiores eventos destinado ao p\u00fablico feminino da regi\u00e3o. Mulheres de Paverama e cidades vizinhas participam do baile que celebra o Dia Internacional da Mulher sempre tendo [&hellip;]<\/p>\n","protected":false},"author":8,"featured_media":53929,"comment_status":"open","ping_status":"open","sticky":false,"template":"","format":"standard","meta":{"pmpro_default_level":"","_jetpack_memberships_contains_paid_content":false,"footnotes":""},"categories":[6],"tags":[4226,46],"class_list":{"0":"post-53928","1":"post","2":"type-post","3":"status-publish","4":"format-standard","5":"has-post-thumbnail","7":"category-inclusive","8":"tag-baile-das-luluzinhas","9":"tag-paverama","10":"pmpro-has-access"},"yoast_head":"<!-- This site is optimized with the Yoast SEO plugin v27.5 - https:\/\/yoast.com\/product\/yoast-seo-wordpress\/ -->\n<title>Baile das Luluzinhas arrecadou mais de 1 tonelada de alimentos em todas as edi\u00e7\u00f5es em Paverama - Folha Popular<\/title>\n<meta name=\"robots\" content=\"index, follow, max-snippet:-1, max-image-preview:large, max-video-preview:-1\" \/>\n<link rel=\"canonical\" href=\"https:\/\/folhapopular.info\/index.php\/2019\/03\/01\/baile-das-luluzinhas-arrecadou-mais-de-1-tonelada-de-alimentos-em-todas-as-edicoes-em-paverama\/\" \/>\n<meta property=\"og:locale\" content=\"pt_BR\" \/>\n<meta property=\"og:type\" content=\"article\" \/>\n<meta property=\"og:title\" content=\"Baile das Luluzinhas arrecadou mais de 1 tonelada de alimentos em todas as edi\u00e7\u00f5es em Paverama - Folha Popular\" \/>\n<meta property=\"og:description\" content=\"O Baile das Luluzinhas chega em 2019 a sua 17\u00aa edi\u00e7\u00e3o, a programa\u00e7\u00e3o \u00e9 realizada pelo Gabinete da primeira-dama. O evento \u00e9 sucesso de p\u00fablico, sendo considerado um dos maiores eventos destinado ao p\u00fablico feminino da regi\u00e3o. Mulheres de Paverama e cidades vizinhas participam do baile que celebra o Dia Internacional da Mulher sempre tendo [&hellip;]\" \/>\n<meta property=\"og:url\" content=\"https:\/\/folhapopular.info\/index.php\/2019\/03\/01\/baile-das-luluzinhas-arrecadou-mais-de-1-tonelada-de-alimentos-em-todas-as-edicoes-em-paverama\/\" \/>\n<meta property=\"og:site_name\" content=\"Folha Popular\" \/>\n<meta property=\"article:published_time\" content=\"2019-03-01T15:00:20+00:00\" \/>\n<meta property=\"og:image\" content=\"https:\/\/folhapopular.info\/wp-content\/uploads\/2019\/03\/Baile-das-Luluzinhas.jpg\" \/>\n\t<meta property=\"og:image:width\" content=\"678\" \/>\n\t<meta property=\"og:image:height\" content=\"960\" \/>\n\t<meta property=\"og:image:type\" content=\"image\/jpeg\" \/>\n<meta name=\"author\" content=\"Reda\u00e7\u00e3o Folha Popular\" \/>\n<meta name=\"twitter:card\" content=\"summary_large_image\" \/>\n<meta name=\"twitter:label1\" content=\"Escrito por\" \/>\n\t<meta name=\"twitter:data1\" content=\"Reda\u00e7\u00e3o Folha Popular\" \/>\n\t<meta name=\"twitter:label2\" content=\"Est. tempo de leitura\" \/>\n\t<meta name=\"twitter:data2\" content=\"1 minuto\" \/>\n<script type=\"application\/ld+json\" class=\"yoast-schema-graph\">{\"@context\":\"https:\\\/\\\/schema.org\",\"@graph\":[{\"@type\":\"Article\",\"@id\":\"https:\\\/\\\/folhapopular.info\\\/index.php\\\/2019\\\/03\\\/01\\\/baile-das-luluzinhas-arrecadou-mais-de-1-tonelada-de-alimentos-em-todas-as-edicoes-em-paverama\\\/#article\",\"isPartOf\":{\"@id\":\"https:\\\/\\\/folhapopular.info\\\/index.php\\\/2019\\\/03\\\/01\\\/baile-das-luluzinhas-arrecadou-mais-de-1-tonelada-de-alimentos-em-todas-as-edicoes-em-paverama\\\/\"},\"author\":{\"name\":\"Reda\u00e7\u00e3o Folha Popular\",\"@id\":\"https:\\\/\\\/folhapopular.info\\\/#\\\/schema\\\/person\\\/2814e8a0df7643585a9ca38bc6eb9d4b\"},\"headline\":\"Baile das Luluzinhas arrecadou mais de 1 tonelada de alimentos em todas as edi\u00e7\u00f5es em Paverama\",\"datePublished\":\"2019-03-01T15:00:20+00:00\",\"mainEntityOfPage\":{\"@id\":\"https:\\\/\\\/folhapopular.info\\\/index.php\\\/2019\\\/03\\\/01\\\/baile-das-luluzinhas-arrecadou-mais-de-1-tonelada-de-alimentos-em-todas-as-edicoes-em-paverama\\\/\"},\"wordCount\":203,\"commentCount\":0,\"image\":{\"@id\":\"https:\\\/\\\/folhapopular.info\\\/index.php\\\/2019\\\/03\\\/01\\\/baile-das-luluzinhas-arrecadou-mais-de-1-tonelada-de-alimentos-em-todas-as-edicoes-em-paverama\\\/#primaryimage\"},\"thumbnailUrl\":\"https:\\\/\\\/folhapopular.info\\\/wp-content\\\/uploads\\\/2019\\\/03\\\/Baile-das-Luluzinhas.jpg\",\"keywords\":[\"Baile das Luluzinhas\",\"Paverama\"],\"articleSection\":[\"Inclusive\"],\"inLanguage\":\"pt-BR\",\"potentialAction\":[{\"@type\":\"CommentAction\",\"name\":\"Comment\",\"target\":[\"https:\\\/\\\/folhapopular.info\\\/index.php\\\/2019\\\/03\\\/01\\\/baile-das-luluzinhas-arrecadou-mais-de-1-tonelada-de-alimentos-em-todas-as-edicoes-em-paverama\\\/#respond\"]}]},{\"@type\":\"WebPage\",\"@id\":\"https:\\\/\\\/folhapopular.info\\\/index.php\\\/2019\\\/03\\\/01\\\/baile-das-luluzinhas-arrecadou-mais-de-1-tonelada-de-alimentos-em-todas-as-edicoes-em-paverama\\\/\",\"url\":\"https:\\\/\\\/folhapopular.info\\\/index.php\\\/2019\\\/03\\\/01\\\/baile-das-luluzinhas-arrecadou-mais-de-1-tonelada-de-alimentos-em-todas-as-edicoes-em-paverama\\\/\",\"name\":\"Baile das Luluzinhas arrecadou mais de 1 tonelada de alimentos em todas as edi\u00e7\u00f5es em Paverama - Folha Popular\",\"isPartOf\":{\"@id\":\"https:\\\/\\\/folhapopular.info\\\/#website\"},\"primaryImageOfPage\":{\"@id\":\"https:\\\/\\\/folhapopular.info\\\/index.php\\\/2019\\\/03\\\/01\\\/baile-das-luluzinhas-arrecadou-mais-de-1-tonelada-de-alimentos-em-todas-as-edicoes-em-paverama\\\/#primaryimage\"},\"image\":{\"@id\":\"https:\\\/\\\/folhapopular.info\\\/index.php\\\/2019\\\/03\\\/01\\\/baile-das-luluzinhas-arrecadou-mais-de-1-tonelada-de-alimentos-em-todas-as-edicoes-em-paverama\\\/#primaryimage\"},\"thumbnailUrl\":\"https:\\\/\\\/folhapopular.info\\\/wp-content\\\/uploads\\\/2019\\\/03\\\/Baile-das-Luluzinhas.jpg\",\"datePublished\":\"2019-03-01T15:00:20+00:00\",\"author\":{\"@id\":\"https:\\\/\\\/folhapopular.info\\\/#\\\/schema\\\/person\\\/2814e8a0df7643585a9ca38bc6eb9d4b\"},\"breadcrumb\":{\"@id\":\"https:\\\/\\\/folhapopular.info\\\/index.php\\\/2019\\\/03\\\/01\\\/baile-das-luluzinhas-arrecadou-mais-de-1-tonelada-de-alimentos-em-todas-as-edicoes-em-paverama\\\/#breadcrumb\"},\"inLanguage\":\"pt-BR\",\"potentialAction\":[{\"@type\":\"ReadAction\",\"target\":[\"https:\\\/\\\/folhapopular.info\\\/index.php\\\/2019\\\/03\\\/01\\\/baile-das-luluzinhas-arrecadou-mais-de-1-tonelada-de-alimentos-em-todas-as-edicoes-em-paverama\\\/\"]}]},{\"@type\":\"ImageObject\",\"inLanguage\":\"pt-BR\",\"@id\":\"https:\\\/\\\/folhapopular.info\\\/index.php\\\/2019\\\/03\\\/01\\\/baile-das-luluzinhas-arrecadou-mais-de-1-tonelada-de-alimentos-em-todas-as-edicoes-em-paverama\\\/#primaryimage\",\"url\":\"https:\\\/\\\/folhapopular.info\\\/wp-content\\\/uploads\\\/2019\\\/03\\\/Baile-das-Luluzinhas.jpg\",\"contentUrl\":\"https:\\\/\\\/folhapopular.info\\\/wp-content\\\/uploads\\\/2019\\\/03\\\/Baile-das-Luluzinhas.jpg\",\"width\":678,\"height\":960},{\"@type\":\"BreadcrumbList\",\"@id\":\"https:\\\/\\\/folhapopular.info\\\/index.php\\\/2019\\\/03\\\/01\\\/baile-das-luluzinhas-arrecadou-mais-de-1-tonelada-de-alimentos-em-todas-as-edicoes-em-paverama\\\/#breadcrumb\",\"itemListElement\":[{\"@type\":\"ListItem\",\"position\":1,\"name\":\"In\u00edcio\",\"item\":\"https:\\\/\\\/folhapopular.info\\\/\"},{\"@type\":\"ListItem\",\"position\":2,\"name\":\"Baile das Luluzinhas arrecadou mais de 1 tonelada de alimentos em todas as edi\u00e7\u00f5es em Paverama\"}]},{\"@type\":\"WebSite\",\"@id\":\"https:\\\/\\\/folhapopular.info\\\/#website\",\"url\":\"https:\\\/\\\/folhapopular.info\\\/\",\"name\":\"Folha Popular\",\"description\":\"Onde voc\u00ea tem vez e voz\",\"potentialAction\":[{\"@type\":\"SearchAction\",\"target\":{\"@type\":\"EntryPoint\",\"urlTemplate\":\"https:\\\/\\\/folhapopular.info\\\/?s={search_term_string}\"},\"query-input\":{\"@type\":\"PropertyValueSpecification\",\"valueRequired\":true,\"valueName\":\"search_term_string\"}}],\"inLanguage\":\"pt-BR\"},{\"@type\":\"Person\",\"@id\":\"https:\\\/\\\/folhapopular.info\\\/#\\\/schema\\\/person\\\/2814e8a0df7643585a9ca38bc6eb9d4b\",\"name\":\"Reda\u00e7\u00e3o Folha Popular\",\"image\":{\"@type\":\"ImageObject\",\"inLanguage\":\"pt-BR\",\"@id\":\"https:\\\/\\\/folhapopular.info\\\/wp-content\\\/uploads\\\/2026\\\/04\\\/Folha-1.webp\",\"url\":\"https:\\\/\\\/folhapopular.info\\\/wp-content\\\/uploads\\\/2026\\\/04\\\/Folha-1.webp\",\"contentUrl\":\"https:\\\/\\\/folhapopular.info\\\/wp-content\\\/uploads\\\/2026\\\/04\\\/Folha-1.webp\",\"caption\":\"Reda\u00e7\u00e3o Folha Popular\"},\"url\":\"https:\\\/\\\/folhapopular.info\\\/index.php\\\/author\\\/redacao\\\/\"}]}<\/script>\n<!-- \/ Yoast SEO plugin. -->","yoast_head_json":{"title":"Baile das Luluzinhas arrecadou mais de 1 tonelada de alimentos em todas as edi\u00e7\u00f5es em Paverama - Folha Popular","robots":{"index":"index","follow":"follow","max-snippet":"max-snippet:-1","max-image-preview":"max-image-preview:large","max-video-preview":"max-video-preview:-1"},"canonical":"https:\/\/folhapopular.info\/index.php\/2019\/03\/01\/baile-das-luluzinhas-arrecadou-mais-de-1-tonelada-de-alimentos-em-todas-as-edicoes-em-paverama\/","og_locale":"pt_BR","og_type":"article","og_title":"Baile das Luluzinhas arrecadou mais de 1 tonelada de alimentos em todas as edi\u00e7\u00f5es em Paverama - Folha Popular","og_description":"O Baile das Luluzinhas chega em 2019 a sua 17\u00aa edi\u00e7\u00e3o, a programa\u00e7\u00e3o \u00e9 realizada pelo Gabinete da primeira-dama. O evento \u00e9 sucesso de p\u00fablico, sendo considerado um dos maiores eventos destinado ao p\u00fablico feminino da regi\u00e3o. Mulheres de Paverama e cidades vizinhas participam do baile que celebra o Dia Internacional da Mulher sempre tendo [&hellip;]","og_url":"https:\/\/folhapopular.info\/index.php\/2019\/03\/01\/baile-das-luluzinhas-arrecadou-mais-de-1-tonelada-de-alimentos-em-todas-as-edicoes-em-paverama\/","og_site_name":"Folha Popular","article_published_time":"2019-03-01T15:00:20+00:00","og_image":[{"width":678,"height":960,"url":"https:\/\/folhapopular.info\/wp-content\/uploads\/2019\/03\/Baile-das-Luluzinhas.jpg","type":"image\/jpeg"}],"author":"Reda\u00e7\u00e3o Folha Popular","twitter_card":"summary_large_image","twitter_misc":{"Escrito por":"Reda\u00e7\u00e3o Folha Popular","Est. tempo de leitura":"1 minuto"},"schema":{"@context":"https:\/\/schema.org","@graph":[{"@type":"Article","@id":"https:\/\/folhapopular.info\/index.php\/2019\/03\/01\/baile-das-luluzinhas-arrecadou-mais-de-1-tonelada-de-alimentos-em-todas-as-edicoes-em-paverama\/#article","isPartOf":{"@id":"https:\/\/folhapopular.info\/index.php\/2019\/03\/01\/baile-das-luluzinhas-arrecadou-mais-de-1-tonelada-de-alimentos-em-todas-as-edicoes-em-paverama\/"},"author":{"name":"Reda\u00e7\u00e3o Folha Popular","@id":"https:\/\/folhapopular.info\/#\/schema\/person\/2814e8a0df7643585a9ca38bc6eb9d4b"},"headline":"Baile das Luluzinhas arrecadou mais de 1 tonelada de alimentos em todas as edi\u00e7\u00f5es em Paverama","datePublished":"2019-03-01T15:00:20+00:00","mainEntityOfPage":{"@id":"https:\/\/folhapopular.info\/index.php\/2019\/03\/01\/baile-das-luluzinhas-arrecadou-mais-de-1-tonelada-de-alimentos-em-todas-as-edicoes-em-paverama\/"},"wordCount":203,"commentCount":0,"image":{"@id":"https:\/\/folhapopular.info\/index.php\/2019\/03\/01\/baile-das-luluzinhas-arrecadou-mais-de-1-tonelada-de-alimentos-em-todas-as-edicoes-em-paverama\/#primaryimage"},"thumbnailUrl":"https:\/\/folhapopular.info\/wp-content\/uploads\/2019\/03\/Baile-das-Luluzinhas.jpg","keywords":["Baile das Luluzinhas","Paverama"],"articleSection":["Inclusive"],"inLanguage":"pt-BR","potentialAction":[{"@type":"CommentAction","name":"Comment","target":["https:\/\/folhapopular.info\/index.php\/2019\/03\/01\/baile-das-luluzinhas-arrecadou-mais-de-1-tonelada-de-alimentos-em-todas-as-edicoes-em-paverama\/#respond"]}]},{"@type":"WebPage","@id":"https:\/\/folhapopular.info\/index.php\/2019\/03\/01\/baile-das-luluzinhas-arrecadou-mais-de-1-tonelada-de-alimentos-em-todas-as-edicoes-em-paverama\/","url":"https:\/\/folhapopular.info\/index.php\/2019\/03\/01\/baile-das-luluzinhas-arrecadou-mais-de-1-tonelada-de-alimentos-em-todas-as-edicoes-em-paverama\/","name":"Baile das Luluzinhas arrecadou mais de 1 tonelada de alimentos em todas as edi\u00e7\u00f5es em Paverama - Folha Popular","isPartOf":{"@id":"https:\/\/folhapopular.info\/#website"},"primaryImageOfPage":{"@id":"https:\/\/folhapopular.info\/index.php\/2019\/03\/01\/baile-das-luluzinhas-arrecadou-mais-de-1-tonelada-de-alimentos-em-todas-as-edicoes-em-paverama\/#primaryimage"},"image":{"@id":"https:\/\/folhapopular.info\/index.php\/2019\/03\/01\/baile-das-luluzinhas-arrecadou-mais-de-1-tonelada-de-alimentos-em-todas-as-edicoes-em-paverama\/#primaryimage"},"thumbnailUrl":"https:\/\/folhapopular.info\/wp-content\/uploads\/2019\/03\/Baile-das-Luluzinhas.jpg","datePublished":"2019-03-01T15:00:20+00:00","author":{"@id":"https:\/\/folhapopular.info\/#\/schema\/person\/2814e8a0df7643585a9ca38bc6eb9d4b"},"breadcrumb":{"@id":"https:\/\/folhapopular.info\/index.php\/2019\/03\/01\/baile-das-luluzinhas-arrecadou-mais-de-1-tonelada-de-alimentos-em-todas-as-edicoes-em-paverama\/#breadcrumb"},"inLanguage":"pt-BR","potentialAction":[{"@type":"ReadAction","target":["https:\/\/folhapopular.info\/index.php\/2019\/03\/01\/baile-das-luluzinhas-arrecadou-mais-de-1-tonelada-de-alimentos-em-todas-as-edicoes-em-paverama\/"]}]},{"@type":"ImageObject","inLanguage":"pt-BR","@id":"https:\/\/folhapopular.info\/index.php\/2019\/03\/01\/baile-das-luluzinhas-arrecadou-mais-de-1-tonelada-de-alimentos-em-todas-as-edicoes-em-paverama\/#primaryimage","url":"https:\/\/folhapopular.info\/wp-content\/uploads\/2019\/03\/Baile-das-Luluzinhas.jpg","contentUrl":"https:\/\/folhapopular.info\/wp-content\/uploads\/2019\/03\/Baile-das-Luluzinhas.jpg","width":678,"height":960},{"@type":"BreadcrumbList","@id":"https:\/\/folhapopular.info\/index.php\/2019\/03\/01\/baile-das-luluzinhas-arrecadou-mais-de-1-tonelada-de-alimentos-em-todas-as-edicoes-em-paverama\/#breadcrumb","itemListElement":[{"@type":"ListItem","position":1,"name":"In\u00edcio","item":"https:\/\/folhapopular.info\/"},{"@type":"ListItem","position":2,"name":"Baile das Luluzinhas arrecadou mais de 1 tonelada de alimentos em todas as edi\u00e7\u00f5es em Paverama"}]},{"@type":"WebSite","@id":"https:\/\/folhapopular.info\/#website","url":"https:\/\/folhapopular.info\/","name":"Folha Popular","description":"Onde voc\u00ea tem vez e voz","potentialAction":[{"@type":"SearchAction","target":{"@type":"EntryPoint","urlTemplate":"https:\/\/folhapopular.info\/?s={search_term_string}"},"query-input":{"@type":"PropertyValueSpecification","valueRequired":true,"valueName":"search_term_string"}}],"inLanguage":"pt-BR"},{"@type":"Person","@id":"https:\/\/folhapopular.info\/#\/schema\/person\/2814e8a0df7643585a9ca38bc6eb9d4b","name":"Reda\u00e7\u00e3o Folha Popular","image":{"@type":"ImageObject","inLanguage":"pt-BR","@id":"https:\/\/folhapopular.info\/wp-content\/uploads\/2026\/04\/Folha-1.webp","url":"https:\/\/folhapopular.info\/wp-content\/uploads\/2026\/04\/Folha-1.webp","contentUrl":"https:\/\/folhapopular.info\/wp-content\/uploads\/2026\/04\/Folha-1.webp","caption":"Reda\u00e7\u00e3o Folha Popular"},"url":"https:\/\/folhapopular.info\/index.php\/author\/redacao\/"}]}},"jetpack_featured_media_url":"https:\/\/folhapopular.info\/wp-content\/uploads\/2019\/03\/Baile-das-Luluzinhas.jpg","jetpack_sharing_enabled":true,"amp_enabled":true,"_links":{"self":[{"href":"https:\/\/folhapopular.info\/index.php\/wp-json\/wp\/v2\/posts\/53928","targetHints":{"allow":["GET"]}}],"collection":[{"href":"https:\/\/folhapopular.info\/index.php\/wp-json\/wp\/v2\/posts"}],"about":[{"href":"https:\/\/folhapopular.info\/index.php\/wp-json\/wp\/v2\/types\/post"}],"author":[{"embeddable":true,"href":"https:\/\/folhapopular.info\/index.php\/wp-json\/wp\/v2\/users\/8"}],"replies":[{"embeddable":true,"href":"https:\/\/folhapopular.info\/index.php\/wp-json\/wp\/v2\/comments?post=53928"}],"version-history":[{"count":0,"href":"https:\/\/folhapopular.info\/index.php\/wp-json\/wp\/v2\/posts\/53928\/revisions"}],"wp:featuredmedia":[{"embeddable":true,"href":"https:\/\/folhapopular.info\/index.php\/wp-json\/wp\/v2\/media\/53929"}],"wp:attachment":[{"href":"https:\/\/folhapopular.info\/index.php\/wp-json\/wp\/v2\/media?parent=53928"}],"wp:term":[{"taxonomy":"category","embeddable":true,"href":"https:\/\/folhapopular.info\/index.php\/wp-json\/wp\/v2\/categories?post=53928"},{"taxonomy":"post_tag","embeddable":true,"href":"https:\/\/folhapopular.info\/index.php\/wp-json\/wp\/v2\/tags?post=53928"}],"curies":[{"name":"wp","href":"https:\/\/api.w.org\/{rel}","templated":true}]}}