{"id":56375,"date":"2019-06-05T08:26:05","date_gmt":"2019-06-05T11:26:05","guid":{"rendered":"http:\/\/folhapopular.info\/?p=56375"},"modified":"2019-06-05T08:26:07","modified_gmt":"2019-06-05T11:26:07","slug":"semana-do-meio-ambiente-de-estrela-comeca-nesta-quarta-feira-05-06","status":"publish","type":"post","link":"https:\/\/folhapopular.info\/index.php\/2019\/06\/05\/semana-do-meio-ambiente-de-estrela-comeca-nesta-quarta-feira-05-06\/","title":{"rendered":"Semana do Meio Ambiente de Estrela come\u00e7a nesta quarta-feira (05\/06)"},"content":{"rendered":"\n<p>Come\u00e7a nesta\u00a0quarta-feira (05\/06) a Semana do Meio Ambiente de Estrela. A primeira atividade ser\u00e1 com os agentes mirins de Educa\u00e7\u00e3o Ambiental da Escola Municipal Pedro Jorge Schmidt, do Distrito de Delfina. Est\u00e1 agendada para as 9h, mas ser\u00e1 na Pra\u00e7a Menna Barreto e n\u00e3o mais no Parque Municipal da Lagoa, como previsto inicialmente. Organizada pela Secretaria do Meio Ambiente, atrav\u00e9s da Sala Verde Manoel Ribeiro Pontes Filho, a programa\u00e7\u00e3o se estende at\u00e9\u00a0s\u00e1bado (08\/06), quando ocorre, no Cal\u00e7ad\u00e3o da Rua Fernando Abott, das 8h \u00e0s 11h, o Dia &#8220;D&#8221;, para o descarte de l\u00e2mpadas e materiais eletr\u00f4nicos p\u00f3s-consumo.<\/p>\n\n\n\n<p>Neste ano, numa parceria com a Secretaria da Sa\u00fade, tamb\u00e9m haver\u00e1 coleta de medicamentos. Esta \u00e9 uma das principais a\u00e7\u00f5es da Semana do Meio Ambiente, com o objetivo de dar destino correto a estes materiais, evitando danos \u00e0 natureza. Poder\u00e3o ser entregues computadores, eletroeletr\u00f4nicos, celulares, televisores, l\u00e2mpadas, pilhas, entre outros. No caso de l\u00e2mpadas e pilhas, cada pessoa pode descartar at\u00e9 cinco unidades de cada, sendo necess\u00e1rio informar o CPF. Esta a\u00e7\u00e3o\u00a0ter\u00e1 a participa\u00e7\u00e3o das secretarias do Meio Ambiente e Sa\u00fade, 3\u00aa Coordenadoria Regional de Educa\u00e7\u00e3o, Lions Clube e das empresas Recilux e Adonai, que v\u00e3o receber os materiais.<\/p>\n\n\n\n<p><strong>Outros eventos integram a programa\u00e7\u00e3o<\/strong>:<\/p>\n\n\n\n<p>No dia 6 haver\u00e1 atividades l\u00fadicas ambientais com crian\u00e7as da Escola de Educa\u00e7\u00e3o Infantil Girassol, \u00e0s 15h, na Sala Verde. No dia 7, palestras para alunos da Escola Municipal Jos\u00e9 Bonif\u00e1cio, tamb\u00e9m na Sala Verde, em dois hor\u00e1rios: 8h30 e 9h30, da mesma forma enfocando a educa\u00e7\u00e3o ambiental.\u00a0 Ainda integra a programa\u00e7\u00e3o reuni\u00e3o do Conselho Municipal do Meio Ambiente, agendada para o dia 13, \u00e0s 14h, na C\u00e2mara de Vereadores, com palestra da doutora em direito Luciana Turatti. Ela vai abordar a Resolu\u00e7\u00e3o n\u00b0 372 do Conselho do Meio Ambiente, que trata do licenciamento em \u00e2mbito municipal, e a legisla\u00e7\u00e3o relativa aos autos de infra\u00e7\u00e3o.<br><\/p>\n","protected":false},"excerpt":{"rendered":"<p>Come\u00e7a nesta\u00a0quarta-feira (05\/06) a Semana do Meio Ambiente de Estrela. A primeira atividade ser\u00e1 com os agentes mirins de Educa\u00e7\u00e3o Ambiental da Escola Municipal Pedro Jorge Schmidt, do Distrito de Delfina. Est\u00e1 agendada para as 9h, mas ser\u00e1 na Pra\u00e7a Menna Barreto e n\u00e3o mais no Parque Municipal da Lagoa, como previsto inicialmente. Organizada pela [&hellip;]<\/p>\n","protected":false},"author":8,"featured_media":56376,"comment_status":"open","ping_status":"open","sticky":false,"template":"","format":"standard","meta":{"pmpro_default_level":"","_jetpack_memberships_contains_paid_content":false,"footnotes":""},"categories":[3],"tags":[8,2870],"class_list":{"0":"post-56375","1":"post","2":"type-post","3":"status-publish","4":"format-standard","5":"has-post-thumbnail","7":"category-geral","8":"tag-estrela","9":"tag-semana-do-meio-ambiente","10":"pmpro-has-access"},"yoast_head":"<!-- This site is optimized with the Yoast SEO plugin v27.5 - https:\/\/yoast.com\/product\/yoast-seo-wordpress\/ -->\n<title>Semana do Meio Ambiente de Estrela come\u00e7a nesta quarta-feira (05\/06) - Folha Popular<\/title>\n<meta name=\"robots\" content=\"index, follow, max-snippet:-1, max-image-preview:large, max-video-preview:-1\" \/>\n<link rel=\"canonical\" href=\"https:\/\/folhapopular.info\/index.php\/2019\/06\/05\/semana-do-meio-ambiente-de-estrela-comeca-nesta-quarta-feira-05-06\/\" \/>\n<meta property=\"og:locale\" content=\"pt_BR\" \/>\n<meta property=\"og:type\" content=\"article\" \/>\n<meta property=\"og:title\" content=\"Semana do Meio Ambiente de Estrela come\u00e7a nesta quarta-feira (05\/06) - Folha Popular\" \/>\n<meta property=\"og:description\" content=\"Come\u00e7a nesta\u00a0quarta-feira (05\/06) a Semana do Meio Ambiente de Estrela. A primeira atividade ser\u00e1 com os agentes mirins de Educa\u00e7\u00e3o Ambiental da Escola Municipal Pedro Jorge Schmidt, do Distrito de Delfina. Est\u00e1 agendada para as 9h, mas ser\u00e1 na Pra\u00e7a Menna Barreto e n\u00e3o mais no Parque Municipal da Lagoa, como previsto inicialmente. Organizada pela [&hellip;]\" \/>\n<meta property=\"og:url\" content=\"https:\/\/folhapopular.info\/index.php\/2019\/06\/05\/semana-do-meio-ambiente-de-estrela-comeca-nesta-quarta-feira-05-06\/\" \/>\n<meta property=\"og:site_name\" content=\"Folha Popular\" \/>\n<meta property=\"article:published_time\" content=\"2019-06-05T11:26:05+00:00\" \/>\n<meta property=\"article:modified_time\" content=\"2019-06-05T11:26:07+00:00\" \/>\n<meta property=\"og:image\" content=\"https:\/\/folhapopular.info\/wp-content\/uploads\/2019\/06\/Semana-do-Meio-Ambiente-Estrela_atividades-com-alunos_arquivo-e1559733885193.jpg\" \/>\n\t<meta property=\"og:image:width\" content=\"800\" \/>\n\t<meta property=\"og:image:height\" content=\"533\" \/>\n\t<meta property=\"og:image:type\" content=\"image\/jpeg\" \/>\n<meta name=\"author\" content=\"Reda\u00e7\u00e3o Folha Popular\" \/>\n<meta name=\"twitter:card\" content=\"summary_large_image\" \/>\n<meta name=\"twitter:label1\" content=\"Escrito por\" \/>\n\t<meta name=\"twitter:data1\" content=\"Reda\u00e7\u00e3o Folha Popular\" \/>\n\t<meta name=\"twitter:label2\" content=\"Est. tempo de leitura\" \/>\n\t<meta name=\"twitter:data2\" content=\"2 minutos\" \/>\n<script type=\"application\/ld+json\" class=\"yoast-schema-graph\">{\"@context\":\"https:\\\/\\\/schema.org\",\"@graph\":[{\"@type\":\"Article\",\"@id\":\"https:\\\/\\\/folhapopular.info\\\/index.php\\\/2019\\\/06\\\/05\\\/semana-do-meio-ambiente-de-estrela-comeca-nesta-quarta-feira-05-06\\\/#article\",\"isPartOf\":{\"@id\":\"https:\\\/\\\/folhapopular.info\\\/index.php\\\/2019\\\/06\\\/05\\\/semana-do-meio-ambiente-de-estrela-comeca-nesta-quarta-feira-05-06\\\/\"},\"author\":{\"name\":\"Reda\u00e7\u00e3o Folha Popular\",\"@id\":\"https:\\\/\\\/folhapopular.info\\\/#\\\/schema\\\/person\\\/2814e8a0df7643585a9ca38bc6eb9d4b\"},\"headline\":\"Semana do Meio Ambiente de Estrela come\u00e7a nesta quarta-feira (05\\\/06)\",\"datePublished\":\"2019-06-05T11:26:05+00:00\",\"dateModified\":\"2019-06-05T11:26:07+00:00\",\"mainEntityOfPage\":{\"@id\":\"https:\\\/\\\/folhapopular.info\\\/index.php\\\/2019\\\/06\\\/05\\\/semana-do-meio-ambiente-de-estrela-comeca-nesta-quarta-feira-05-06\\\/\"},\"wordCount\":349,\"commentCount\":0,\"image\":{\"@id\":\"https:\\\/\\\/folhapopular.info\\\/index.php\\\/2019\\\/06\\\/05\\\/semana-do-meio-ambiente-de-estrela-comeca-nesta-quarta-feira-05-06\\\/#primaryimage\"},\"thumbnailUrl\":\"https:\\\/\\\/folhapopular.info\\\/wp-content\\\/uploads\\\/2019\\\/06\\\/Semana-do-Meio-Ambiente-Estrela_atividades-com-alunos_arquivo-e1559733885193.jpg\",\"keywords\":[\"Estrela\",\"Semana do Meio Ambiente\"],\"articleSection\":[\"Geral\"],\"inLanguage\":\"pt-BR\",\"potentialAction\":[{\"@type\":\"CommentAction\",\"name\":\"Comment\",\"target\":[\"https:\\\/\\\/folhapopular.info\\\/index.php\\\/2019\\\/06\\\/05\\\/semana-do-meio-ambiente-de-estrela-comeca-nesta-quarta-feira-05-06\\\/#respond\"]}]},{\"@type\":\"WebPage\",\"@id\":\"https:\\\/\\\/folhapopular.info\\\/index.php\\\/2019\\\/06\\\/05\\\/semana-do-meio-ambiente-de-estrela-comeca-nesta-quarta-feira-05-06\\\/\",\"url\":\"https:\\\/\\\/folhapopular.info\\\/index.php\\\/2019\\\/06\\\/05\\\/semana-do-meio-ambiente-de-estrela-comeca-nesta-quarta-feira-05-06\\\/\",\"name\":\"Semana do Meio Ambiente de Estrela come\u00e7a nesta quarta-feira (05\\\/06) - Folha Popular\",\"isPartOf\":{\"@id\":\"https:\\\/\\\/folhapopular.info\\\/#website\"},\"primaryImageOfPage\":{\"@id\":\"https:\\\/\\\/folhapopular.info\\\/index.php\\\/2019\\\/06\\\/05\\\/semana-do-meio-ambiente-de-estrela-comeca-nesta-quarta-feira-05-06\\\/#primaryimage\"},\"image\":{\"@id\":\"https:\\\/\\\/folhapopular.info\\\/index.php\\\/2019\\\/06\\\/05\\\/semana-do-meio-ambiente-de-estrela-comeca-nesta-quarta-feira-05-06\\\/#primaryimage\"},\"thumbnailUrl\":\"https:\\\/\\\/folhapopular.info\\\/wp-content\\\/uploads\\\/2019\\\/06\\\/Semana-do-Meio-Ambiente-Estrela_atividades-com-alunos_arquivo-e1559733885193.jpg\",\"datePublished\":\"2019-06-05T11:26:05+00:00\",\"dateModified\":\"2019-06-05T11:26:07+00:00\",\"author\":{\"@id\":\"https:\\\/\\\/folhapopular.info\\\/#\\\/schema\\\/person\\\/2814e8a0df7643585a9ca38bc6eb9d4b\"},\"breadcrumb\":{\"@id\":\"https:\\\/\\\/folhapopular.info\\\/index.php\\\/2019\\\/06\\\/05\\\/semana-do-meio-ambiente-de-estrela-comeca-nesta-quarta-feira-05-06\\\/#breadcrumb\"},\"inLanguage\":\"pt-BR\",\"potentialAction\":[{\"@type\":\"ReadAction\",\"target\":[\"https:\\\/\\\/folhapopular.info\\\/index.php\\\/2019\\\/06\\\/05\\\/semana-do-meio-ambiente-de-estrela-comeca-nesta-quarta-feira-05-06\\\/\"]}]},{\"@type\":\"ImageObject\",\"inLanguage\":\"pt-BR\",\"@id\":\"https:\\\/\\\/folhapopular.info\\\/index.php\\\/2019\\\/06\\\/05\\\/semana-do-meio-ambiente-de-estrela-comeca-nesta-quarta-feira-05-06\\\/#primaryimage\",\"url\":\"https:\\\/\\\/folhapopular.info\\\/wp-content\\\/uploads\\\/2019\\\/06\\\/Semana-do-Meio-Ambiente-Estrela_atividades-com-alunos_arquivo-e1559733885193.jpg\",\"contentUrl\":\"https:\\\/\\\/folhapopular.info\\\/wp-content\\\/uploads\\\/2019\\\/06\\\/Semana-do-Meio-Ambiente-Estrela_atividades-com-alunos_arquivo-e1559733885193.jpg\",\"width\":800,\"height\":533,\"caption\":\"Atividade com agentes mirins, como a realizada no ano passado, dar\u00e1 in\u00edcio \u00e0 programa\u00e7\u00e3o\"},{\"@type\":\"BreadcrumbList\",\"@id\":\"https:\\\/\\\/folhapopular.info\\\/index.php\\\/2019\\\/06\\\/05\\\/semana-do-meio-ambiente-de-estrela-comeca-nesta-quarta-feira-05-06\\\/#breadcrumb\",\"itemListElement\":[{\"@type\":\"ListItem\",\"position\":1,\"name\":\"In\u00edcio\",\"item\":\"https:\\\/\\\/folhapopular.info\\\/\"},{\"@type\":\"ListItem\",\"position\":2,\"name\":\"Semana do Meio Ambiente de Estrela come\u00e7a nesta quarta-feira (05\\\/06)\"}]},{\"@type\":\"WebSite\",\"@id\":\"https:\\\/\\\/folhapopular.info\\\/#website\",\"url\":\"https:\\\/\\\/folhapopular.info\\\/\",\"name\":\"Folha Popular\",\"description\":\"Onde voc\u00ea tem vez e voz\",\"potentialAction\":[{\"@type\":\"SearchAction\",\"target\":{\"@type\":\"EntryPoint\",\"urlTemplate\":\"https:\\\/\\\/folhapopular.info\\\/?s={search_term_string}\"},\"query-input\":{\"@type\":\"PropertyValueSpecification\",\"valueRequired\":true,\"valueName\":\"search_term_string\"}}],\"inLanguage\":\"pt-BR\"},{\"@type\":\"Person\",\"@id\":\"https:\\\/\\\/folhapopular.info\\\/#\\\/schema\\\/person\\\/2814e8a0df7643585a9ca38bc6eb9d4b\",\"name\":\"Reda\u00e7\u00e3o Folha Popular\",\"image\":{\"@type\":\"ImageObject\",\"inLanguage\":\"pt-BR\",\"@id\":\"https:\\\/\\\/folhapopular.info\\\/wp-content\\\/uploads\\\/2026\\\/04\\\/Folha-1.webp\",\"url\":\"https:\\\/\\\/folhapopular.info\\\/wp-content\\\/uploads\\\/2026\\\/04\\\/Folha-1.webp\",\"contentUrl\":\"https:\\\/\\\/folhapopular.info\\\/wp-content\\\/uploads\\\/2026\\\/04\\\/Folha-1.webp\",\"caption\":\"Reda\u00e7\u00e3o Folha Popular\"},\"url\":\"https:\\\/\\\/folhapopular.info\\\/index.php\\\/author\\\/redacao\\\/\"}]}<\/script>\n<!-- \/ Yoast SEO plugin. -->","yoast_head_json":{"title":"Semana do Meio Ambiente de Estrela come\u00e7a nesta quarta-feira (05\/06) - Folha Popular","robots":{"index":"index","follow":"follow","max-snippet":"max-snippet:-1","max-image-preview":"max-image-preview:large","max-video-preview":"max-video-preview:-1"},"canonical":"https:\/\/folhapopular.info\/index.php\/2019\/06\/05\/semana-do-meio-ambiente-de-estrela-comeca-nesta-quarta-feira-05-06\/","og_locale":"pt_BR","og_type":"article","og_title":"Semana do Meio Ambiente de Estrela come\u00e7a nesta quarta-feira (05\/06) - Folha Popular","og_description":"Come\u00e7a nesta\u00a0quarta-feira (05\/06) a Semana do Meio Ambiente de Estrela. A primeira atividade ser\u00e1 com os agentes mirins de Educa\u00e7\u00e3o Ambiental da Escola Municipal Pedro Jorge Schmidt, do Distrito de Delfina. Est\u00e1 agendada para as 9h, mas ser\u00e1 na Pra\u00e7a Menna Barreto e n\u00e3o mais no Parque Municipal da Lagoa, como previsto inicialmente. Organizada pela [&hellip;]","og_url":"https:\/\/folhapopular.info\/index.php\/2019\/06\/05\/semana-do-meio-ambiente-de-estrela-comeca-nesta-quarta-feira-05-06\/","og_site_name":"Folha Popular","article_published_time":"2019-06-05T11:26:05+00:00","article_modified_time":"2019-06-05T11:26:07+00:00","og_image":[{"width":800,"height":533,"url":"https:\/\/folhapopular.info\/wp-content\/uploads\/2019\/06\/Semana-do-Meio-Ambiente-Estrela_atividades-com-alunos_arquivo-e1559733885193.jpg","type":"image\/jpeg"}],"author":"Reda\u00e7\u00e3o Folha Popular","twitter_card":"summary_large_image","twitter_misc":{"Escrito por":"Reda\u00e7\u00e3o Folha Popular","Est. tempo de leitura":"2 minutos"},"schema":{"@context":"https:\/\/schema.org","@graph":[{"@type":"Article","@id":"https:\/\/folhapopular.info\/index.php\/2019\/06\/05\/semana-do-meio-ambiente-de-estrela-comeca-nesta-quarta-feira-05-06\/#article","isPartOf":{"@id":"https:\/\/folhapopular.info\/index.php\/2019\/06\/05\/semana-do-meio-ambiente-de-estrela-comeca-nesta-quarta-feira-05-06\/"},"author":{"name":"Reda\u00e7\u00e3o Folha Popular","@id":"https:\/\/folhapopular.info\/#\/schema\/person\/2814e8a0df7643585a9ca38bc6eb9d4b"},"headline":"Semana do Meio Ambiente de Estrela come\u00e7a nesta quarta-feira (05\/06)","datePublished":"2019-06-05T11:26:05+00:00","dateModified":"2019-06-05T11:26:07+00:00","mainEntityOfPage":{"@id":"https:\/\/folhapopular.info\/index.php\/2019\/06\/05\/semana-do-meio-ambiente-de-estrela-comeca-nesta-quarta-feira-05-06\/"},"wordCount":349,"commentCount":0,"image":{"@id":"https:\/\/folhapopular.info\/index.php\/2019\/06\/05\/semana-do-meio-ambiente-de-estrela-comeca-nesta-quarta-feira-05-06\/#primaryimage"},"thumbnailUrl":"https:\/\/folhapopular.info\/wp-content\/uploads\/2019\/06\/Semana-do-Meio-Ambiente-Estrela_atividades-com-alunos_arquivo-e1559733885193.jpg","keywords":["Estrela","Semana do Meio Ambiente"],"articleSection":["Geral"],"inLanguage":"pt-BR","potentialAction":[{"@type":"CommentAction","name":"Comment","target":["https:\/\/folhapopular.info\/index.php\/2019\/06\/05\/semana-do-meio-ambiente-de-estrela-comeca-nesta-quarta-feira-05-06\/#respond"]}]},{"@type":"WebPage","@id":"https:\/\/folhapopular.info\/index.php\/2019\/06\/05\/semana-do-meio-ambiente-de-estrela-comeca-nesta-quarta-feira-05-06\/","url":"https:\/\/folhapopular.info\/index.php\/2019\/06\/05\/semana-do-meio-ambiente-de-estrela-comeca-nesta-quarta-feira-05-06\/","name":"Semana do Meio Ambiente de Estrela come\u00e7a nesta quarta-feira (05\/06) - Folha Popular","isPartOf":{"@id":"https:\/\/folhapopular.info\/#website"},"primaryImageOfPage":{"@id":"https:\/\/folhapopular.info\/index.php\/2019\/06\/05\/semana-do-meio-ambiente-de-estrela-comeca-nesta-quarta-feira-05-06\/#primaryimage"},"image":{"@id":"https:\/\/folhapopular.info\/index.php\/2019\/06\/05\/semana-do-meio-ambiente-de-estrela-comeca-nesta-quarta-feira-05-06\/#primaryimage"},"thumbnailUrl":"https:\/\/folhapopular.info\/wp-content\/uploads\/2019\/06\/Semana-do-Meio-Ambiente-Estrela_atividades-com-alunos_arquivo-e1559733885193.jpg","datePublished":"2019-06-05T11:26:05+00:00","dateModified":"2019-06-05T11:26:07+00:00","author":{"@id":"https:\/\/folhapopular.info\/#\/schema\/person\/2814e8a0df7643585a9ca38bc6eb9d4b"},"breadcrumb":{"@id":"https:\/\/folhapopular.info\/index.php\/2019\/06\/05\/semana-do-meio-ambiente-de-estrela-comeca-nesta-quarta-feira-05-06\/#breadcrumb"},"inLanguage":"pt-BR","potentialAction":[{"@type":"ReadAction","target":["https:\/\/folhapopular.info\/index.php\/2019\/06\/05\/semana-do-meio-ambiente-de-estrela-comeca-nesta-quarta-feira-05-06\/"]}]},{"@type":"ImageObject","inLanguage":"pt-BR","@id":"https:\/\/folhapopular.info\/index.php\/2019\/06\/05\/semana-do-meio-ambiente-de-estrela-comeca-nesta-quarta-feira-05-06\/#primaryimage","url":"https:\/\/folhapopular.info\/wp-content\/uploads\/2019\/06\/Semana-do-Meio-Ambiente-Estrela_atividades-com-alunos_arquivo-e1559733885193.jpg","contentUrl":"https:\/\/folhapopular.info\/wp-content\/uploads\/2019\/06\/Semana-do-Meio-Ambiente-Estrela_atividades-com-alunos_arquivo-e1559733885193.jpg","width":800,"height":533,"caption":"Atividade com agentes mirins, como a realizada no ano passado, dar\u00e1 in\u00edcio \u00e0 programa\u00e7\u00e3o"},{"@type":"BreadcrumbList","@id":"https:\/\/folhapopular.info\/index.php\/2019\/06\/05\/semana-do-meio-ambiente-de-estrela-comeca-nesta-quarta-feira-05-06\/#breadcrumb","itemListElement":[{"@type":"ListItem","position":1,"name":"In\u00edcio","item":"https:\/\/folhapopular.info\/"},{"@type":"ListItem","position":2,"name":"Semana do Meio Ambiente de Estrela come\u00e7a nesta quarta-feira (05\/06)"}]},{"@type":"WebSite","@id":"https:\/\/folhapopular.info\/#website","url":"https:\/\/folhapopular.info\/","name":"Folha Popular","description":"Onde voc\u00ea tem vez e voz","potentialAction":[{"@type":"SearchAction","target":{"@type":"EntryPoint","urlTemplate":"https:\/\/folhapopular.info\/?s={search_term_string}"},"query-input":{"@type":"PropertyValueSpecification","valueRequired":true,"valueName":"search_term_string"}}],"inLanguage":"pt-BR"},{"@type":"Person","@id":"https:\/\/folhapopular.info\/#\/schema\/person\/2814e8a0df7643585a9ca38bc6eb9d4b","name":"Reda\u00e7\u00e3o Folha Popular","image":{"@type":"ImageObject","inLanguage":"pt-BR","@id":"https:\/\/folhapopular.info\/wp-content\/uploads\/2026\/04\/Folha-1.webp","url":"https:\/\/folhapopular.info\/wp-content\/uploads\/2026\/04\/Folha-1.webp","contentUrl":"https:\/\/folhapopular.info\/wp-content\/uploads\/2026\/04\/Folha-1.webp","caption":"Reda\u00e7\u00e3o Folha Popular"},"url":"https:\/\/folhapopular.info\/index.php\/author\/redacao\/"}]}},"jetpack_featured_media_url":"https:\/\/folhapopular.info\/wp-content\/uploads\/2019\/06\/Semana-do-Meio-Ambiente-Estrela_atividades-com-alunos_arquivo-e1559733885193.jpg","jetpack_sharing_enabled":true,"amp_enabled":true,"_links":{"self":[{"href":"https:\/\/folhapopular.info\/index.php\/wp-json\/wp\/v2\/posts\/56375","targetHints":{"allow":["GET"]}}],"collection":[{"href":"https:\/\/folhapopular.info\/index.php\/wp-json\/wp\/v2\/posts"}],"about":[{"href":"https:\/\/folhapopular.info\/index.php\/wp-json\/wp\/v2\/types\/post"}],"author":[{"embeddable":true,"href":"https:\/\/folhapopular.info\/index.php\/wp-json\/wp\/v2\/users\/8"}],"replies":[{"embeddable":true,"href":"https:\/\/folhapopular.info\/index.php\/wp-json\/wp\/v2\/comments?post=56375"}],"version-history":[{"count":0,"href":"https:\/\/folhapopular.info\/index.php\/wp-json\/wp\/v2\/posts\/56375\/revisions"}],"wp:featuredmedia":[{"embeddable":true,"href":"https:\/\/folhapopular.info\/index.php\/wp-json\/wp\/v2\/media\/56376"}],"wp:attachment":[{"href":"https:\/\/folhapopular.info\/index.php\/wp-json\/wp\/v2\/media?parent=56375"}],"wp:term":[{"taxonomy":"category","embeddable":true,"href":"https:\/\/folhapopular.info\/index.php\/wp-json\/wp\/v2\/categories?post=56375"},{"taxonomy":"post_tag","embeddable":true,"href":"https:\/\/folhapopular.info\/index.php\/wp-json\/wp\/v2\/tags?post=56375"}],"curies":[{"name":"wp","href":"https:\/\/api.w.org\/{rel}","templated":true}]}}