{"id":56507,"date":"2019-06-11T10:59:43","date_gmt":"2019-06-11T13:59:43","guid":{"rendered":"http:\/\/folhapopular.info\/?p=56507"},"modified":"2019-06-11T10:59:45","modified_gmt":"2019-06-11T13:59:45","slug":"cerca-de-3-512-kg-de-lixo-eletronico-foram-coletado-em-carlos-barbosa","status":"publish","type":"post","link":"https:\/\/folhapopular.info\/index.php\/2019\/06\/11\/cerca-de-3-512-kg-de-lixo-eletronico-foram-coletado-em-carlos-barbosa\/","title":{"rendered":"Cerca de 3.512 kg de lixo eletr\u00f4nico foram coletado em Carlos Barbosa"},"content":{"rendered":"\n<p>Durante a Campanha \u201c<em>Uma<\/em>\u00a0<em>cidade mais Limpa, Um Mundo mais Verde. Um Sinal de Educa\u00e7\u00e3o e Mudan\u00e7a<\/em>\u201d, realizada na Rua Coberta quarta-feira (05\/06), foram coletados cerca de 3.512 Kg de lixo eletr\u00f4nico. Os res\u00edduos foram encaminhados para a empresa  AMBE &#8211; Gerenciamento de Res\u00edduos Tecnol\u00f3gicos de Caxias do Sul, que far\u00e1 a destina\u00e7\u00e3o ambientalmente correta dos mesmos.<\/p>\n\n\n\n<p>Esta a\u00e7\u00e3o foi promovida pelo Cons\u00f3rcio Intermunicipal de Desenvolvimento Sustent\u00e1vel da Serra Ga\u00facha (CISGA), com apoio da Secretaria Municipal de Agricultura e Meio Ambiente e objetivou a conscientiza\u00e7\u00e3o da comunidade.<\/p>\n\n\n\n<p>Confira abaixo, a quantidade dos materiais recolhidos em suas respectivas categorias:<\/p>\n\n\n\n<p><strong>160 kg<\/strong>&nbsp;\u2013 Linha Verde: equipamentos de inform\u00e1tica, computadores, notebooks, servidores, etc.<br><strong>959 kg<\/strong>&nbsp;\u2013 Linha Azul: equipamentos eletroport\u00e1teis, perif\u00e9ricos, eletr\u00f4nicos diversos, etc.<br><strong>2.212 kg<\/strong>&nbsp;\u2013 Linha Marrom: equipamentos de \u00e1udio e v\u00eddeo, tubos de imagem, monitores, televisores, etc.<br><strong>181 kg<\/strong>&nbsp;\u2013 Linha Branca: equipamentos de refrigera\u00e7\u00e3o, fog\u00f5es, micro-ondas, etc.<\/p>\n","protected":false},"excerpt":{"rendered":"<p>Durante a Campanha \u201cUma\u00a0cidade mais Limpa, Um Mundo mais Verde. Um Sinal de Educa\u00e7\u00e3o e Mudan\u00e7a\u201d, realizada na Rua Coberta quarta-feira (05\/06), foram coletados cerca de 3.512 Kg de lixo eletr\u00f4nico. Os res\u00edduos foram encaminhados para a empresa AMBE &#8211; Gerenciamento de Res\u00edduos Tecnol\u00f3gicos de Caxias do Sul, que far\u00e1 a destina\u00e7\u00e3o ambientalmente correta dos [&hellip;]<\/p>\n","protected":false},"author":8,"featured_media":56508,"comment_status":"open","ping_status":"open","sticky":false,"template":"","format":"standard","meta":{"pmpro_default_level":"","_jetpack_memberships_contains_paid_content":false,"footnotes":""},"categories":[3],"tags":[30,1065],"class_list":{"0":"post-56507","1":"post","2":"type-post","3":"status-publish","4":"format-standard","5":"has-post-thumbnail","7":"category-geral","8":"tag-carlos-barbosa","9":"tag-lixo-eletronico","10":"pmpro-has-access"},"yoast_head":"<!-- This site is optimized with the Yoast SEO plugin v27.5 - https:\/\/yoast.com\/product\/yoast-seo-wordpress\/ -->\n<title>Cerca de 3.512 kg de lixo eletr\u00f4nico foram coletado em Carlos Barbosa - Folha Popular<\/title>\n<meta name=\"robots\" content=\"index, follow, max-snippet:-1, max-image-preview:large, max-video-preview:-1\" \/>\n<link rel=\"canonical\" href=\"https:\/\/folhapopular.info\/index.php\/2019\/06\/11\/cerca-de-3-512-kg-de-lixo-eletronico-foram-coletado-em-carlos-barbosa\/\" \/>\n<meta property=\"og:locale\" content=\"pt_BR\" \/>\n<meta property=\"og:type\" content=\"article\" \/>\n<meta property=\"og:title\" content=\"Cerca de 3.512 kg de lixo eletr\u00f4nico foram coletado em Carlos Barbosa - Folha Popular\" \/>\n<meta property=\"og:description\" content=\"Durante a Campanha \u201cUma\u00a0cidade mais Limpa, Um Mundo mais Verde. Um Sinal de Educa\u00e7\u00e3o e Mudan\u00e7a\u201d, realizada na Rua Coberta quarta-feira (05\/06), foram coletados cerca de 3.512 Kg de lixo eletr\u00f4nico. Os res\u00edduos foram encaminhados para a empresa AMBE &#8211; Gerenciamento de Res\u00edduos Tecnol\u00f3gicos de Caxias do Sul, que far\u00e1 a destina\u00e7\u00e3o ambientalmente correta dos [&hellip;]\" \/>\n<meta property=\"og:url\" content=\"https:\/\/folhapopular.info\/index.php\/2019\/06\/11\/cerca-de-3-512-kg-de-lixo-eletronico-foram-coletado-em-carlos-barbosa\/\" \/>\n<meta property=\"og:site_name\" content=\"Folha Popular\" \/>\n<meta property=\"article:published_time\" content=\"2019-06-11T13:59:43+00:00\" \/>\n<meta property=\"article:modified_time\" content=\"2019-06-11T13:59:45+00:00\" \/>\n<meta property=\"og:image\" content=\"https:\/\/folhapopular.info\/wp-content\/uploads\/2019\/06\/Lixo-eletronico-e1560258293865.jpeg\" \/>\n\t<meta property=\"og:image:width\" content=\"799\" \/>\n\t<meta property=\"og:image:height\" content=\"531\" \/>\n\t<meta property=\"og:image:type\" content=\"image\/jpeg\" \/>\n<meta name=\"author\" content=\"Reda\u00e7\u00e3o Folha Popular\" \/>\n<meta name=\"twitter:card\" content=\"summary_large_image\" \/>\n<meta name=\"twitter:label1\" content=\"Escrito por\" \/>\n\t<meta name=\"twitter:data1\" content=\"Reda\u00e7\u00e3o Folha Popular\" \/>\n\t<meta name=\"twitter:label2\" content=\"Est. tempo de leitura\" \/>\n\t<meta name=\"twitter:data2\" content=\"1 minuto\" \/>\n<script type=\"application\/ld+json\" class=\"yoast-schema-graph\">{\"@context\":\"https:\\\/\\\/schema.org\",\"@graph\":[{\"@type\":\"Article\",\"@id\":\"https:\\\/\\\/folhapopular.info\\\/index.php\\\/2019\\\/06\\\/11\\\/cerca-de-3-512-kg-de-lixo-eletronico-foram-coletado-em-carlos-barbosa\\\/#article\",\"isPartOf\":{\"@id\":\"https:\\\/\\\/folhapopular.info\\\/index.php\\\/2019\\\/06\\\/11\\\/cerca-de-3-512-kg-de-lixo-eletronico-foram-coletado-em-carlos-barbosa\\\/\"},\"author\":{\"name\":\"Reda\u00e7\u00e3o Folha Popular\",\"@id\":\"https:\\\/\\\/folhapopular.info\\\/#\\\/schema\\\/person\\\/2814e8a0df7643585a9ca38bc6eb9d4b\"},\"headline\":\"Cerca de 3.512 kg de lixo eletr\u00f4nico foram coletado em Carlos Barbosa\",\"datePublished\":\"2019-06-11T13:59:43+00:00\",\"dateModified\":\"2019-06-11T13:59:45+00:00\",\"mainEntityOfPage\":{\"@id\":\"https:\\\/\\\/folhapopular.info\\\/index.php\\\/2019\\\/06\\\/11\\\/cerca-de-3-512-kg-de-lixo-eletronico-foram-coletado-em-carlos-barbosa\\\/\"},\"wordCount\":173,\"commentCount\":0,\"image\":{\"@id\":\"https:\\\/\\\/folhapopular.info\\\/index.php\\\/2019\\\/06\\\/11\\\/cerca-de-3-512-kg-de-lixo-eletronico-foram-coletado-em-carlos-barbosa\\\/#primaryimage\"},\"thumbnailUrl\":\"https:\\\/\\\/folhapopular.info\\\/wp-content\\\/uploads\\\/2019\\\/06\\\/Lixo-eletronico-e1560258293865.jpeg\",\"keywords\":[\"Carlos Barbosa\",\"Lixo Eletr\u00f4nico\"],\"articleSection\":[\"Geral\"],\"inLanguage\":\"pt-BR\",\"potentialAction\":[{\"@type\":\"CommentAction\",\"name\":\"Comment\",\"target\":[\"https:\\\/\\\/folhapopular.info\\\/index.php\\\/2019\\\/06\\\/11\\\/cerca-de-3-512-kg-de-lixo-eletronico-foram-coletado-em-carlos-barbosa\\\/#respond\"]}]},{\"@type\":\"WebPage\",\"@id\":\"https:\\\/\\\/folhapopular.info\\\/index.php\\\/2019\\\/06\\\/11\\\/cerca-de-3-512-kg-de-lixo-eletronico-foram-coletado-em-carlos-barbosa\\\/\",\"url\":\"https:\\\/\\\/folhapopular.info\\\/index.php\\\/2019\\\/06\\\/11\\\/cerca-de-3-512-kg-de-lixo-eletronico-foram-coletado-em-carlos-barbosa\\\/\",\"name\":\"Cerca de 3.512 kg de lixo eletr\u00f4nico foram coletado em Carlos Barbosa - Folha Popular\",\"isPartOf\":{\"@id\":\"https:\\\/\\\/folhapopular.info\\\/#website\"},\"primaryImageOfPage\":{\"@id\":\"https:\\\/\\\/folhapopular.info\\\/index.php\\\/2019\\\/06\\\/11\\\/cerca-de-3-512-kg-de-lixo-eletronico-foram-coletado-em-carlos-barbosa\\\/#primaryimage\"},\"image\":{\"@id\":\"https:\\\/\\\/folhapopular.info\\\/index.php\\\/2019\\\/06\\\/11\\\/cerca-de-3-512-kg-de-lixo-eletronico-foram-coletado-em-carlos-barbosa\\\/#primaryimage\"},\"thumbnailUrl\":\"https:\\\/\\\/folhapopular.info\\\/wp-content\\\/uploads\\\/2019\\\/06\\\/Lixo-eletronico-e1560258293865.jpeg\",\"datePublished\":\"2019-06-11T13:59:43+00:00\",\"dateModified\":\"2019-06-11T13:59:45+00:00\",\"author\":{\"@id\":\"https:\\\/\\\/folhapopular.info\\\/#\\\/schema\\\/person\\\/2814e8a0df7643585a9ca38bc6eb9d4b\"},\"breadcrumb\":{\"@id\":\"https:\\\/\\\/folhapopular.info\\\/index.php\\\/2019\\\/06\\\/11\\\/cerca-de-3-512-kg-de-lixo-eletronico-foram-coletado-em-carlos-barbosa\\\/#breadcrumb\"},\"inLanguage\":\"pt-BR\",\"potentialAction\":[{\"@type\":\"ReadAction\",\"target\":[\"https:\\\/\\\/folhapopular.info\\\/index.php\\\/2019\\\/06\\\/11\\\/cerca-de-3-512-kg-de-lixo-eletronico-foram-coletado-em-carlos-barbosa\\\/\"]}]},{\"@type\":\"ImageObject\",\"inLanguage\":\"pt-BR\",\"@id\":\"https:\\\/\\\/folhapopular.info\\\/index.php\\\/2019\\\/06\\\/11\\\/cerca-de-3-512-kg-de-lixo-eletronico-foram-coletado-em-carlos-barbosa\\\/#primaryimage\",\"url\":\"https:\\\/\\\/folhapopular.info\\\/wp-content\\\/uploads\\\/2019\\\/06\\\/Lixo-eletronico-e1560258293865.jpeg\",\"contentUrl\":\"https:\\\/\\\/folhapopular.info\\\/wp-content\\\/uploads\\\/2019\\\/06\\\/Lixo-eletronico-e1560258293865.jpeg\",\"width\":799,\"height\":531,\"caption\":\"Cerca de 3.512 kg de lixo eletr\u00f4nico foram coletados\\\/ Cr\u00e9dito da foto: Felipe Ferla\\\/ Divulga\u00e7\u00e3o\"},{\"@type\":\"BreadcrumbList\",\"@id\":\"https:\\\/\\\/folhapopular.info\\\/index.php\\\/2019\\\/06\\\/11\\\/cerca-de-3-512-kg-de-lixo-eletronico-foram-coletado-em-carlos-barbosa\\\/#breadcrumb\",\"itemListElement\":[{\"@type\":\"ListItem\",\"position\":1,\"name\":\"In\u00edcio\",\"item\":\"https:\\\/\\\/folhapopular.info\\\/\"},{\"@type\":\"ListItem\",\"position\":2,\"name\":\"Cerca de 3.512 kg de lixo eletr\u00f4nico foram coletado em Carlos Barbosa\"}]},{\"@type\":\"WebSite\",\"@id\":\"https:\\\/\\\/folhapopular.info\\\/#website\",\"url\":\"https:\\\/\\\/folhapopular.info\\\/\",\"name\":\"Folha Popular\",\"description\":\"Onde voc\u00ea tem vez e voz\",\"potentialAction\":[{\"@type\":\"SearchAction\",\"target\":{\"@type\":\"EntryPoint\",\"urlTemplate\":\"https:\\\/\\\/folhapopular.info\\\/?s={search_term_string}\"},\"query-input\":{\"@type\":\"PropertyValueSpecification\",\"valueRequired\":true,\"valueName\":\"search_term_string\"}}],\"inLanguage\":\"pt-BR\"},{\"@type\":\"Person\",\"@id\":\"https:\\\/\\\/folhapopular.info\\\/#\\\/schema\\\/person\\\/2814e8a0df7643585a9ca38bc6eb9d4b\",\"name\":\"Reda\u00e7\u00e3o Folha Popular\",\"image\":{\"@type\":\"ImageObject\",\"inLanguage\":\"pt-BR\",\"@id\":\"https:\\\/\\\/folhapopular.info\\\/wp-content\\\/uploads\\\/2026\\\/04\\\/Folha-1.webp\",\"url\":\"https:\\\/\\\/folhapopular.info\\\/wp-content\\\/uploads\\\/2026\\\/04\\\/Folha-1.webp\",\"contentUrl\":\"https:\\\/\\\/folhapopular.info\\\/wp-content\\\/uploads\\\/2026\\\/04\\\/Folha-1.webp\",\"caption\":\"Reda\u00e7\u00e3o Folha Popular\"},\"url\":\"https:\\\/\\\/folhapopular.info\\\/index.php\\\/author\\\/redacao\\\/\"}]}<\/script>\n<!-- \/ Yoast SEO plugin. -->","yoast_head_json":{"title":"Cerca de 3.512 kg de lixo eletr\u00f4nico foram coletado em Carlos Barbosa - Folha Popular","robots":{"index":"index","follow":"follow","max-snippet":"max-snippet:-1","max-image-preview":"max-image-preview:large","max-video-preview":"max-video-preview:-1"},"canonical":"https:\/\/folhapopular.info\/index.php\/2019\/06\/11\/cerca-de-3-512-kg-de-lixo-eletronico-foram-coletado-em-carlos-barbosa\/","og_locale":"pt_BR","og_type":"article","og_title":"Cerca de 3.512 kg de lixo eletr\u00f4nico foram coletado em Carlos Barbosa - Folha Popular","og_description":"Durante a Campanha \u201cUma\u00a0cidade mais Limpa, Um Mundo mais Verde. Um Sinal de Educa\u00e7\u00e3o e Mudan\u00e7a\u201d, realizada na Rua Coberta quarta-feira (05\/06), foram coletados cerca de 3.512 Kg de lixo eletr\u00f4nico. Os res\u00edduos foram encaminhados para a empresa AMBE &#8211; Gerenciamento de Res\u00edduos Tecnol\u00f3gicos de Caxias do Sul, que far\u00e1 a destina\u00e7\u00e3o ambientalmente correta dos [&hellip;]","og_url":"https:\/\/folhapopular.info\/index.php\/2019\/06\/11\/cerca-de-3-512-kg-de-lixo-eletronico-foram-coletado-em-carlos-barbosa\/","og_site_name":"Folha Popular","article_published_time":"2019-06-11T13:59:43+00:00","article_modified_time":"2019-06-11T13:59:45+00:00","og_image":[{"width":799,"height":531,"url":"https:\/\/folhapopular.info\/wp-content\/uploads\/2019\/06\/Lixo-eletronico-e1560258293865.jpeg","type":"image\/jpeg"}],"author":"Reda\u00e7\u00e3o Folha Popular","twitter_card":"summary_large_image","twitter_misc":{"Escrito por":"Reda\u00e7\u00e3o Folha Popular","Est. tempo de leitura":"1 minuto"},"schema":{"@context":"https:\/\/schema.org","@graph":[{"@type":"Article","@id":"https:\/\/folhapopular.info\/index.php\/2019\/06\/11\/cerca-de-3-512-kg-de-lixo-eletronico-foram-coletado-em-carlos-barbosa\/#article","isPartOf":{"@id":"https:\/\/folhapopular.info\/index.php\/2019\/06\/11\/cerca-de-3-512-kg-de-lixo-eletronico-foram-coletado-em-carlos-barbosa\/"},"author":{"name":"Reda\u00e7\u00e3o Folha Popular","@id":"https:\/\/folhapopular.info\/#\/schema\/person\/2814e8a0df7643585a9ca38bc6eb9d4b"},"headline":"Cerca de 3.512 kg de lixo eletr\u00f4nico foram coletado em Carlos Barbosa","datePublished":"2019-06-11T13:59:43+00:00","dateModified":"2019-06-11T13:59:45+00:00","mainEntityOfPage":{"@id":"https:\/\/folhapopular.info\/index.php\/2019\/06\/11\/cerca-de-3-512-kg-de-lixo-eletronico-foram-coletado-em-carlos-barbosa\/"},"wordCount":173,"commentCount":0,"image":{"@id":"https:\/\/folhapopular.info\/index.php\/2019\/06\/11\/cerca-de-3-512-kg-de-lixo-eletronico-foram-coletado-em-carlos-barbosa\/#primaryimage"},"thumbnailUrl":"https:\/\/folhapopular.info\/wp-content\/uploads\/2019\/06\/Lixo-eletronico-e1560258293865.jpeg","keywords":["Carlos Barbosa","Lixo Eletr\u00f4nico"],"articleSection":["Geral"],"inLanguage":"pt-BR","potentialAction":[{"@type":"CommentAction","name":"Comment","target":["https:\/\/folhapopular.info\/index.php\/2019\/06\/11\/cerca-de-3-512-kg-de-lixo-eletronico-foram-coletado-em-carlos-barbosa\/#respond"]}]},{"@type":"WebPage","@id":"https:\/\/folhapopular.info\/index.php\/2019\/06\/11\/cerca-de-3-512-kg-de-lixo-eletronico-foram-coletado-em-carlos-barbosa\/","url":"https:\/\/folhapopular.info\/index.php\/2019\/06\/11\/cerca-de-3-512-kg-de-lixo-eletronico-foram-coletado-em-carlos-barbosa\/","name":"Cerca de 3.512 kg de lixo eletr\u00f4nico foram coletado em Carlos Barbosa - Folha Popular","isPartOf":{"@id":"https:\/\/folhapopular.info\/#website"},"primaryImageOfPage":{"@id":"https:\/\/folhapopular.info\/index.php\/2019\/06\/11\/cerca-de-3-512-kg-de-lixo-eletronico-foram-coletado-em-carlos-barbosa\/#primaryimage"},"image":{"@id":"https:\/\/folhapopular.info\/index.php\/2019\/06\/11\/cerca-de-3-512-kg-de-lixo-eletronico-foram-coletado-em-carlos-barbosa\/#primaryimage"},"thumbnailUrl":"https:\/\/folhapopular.info\/wp-content\/uploads\/2019\/06\/Lixo-eletronico-e1560258293865.jpeg","datePublished":"2019-06-11T13:59:43+00:00","dateModified":"2019-06-11T13:59:45+00:00","author":{"@id":"https:\/\/folhapopular.info\/#\/schema\/person\/2814e8a0df7643585a9ca38bc6eb9d4b"},"breadcrumb":{"@id":"https:\/\/folhapopular.info\/index.php\/2019\/06\/11\/cerca-de-3-512-kg-de-lixo-eletronico-foram-coletado-em-carlos-barbosa\/#breadcrumb"},"inLanguage":"pt-BR","potentialAction":[{"@type":"ReadAction","target":["https:\/\/folhapopular.info\/index.php\/2019\/06\/11\/cerca-de-3-512-kg-de-lixo-eletronico-foram-coletado-em-carlos-barbosa\/"]}]},{"@type":"ImageObject","inLanguage":"pt-BR","@id":"https:\/\/folhapopular.info\/index.php\/2019\/06\/11\/cerca-de-3-512-kg-de-lixo-eletronico-foram-coletado-em-carlos-barbosa\/#primaryimage","url":"https:\/\/folhapopular.info\/wp-content\/uploads\/2019\/06\/Lixo-eletronico-e1560258293865.jpeg","contentUrl":"https:\/\/folhapopular.info\/wp-content\/uploads\/2019\/06\/Lixo-eletronico-e1560258293865.jpeg","width":799,"height":531,"caption":"Cerca de 3.512 kg de lixo eletr\u00f4nico foram coletados\/ Cr\u00e9dito da foto: Felipe Ferla\/ Divulga\u00e7\u00e3o"},{"@type":"BreadcrumbList","@id":"https:\/\/folhapopular.info\/index.php\/2019\/06\/11\/cerca-de-3-512-kg-de-lixo-eletronico-foram-coletado-em-carlos-barbosa\/#breadcrumb","itemListElement":[{"@type":"ListItem","position":1,"name":"In\u00edcio","item":"https:\/\/folhapopular.info\/"},{"@type":"ListItem","position":2,"name":"Cerca de 3.512 kg de lixo eletr\u00f4nico foram coletado em Carlos Barbosa"}]},{"@type":"WebSite","@id":"https:\/\/folhapopular.info\/#website","url":"https:\/\/folhapopular.info\/","name":"Folha Popular","description":"Onde voc\u00ea tem vez e voz","potentialAction":[{"@type":"SearchAction","target":{"@type":"EntryPoint","urlTemplate":"https:\/\/folhapopular.info\/?s={search_term_string}"},"query-input":{"@type":"PropertyValueSpecification","valueRequired":true,"valueName":"search_term_string"}}],"inLanguage":"pt-BR"},{"@type":"Person","@id":"https:\/\/folhapopular.info\/#\/schema\/person\/2814e8a0df7643585a9ca38bc6eb9d4b","name":"Reda\u00e7\u00e3o Folha Popular","image":{"@type":"ImageObject","inLanguage":"pt-BR","@id":"https:\/\/folhapopular.info\/wp-content\/uploads\/2026\/04\/Folha-1.webp","url":"https:\/\/folhapopular.info\/wp-content\/uploads\/2026\/04\/Folha-1.webp","contentUrl":"https:\/\/folhapopular.info\/wp-content\/uploads\/2026\/04\/Folha-1.webp","caption":"Reda\u00e7\u00e3o Folha Popular"},"url":"https:\/\/folhapopular.info\/index.php\/author\/redacao\/"}]}},"jetpack_featured_media_url":"https:\/\/folhapopular.info\/wp-content\/uploads\/2019\/06\/Lixo-eletronico-e1560258293865.jpeg","jetpack_sharing_enabled":true,"amp_enabled":true,"_links":{"self":[{"href":"https:\/\/folhapopular.info\/index.php\/wp-json\/wp\/v2\/posts\/56507","targetHints":{"allow":["GET"]}}],"collection":[{"href":"https:\/\/folhapopular.info\/index.php\/wp-json\/wp\/v2\/posts"}],"about":[{"href":"https:\/\/folhapopular.info\/index.php\/wp-json\/wp\/v2\/types\/post"}],"author":[{"embeddable":true,"href":"https:\/\/folhapopular.info\/index.php\/wp-json\/wp\/v2\/users\/8"}],"replies":[{"embeddable":true,"href":"https:\/\/folhapopular.info\/index.php\/wp-json\/wp\/v2\/comments?post=56507"}],"version-history":[{"count":0,"href":"https:\/\/folhapopular.info\/index.php\/wp-json\/wp\/v2\/posts\/56507\/revisions"}],"wp:featuredmedia":[{"embeddable":true,"href":"https:\/\/folhapopular.info\/index.php\/wp-json\/wp\/v2\/media\/56508"}],"wp:attachment":[{"href":"https:\/\/folhapopular.info\/index.php\/wp-json\/wp\/v2\/media?parent=56507"}],"wp:term":[{"taxonomy":"category","embeddable":true,"href":"https:\/\/folhapopular.info\/index.php\/wp-json\/wp\/v2\/categories?post=56507"},{"taxonomy":"post_tag","embeddable":true,"href":"https:\/\/folhapopular.info\/index.php\/wp-json\/wp\/v2\/tags?post=56507"}],"curies":[{"name":"wp","href":"https:\/\/api.w.org\/{rel}","templated":true}]}}