{"id":56540,"date":"2019-06-13T08:22:28","date_gmt":"2019-06-13T11:22:28","guid":{"rendered":"http:\/\/folhapopular.info\/?p=56540"},"modified":"2019-06-13T08:22:30","modified_gmt":"2019-06-13T11:22:30","slug":"operacao-copa-america-2019-tera-novo-bafometro","status":"publish","type":"post","link":"https:\/\/folhapopular.info\/index.php\/2019\/06\/13\/operacao-copa-america-2019-tera-novo-bafometro\/","title":{"rendered":"Opera\u00e7\u00e3o Copa Am\u00e9rica 2019 ter\u00e1 novo baf\u00f4metro"},"content":{"rendered":"\n<p>Com o in\u00edcio da Opera\u00e7\u00e3o Copa Am\u00e9rica 2019 na pr\u00f3xima sexta-feira (14\/06), haver\u00e1 consider\u00e1vel refor\u00e7o de efetivo na regi\u00e3o de fronteira. A Pol\u00edcia Rodovi\u00e1ria Federal (PRF) come\u00e7ar\u00e1 a usar um novo baf\u00f4metro que possui as fun\u00e7\u00f5es ativa e passiva. O novo equipamento, na fun\u00e7\u00e3o passiva, serve como uma triagem para o policial, indicando se o condutor abordado fez ou n\u00e3o uso de bebida alco\u00f3lica, antes mesmo de o motorista assoprar o etil\u00f4metro. J\u00e1 na fun\u00e7\u00e3o ativa, o aparelho se assemelha ao utilizado normalmente, que afere pelo sopro a quantidade de \u00e1lcool existente no organismo do motorista.<\/p>\n\n\n\n<p>No modo&nbsp;passivo, o&nbsp;aparelho&nbsp;dispensa o uso dos bocais descart\u00e1veis e demanda menos tempo para conclus\u00e3o da abordagem, o que diminui os gastos p\u00fablicos e permite que mais motoristas possam ser fiscalizados, assegurando uma maior seguran\u00e7a vi\u00e1ria e preservando mais vidas.<\/p>\n\n\n\n<p>Cabe ressaltar que o condutor flagrado em estado de embriaguez \u00e9 autuado em R$ 2.934,70 (dois mil novecentos e trinta e quatro reais e setenta centavos), al\u00e9m de perder 7 pontos e ter a Carteira Nacional de Habilita\u00e7\u00e3o (CNH) suspensa.<\/p>\n","protected":false},"excerpt":{"rendered":"<p>Com o in\u00edcio da Opera\u00e7\u00e3o Copa Am\u00e9rica 2019 na pr\u00f3xima sexta-feira (14\/06), haver\u00e1 consider\u00e1vel refor\u00e7o de efetivo na regi\u00e3o de fronteira. A Pol\u00edcia Rodovi\u00e1ria Federal (PRF) come\u00e7ar\u00e1 a usar um novo baf\u00f4metro que possui as fun\u00e7\u00f5es ativa e passiva. O novo equipamento, na fun\u00e7\u00e3o passiva, serve como uma triagem para o policial, indicando se o [&hellip;]<\/p>\n","protected":false},"author":8,"featured_media":56541,"comment_status":"open","ping_status":"open","sticky":false,"template":"","format":"standard","meta":{"pmpro_default_level":"","_jetpack_memberships_contains_paid_content":false,"footnotes":""},"categories":[3,7],"tags":[1481,4709,294],"class_list":{"0":"post-56540","1":"post","2":"type-post","3":"status-publish","4":"format-standard","5":"has-post-thumbnail","7":"category-geral","8":"category-seguranca","9":"tag-bafometro","10":"tag-operacao-copa-america-2019","11":"tag-prf","12":"pmpro-has-access"},"yoast_head":"<!-- This site is optimized with the Yoast SEO plugin v27.5 - https:\/\/yoast.com\/product\/yoast-seo-wordpress\/ -->\n<title>Opera\u00e7\u00e3o Copa Am\u00e9rica 2019 ter\u00e1 novo baf\u00f4metro - Folha Popular<\/title>\n<meta name=\"robots\" content=\"index, follow, max-snippet:-1, max-image-preview:large, max-video-preview:-1\" \/>\n<link rel=\"canonical\" href=\"https:\/\/folhapopular.info\/index.php\/2019\/06\/13\/operacao-copa-america-2019-tera-novo-bafometro\/\" \/>\n<meta property=\"og:locale\" content=\"pt_BR\" \/>\n<meta property=\"og:type\" content=\"article\" \/>\n<meta property=\"og:title\" content=\"Opera\u00e7\u00e3o Copa Am\u00e9rica 2019 ter\u00e1 novo baf\u00f4metro - Folha Popular\" \/>\n<meta property=\"og:description\" content=\"Com o in\u00edcio da Opera\u00e7\u00e3o Copa Am\u00e9rica 2019 na pr\u00f3xima sexta-feira (14\/06), haver\u00e1 consider\u00e1vel refor\u00e7o de efetivo na regi\u00e3o de fronteira. A Pol\u00edcia Rodovi\u00e1ria Federal (PRF) come\u00e7ar\u00e1 a usar um novo baf\u00f4metro que possui as fun\u00e7\u00f5es ativa e passiva. O novo equipamento, na fun\u00e7\u00e3o passiva, serve como uma triagem para o policial, indicando se o [&hellip;]\" \/>\n<meta property=\"og:url\" content=\"https:\/\/folhapopular.info\/index.php\/2019\/06\/13\/operacao-copa-america-2019-tera-novo-bafometro\/\" \/>\n<meta property=\"og:site_name\" content=\"Folha Popular\" \/>\n<meta property=\"article:published_time\" content=\"2019-06-13T11:22:28+00:00\" \/>\n<meta property=\"article:modified_time\" content=\"2019-06-13T11:22:30+00:00\" \/>\n<meta property=\"og:image\" content=\"https:\/\/folhapopular.info\/wp-content\/uploads\/2019\/06\/RS-Novo-baf\u00f4metro.jpeg\" \/>\n\t<meta property=\"og:image:width\" content=\"768\" \/>\n\t<meta property=\"og:image:height\" content=\"576\" \/>\n\t<meta property=\"og:image:type\" content=\"image\/jpeg\" \/>\n<meta name=\"author\" content=\"Reda\u00e7\u00e3o Folha Popular\" \/>\n<meta name=\"twitter:card\" content=\"summary_large_image\" \/>\n<meta name=\"twitter:label1\" content=\"Escrito por\" \/>\n\t<meta name=\"twitter:data1\" content=\"Reda\u00e7\u00e3o Folha Popular\" \/>\n\t<meta name=\"twitter:label2\" content=\"Est. tempo de leitura\" \/>\n\t<meta name=\"twitter:data2\" content=\"1 minuto\" \/>\n<script type=\"application\/ld+json\" class=\"yoast-schema-graph\">{\"@context\":\"https:\\\/\\\/schema.org\",\"@graph\":[{\"@type\":\"Article\",\"@id\":\"https:\\\/\\\/folhapopular.info\\\/index.php\\\/2019\\\/06\\\/13\\\/operacao-copa-america-2019-tera-novo-bafometro\\\/#article\",\"isPartOf\":{\"@id\":\"https:\\\/\\\/folhapopular.info\\\/index.php\\\/2019\\\/06\\\/13\\\/operacao-copa-america-2019-tera-novo-bafometro\\\/\"},\"author\":{\"name\":\"Reda\u00e7\u00e3o Folha Popular\",\"@id\":\"https:\\\/\\\/folhapopular.info\\\/#\\\/schema\\\/person\\\/2814e8a0df7643585a9ca38bc6eb9d4b\"},\"headline\":\"Opera\u00e7\u00e3o Copa Am\u00e9rica 2019 ter\u00e1 novo baf\u00f4metro\",\"datePublished\":\"2019-06-13T11:22:28+00:00\",\"dateModified\":\"2019-06-13T11:22:30+00:00\",\"mainEntityOfPage\":{\"@id\":\"https:\\\/\\\/folhapopular.info\\\/index.php\\\/2019\\\/06\\\/13\\\/operacao-copa-america-2019-tera-novo-bafometro\\\/\"},\"wordCount\":209,\"commentCount\":0,\"image\":{\"@id\":\"https:\\\/\\\/folhapopular.info\\\/index.php\\\/2019\\\/06\\\/13\\\/operacao-copa-america-2019-tera-novo-bafometro\\\/#primaryimage\"},\"thumbnailUrl\":\"https:\\\/\\\/folhapopular.info\\\/wp-content\\\/uploads\\\/2019\\\/06\\\/RS-Novo-baf\u00f4metro.jpeg\",\"keywords\":[\"Baf\u00f4metro\",\"Opera\u00e7\u00e3o Copa Am\u00e9rica 2019\",\"PRF\"],\"articleSection\":[\"Geral\",\"Seguran\u00e7a\"],\"inLanguage\":\"pt-BR\",\"potentialAction\":[{\"@type\":\"CommentAction\",\"name\":\"Comment\",\"target\":[\"https:\\\/\\\/folhapopular.info\\\/index.php\\\/2019\\\/06\\\/13\\\/operacao-copa-america-2019-tera-novo-bafometro\\\/#respond\"]}]},{\"@type\":\"WebPage\",\"@id\":\"https:\\\/\\\/folhapopular.info\\\/index.php\\\/2019\\\/06\\\/13\\\/operacao-copa-america-2019-tera-novo-bafometro\\\/\",\"url\":\"https:\\\/\\\/folhapopular.info\\\/index.php\\\/2019\\\/06\\\/13\\\/operacao-copa-america-2019-tera-novo-bafometro\\\/\",\"name\":\"Opera\u00e7\u00e3o Copa Am\u00e9rica 2019 ter\u00e1 novo baf\u00f4metro - Folha Popular\",\"isPartOf\":{\"@id\":\"https:\\\/\\\/folhapopular.info\\\/#website\"},\"primaryImageOfPage\":{\"@id\":\"https:\\\/\\\/folhapopular.info\\\/index.php\\\/2019\\\/06\\\/13\\\/operacao-copa-america-2019-tera-novo-bafometro\\\/#primaryimage\"},\"image\":{\"@id\":\"https:\\\/\\\/folhapopular.info\\\/index.php\\\/2019\\\/06\\\/13\\\/operacao-copa-america-2019-tera-novo-bafometro\\\/#primaryimage\"},\"thumbnailUrl\":\"https:\\\/\\\/folhapopular.info\\\/wp-content\\\/uploads\\\/2019\\\/06\\\/RS-Novo-baf\u00f4metro.jpeg\",\"datePublished\":\"2019-06-13T11:22:28+00:00\",\"dateModified\":\"2019-06-13T11:22:30+00:00\",\"author\":{\"@id\":\"https:\\\/\\\/folhapopular.info\\\/#\\\/schema\\\/person\\\/2814e8a0df7643585a9ca38bc6eb9d4b\"},\"breadcrumb\":{\"@id\":\"https:\\\/\\\/folhapopular.info\\\/index.php\\\/2019\\\/06\\\/13\\\/operacao-copa-america-2019-tera-novo-bafometro\\\/#breadcrumb\"},\"inLanguage\":\"pt-BR\",\"potentialAction\":[{\"@type\":\"ReadAction\",\"target\":[\"https:\\\/\\\/folhapopular.info\\\/index.php\\\/2019\\\/06\\\/13\\\/operacao-copa-america-2019-tera-novo-bafometro\\\/\"]}]},{\"@type\":\"ImageObject\",\"inLanguage\":\"pt-BR\",\"@id\":\"https:\\\/\\\/folhapopular.info\\\/index.php\\\/2019\\\/06\\\/13\\\/operacao-copa-america-2019-tera-novo-bafometro\\\/#primaryimage\",\"url\":\"https:\\\/\\\/folhapopular.info\\\/wp-content\\\/uploads\\\/2019\\\/06\\\/RS-Novo-baf\u00f4metro.jpeg\",\"contentUrl\":\"https:\\\/\\\/folhapopular.info\\\/wp-content\\\/uploads\\\/2019\\\/06\\\/RS-Novo-baf\u00f4metro.jpeg\",\"width\":768,\"height\":576,\"caption\":\"Cr\u00e9dito: divulga\u00e7\u00e3o\"},{\"@type\":\"BreadcrumbList\",\"@id\":\"https:\\\/\\\/folhapopular.info\\\/index.php\\\/2019\\\/06\\\/13\\\/operacao-copa-america-2019-tera-novo-bafometro\\\/#breadcrumb\",\"itemListElement\":[{\"@type\":\"ListItem\",\"position\":1,\"name\":\"In\u00edcio\",\"item\":\"https:\\\/\\\/folhapopular.info\\\/\"},{\"@type\":\"ListItem\",\"position\":2,\"name\":\"Opera\u00e7\u00e3o Copa Am\u00e9rica 2019 ter\u00e1 novo baf\u00f4metro\"}]},{\"@type\":\"WebSite\",\"@id\":\"https:\\\/\\\/folhapopular.info\\\/#website\",\"url\":\"https:\\\/\\\/folhapopular.info\\\/\",\"name\":\"Folha Popular\",\"description\":\"Onde voc\u00ea tem vez e voz\",\"potentialAction\":[{\"@type\":\"SearchAction\",\"target\":{\"@type\":\"EntryPoint\",\"urlTemplate\":\"https:\\\/\\\/folhapopular.info\\\/?s={search_term_string}\"},\"query-input\":{\"@type\":\"PropertyValueSpecification\",\"valueRequired\":true,\"valueName\":\"search_term_string\"}}],\"inLanguage\":\"pt-BR\"},{\"@type\":\"Person\",\"@id\":\"https:\\\/\\\/folhapopular.info\\\/#\\\/schema\\\/person\\\/2814e8a0df7643585a9ca38bc6eb9d4b\",\"name\":\"Reda\u00e7\u00e3o Folha Popular\",\"image\":{\"@type\":\"ImageObject\",\"inLanguage\":\"pt-BR\",\"@id\":\"https:\\\/\\\/folhapopular.info\\\/wp-content\\\/uploads\\\/2026\\\/04\\\/Folha-1.webp\",\"url\":\"https:\\\/\\\/folhapopular.info\\\/wp-content\\\/uploads\\\/2026\\\/04\\\/Folha-1.webp\",\"contentUrl\":\"https:\\\/\\\/folhapopular.info\\\/wp-content\\\/uploads\\\/2026\\\/04\\\/Folha-1.webp\",\"caption\":\"Reda\u00e7\u00e3o Folha Popular\"},\"url\":\"https:\\\/\\\/folhapopular.info\\\/index.php\\\/author\\\/redacao\\\/\"}]}<\/script>\n<!-- \/ Yoast SEO plugin. -->","yoast_head_json":{"title":"Opera\u00e7\u00e3o Copa Am\u00e9rica 2019 ter\u00e1 novo baf\u00f4metro - Folha Popular","robots":{"index":"index","follow":"follow","max-snippet":"max-snippet:-1","max-image-preview":"max-image-preview:large","max-video-preview":"max-video-preview:-1"},"canonical":"https:\/\/folhapopular.info\/index.php\/2019\/06\/13\/operacao-copa-america-2019-tera-novo-bafometro\/","og_locale":"pt_BR","og_type":"article","og_title":"Opera\u00e7\u00e3o Copa Am\u00e9rica 2019 ter\u00e1 novo baf\u00f4metro - Folha Popular","og_description":"Com o in\u00edcio da Opera\u00e7\u00e3o Copa Am\u00e9rica 2019 na pr\u00f3xima sexta-feira (14\/06), haver\u00e1 consider\u00e1vel refor\u00e7o de efetivo na regi\u00e3o de fronteira. A Pol\u00edcia Rodovi\u00e1ria Federal (PRF) come\u00e7ar\u00e1 a usar um novo baf\u00f4metro que possui as fun\u00e7\u00f5es ativa e passiva. O novo equipamento, na fun\u00e7\u00e3o passiva, serve como uma triagem para o policial, indicando se o [&hellip;]","og_url":"https:\/\/folhapopular.info\/index.php\/2019\/06\/13\/operacao-copa-america-2019-tera-novo-bafometro\/","og_site_name":"Folha Popular","article_published_time":"2019-06-13T11:22:28+00:00","article_modified_time":"2019-06-13T11:22:30+00:00","og_image":[{"width":768,"height":576,"url":"https:\/\/folhapopular.info\/wp-content\/uploads\/2019\/06\/RS-Novo-baf\u00f4metro.jpeg","type":"image\/jpeg"}],"author":"Reda\u00e7\u00e3o Folha Popular","twitter_card":"summary_large_image","twitter_misc":{"Escrito por":"Reda\u00e7\u00e3o Folha Popular","Est. tempo de leitura":"1 minuto"},"schema":{"@context":"https:\/\/schema.org","@graph":[{"@type":"Article","@id":"https:\/\/folhapopular.info\/index.php\/2019\/06\/13\/operacao-copa-america-2019-tera-novo-bafometro\/#article","isPartOf":{"@id":"https:\/\/folhapopular.info\/index.php\/2019\/06\/13\/operacao-copa-america-2019-tera-novo-bafometro\/"},"author":{"name":"Reda\u00e7\u00e3o Folha Popular","@id":"https:\/\/folhapopular.info\/#\/schema\/person\/2814e8a0df7643585a9ca38bc6eb9d4b"},"headline":"Opera\u00e7\u00e3o Copa Am\u00e9rica 2019 ter\u00e1 novo baf\u00f4metro","datePublished":"2019-06-13T11:22:28+00:00","dateModified":"2019-06-13T11:22:30+00:00","mainEntityOfPage":{"@id":"https:\/\/folhapopular.info\/index.php\/2019\/06\/13\/operacao-copa-america-2019-tera-novo-bafometro\/"},"wordCount":209,"commentCount":0,"image":{"@id":"https:\/\/folhapopular.info\/index.php\/2019\/06\/13\/operacao-copa-america-2019-tera-novo-bafometro\/#primaryimage"},"thumbnailUrl":"https:\/\/folhapopular.info\/wp-content\/uploads\/2019\/06\/RS-Novo-baf\u00f4metro.jpeg","keywords":["Baf\u00f4metro","Opera\u00e7\u00e3o Copa Am\u00e9rica 2019","PRF"],"articleSection":["Geral","Seguran\u00e7a"],"inLanguage":"pt-BR","potentialAction":[{"@type":"CommentAction","name":"Comment","target":["https:\/\/folhapopular.info\/index.php\/2019\/06\/13\/operacao-copa-america-2019-tera-novo-bafometro\/#respond"]}]},{"@type":"WebPage","@id":"https:\/\/folhapopular.info\/index.php\/2019\/06\/13\/operacao-copa-america-2019-tera-novo-bafometro\/","url":"https:\/\/folhapopular.info\/index.php\/2019\/06\/13\/operacao-copa-america-2019-tera-novo-bafometro\/","name":"Opera\u00e7\u00e3o Copa Am\u00e9rica 2019 ter\u00e1 novo baf\u00f4metro - Folha Popular","isPartOf":{"@id":"https:\/\/folhapopular.info\/#website"},"primaryImageOfPage":{"@id":"https:\/\/folhapopular.info\/index.php\/2019\/06\/13\/operacao-copa-america-2019-tera-novo-bafometro\/#primaryimage"},"image":{"@id":"https:\/\/folhapopular.info\/index.php\/2019\/06\/13\/operacao-copa-america-2019-tera-novo-bafometro\/#primaryimage"},"thumbnailUrl":"https:\/\/folhapopular.info\/wp-content\/uploads\/2019\/06\/RS-Novo-baf\u00f4metro.jpeg","datePublished":"2019-06-13T11:22:28+00:00","dateModified":"2019-06-13T11:22:30+00:00","author":{"@id":"https:\/\/folhapopular.info\/#\/schema\/person\/2814e8a0df7643585a9ca38bc6eb9d4b"},"breadcrumb":{"@id":"https:\/\/folhapopular.info\/index.php\/2019\/06\/13\/operacao-copa-america-2019-tera-novo-bafometro\/#breadcrumb"},"inLanguage":"pt-BR","potentialAction":[{"@type":"ReadAction","target":["https:\/\/folhapopular.info\/index.php\/2019\/06\/13\/operacao-copa-america-2019-tera-novo-bafometro\/"]}]},{"@type":"ImageObject","inLanguage":"pt-BR","@id":"https:\/\/folhapopular.info\/index.php\/2019\/06\/13\/operacao-copa-america-2019-tera-novo-bafometro\/#primaryimage","url":"https:\/\/folhapopular.info\/wp-content\/uploads\/2019\/06\/RS-Novo-baf\u00f4metro.jpeg","contentUrl":"https:\/\/folhapopular.info\/wp-content\/uploads\/2019\/06\/RS-Novo-baf\u00f4metro.jpeg","width":768,"height":576,"caption":"Cr\u00e9dito: divulga\u00e7\u00e3o"},{"@type":"BreadcrumbList","@id":"https:\/\/folhapopular.info\/index.php\/2019\/06\/13\/operacao-copa-america-2019-tera-novo-bafometro\/#breadcrumb","itemListElement":[{"@type":"ListItem","position":1,"name":"In\u00edcio","item":"https:\/\/folhapopular.info\/"},{"@type":"ListItem","position":2,"name":"Opera\u00e7\u00e3o Copa Am\u00e9rica 2019 ter\u00e1 novo baf\u00f4metro"}]},{"@type":"WebSite","@id":"https:\/\/folhapopular.info\/#website","url":"https:\/\/folhapopular.info\/","name":"Folha Popular","description":"Onde voc\u00ea tem vez e voz","potentialAction":[{"@type":"SearchAction","target":{"@type":"EntryPoint","urlTemplate":"https:\/\/folhapopular.info\/?s={search_term_string}"},"query-input":{"@type":"PropertyValueSpecification","valueRequired":true,"valueName":"search_term_string"}}],"inLanguage":"pt-BR"},{"@type":"Person","@id":"https:\/\/folhapopular.info\/#\/schema\/person\/2814e8a0df7643585a9ca38bc6eb9d4b","name":"Reda\u00e7\u00e3o Folha Popular","image":{"@type":"ImageObject","inLanguage":"pt-BR","@id":"https:\/\/folhapopular.info\/wp-content\/uploads\/2026\/04\/Folha-1.webp","url":"https:\/\/folhapopular.info\/wp-content\/uploads\/2026\/04\/Folha-1.webp","contentUrl":"https:\/\/folhapopular.info\/wp-content\/uploads\/2026\/04\/Folha-1.webp","caption":"Reda\u00e7\u00e3o Folha Popular"},"url":"https:\/\/folhapopular.info\/index.php\/author\/redacao\/"}]}},"jetpack_featured_media_url":"https:\/\/folhapopular.info\/wp-content\/uploads\/2019\/06\/RS-Novo-baf\u00f4metro.jpeg","jetpack_sharing_enabled":true,"amp_enabled":true,"_links":{"self":[{"href":"https:\/\/folhapopular.info\/index.php\/wp-json\/wp\/v2\/posts\/56540","targetHints":{"allow":["GET"]}}],"collection":[{"href":"https:\/\/folhapopular.info\/index.php\/wp-json\/wp\/v2\/posts"}],"about":[{"href":"https:\/\/folhapopular.info\/index.php\/wp-json\/wp\/v2\/types\/post"}],"author":[{"embeddable":true,"href":"https:\/\/folhapopular.info\/index.php\/wp-json\/wp\/v2\/users\/8"}],"replies":[{"embeddable":true,"href":"https:\/\/folhapopular.info\/index.php\/wp-json\/wp\/v2\/comments?post=56540"}],"version-history":[{"count":0,"href":"https:\/\/folhapopular.info\/index.php\/wp-json\/wp\/v2\/posts\/56540\/revisions"}],"wp:featuredmedia":[{"embeddable":true,"href":"https:\/\/folhapopular.info\/index.php\/wp-json\/wp\/v2\/media\/56541"}],"wp:attachment":[{"href":"https:\/\/folhapopular.info\/index.php\/wp-json\/wp\/v2\/media?parent=56540"}],"wp:term":[{"taxonomy":"category","embeddable":true,"href":"https:\/\/folhapopular.info\/index.php\/wp-json\/wp\/v2\/categories?post=56540"},{"taxonomy":"post_tag","embeddable":true,"href":"https:\/\/folhapopular.info\/index.php\/wp-json\/wp\/v2\/tags?post=56540"}],"curies":[{"name":"wp","href":"https:\/\/api.w.org\/{rel}","templated":true}]}}