{"id":56551,"date":"2019-06-14T07:38:43","date_gmt":"2019-06-14T10:38:43","guid":{"rendered":"http:\/\/folhapopular.info\/?p=56551"},"modified":"2019-06-14T07:38:46","modified_gmt":"2019-06-14T10:38:46","slug":"jovem-e-preso-por-envolvimento-com-furto-de-veiculos-em-cruzeiro-do-sul","status":"publish","type":"post","link":"https:\/\/folhapopular.info\/index.php\/2019\/06\/14\/jovem-e-preso-por-envolvimento-com-furto-de-veiculos-em-cruzeiro-do-sul\/","title":{"rendered":"Jovem \u00e9 preso por envolvimento com furto de ve\u00edculos em Cruzeiro do Sul"},"content":{"rendered":"\n<p>\nUm\njovem de 21 anos foi preso por recepta\u00e7\u00e3o por volta das 18h desta\nquinta-feira (13\/06), na Rua Padre Afonso Weiller, na Vila C\u00e9lia, em\nCruzeiro do Sul. Ap\u00f3s a Brigada Militar recuperar tr\u00eas ve\u00edculos\nfurtados na \u00faltima semana, com aux\u00edlio da comunidade, chegaram a um\nsuspeito. Os agentes fizeram a abordagem a este jovem, que estava\nvestindo o casaco de uma das v\u00edtimas que teve um ve\u00edculo Corsa\nfurtado na noite do dia 12 de junho, na Avenida Sete de Setembro, em\nLajeado. Na resid\u00eancia do suspeito, foram localizados objetos que\nhaviam sido retirado do carro, como caixa de som, alto-falantes,\nm\u00f3dulo e amplificador. Ele foi preso e encaminhado a DPPA. Ele tem\nantecedentes por viola\u00e7\u00e3o de sepultura, furto de ve\u00edculo,\nrecepta\u00e7\u00e3o de ve\u00edculo, roubo e amea\u00e7a. \n<\/p>\n","protected":false},"excerpt":{"rendered":"<p>Um jovem de 21 anos foi preso por recepta\u00e7\u00e3o por volta das 18h desta quinta-feira (13\/06), na Rua Padre Afonso Weiller, na Vila C\u00e9lia, em Cruzeiro do Sul. Ap\u00f3s a Brigada Militar recuperar tr\u00eas ve\u00edculos furtados na \u00faltima semana, com aux\u00edlio da comunidade, chegaram a um suspeito. Os agentes fizeram a abordagem a este jovem, [&hellip;]<\/p>\n","protected":false},"author":8,"featured_media":56552,"comment_status":"open","ping_status":"open","sticky":false,"template":"","format":"standard","meta":{"pmpro_default_level":"","_jetpack_memberships_contains_paid_content":false,"footnotes":""},"categories":[2,3,7],"tags":[1989,71,1345],"class_list":{"0":"post-56551","1":"post","2":"type-post","3":"status-publish","4":"format-standard","5":"has-post-thumbnail","7":"category-featured","8":"category-geral","9":"category-seguranca","10":"tag-cruzeiro-do-sul","11":"tag-furto","12":"tag-veiculo","13":"pmpro-has-access"},"yoast_head":"<!-- This site is optimized with the Yoast SEO plugin v27.5 - https:\/\/yoast.com\/product\/yoast-seo-wordpress\/ -->\n<title>Jovem \u00e9 preso por envolvimento com furto de ve\u00edculos em Cruzeiro do Sul - Folha Popular<\/title>\n<meta name=\"robots\" content=\"index, follow, max-snippet:-1, max-image-preview:large, max-video-preview:-1\" \/>\n<link rel=\"canonical\" href=\"https:\/\/folhapopular.info\/index.php\/2019\/06\/14\/jovem-e-preso-por-envolvimento-com-furto-de-veiculos-em-cruzeiro-do-sul\/\" \/>\n<meta property=\"og:locale\" content=\"pt_BR\" \/>\n<meta property=\"og:type\" content=\"article\" \/>\n<meta property=\"og:title\" content=\"Jovem \u00e9 preso por envolvimento com furto de ve\u00edculos em Cruzeiro do Sul - Folha Popular\" \/>\n<meta property=\"og:description\" content=\"Um jovem de 21 anos foi preso por recepta\u00e7\u00e3o por volta das 18h desta quinta-feira (13\/06), na Rua Padre Afonso Weiller, na Vila C\u00e9lia, em Cruzeiro do Sul. Ap\u00f3s a Brigada Militar recuperar tr\u00eas ve\u00edculos furtados na \u00faltima semana, com aux\u00edlio da comunidade, chegaram a um suspeito. Os agentes fizeram a abordagem a este jovem, [&hellip;]\" \/>\n<meta property=\"og:url\" content=\"https:\/\/folhapopular.info\/index.php\/2019\/06\/14\/jovem-e-preso-por-envolvimento-com-furto-de-veiculos-em-cruzeiro-do-sul\/\" \/>\n<meta property=\"og:site_name\" content=\"Folha Popular\" \/>\n<meta property=\"article:published_time\" content=\"2019-06-14T10:38:43+00:00\" \/>\n<meta property=\"article:modified_time\" content=\"2019-06-14T10:38:46+00:00\" \/>\n<meta property=\"og:image\" content=\"https:\/\/folhapopular.info\/wp-content\/uploads\/2019\/06\/WhatsApp-Image-2019-06-13-at-19.47.37-1-e1560508667898.jpeg\" \/>\n\t<meta property=\"og:image:width\" content=\"800\" \/>\n\t<meta property=\"og:image:height\" content=\"714\" \/>\n\t<meta property=\"og:image:type\" content=\"image\/jpeg\" \/>\n<meta name=\"author\" content=\"Reda\u00e7\u00e3o Folha Popular\" \/>\n<meta name=\"twitter:card\" content=\"summary_large_image\" \/>\n<meta name=\"twitter:label1\" content=\"Escrito por\" \/>\n\t<meta name=\"twitter:data1\" content=\"Reda\u00e7\u00e3o Folha Popular\" \/>\n\t<meta name=\"twitter:label2\" content=\"Est. tempo de leitura\" \/>\n\t<meta name=\"twitter:data2\" content=\"1 minuto\" \/>\n<script type=\"application\/ld+json\" class=\"yoast-schema-graph\">{\"@context\":\"https:\\\/\\\/schema.org\",\"@graph\":[{\"@type\":\"Article\",\"@id\":\"https:\\\/\\\/folhapopular.info\\\/index.php\\\/2019\\\/06\\\/14\\\/jovem-e-preso-por-envolvimento-com-furto-de-veiculos-em-cruzeiro-do-sul\\\/#article\",\"isPartOf\":{\"@id\":\"https:\\\/\\\/folhapopular.info\\\/index.php\\\/2019\\\/06\\\/14\\\/jovem-e-preso-por-envolvimento-com-furto-de-veiculos-em-cruzeiro-do-sul\\\/\"},\"author\":{\"name\":\"Reda\u00e7\u00e3o Folha Popular\",\"@id\":\"https:\\\/\\\/folhapopular.info\\\/#\\\/schema\\\/person\\\/2814e8a0df7643585a9ca38bc6eb9d4b\"},\"headline\":\"Jovem \u00e9 preso por envolvimento com furto de ve\u00edculos em Cruzeiro do Sul\",\"datePublished\":\"2019-06-14T10:38:43+00:00\",\"dateModified\":\"2019-06-14T10:38:46+00:00\",\"mainEntityOfPage\":{\"@id\":\"https:\\\/\\\/folhapopular.info\\\/index.php\\\/2019\\\/06\\\/14\\\/jovem-e-preso-por-envolvimento-com-furto-de-veiculos-em-cruzeiro-do-sul\\\/\"},\"wordCount\":153,\"commentCount\":0,\"image\":{\"@id\":\"https:\\\/\\\/folhapopular.info\\\/index.php\\\/2019\\\/06\\\/14\\\/jovem-e-preso-por-envolvimento-com-furto-de-veiculos-em-cruzeiro-do-sul\\\/#primaryimage\"},\"thumbnailUrl\":\"https:\\\/\\\/folhapopular.info\\\/wp-content\\\/uploads\\\/2019\\\/06\\\/WhatsApp-Image-2019-06-13-at-19.47.37-1-e1560508667898.jpeg\",\"keywords\":[\"Cruzeiro do Sul\",\"furto\",\"Ve\u00edculo\"],\"articleSection\":[\"Destaques\",\"Geral\",\"Seguran\u00e7a\"],\"inLanguage\":\"pt-BR\",\"potentialAction\":[{\"@type\":\"CommentAction\",\"name\":\"Comment\",\"target\":[\"https:\\\/\\\/folhapopular.info\\\/index.php\\\/2019\\\/06\\\/14\\\/jovem-e-preso-por-envolvimento-com-furto-de-veiculos-em-cruzeiro-do-sul\\\/#respond\"]}]},{\"@type\":\"WebPage\",\"@id\":\"https:\\\/\\\/folhapopular.info\\\/index.php\\\/2019\\\/06\\\/14\\\/jovem-e-preso-por-envolvimento-com-furto-de-veiculos-em-cruzeiro-do-sul\\\/\",\"url\":\"https:\\\/\\\/folhapopular.info\\\/index.php\\\/2019\\\/06\\\/14\\\/jovem-e-preso-por-envolvimento-com-furto-de-veiculos-em-cruzeiro-do-sul\\\/\",\"name\":\"Jovem \u00e9 preso por envolvimento com furto de ve\u00edculos em Cruzeiro do Sul - Folha Popular\",\"isPartOf\":{\"@id\":\"https:\\\/\\\/folhapopular.info\\\/#website\"},\"primaryImageOfPage\":{\"@id\":\"https:\\\/\\\/folhapopular.info\\\/index.php\\\/2019\\\/06\\\/14\\\/jovem-e-preso-por-envolvimento-com-furto-de-veiculos-em-cruzeiro-do-sul\\\/#primaryimage\"},\"image\":{\"@id\":\"https:\\\/\\\/folhapopular.info\\\/index.php\\\/2019\\\/06\\\/14\\\/jovem-e-preso-por-envolvimento-com-furto-de-veiculos-em-cruzeiro-do-sul\\\/#primaryimage\"},\"thumbnailUrl\":\"https:\\\/\\\/folhapopular.info\\\/wp-content\\\/uploads\\\/2019\\\/06\\\/WhatsApp-Image-2019-06-13-at-19.47.37-1-e1560508667898.jpeg\",\"datePublished\":\"2019-06-14T10:38:43+00:00\",\"dateModified\":\"2019-06-14T10:38:46+00:00\",\"author\":{\"@id\":\"https:\\\/\\\/folhapopular.info\\\/#\\\/schema\\\/person\\\/2814e8a0df7643585a9ca38bc6eb9d4b\"},\"breadcrumb\":{\"@id\":\"https:\\\/\\\/folhapopular.info\\\/index.php\\\/2019\\\/06\\\/14\\\/jovem-e-preso-por-envolvimento-com-furto-de-veiculos-em-cruzeiro-do-sul\\\/#breadcrumb\"},\"inLanguage\":\"pt-BR\",\"potentialAction\":[{\"@type\":\"ReadAction\",\"target\":[\"https:\\\/\\\/folhapopular.info\\\/index.php\\\/2019\\\/06\\\/14\\\/jovem-e-preso-por-envolvimento-com-furto-de-veiculos-em-cruzeiro-do-sul\\\/\"]}]},{\"@type\":\"ImageObject\",\"inLanguage\":\"pt-BR\",\"@id\":\"https:\\\/\\\/folhapopular.info\\\/index.php\\\/2019\\\/06\\\/14\\\/jovem-e-preso-por-envolvimento-com-furto-de-veiculos-em-cruzeiro-do-sul\\\/#primaryimage\",\"url\":\"https:\\\/\\\/folhapopular.info\\\/wp-content\\\/uploads\\\/2019\\\/06\\\/WhatsApp-Image-2019-06-13-at-19.47.37-1-e1560508667898.jpeg\",\"contentUrl\":\"https:\\\/\\\/folhapopular.info\\\/wp-content\\\/uploads\\\/2019\\\/06\\\/WhatsApp-Image-2019-06-13-at-19.47.37-1-e1560508667898.jpeg\",\"width\":800,\"height\":714,\"caption\":\"Cr\u00e9dito: divulga\u00e7\u00e3o\"},{\"@type\":\"BreadcrumbList\",\"@id\":\"https:\\\/\\\/folhapopular.info\\\/index.php\\\/2019\\\/06\\\/14\\\/jovem-e-preso-por-envolvimento-com-furto-de-veiculos-em-cruzeiro-do-sul\\\/#breadcrumb\",\"itemListElement\":[{\"@type\":\"ListItem\",\"position\":1,\"name\":\"In\u00edcio\",\"item\":\"https:\\\/\\\/folhapopular.info\\\/\"},{\"@type\":\"ListItem\",\"position\":2,\"name\":\"Jovem \u00e9 preso por envolvimento com furto de ve\u00edculos em Cruzeiro do Sul\"}]},{\"@type\":\"WebSite\",\"@id\":\"https:\\\/\\\/folhapopular.info\\\/#website\",\"url\":\"https:\\\/\\\/folhapopular.info\\\/\",\"name\":\"Folha Popular\",\"description\":\"Onde voc\u00ea tem vez e voz\",\"potentialAction\":[{\"@type\":\"SearchAction\",\"target\":{\"@type\":\"EntryPoint\",\"urlTemplate\":\"https:\\\/\\\/folhapopular.info\\\/?s={search_term_string}\"},\"query-input\":{\"@type\":\"PropertyValueSpecification\",\"valueRequired\":true,\"valueName\":\"search_term_string\"}}],\"inLanguage\":\"pt-BR\"},{\"@type\":\"Person\",\"@id\":\"https:\\\/\\\/folhapopular.info\\\/#\\\/schema\\\/person\\\/2814e8a0df7643585a9ca38bc6eb9d4b\",\"name\":\"Reda\u00e7\u00e3o Folha Popular\",\"image\":{\"@type\":\"ImageObject\",\"inLanguage\":\"pt-BR\",\"@id\":\"https:\\\/\\\/folhapopular.info\\\/wp-content\\\/uploads\\\/2026\\\/04\\\/Folha-1.webp\",\"url\":\"https:\\\/\\\/folhapopular.info\\\/wp-content\\\/uploads\\\/2026\\\/04\\\/Folha-1.webp\",\"contentUrl\":\"https:\\\/\\\/folhapopular.info\\\/wp-content\\\/uploads\\\/2026\\\/04\\\/Folha-1.webp\",\"caption\":\"Reda\u00e7\u00e3o Folha Popular\"},\"url\":\"https:\\\/\\\/folhapopular.info\\\/index.php\\\/author\\\/redacao\\\/\"}]}<\/script>\n<!-- \/ Yoast SEO plugin. -->","yoast_head_json":{"title":"Jovem \u00e9 preso por envolvimento com furto de ve\u00edculos em Cruzeiro do Sul - Folha Popular","robots":{"index":"index","follow":"follow","max-snippet":"max-snippet:-1","max-image-preview":"max-image-preview:large","max-video-preview":"max-video-preview:-1"},"canonical":"https:\/\/folhapopular.info\/index.php\/2019\/06\/14\/jovem-e-preso-por-envolvimento-com-furto-de-veiculos-em-cruzeiro-do-sul\/","og_locale":"pt_BR","og_type":"article","og_title":"Jovem \u00e9 preso por envolvimento com furto de ve\u00edculos em Cruzeiro do Sul - Folha Popular","og_description":"Um jovem de 21 anos foi preso por recepta\u00e7\u00e3o por volta das 18h desta quinta-feira (13\/06), na Rua Padre Afonso Weiller, na Vila C\u00e9lia, em Cruzeiro do Sul. Ap\u00f3s a Brigada Militar recuperar tr\u00eas ve\u00edculos furtados na \u00faltima semana, com aux\u00edlio da comunidade, chegaram a um suspeito. Os agentes fizeram a abordagem a este jovem, [&hellip;]","og_url":"https:\/\/folhapopular.info\/index.php\/2019\/06\/14\/jovem-e-preso-por-envolvimento-com-furto-de-veiculos-em-cruzeiro-do-sul\/","og_site_name":"Folha Popular","article_published_time":"2019-06-14T10:38:43+00:00","article_modified_time":"2019-06-14T10:38:46+00:00","og_image":[{"width":800,"height":714,"url":"https:\/\/folhapopular.info\/wp-content\/uploads\/2019\/06\/WhatsApp-Image-2019-06-13-at-19.47.37-1-e1560508667898.jpeg","type":"image\/jpeg"}],"author":"Reda\u00e7\u00e3o Folha Popular","twitter_card":"summary_large_image","twitter_misc":{"Escrito por":"Reda\u00e7\u00e3o Folha Popular","Est. tempo de leitura":"1 minuto"},"schema":{"@context":"https:\/\/schema.org","@graph":[{"@type":"Article","@id":"https:\/\/folhapopular.info\/index.php\/2019\/06\/14\/jovem-e-preso-por-envolvimento-com-furto-de-veiculos-em-cruzeiro-do-sul\/#article","isPartOf":{"@id":"https:\/\/folhapopular.info\/index.php\/2019\/06\/14\/jovem-e-preso-por-envolvimento-com-furto-de-veiculos-em-cruzeiro-do-sul\/"},"author":{"name":"Reda\u00e7\u00e3o Folha Popular","@id":"https:\/\/folhapopular.info\/#\/schema\/person\/2814e8a0df7643585a9ca38bc6eb9d4b"},"headline":"Jovem \u00e9 preso por envolvimento com furto de ve\u00edculos em Cruzeiro do Sul","datePublished":"2019-06-14T10:38:43+00:00","dateModified":"2019-06-14T10:38:46+00:00","mainEntityOfPage":{"@id":"https:\/\/folhapopular.info\/index.php\/2019\/06\/14\/jovem-e-preso-por-envolvimento-com-furto-de-veiculos-em-cruzeiro-do-sul\/"},"wordCount":153,"commentCount":0,"image":{"@id":"https:\/\/folhapopular.info\/index.php\/2019\/06\/14\/jovem-e-preso-por-envolvimento-com-furto-de-veiculos-em-cruzeiro-do-sul\/#primaryimage"},"thumbnailUrl":"https:\/\/folhapopular.info\/wp-content\/uploads\/2019\/06\/WhatsApp-Image-2019-06-13-at-19.47.37-1-e1560508667898.jpeg","keywords":["Cruzeiro do Sul","furto","Ve\u00edculo"],"articleSection":["Destaques","Geral","Seguran\u00e7a"],"inLanguage":"pt-BR","potentialAction":[{"@type":"CommentAction","name":"Comment","target":["https:\/\/folhapopular.info\/index.php\/2019\/06\/14\/jovem-e-preso-por-envolvimento-com-furto-de-veiculos-em-cruzeiro-do-sul\/#respond"]}]},{"@type":"WebPage","@id":"https:\/\/folhapopular.info\/index.php\/2019\/06\/14\/jovem-e-preso-por-envolvimento-com-furto-de-veiculos-em-cruzeiro-do-sul\/","url":"https:\/\/folhapopular.info\/index.php\/2019\/06\/14\/jovem-e-preso-por-envolvimento-com-furto-de-veiculos-em-cruzeiro-do-sul\/","name":"Jovem \u00e9 preso por envolvimento com furto de ve\u00edculos em Cruzeiro do Sul - Folha Popular","isPartOf":{"@id":"https:\/\/folhapopular.info\/#website"},"primaryImageOfPage":{"@id":"https:\/\/folhapopular.info\/index.php\/2019\/06\/14\/jovem-e-preso-por-envolvimento-com-furto-de-veiculos-em-cruzeiro-do-sul\/#primaryimage"},"image":{"@id":"https:\/\/folhapopular.info\/index.php\/2019\/06\/14\/jovem-e-preso-por-envolvimento-com-furto-de-veiculos-em-cruzeiro-do-sul\/#primaryimage"},"thumbnailUrl":"https:\/\/folhapopular.info\/wp-content\/uploads\/2019\/06\/WhatsApp-Image-2019-06-13-at-19.47.37-1-e1560508667898.jpeg","datePublished":"2019-06-14T10:38:43+00:00","dateModified":"2019-06-14T10:38:46+00:00","author":{"@id":"https:\/\/folhapopular.info\/#\/schema\/person\/2814e8a0df7643585a9ca38bc6eb9d4b"},"breadcrumb":{"@id":"https:\/\/folhapopular.info\/index.php\/2019\/06\/14\/jovem-e-preso-por-envolvimento-com-furto-de-veiculos-em-cruzeiro-do-sul\/#breadcrumb"},"inLanguage":"pt-BR","potentialAction":[{"@type":"ReadAction","target":["https:\/\/folhapopular.info\/index.php\/2019\/06\/14\/jovem-e-preso-por-envolvimento-com-furto-de-veiculos-em-cruzeiro-do-sul\/"]}]},{"@type":"ImageObject","inLanguage":"pt-BR","@id":"https:\/\/folhapopular.info\/index.php\/2019\/06\/14\/jovem-e-preso-por-envolvimento-com-furto-de-veiculos-em-cruzeiro-do-sul\/#primaryimage","url":"https:\/\/folhapopular.info\/wp-content\/uploads\/2019\/06\/WhatsApp-Image-2019-06-13-at-19.47.37-1-e1560508667898.jpeg","contentUrl":"https:\/\/folhapopular.info\/wp-content\/uploads\/2019\/06\/WhatsApp-Image-2019-06-13-at-19.47.37-1-e1560508667898.jpeg","width":800,"height":714,"caption":"Cr\u00e9dito: divulga\u00e7\u00e3o"},{"@type":"BreadcrumbList","@id":"https:\/\/folhapopular.info\/index.php\/2019\/06\/14\/jovem-e-preso-por-envolvimento-com-furto-de-veiculos-em-cruzeiro-do-sul\/#breadcrumb","itemListElement":[{"@type":"ListItem","position":1,"name":"In\u00edcio","item":"https:\/\/folhapopular.info\/"},{"@type":"ListItem","position":2,"name":"Jovem \u00e9 preso por envolvimento com furto de ve\u00edculos em Cruzeiro do Sul"}]},{"@type":"WebSite","@id":"https:\/\/folhapopular.info\/#website","url":"https:\/\/folhapopular.info\/","name":"Folha Popular","description":"Onde voc\u00ea tem vez e voz","potentialAction":[{"@type":"SearchAction","target":{"@type":"EntryPoint","urlTemplate":"https:\/\/folhapopular.info\/?s={search_term_string}"},"query-input":{"@type":"PropertyValueSpecification","valueRequired":true,"valueName":"search_term_string"}}],"inLanguage":"pt-BR"},{"@type":"Person","@id":"https:\/\/folhapopular.info\/#\/schema\/person\/2814e8a0df7643585a9ca38bc6eb9d4b","name":"Reda\u00e7\u00e3o Folha Popular","image":{"@type":"ImageObject","inLanguage":"pt-BR","@id":"https:\/\/folhapopular.info\/wp-content\/uploads\/2026\/04\/Folha-1.webp","url":"https:\/\/folhapopular.info\/wp-content\/uploads\/2026\/04\/Folha-1.webp","contentUrl":"https:\/\/folhapopular.info\/wp-content\/uploads\/2026\/04\/Folha-1.webp","caption":"Reda\u00e7\u00e3o Folha Popular"},"url":"https:\/\/folhapopular.info\/index.php\/author\/redacao\/"}]}},"jetpack_featured_media_url":"https:\/\/folhapopular.info\/wp-content\/uploads\/2019\/06\/WhatsApp-Image-2019-06-13-at-19.47.37-1-e1560508667898.jpeg","jetpack_sharing_enabled":true,"amp_enabled":true,"_links":{"self":[{"href":"https:\/\/folhapopular.info\/index.php\/wp-json\/wp\/v2\/posts\/56551","targetHints":{"allow":["GET"]}}],"collection":[{"href":"https:\/\/folhapopular.info\/index.php\/wp-json\/wp\/v2\/posts"}],"about":[{"href":"https:\/\/folhapopular.info\/index.php\/wp-json\/wp\/v2\/types\/post"}],"author":[{"embeddable":true,"href":"https:\/\/folhapopular.info\/index.php\/wp-json\/wp\/v2\/users\/8"}],"replies":[{"embeddable":true,"href":"https:\/\/folhapopular.info\/index.php\/wp-json\/wp\/v2\/comments?post=56551"}],"version-history":[{"count":0,"href":"https:\/\/folhapopular.info\/index.php\/wp-json\/wp\/v2\/posts\/56551\/revisions"}],"wp:featuredmedia":[{"embeddable":true,"href":"https:\/\/folhapopular.info\/index.php\/wp-json\/wp\/v2\/media\/56552"}],"wp:attachment":[{"href":"https:\/\/folhapopular.info\/index.php\/wp-json\/wp\/v2\/media?parent=56551"}],"wp:term":[{"taxonomy":"category","embeddable":true,"href":"https:\/\/folhapopular.info\/index.php\/wp-json\/wp\/v2\/categories?post=56551"},{"taxonomy":"post_tag","embeddable":true,"href":"https:\/\/folhapopular.info\/index.php\/wp-json\/wp\/v2\/tags?post=56551"}],"curies":[{"name":"wp","href":"https:\/\/api.w.org\/{rel}","templated":true}]}}