{"id":57126,"date":"2019-07-09T11:03:12","date_gmt":"2019-07-09T14:03:12","guid":{"rendered":"http:\/\/folhapopular.info\/?p=57126"},"modified":"2019-07-09T11:03:15","modified_gmt":"2019-07-09T14:03:15","slug":"alunos-de-carlos-barbosa-se-destacam-na-14a-olimpiada-brasileira-de-matematica","status":"publish","type":"post","link":"https:\/\/folhapopular.info\/index.php\/2019\/07\/09\/alunos-de-carlos-barbosa-se-destacam-na-14a-olimpiada-brasileira-de-matematica\/","title":{"rendered":"Alunos de Carlos Barbosa se destacam na 14\u00aa Olimp\u00edada Brasileira de Matem\u00e1tica"},"content":{"rendered":"\n<p>Alunos barbosenses receberam premia\u00e7\u00e3o no s\u00e1bado (06\/07), da 14\u00aa Olimp\u00edada Brasileira de Matem\u00e1tica das Escolas P\u00fablicas \u2013 OBMEP. A avalia\u00e7\u00e3o foi realizada em 2018 para mais de 18 milh\u00f5es de alunos do 6\u00ba ano do Ensino Fundamental at\u00e9 \u00faltimo ano do Ensino M\u00e9dio.<\/p>\n\n\n\n<p>Assim, a cerim\u00f4nia ocorrida no Sal\u00e3o de Atos da Reitoria da Universidade Federal do Rio Grande do Sul \u2013 UFRGS, de Porto Alegre, premiou com medalha de\u00a0<strong>prata<\/strong>\u00a0os estudantes: Felipe Krindges da EMEF Prefeito Jos\u00e9 Chies; Vin\u00edcius Fritzen e Albert Lanzarini da EEEM Elisa Tramontina. Com medalha de\u00a0<strong>bronze<\/strong>, os contemplados foram Bianca Batistti e Erick Hartmann, ambos, estudantes da escola Prefeito Jos\u00e9 Chies.<\/p>\n\n\n\n<p>Na ocasi\u00e3o, tamb\u00e9m foi realizado homenagem aos professores, onde as educadoras do Munic\u00edpio Jaqueline Borsoi Werner (EMEF Prefeito Jos\u00e9 Chies) e Carmen Chaves Kaefer (EEEM Elisa Tramontina) receberam diplomas e um livro de apoio \u00e0 forma\u00e7\u00e3o matem\u00e1tica.<\/p>\n\n\n\n<p>A OBMEP \u00e9 um projeto nacional dirigido \u00e0s escolas &nbsp;p\u00fablicas e privadas brasileiras, e \u00e9 realizado pelo Instituto Nacional de Matem\u00e1tica Pura e Aplicada \u2013 IMPA. Al\u00e9m de estimular o estudo da matem\u00e1tica e revelar talentos na \u00e1rea, a OBMEP visa contribuir para a melhoria da qualidade da educa\u00e7\u00e3o b\u00e1sica, possibilitando que um maior n\u00famero de alunos brasileiros possa ter acesso a material did\u00e1tico de qualidade; incentivar o aperfei\u00e7oamento dos professores das escolas p\u00fablicas, contribuindo para a sua valoriza\u00e7\u00e3o profissional; e ainda, contribuir para a integra\u00e7\u00e3o das escolas brasileiras com as universidades p\u00fablicas, os institutos de pesquisa e com as sociedades cient\u00edficas, promovendo a inclus\u00e3o social por meio da difus\u00e3o do conhecimento.<\/p>\n","protected":false},"excerpt":{"rendered":"<p>Alunos barbosenses receberam premia\u00e7\u00e3o no s\u00e1bado (06\/07), da 14\u00aa Olimp\u00edada Brasileira de Matem\u00e1tica das Escolas P\u00fablicas \u2013 OBMEP. A avalia\u00e7\u00e3o foi realizada em 2018 para mais de 18 milh\u00f5es de alunos do 6\u00ba ano do Ensino Fundamental at\u00e9 \u00faltimo ano do Ensino M\u00e9dio. Assim, a cerim\u00f4nia ocorrida no Sal\u00e3o de Atos da Reitoria da Universidade [&hellip;]<\/p>\n","protected":false},"author":8,"featured_media":57127,"comment_status":"open","ping_status":"open","sticky":false,"template":"","format":"standard","meta":{"pmpro_default_level":"","_jetpack_memberships_contains_paid_content":false,"footnotes":""},"categories":[2,3],"tags":[30,403],"class_list":{"0":"post-57126","1":"post","2":"type-post","3":"status-publish","4":"format-standard","5":"has-post-thumbnail","7":"category-featured","8":"category-geral","9":"tag-carlos-barbosa","10":"tag-obmep","11":"pmpro-has-access"},"yoast_head":"<!-- This site is optimized with the Yoast SEO plugin v27.5 - https:\/\/yoast.com\/product\/yoast-seo-wordpress\/ -->\n<title>Alunos de Carlos Barbosa se destacam na 14\u00aa Olimp\u00edada Brasileira de Matem\u00e1tica - Folha Popular<\/title>\n<meta name=\"robots\" content=\"index, follow, max-snippet:-1, max-image-preview:large, max-video-preview:-1\" \/>\n<link rel=\"canonical\" href=\"https:\/\/folhapopular.info\/index.php\/2019\/07\/09\/alunos-de-carlos-barbosa-se-destacam-na-14a-olimpiada-brasileira-de-matematica\/\" \/>\n<meta property=\"og:locale\" content=\"pt_BR\" \/>\n<meta property=\"og:type\" content=\"article\" \/>\n<meta property=\"og:title\" content=\"Alunos de Carlos Barbosa se destacam na 14\u00aa Olimp\u00edada Brasileira de Matem\u00e1tica - Folha Popular\" \/>\n<meta property=\"og:description\" content=\"Alunos barbosenses receberam premia\u00e7\u00e3o no s\u00e1bado (06\/07), da 14\u00aa Olimp\u00edada Brasileira de Matem\u00e1tica das Escolas P\u00fablicas \u2013 OBMEP. A avalia\u00e7\u00e3o foi realizada em 2018 para mais de 18 milh\u00f5es de alunos do 6\u00ba ano do Ensino Fundamental at\u00e9 \u00faltimo ano do Ensino M\u00e9dio. Assim, a cerim\u00f4nia ocorrida no Sal\u00e3o de Atos da Reitoria da Universidade [&hellip;]\" \/>\n<meta property=\"og:url\" content=\"https:\/\/folhapopular.info\/index.php\/2019\/07\/09\/alunos-de-carlos-barbosa-se-destacam-na-14a-olimpiada-brasileira-de-matematica\/\" \/>\n<meta property=\"og:site_name\" content=\"Folha Popular\" \/>\n<meta property=\"article:published_time\" content=\"2019-07-09T14:03:12+00:00\" \/>\n<meta property=\"article:modified_time\" content=\"2019-07-09T14:03:15+00:00\" \/>\n<meta property=\"og:image\" content=\"https:\/\/folhapopular.info\/wp-content\/uploads\/2019\/07\/PREMIA\u00c7\u00c3O-e1562680622410.jpg\" \/>\n\t<meta property=\"og:image:width\" content=\"800\" \/>\n\t<meta property=\"og:image:height\" content=\"510\" \/>\n\t<meta property=\"og:image:type\" content=\"image\/jpeg\" \/>\n<meta name=\"author\" content=\"Reda\u00e7\u00e3o Folha Popular\" \/>\n<meta name=\"twitter:card\" content=\"summary_large_image\" \/>\n<meta name=\"twitter:label1\" content=\"Escrito por\" \/>\n\t<meta name=\"twitter:data1\" content=\"Reda\u00e7\u00e3o Folha Popular\" \/>\n\t<meta name=\"twitter:label2\" content=\"Est. tempo de leitura\" \/>\n\t<meta name=\"twitter:data2\" content=\"1 minuto\" \/>\n<script type=\"application\/ld+json\" class=\"yoast-schema-graph\">{\"@context\":\"https:\\\/\\\/schema.org\",\"@graph\":[{\"@type\":\"Article\",\"@id\":\"https:\\\/\\\/folhapopular.info\\\/index.php\\\/2019\\\/07\\\/09\\\/alunos-de-carlos-barbosa-se-destacam-na-14a-olimpiada-brasileira-de-matematica\\\/#article\",\"isPartOf\":{\"@id\":\"https:\\\/\\\/folhapopular.info\\\/index.php\\\/2019\\\/07\\\/09\\\/alunos-de-carlos-barbosa-se-destacam-na-14a-olimpiada-brasileira-de-matematica\\\/\"},\"author\":{\"name\":\"Reda\u00e7\u00e3o Folha Popular\",\"@id\":\"https:\\\/\\\/folhapopular.info\\\/#\\\/schema\\\/person\\\/2814e8a0df7643585a9ca38bc6eb9d4b\"},\"headline\":\"Alunos de Carlos Barbosa se destacam na 14\u00aa Olimp\u00edada Brasileira de Matem\u00e1tica\",\"datePublished\":\"2019-07-09T14:03:12+00:00\",\"dateModified\":\"2019-07-09T14:03:15+00:00\",\"mainEntityOfPage\":{\"@id\":\"https:\\\/\\\/folhapopular.info\\\/index.php\\\/2019\\\/07\\\/09\\\/alunos-de-carlos-barbosa-se-destacam-na-14a-olimpiada-brasileira-de-matematica\\\/\"},\"wordCount\":292,\"commentCount\":0,\"image\":{\"@id\":\"https:\\\/\\\/folhapopular.info\\\/index.php\\\/2019\\\/07\\\/09\\\/alunos-de-carlos-barbosa-se-destacam-na-14a-olimpiada-brasileira-de-matematica\\\/#primaryimage\"},\"thumbnailUrl\":\"https:\\\/\\\/folhapopular.info\\\/wp-content\\\/uploads\\\/2019\\\/07\\\/PREMIA\u00c7\u00c3O-e1562680622410.jpg\",\"keywords\":[\"Carlos Barbosa\",\"OBMEP\"],\"articleSection\":[\"Destaques\",\"Geral\"],\"inLanguage\":\"pt-BR\",\"potentialAction\":[{\"@type\":\"CommentAction\",\"name\":\"Comment\",\"target\":[\"https:\\\/\\\/folhapopular.info\\\/index.php\\\/2019\\\/07\\\/09\\\/alunos-de-carlos-barbosa-se-destacam-na-14a-olimpiada-brasileira-de-matematica\\\/#respond\"]}]},{\"@type\":\"WebPage\",\"@id\":\"https:\\\/\\\/folhapopular.info\\\/index.php\\\/2019\\\/07\\\/09\\\/alunos-de-carlos-barbosa-se-destacam-na-14a-olimpiada-brasileira-de-matematica\\\/\",\"url\":\"https:\\\/\\\/folhapopular.info\\\/index.php\\\/2019\\\/07\\\/09\\\/alunos-de-carlos-barbosa-se-destacam-na-14a-olimpiada-brasileira-de-matematica\\\/\",\"name\":\"Alunos de Carlos Barbosa se destacam na 14\u00aa Olimp\u00edada Brasileira de Matem\u00e1tica - Folha Popular\",\"isPartOf\":{\"@id\":\"https:\\\/\\\/folhapopular.info\\\/#website\"},\"primaryImageOfPage\":{\"@id\":\"https:\\\/\\\/folhapopular.info\\\/index.php\\\/2019\\\/07\\\/09\\\/alunos-de-carlos-barbosa-se-destacam-na-14a-olimpiada-brasileira-de-matematica\\\/#primaryimage\"},\"image\":{\"@id\":\"https:\\\/\\\/folhapopular.info\\\/index.php\\\/2019\\\/07\\\/09\\\/alunos-de-carlos-barbosa-se-destacam-na-14a-olimpiada-brasileira-de-matematica\\\/#primaryimage\"},\"thumbnailUrl\":\"https:\\\/\\\/folhapopular.info\\\/wp-content\\\/uploads\\\/2019\\\/07\\\/PREMIA\u00c7\u00c3O-e1562680622410.jpg\",\"datePublished\":\"2019-07-09T14:03:12+00:00\",\"dateModified\":\"2019-07-09T14:03:15+00:00\",\"author\":{\"@id\":\"https:\\\/\\\/folhapopular.info\\\/#\\\/schema\\\/person\\\/2814e8a0df7643585a9ca38bc6eb9d4b\"},\"breadcrumb\":{\"@id\":\"https:\\\/\\\/folhapopular.info\\\/index.php\\\/2019\\\/07\\\/09\\\/alunos-de-carlos-barbosa-se-destacam-na-14a-olimpiada-brasileira-de-matematica\\\/#breadcrumb\"},\"inLanguage\":\"pt-BR\",\"potentialAction\":[{\"@type\":\"ReadAction\",\"target\":[\"https:\\\/\\\/folhapopular.info\\\/index.php\\\/2019\\\/07\\\/09\\\/alunos-de-carlos-barbosa-se-destacam-na-14a-olimpiada-brasileira-de-matematica\\\/\"]}]},{\"@type\":\"ImageObject\",\"inLanguage\":\"pt-BR\",\"@id\":\"https:\\\/\\\/folhapopular.info\\\/index.php\\\/2019\\\/07\\\/09\\\/alunos-de-carlos-barbosa-se-destacam-na-14a-olimpiada-brasileira-de-matematica\\\/#primaryimage\",\"url\":\"https:\\\/\\\/folhapopular.info\\\/wp-content\\\/uploads\\\/2019\\\/07\\\/PREMIA\u00c7\u00c3O-e1562680622410.jpg\",\"contentUrl\":\"https:\\\/\\\/folhapopular.info\\\/wp-content\\\/uploads\\\/2019\\\/07\\\/PREMIA\u00c7\u00c3O-e1562680622410.jpg\",\"width\":800,\"height\":510,\"caption\":\"Alunos barbosenses receberam os pr\u00eamios na UFRGS, de Porto Alegre \\\/ Cr\u00e9dito da foto: Divulga\u00e7\u00e3o\"},{\"@type\":\"BreadcrumbList\",\"@id\":\"https:\\\/\\\/folhapopular.info\\\/index.php\\\/2019\\\/07\\\/09\\\/alunos-de-carlos-barbosa-se-destacam-na-14a-olimpiada-brasileira-de-matematica\\\/#breadcrumb\",\"itemListElement\":[{\"@type\":\"ListItem\",\"position\":1,\"name\":\"In\u00edcio\",\"item\":\"https:\\\/\\\/folhapopular.info\\\/\"},{\"@type\":\"ListItem\",\"position\":2,\"name\":\"Alunos de Carlos Barbosa se destacam na 14\u00aa Olimp\u00edada Brasileira de Matem\u00e1tica\"}]},{\"@type\":\"WebSite\",\"@id\":\"https:\\\/\\\/folhapopular.info\\\/#website\",\"url\":\"https:\\\/\\\/folhapopular.info\\\/\",\"name\":\"Folha Popular\",\"description\":\"Onde voc\u00ea tem vez e voz\",\"potentialAction\":[{\"@type\":\"SearchAction\",\"target\":{\"@type\":\"EntryPoint\",\"urlTemplate\":\"https:\\\/\\\/folhapopular.info\\\/?s={search_term_string}\"},\"query-input\":{\"@type\":\"PropertyValueSpecification\",\"valueRequired\":true,\"valueName\":\"search_term_string\"}}],\"inLanguage\":\"pt-BR\"},{\"@type\":\"Person\",\"@id\":\"https:\\\/\\\/folhapopular.info\\\/#\\\/schema\\\/person\\\/2814e8a0df7643585a9ca38bc6eb9d4b\",\"name\":\"Reda\u00e7\u00e3o Folha Popular\",\"image\":{\"@type\":\"ImageObject\",\"inLanguage\":\"pt-BR\",\"@id\":\"https:\\\/\\\/folhapopular.info\\\/wp-content\\\/uploads\\\/2026\\\/04\\\/Folha-1.webp\",\"url\":\"https:\\\/\\\/folhapopular.info\\\/wp-content\\\/uploads\\\/2026\\\/04\\\/Folha-1.webp\",\"contentUrl\":\"https:\\\/\\\/folhapopular.info\\\/wp-content\\\/uploads\\\/2026\\\/04\\\/Folha-1.webp\",\"caption\":\"Reda\u00e7\u00e3o Folha Popular\"},\"url\":\"https:\\\/\\\/folhapopular.info\\\/index.php\\\/author\\\/redacao\\\/\"}]}<\/script>\n<!-- \/ Yoast SEO plugin. -->","yoast_head_json":{"title":"Alunos de Carlos Barbosa se destacam na 14\u00aa Olimp\u00edada Brasileira de Matem\u00e1tica - Folha Popular","robots":{"index":"index","follow":"follow","max-snippet":"max-snippet:-1","max-image-preview":"max-image-preview:large","max-video-preview":"max-video-preview:-1"},"canonical":"https:\/\/folhapopular.info\/index.php\/2019\/07\/09\/alunos-de-carlos-barbosa-se-destacam-na-14a-olimpiada-brasileira-de-matematica\/","og_locale":"pt_BR","og_type":"article","og_title":"Alunos de Carlos Barbosa se destacam na 14\u00aa Olimp\u00edada Brasileira de Matem\u00e1tica - Folha Popular","og_description":"Alunos barbosenses receberam premia\u00e7\u00e3o no s\u00e1bado (06\/07), da 14\u00aa Olimp\u00edada Brasileira de Matem\u00e1tica das Escolas P\u00fablicas \u2013 OBMEP. A avalia\u00e7\u00e3o foi realizada em 2018 para mais de 18 milh\u00f5es de alunos do 6\u00ba ano do Ensino Fundamental at\u00e9 \u00faltimo ano do Ensino M\u00e9dio. Assim, a cerim\u00f4nia ocorrida no Sal\u00e3o de Atos da Reitoria da Universidade [&hellip;]","og_url":"https:\/\/folhapopular.info\/index.php\/2019\/07\/09\/alunos-de-carlos-barbosa-se-destacam-na-14a-olimpiada-brasileira-de-matematica\/","og_site_name":"Folha Popular","article_published_time":"2019-07-09T14:03:12+00:00","article_modified_time":"2019-07-09T14:03:15+00:00","og_image":[{"width":800,"height":510,"url":"https:\/\/folhapopular.info\/wp-content\/uploads\/2019\/07\/PREMIA\u00c7\u00c3O-e1562680622410.jpg","type":"image\/jpeg"}],"author":"Reda\u00e7\u00e3o Folha Popular","twitter_card":"summary_large_image","twitter_misc":{"Escrito por":"Reda\u00e7\u00e3o Folha Popular","Est. tempo de leitura":"1 minuto"},"schema":{"@context":"https:\/\/schema.org","@graph":[{"@type":"Article","@id":"https:\/\/folhapopular.info\/index.php\/2019\/07\/09\/alunos-de-carlos-barbosa-se-destacam-na-14a-olimpiada-brasileira-de-matematica\/#article","isPartOf":{"@id":"https:\/\/folhapopular.info\/index.php\/2019\/07\/09\/alunos-de-carlos-barbosa-se-destacam-na-14a-olimpiada-brasileira-de-matematica\/"},"author":{"name":"Reda\u00e7\u00e3o Folha Popular","@id":"https:\/\/folhapopular.info\/#\/schema\/person\/2814e8a0df7643585a9ca38bc6eb9d4b"},"headline":"Alunos de Carlos Barbosa se destacam na 14\u00aa Olimp\u00edada Brasileira de Matem\u00e1tica","datePublished":"2019-07-09T14:03:12+00:00","dateModified":"2019-07-09T14:03:15+00:00","mainEntityOfPage":{"@id":"https:\/\/folhapopular.info\/index.php\/2019\/07\/09\/alunos-de-carlos-barbosa-se-destacam-na-14a-olimpiada-brasileira-de-matematica\/"},"wordCount":292,"commentCount":0,"image":{"@id":"https:\/\/folhapopular.info\/index.php\/2019\/07\/09\/alunos-de-carlos-barbosa-se-destacam-na-14a-olimpiada-brasileira-de-matematica\/#primaryimage"},"thumbnailUrl":"https:\/\/folhapopular.info\/wp-content\/uploads\/2019\/07\/PREMIA\u00c7\u00c3O-e1562680622410.jpg","keywords":["Carlos Barbosa","OBMEP"],"articleSection":["Destaques","Geral"],"inLanguage":"pt-BR","potentialAction":[{"@type":"CommentAction","name":"Comment","target":["https:\/\/folhapopular.info\/index.php\/2019\/07\/09\/alunos-de-carlos-barbosa-se-destacam-na-14a-olimpiada-brasileira-de-matematica\/#respond"]}]},{"@type":"WebPage","@id":"https:\/\/folhapopular.info\/index.php\/2019\/07\/09\/alunos-de-carlos-barbosa-se-destacam-na-14a-olimpiada-brasileira-de-matematica\/","url":"https:\/\/folhapopular.info\/index.php\/2019\/07\/09\/alunos-de-carlos-barbosa-se-destacam-na-14a-olimpiada-brasileira-de-matematica\/","name":"Alunos de Carlos Barbosa se destacam na 14\u00aa Olimp\u00edada Brasileira de Matem\u00e1tica - Folha Popular","isPartOf":{"@id":"https:\/\/folhapopular.info\/#website"},"primaryImageOfPage":{"@id":"https:\/\/folhapopular.info\/index.php\/2019\/07\/09\/alunos-de-carlos-barbosa-se-destacam-na-14a-olimpiada-brasileira-de-matematica\/#primaryimage"},"image":{"@id":"https:\/\/folhapopular.info\/index.php\/2019\/07\/09\/alunos-de-carlos-barbosa-se-destacam-na-14a-olimpiada-brasileira-de-matematica\/#primaryimage"},"thumbnailUrl":"https:\/\/folhapopular.info\/wp-content\/uploads\/2019\/07\/PREMIA\u00c7\u00c3O-e1562680622410.jpg","datePublished":"2019-07-09T14:03:12+00:00","dateModified":"2019-07-09T14:03:15+00:00","author":{"@id":"https:\/\/folhapopular.info\/#\/schema\/person\/2814e8a0df7643585a9ca38bc6eb9d4b"},"breadcrumb":{"@id":"https:\/\/folhapopular.info\/index.php\/2019\/07\/09\/alunos-de-carlos-barbosa-se-destacam-na-14a-olimpiada-brasileira-de-matematica\/#breadcrumb"},"inLanguage":"pt-BR","potentialAction":[{"@type":"ReadAction","target":["https:\/\/folhapopular.info\/index.php\/2019\/07\/09\/alunos-de-carlos-barbosa-se-destacam-na-14a-olimpiada-brasileira-de-matematica\/"]}]},{"@type":"ImageObject","inLanguage":"pt-BR","@id":"https:\/\/folhapopular.info\/index.php\/2019\/07\/09\/alunos-de-carlos-barbosa-se-destacam-na-14a-olimpiada-brasileira-de-matematica\/#primaryimage","url":"https:\/\/folhapopular.info\/wp-content\/uploads\/2019\/07\/PREMIA\u00c7\u00c3O-e1562680622410.jpg","contentUrl":"https:\/\/folhapopular.info\/wp-content\/uploads\/2019\/07\/PREMIA\u00c7\u00c3O-e1562680622410.jpg","width":800,"height":510,"caption":"Alunos barbosenses receberam os pr\u00eamios na UFRGS, de Porto Alegre \/ Cr\u00e9dito da foto: Divulga\u00e7\u00e3o"},{"@type":"BreadcrumbList","@id":"https:\/\/folhapopular.info\/index.php\/2019\/07\/09\/alunos-de-carlos-barbosa-se-destacam-na-14a-olimpiada-brasileira-de-matematica\/#breadcrumb","itemListElement":[{"@type":"ListItem","position":1,"name":"In\u00edcio","item":"https:\/\/folhapopular.info\/"},{"@type":"ListItem","position":2,"name":"Alunos de Carlos Barbosa se destacam na 14\u00aa Olimp\u00edada Brasileira de Matem\u00e1tica"}]},{"@type":"WebSite","@id":"https:\/\/folhapopular.info\/#website","url":"https:\/\/folhapopular.info\/","name":"Folha Popular","description":"Onde voc\u00ea tem vez e voz","potentialAction":[{"@type":"SearchAction","target":{"@type":"EntryPoint","urlTemplate":"https:\/\/folhapopular.info\/?s={search_term_string}"},"query-input":{"@type":"PropertyValueSpecification","valueRequired":true,"valueName":"search_term_string"}}],"inLanguage":"pt-BR"},{"@type":"Person","@id":"https:\/\/folhapopular.info\/#\/schema\/person\/2814e8a0df7643585a9ca38bc6eb9d4b","name":"Reda\u00e7\u00e3o Folha Popular","image":{"@type":"ImageObject","inLanguage":"pt-BR","@id":"https:\/\/folhapopular.info\/wp-content\/uploads\/2026\/04\/Folha-1.webp","url":"https:\/\/folhapopular.info\/wp-content\/uploads\/2026\/04\/Folha-1.webp","contentUrl":"https:\/\/folhapopular.info\/wp-content\/uploads\/2026\/04\/Folha-1.webp","caption":"Reda\u00e7\u00e3o Folha Popular"},"url":"https:\/\/folhapopular.info\/index.php\/author\/redacao\/"}]}},"jetpack_featured_media_url":"https:\/\/folhapopular.info\/wp-content\/uploads\/2019\/07\/PREMIA\u00c7\u00c3O-e1562680622410.jpg","jetpack_sharing_enabled":true,"amp_enabled":true,"_links":{"self":[{"href":"https:\/\/folhapopular.info\/index.php\/wp-json\/wp\/v2\/posts\/57126","targetHints":{"allow":["GET"]}}],"collection":[{"href":"https:\/\/folhapopular.info\/index.php\/wp-json\/wp\/v2\/posts"}],"about":[{"href":"https:\/\/folhapopular.info\/index.php\/wp-json\/wp\/v2\/types\/post"}],"author":[{"embeddable":true,"href":"https:\/\/folhapopular.info\/index.php\/wp-json\/wp\/v2\/users\/8"}],"replies":[{"embeddable":true,"href":"https:\/\/folhapopular.info\/index.php\/wp-json\/wp\/v2\/comments?post=57126"}],"version-history":[{"count":0,"href":"https:\/\/folhapopular.info\/index.php\/wp-json\/wp\/v2\/posts\/57126\/revisions"}],"wp:featuredmedia":[{"embeddable":true,"href":"https:\/\/folhapopular.info\/index.php\/wp-json\/wp\/v2\/media\/57127"}],"wp:attachment":[{"href":"https:\/\/folhapopular.info\/index.php\/wp-json\/wp\/v2\/media?parent=57126"}],"wp:term":[{"taxonomy":"category","embeddable":true,"href":"https:\/\/folhapopular.info\/index.php\/wp-json\/wp\/v2\/categories?post=57126"},{"taxonomy":"post_tag","embeddable":true,"href":"https:\/\/folhapopular.info\/index.php\/wp-json\/wp\/v2\/tags?post=57126"}],"curies":[{"name":"wp","href":"https:\/\/api.w.org\/{rel}","templated":true}]}}