{"id":57177,"date":"2019-07-12T17:26:48","date_gmt":"2019-07-12T20:26:48","guid":{"rendered":"http:\/\/folhapopular.info\/?p=57177"},"modified":"2019-07-13T07:45:47","modified_gmt":"2019-07-13T10:45:47","slug":"dois-furtos-acontecem-em-teutonia-na-tarde-desta-sexta-feira","status":"publish","type":"post","link":"https:\/\/folhapopular.info\/index.php\/2019\/07\/12\/dois-furtos-acontecem-em-teutonia-na-tarde-desta-sexta-feira\/","title":{"rendered":"Dois roubos acontecem em Teut\u00f4nia na tarde desta sexta-feira"},"content":{"rendered":"\n<p>Dois roubos ocorreram na tarde desta sexta-feira (12\/07) em Teut\u00f4nia. O primeiro foi nas Lojas Certel, no Bairro Teut\u00f4nia, localizada na Rua Daltro Filho, por volta das 14h30. Dois indiv\u00edduos chegaram em uma motocicleta, armados, e levaram celulares e dinheiro. Eles fugiram pela Rua Maur\u00edcio Cardoso. Ningu\u00e9m ficou ferido. <\/p>\n\n\n\n<p>O segundo roubo foi pr\u00f3ximo ao km 25 da ERS-128 (Via L\u00e1ctea), Bairro Centro Administrativo, pr\u00f3ximo ao Concretos Brand\u00e3o. Um motociclista levava um malote com dinheiro da Lot\u00e9rica Canabarrense por volta das 15h desta tarde quando foi abordado por dois indiv\u00edduos em uma motocicleta, que levaram o material. <\/p>\n\n\n\n<p>A Brigada Militar acredita que n\u00e3o sejam os mesmos assaltantes que praticaram os dois crimes. Apesar das buscas realizadas, os autores dos crimes n\u00e3o foram localizados.<\/p>\n","protected":false},"excerpt":{"rendered":"<p>Dois roubos ocorreram na tarde desta sexta-feira (12\/07) em Teut\u00f4nia. O primeiro foi nas Lojas Certel, no Bairro Teut\u00f4nia, localizada na Rua Daltro Filho, por volta das 14h30. Dois indiv\u00edduos chegaram em uma motocicleta, armados, e levaram celulares e dinheiro. Eles fugiram pela Rua Maur\u00edcio Cardoso. Ningu\u00e9m ficou ferido. O segundo roubo foi pr\u00f3ximo ao [&hellip;]<\/p>\n","protected":false},"author":8,"featured_media":31970,"comment_status":"open","ping_status":"open","sticky":false,"template":"","format":"standard","meta":{"pmpro_default_level":"","_jetpack_memberships_contains_paid_content":false,"footnotes":""},"categories":[2,3,7],"tags":[71,4808,4809,26,358],"class_list":{"0":"post-57177","1":"post","2":"type-post","3":"status-publish","4":"format-standard","5":"has-post-thumbnail","7":"category-featured","8":"category-geral","9":"category-seguranca","10":"tag-furto","11":"tag-loja-certel","12":"tag-loterica-canabarrense","13":"tag-teutonia","14":"tag-via-lactea","15":"pmpro-has-access"},"yoast_head":"<!-- This site is optimized with the Yoast SEO plugin v27.5 - https:\/\/yoast.com\/product\/yoast-seo-wordpress\/ -->\n<title>Dois roubos acontecem em Teut\u00f4nia na tarde desta sexta-feira - Folha Popular<\/title>\n<meta name=\"robots\" content=\"index, follow, max-snippet:-1, max-image-preview:large, max-video-preview:-1\" \/>\n<link rel=\"canonical\" href=\"https:\/\/folhapopular.info\/index.php\/2019\/07\/12\/dois-furtos-acontecem-em-teutonia-na-tarde-desta-sexta-feira\/\" \/>\n<meta property=\"og:locale\" content=\"pt_BR\" \/>\n<meta property=\"og:type\" content=\"article\" \/>\n<meta property=\"og:title\" content=\"Dois roubos acontecem em Teut\u00f4nia na tarde desta sexta-feira - Folha Popular\" \/>\n<meta property=\"og:description\" content=\"Dois roubos ocorreram na tarde desta sexta-feira (12\/07) em Teut\u00f4nia. O primeiro foi nas Lojas Certel, no Bairro Teut\u00f4nia, localizada na Rua Daltro Filho, por volta das 14h30. Dois indiv\u00edduos chegaram em uma motocicleta, armados, e levaram celulares e dinheiro. Eles fugiram pela Rua Maur\u00edcio Cardoso. Ningu\u00e9m ficou ferido. O segundo roubo foi pr\u00f3ximo ao [&hellip;]\" \/>\n<meta property=\"og:url\" content=\"https:\/\/folhapopular.info\/index.php\/2019\/07\/12\/dois-furtos-acontecem-em-teutonia-na-tarde-desta-sexta-feira\/\" \/>\n<meta property=\"og:site_name\" content=\"Folha Popular\" \/>\n<meta property=\"article:published_time\" content=\"2019-07-12T20:26:48+00:00\" \/>\n<meta property=\"article:modified_time\" content=\"2019-07-13T10:45:47+00:00\" \/>\n<meta property=\"og:image\" content=\"https:\/\/folhapopular.info\/wp-content\/uploads\/2017\/07\/Pol\u00edcia_SITE-e1544690850833.jpg\" \/>\n\t<meta property=\"og:image:width\" content=\"800\" \/>\n\t<meta property=\"og:image:height\" content=\"514\" \/>\n\t<meta property=\"og:image:type\" content=\"image\/jpeg\" \/>\n<meta name=\"author\" content=\"Reda\u00e7\u00e3o Folha Popular\" \/>\n<meta name=\"twitter:card\" content=\"summary_large_image\" \/>\n<meta name=\"twitter:label1\" content=\"Escrito por\" \/>\n\t<meta name=\"twitter:data1\" content=\"Reda\u00e7\u00e3o Folha Popular\" \/>\n\t<meta name=\"twitter:label2\" content=\"Est. tempo de leitura\" \/>\n\t<meta name=\"twitter:data2\" content=\"1 minuto\" \/>\n<script type=\"application\/ld+json\" class=\"yoast-schema-graph\">{\"@context\":\"https:\\\/\\\/schema.org\",\"@graph\":[{\"@type\":\"Article\",\"@id\":\"https:\\\/\\\/folhapopular.info\\\/index.php\\\/2019\\\/07\\\/12\\\/dois-furtos-acontecem-em-teutonia-na-tarde-desta-sexta-feira\\\/#article\",\"isPartOf\":{\"@id\":\"https:\\\/\\\/folhapopular.info\\\/index.php\\\/2019\\\/07\\\/12\\\/dois-furtos-acontecem-em-teutonia-na-tarde-desta-sexta-feira\\\/\"},\"author\":{\"name\":\"Reda\u00e7\u00e3o Folha Popular\",\"@id\":\"https:\\\/\\\/folhapopular.info\\\/#\\\/schema\\\/person\\\/2814e8a0df7643585a9ca38bc6eb9d4b\"},\"headline\":\"Dois roubos acontecem em Teut\u00f4nia na tarde desta sexta-feira\",\"datePublished\":\"2019-07-12T20:26:48+00:00\",\"dateModified\":\"2019-07-13T10:45:47+00:00\",\"mainEntityOfPage\":{\"@id\":\"https:\\\/\\\/folhapopular.info\\\/index.php\\\/2019\\\/07\\\/12\\\/dois-furtos-acontecem-em-teutonia-na-tarde-desta-sexta-feira\\\/\"},\"wordCount\":144,\"commentCount\":0,\"image\":{\"@id\":\"https:\\\/\\\/folhapopular.info\\\/index.php\\\/2019\\\/07\\\/12\\\/dois-furtos-acontecem-em-teutonia-na-tarde-desta-sexta-feira\\\/#primaryimage\"},\"thumbnailUrl\":\"https:\\\/\\\/folhapopular.info\\\/wp-content\\\/uploads\\\/2017\\\/07\\\/Pol\u00edcia_SITE-e1544690850833.jpg\",\"keywords\":[\"furto\",\"Loja Certel\",\"Lot\u00e9rica Canabarrense\",\"Teut\u00f4nia\",\"Via L\u00e1ctea\"],\"articleSection\":[\"Destaques\",\"Geral\",\"Seguran\u00e7a\"],\"inLanguage\":\"pt-BR\",\"potentialAction\":[{\"@type\":\"CommentAction\",\"name\":\"Comment\",\"target\":[\"https:\\\/\\\/folhapopular.info\\\/index.php\\\/2019\\\/07\\\/12\\\/dois-furtos-acontecem-em-teutonia-na-tarde-desta-sexta-feira\\\/#respond\"]}]},{\"@type\":\"WebPage\",\"@id\":\"https:\\\/\\\/folhapopular.info\\\/index.php\\\/2019\\\/07\\\/12\\\/dois-furtos-acontecem-em-teutonia-na-tarde-desta-sexta-feira\\\/\",\"url\":\"https:\\\/\\\/folhapopular.info\\\/index.php\\\/2019\\\/07\\\/12\\\/dois-furtos-acontecem-em-teutonia-na-tarde-desta-sexta-feira\\\/\",\"name\":\"Dois roubos acontecem em Teut\u00f4nia na tarde desta sexta-feira - Folha Popular\",\"isPartOf\":{\"@id\":\"https:\\\/\\\/folhapopular.info\\\/#website\"},\"primaryImageOfPage\":{\"@id\":\"https:\\\/\\\/folhapopular.info\\\/index.php\\\/2019\\\/07\\\/12\\\/dois-furtos-acontecem-em-teutonia-na-tarde-desta-sexta-feira\\\/#primaryimage\"},\"image\":{\"@id\":\"https:\\\/\\\/folhapopular.info\\\/index.php\\\/2019\\\/07\\\/12\\\/dois-furtos-acontecem-em-teutonia-na-tarde-desta-sexta-feira\\\/#primaryimage\"},\"thumbnailUrl\":\"https:\\\/\\\/folhapopular.info\\\/wp-content\\\/uploads\\\/2017\\\/07\\\/Pol\u00edcia_SITE-e1544690850833.jpg\",\"datePublished\":\"2019-07-12T20:26:48+00:00\",\"dateModified\":\"2019-07-13T10:45:47+00:00\",\"author\":{\"@id\":\"https:\\\/\\\/folhapopular.info\\\/#\\\/schema\\\/person\\\/2814e8a0df7643585a9ca38bc6eb9d4b\"},\"breadcrumb\":{\"@id\":\"https:\\\/\\\/folhapopular.info\\\/index.php\\\/2019\\\/07\\\/12\\\/dois-furtos-acontecem-em-teutonia-na-tarde-desta-sexta-feira\\\/#breadcrumb\"},\"inLanguage\":\"pt-BR\",\"potentialAction\":[{\"@type\":\"ReadAction\",\"target\":[\"https:\\\/\\\/folhapopular.info\\\/index.php\\\/2019\\\/07\\\/12\\\/dois-furtos-acontecem-em-teutonia-na-tarde-desta-sexta-feira\\\/\"]}]},{\"@type\":\"ImageObject\",\"inLanguage\":\"pt-BR\",\"@id\":\"https:\\\/\\\/folhapopular.info\\\/index.php\\\/2019\\\/07\\\/12\\\/dois-furtos-acontecem-em-teutonia-na-tarde-desta-sexta-feira\\\/#primaryimage\",\"url\":\"https:\\\/\\\/folhapopular.info\\\/wp-content\\\/uploads\\\/2017\\\/07\\\/Pol\u00edcia_SITE-e1544690850833.jpg\",\"contentUrl\":\"https:\\\/\\\/folhapopular.info\\\/wp-content\\\/uploads\\\/2017\\\/07\\\/Pol\u00edcia_SITE-e1544690850833.jpg\",\"width\":800,\"height\":514},{\"@type\":\"BreadcrumbList\",\"@id\":\"https:\\\/\\\/folhapopular.info\\\/index.php\\\/2019\\\/07\\\/12\\\/dois-furtos-acontecem-em-teutonia-na-tarde-desta-sexta-feira\\\/#breadcrumb\",\"itemListElement\":[{\"@type\":\"ListItem\",\"position\":1,\"name\":\"In\u00edcio\",\"item\":\"https:\\\/\\\/folhapopular.info\\\/\"},{\"@type\":\"ListItem\",\"position\":2,\"name\":\"Dois roubos acontecem em Teut\u00f4nia na tarde desta sexta-feira\"}]},{\"@type\":\"WebSite\",\"@id\":\"https:\\\/\\\/folhapopular.info\\\/#website\",\"url\":\"https:\\\/\\\/folhapopular.info\\\/\",\"name\":\"Folha Popular\",\"description\":\"Onde voc\u00ea tem vez e voz\",\"potentialAction\":[{\"@type\":\"SearchAction\",\"target\":{\"@type\":\"EntryPoint\",\"urlTemplate\":\"https:\\\/\\\/folhapopular.info\\\/?s={search_term_string}\"},\"query-input\":{\"@type\":\"PropertyValueSpecification\",\"valueRequired\":true,\"valueName\":\"search_term_string\"}}],\"inLanguage\":\"pt-BR\"},{\"@type\":\"Person\",\"@id\":\"https:\\\/\\\/folhapopular.info\\\/#\\\/schema\\\/person\\\/2814e8a0df7643585a9ca38bc6eb9d4b\",\"name\":\"Reda\u00e7\u00e3o Folha Popular\",\"image\":{\"@type\":\"ImageObject\",\"inLanguage\":\"pt-BR\",\"@id\":\"https:\\\/\\\/folhapopular.info\\\/wp-content\\\/uploads\\\/2026\\\/04\\\/Folha-1.webp\",\"url\":\"https:\\\/\\\/folhapopular.info\\\/wp-content\\\/uploads\\\/2026\\\/04\\\/Folha-1.webp\",\"contentUrl\":\"https:\\\/\\\/folhapopular.info\\\/wp-content\\\/uploads\\\/2026\\\/04\\\/Folha-1.webp\",\"caption\":\"Reda\u00e7\u00e3o Folha Popular\"},\"url\":\"https:\\\/\\\/folhapopular.info\\\/index.php\\\/author\\\/redacao\\\/\"}]}<\/script>\n<!-- \/ Yoast SEO plugin. -->","yoast_head_json":{"title":"Dois roubos acontecem em Teut\u00f4nia na tarde desta sexta-feira - Folha Popular","robots":{"index":"index","follow":"follow","max-snippet":"max-snippet:-1","max-image-preview":"max-image-preview:large","max-video-preview":"max-video-preview:-1"},"canonical":"https:\/\/folhapopular.info\/index.php\/2019\/07\/12\/dois-furtos-acontecem-em-teutonia-na-tarde-desta-sexta-feira\/","og_locale":"pt_BR","og_type":"article","og_title":"Dois roubos acontecem em Teut\u00f4nia na tarde desta sexta-feira - Folha Popular","og_description":"Dois roubos ocorreram na tarde desta sexta-feira (12\/07) em Teut\u00f4nia. O primeiro foi nas Lojas Certel, no Bairro Teut\u00f4nia, localizada na Rua Daltro Filho, por volta das 14h30. Dois indiv\u00edduos chegaram em uma motocicleta, armados, e levaram celulares e dinheiro. Eles fugiram pela Rua Maur\u00edcio Cardoso. Ningu\u00e9m ficou ferido. O segundo roubo foi pr\u00f3ximo ao [&hellip;]","og_url":"https:\/\/folhapopular.info\/index.php\/2019\/07\/12\/dois-furtos-acontecem-em-teutonia-na-tarde-desta-sexta-feira\/","og_site_name":"Folha Popular","article_published_time":"2019-07-12T20:26:48+00:00","article_modified_time":"2019-07-13T10:45:47+00:00","og_image":[{"width":800,"height":514,"url":"https:\/\/folhapopular.info\/wp-content\/uploads\/2017\/07\/Pol\u00edcia_SITE-e1544690850833.jpg","type":"image\/jpeg"}],"author":"Reda\u00e7\u00e3o Folha Popular","twitter_card":"summary_large_image","twitter_misc":{"Escrito por":"Reda\u00e7\u00e3o Folha Popular","Est. tempo de leitura":"1 minuto"},"schema":{"@context":"https:\/\/schema.org","@graph":[{"@type":"Article","@id":"https:\/\/folhapopular.info\/index.php\/2019\/07\/12\/dois-furtos-acontecem-em-teutonia-na-tarde-desta-sexta-feira\/#article","isPartOf":{"@id":"https:\/\/folhapopular.info\/index.php\/2019\/07\/12\/dois-furtos-acontecem-em-teutonia-na-tarde-desta-sexta-feira\/"},"author":{"name":"Reda\u00e7\u00e3o Folha Popular","@id":"https:\/\/folhapopular.info\/#\/schema\/person\/2814e8a0df7643585a9ca38bc6eb9d4b"},"headline":"Dois roubos acontecem em Teut\u00f4nia na tarde desta sexta-feira","datePublished":"2019-07-12T20:26:48+00:00","dateModified":"2019-07-13T10:45:47+00:00","mainEntityOfPage":{"@id":"https:\/\/folhapopular.info\/index.php\/2019\/07\/12\/dois-furtos-acontecem-em-teutonia-na-tarde-desta-sexta-feira\/"},"wordCount":144,"commentCount":0,"image":{"@id":"https:\/\/folhapopular.info\/index.php\/2019\/07\/12\/dois-furtos-acontecem-em-teutonia-na-tarde-desta-sexta-feira\/#primaryimage"},"thumbnailUrl":"https:\/\/folhapopular.info\/wp-content\/uploads\/2017\/07\/Pol\u00edcia_SITE-e1544690850833.jpg","keywords":["furto","Loja Certel","Lot\u00e9rica Canabarrense","Teut\u00f4nia","Via L\u00e1ctea"],"articleSection":["Destaques","Geral","Seguran\u00e7a"],"inLanguage":"pt-BR","potentialAction":[{"@type":"CommentAction","name":"Comment","target":["https:\/\/folhapopular.info\/index.php\/2019\/07\/12\/dois-furtos-acontecem-em-teutonia-na-tarde-desta-sexta-feira\/#respond"]}]},{"@type":"WebPage","@id":"https:\/\/folhapopular.info\/index.php\/2019\/07\/12\/dois-furtos-acontecem-em-teutonia-na-tarde-desta-sexta-feira\/","url":"https:\/\/folhapopular.info\/index.php\/2019\/07\/12\/dois-furtos-acontecem-em-teutonia-na-tarde-desta-sexta-feira\/","name":"Dois roubos acontecem em Teut\u00f4nia na tarde desta sexta-feira - Folha Popular","isPartOf":{"@id":"https:\/\/folhapopular.info\/#website"},"primaryImageOfPage":{"@id":"https:\/\/folhapopular.info\/index.php\/2019\/07\/12\/dois-furtos-acontecem-em-teutonia-na-tarde-desta-sexta-feira\/#primaryimage"},"image":{"@id":"https:\/\/folhapopular.info\/index.php\/2019\/07\/12\/dois-furtos-acontecem-em-teutonia-na-tarde-desta-sexta-feira\/#primaryimage"},"thumbnailUrl":"https:\/\/folhapopular.info\/wp-content\/uploads\/2017\/07\/Pol\u00edcia_SITE-e1544690850833.jpg","datePublished":"2019-07-12T20:26:48+00:00","dateModified":"2019-07-13T10:45:47+00:00","author":{"@id":"https:\/\/folhapopular.info\/#\/schema\/person\/2814e8a0df7643585a9ca38bc6eb9d4b"},"breadcrumb":{"@id":"https:\/\/folhapopular.info\/index.php\/2019\/07\/12\/dois-furtos-acontecem-em-teutonia-na-tarde-desta-sexta-feira\/#breadcrumb"},"inLanguage":"pt-BR","potentialAction":[{"@type":"ReadAction","target":["https:\/\/folhapopular.info\/index.php\/2019\/07\/12\/dois-furtos-acontecem-em-teutonia-na-tarde-desta-sexta-feira\/"]}]},{"@type":"ImageObject","inLanguage":"pt-BR","@id":"https:\/\/folhapopular.info\/index.php\/2019\/07\/12\/dois-furtos-acontecem-em-teutonia-na-tarde-desta-sexta-feira\/#primaryimage","url":"https:\/\/folhapopular.info\/wp-content\/uploads\/2017\/07\/Pol\u00edcia_SITE-e1544690850833.jpg","contentUrl":"https:\/\/folhapopular.info\/wp-content\/uploads\/2017\/07\/Pol\u00edcia_SITE-e1544690850833.jpg","width":800,"height":514},{"@type":"BreadcrumbList","@id":"https:\/\/folhapopular.info\/index.php\/2019\/07\/12\/dois-furtos-acontecem-em-teutonia-na-tarde-desta-sexta-feira\/#breadcrumb","itemListElement":[{"@type":"ListItem","position":1,"name":"In\u00edcio","item":"https:\/\/folhapopular.info\/"},{"@type":"ListItem","position":2,"name":"Dois roubos acontecem em Teut\u00f4nia na tarde desta sexta-feira"}]},{"@type":"WebSite","@id":"https:\/\/folhapopular.info\/#website","url":"https:\/\/folhapopular.info\/","name":"Folha Popular","description":"Onde voc\u00ea tem vez e voz","potentialAction":[{"@type":"SearchAction","target":{"@type":"EntryPoint","urlTemplate":"https:\/\/folhapopular.info\/?s={search_term_string}"},"query-input":{"@type":"PropertyValueSpecification","valueRequired":true,"valueName":"search_term_string"}}],"inLanguage":"pt-BR"},{"@type":"Person","@id":"https:\/\/folhapopular.info\/#\/schema\/person\/2814e8a0df7643585a9ca38bc6eb9d4b","name":"Reda\u00e7\u00e3o Folha Popular","image":{"@type":"ImageObject","inLanguage":"pt-BR","@id":"https:\/\/folhapopular.info\/wp-content\/uploads\/2026\/04\/Folha-1.webp","url":"https:\/\/folhapopular.info\/wp-content\/uploads\/2026\/04\/Folha-1.webp","contentUrl":"https:\/\/folhapopular.info\/wp-content\/uploads\/2026\/04\/Folha-1.webp","caption":"Reda\u00e7\u00e3o Folha Popular"},"url":"https:\/\/folhapopular.info\/index.php\/author\/redacao\/"}]}},"jetpack_featured_media_url":"https:\/\/folhapopular.info\/wp-content\/uploads\/2017\/07\/Pol\u00edcia_SITE-e1544690850833.jpg","jetpack_sharing_enabled":true,"amp_enabled":true,"_links":{"self":[{"href":"https:\/\/folhapopular.info\/index.php\/wp-json\/wp\/v2\/posts\/57177","targetHints":{"allow":["GET"]}}],"collection":[{"href":"https:\/\/folhapopular.info\/index.php\/wp-json\/wp\/v2\/posts"}],"about":[{"href":"https:\/\/folhapopular.info\/index.php\/wp-json\/wp\/v2\/types\/post"}],"author":[{"embeddable":true,"href":"https:\/\/folhapopular.info\/index.php\/wp-json\/wp\/v2\/users\/8"}],"replies":[{"embeddable":true,"href":"https:\/\/folhapopular.info\/index.php\/wp-json\/wp\/v2\/comments?post=57177"}],"version-history":[{"count":0,"href":"https:\/\/folhapopular.info\/index.php\/wp-json\/wp\/v2\/posts\/57177\/revisions"}],"wp:featuredmedia":[{"embeddable":true,"href":"https:\/\/folhapopular.info\/index.php\/wp-json\/wp\/v2\/media\/31970"}],"wp:attachment":[{"href":"https:\/\/folhapopular.info\/index.php\/wp-json\/wp\/v2\/media?parent=57177"}],"wp:term":[{"taxonomy":"category","embeddable":true,"href":"https:\/\/folhapopular.info\/index.php\/wp-json\/wp\/v2\/categories?post=57177"},{"taxonomy":"post_tag","embeddable":true,"href":"https:\/\/folhapopular.info\/index.php\/wp-json\/wp\/v2\/tags?post=57177"}],"curies":[{"name":"wp","href":"https:\/\/api.w.org\/{rel}","templated":true}]}}