{"id":57314,"date":"2019-07-19T18:17:41","date_gmt":"2019-07-19T21:17:41","guid":{"rendered":"http:\/\/folhapopular.info\/?p=57314"},"modified":"2019-07-19T18:17:56","modified_gmt":"2019-07-19T21:17:56","slug":"homem-e-preso-apos-perseguicao-policial-no-centro-de-lajeado","status":"publish","type":"post","link":"https:\/\/folhapopular.info\/index.php\/2019\/07\/19\/homem-e-preso-apos-perseguicao-policial-no-centro-de-lajeado\/","title":{"rendered":"Homem \u00e9 preso ap\u00f3s persegui\u00e7\u00e3o policial no centro de Lajeado"},"content":{"rendered":"\n<p>Um jovem de 18 anos foi preso por tr\u00e1fico de drogas e les\u00e3o corporal culposa ap\u00f3s persegui\u00e7\u00e3o policial na tarde desta sexta-feira (19\/07), em Lajeado. Foi por volta das 10h50min, no Centro da cidade. Conforme a Brigada Militar, durante patrulhamento na Rua Silva Jardim, pr\u00f3ximo ao mercado Rede Super, a guarni\u00e7\u00e3o avistou uma motocicleta Biz com dois indiv\u00edduos. Os policiais deram ordem de parada e o condutor da moto iniciou fuga. Na sinaleira com a Rua Jo\u00e3o Abot, ele tentou ultrapassar um ve\u00edculo, pela contram\u00e3o, vindo a colidir frontalmente com ele. O ve\u00edculo ainda colidiu com a viatura da BM. Os policiais conseguiram parar os indiv\u00edduos. Em revista \u00e0 moto, encontraram coca\u00edna, maconha, uma balan\u00e7a de precis\u00e3o e quatro pinos de droga vazios. Um dos indiv\u00edduos assumiu que o material era seu. Ele foi preso e encaminhado \u00e0 Delegacia de Pol\u00edcia de Pronto Atendimento (DPPA). Ele j\u00e1 possui antecedentes por tr\u00e1fico de drogas, disparo de arma de fogo e estupro de vulner\u00e1vel.<\/p>\n","protected":false},"excerpt":{"rendered":"<p>Um jovem de 18 anos foi preso por tr\u00e1fico de drogas e les\u00e3o corporal culposa ap\u00f3s persegui\u00e7\u00e3o policial na tarde desta sexta-feira (19\/07), em Lajeado. Foi por volta das 10h50min, no Centro da cidade. Conforme a Brigada Militar, durante patrulhamento na Rua Silva Jardim, pr\u00f3ximo ao mercado Rede Super, a guarni\u00e7\u00e3o avistou uma motocicleta Biz [&hellip;]<\/p>\n","protected":false},"author":8,"featured_media":57315,"comment_status":"open","ping_status":"open","sticky":false,"template":"","format":"standard","meta":{"pmpro_default_level":"","_jetpack_memberships_contains_paid_content":false,"footnotes":""},"categories":[2,3,7],"tags":[27,1534],"class_list":{"0":"post-57314","1":"post","2":"type-post","3":"status-publish","4":"format-standard","5":"has-post-thumbnail","7":"category-featured","8":"category-geral","9":"category-seguranca","10":"tag-lajeado","11":"tag-perseguicao","12":"pmpro-has-access"},"yoast_head":"<!-- This site is optimized with the Yoast SEO plugin v27.5 - https:\/\/yoast.com\/product\/yoast-seo-wordpress\/ -->\n<title>Homem \u00e9 preso ap\u00f3s persegui\u00e7\u00e3o policial no centro de Lajeado - Folha Popular<\/title>\n<meta name=\"robots\" content=\"index, follow, max-snippet:-1, max-image-preview:large, max-video-preview:-1\" \/>\n<link rel=\"canonical\" href=\"https:\/\/folhapopular.info\/index.php\/2019\/07\/19\/homem-e-preso-apos-perseguicao-policial-no-centro-de-lajeado\/\" \/>\n<meta property=\"og:locale\" content=\"pt_BR\" \/>\n<meta property=\"og:type\" content=\"article\" \/>\n<meta property=\"og:title\" content=\"Homem \u00e9 preso ap\u00f3s persegui\u00e7\u00e3o policial no centro de Lajeado - Folha Popular\" \/>\n<meta property=\"og:description\" content=\"Um jovem de 18 anos foi preso por tr\u00e1fico de drogas e les\u00e3o corporal culposa ap\u00f3s persegui\u00e7\u00e3o policial na tarde desta sexta-feira (19\/07), em Lajeado. Foi por volta das 10h50min, no Centro da cidade. Conforme a Brigada Militar, durante patrulhamento na Rua Silva Jardim, pr\u00f3ximo ao mercado Rede Super, a guarni\u00e7\u00e3o avistou uma motocicleta Biz [&hellip;]\" \/>\n<meta property=\"og:url\" content=\"https:\/\/folhapopular.info\/index.php\/2019\/07\/19\/homem-e-preso-apos-perseguicao-policial-no-centro-de-lajeado\/\" \/>\n<meta property=\"og:site_name\" content=\"Folha Popular\" \/>\n<meta property=\"article:published_time\" content=\"2019-07-19T21:17:41+00:00\" \/>\n<meta property=\"article:modified_time\" content=\"2019-07-19T21:17:56+00:00\" \/>\n<meta property=\"og:image\" content=\"https:\/\/folhapopular.info\/wp-content\/uploads\/2019\/07\/WhatsApp-Image-2019-07-19-at-18.00.25-e1563570969372.jpeg\" \/>\n\t<meta property=\"og:image:width\" content=\"450\" \/>\n\t<meta property=\"og:image:height\" content=\"800\" \/>\n\t<meta property=\"og:image:type\" content=\"image\/jpeg\" \/>\n<meta name=\"author\" content=\"Reda\u00e7\u00e3o Folha Popular\" \/>\n<meta name=\"twitter:card\" content=\"summary_large_image\" \/>\n<meta name=\"twitter:label1\" content=\"Escrito por\" \/>\n\t<meta name=\"twitter:data1\" content=\"Reda\u00e7\u00e3o Folha Popular\" \/>\n\t<meta name=\"twitter:label2\" content=\"Est. tempo de leitura\" \/>\n\t<meta name=\"twitter:data2\" content=\"1 minuto\" \/>\n<script type=\"application\/ld+json\" class=\"yoast-schema-graph\">{\"@context\":\"https:\\\/\\\/schema.org\",\"@graph\":[{\"@type\":\"Article\",\"@id\":\"https:\\\/\\\/folhapopular.info\\\/index.php\\\/2019\\\/07\\\/19\\\/homem-e-preso-apos-perseguicao-policial-no-centro-de-lajeado\\\/#article\",\"isPartOf\":{\"@id\":\"https:\\\/\\\/folhapopular.info\\\/index.php\\\/2019\\\/07\\\/19\\\/homem-e-preso-apos-perseguicao-policial-no-centro-de-lajeado\\\/\"},\"author\":{\"name\":\"Reda\u00e7\u00e3o Folha Popular\",\"@id\":\"https:\\\/\\\/folhapopular.info\\\/#\\\/schema\\\/person\\\/2814e8a0df7643585a9ca38bc6eb9d4b\"},\"headline\":\"Homem \u00e9 preso ap\u00f3s persegui\u00e7\u00e3o policial no centro de Lajeado\",\"datePublished\":\"2019-07-19T21:17:41+00:00\",\"dateModified\":\"2019-07-19T21:17:56+00:00\",\"mainEntityOfPage\":{\"@id\":\"https:\\\/\\\/folhapopular.info\\\/index.php\\\/2019\\\/07\\\/19\\\/homem-e-preso-apos-perseguicao-policial-no-centro-de-lajeado\\\/\"},\"wordCount\":189,\"commentCount\":0,\"image\":{\"@id\":\"https:\\\/\\\/folhapopular.info\\\/index.php\\\/2019\\\/07\\\/19\\\/homem-e-preso-apos-perseguicao-policial-no-centro-de-lajeado\\\/#primaryimage\"},\"thumbnailUrl\":\"https:\\\/\\\/folhapopular.info\\\/wp-content\\\/uploads\\\/2019\\\/07\\\/WhatsApp-Image-2019-07-19-at-18.00.25-e1563570969372.jpeg\",\"keywords\":[\"Lajeado\",\"persegui\u00e7\u00e3o\"],\"articleSection\":[\"Destaques\",\"Geral\",\"Seguran\u00e7a\"],\"inLanguage\":\"pt-BR\",\"potentialAction\":[{\"@type\":\"CommentAction\",\"name\":\"Comment\",\"target\":[\"https:\\\/\\\/folhapopular.info\\\/index.php\\\/2019\\\/07\\\/19\\\/homem-e-preso-apos-perseguicao-policial-no-centro-de-lajeado\\\/#respond\"]}]},{\"@type\":\"WebPage\",\"@id\":\"https:\\\/\\\/folhapopular.info\\\/index.php\\\/2019\\\/07\\\/19\\\/homem-e-preso-apos-perseguicao-policial-no-centro-de-lajeado\\\/\",\"url\":\"https:\\\/\\\/folhapopular.info\\\/index.php\\\/2019\\\/07\\\/19\\\/homem-e-preso-apos-perseguicao-policial-no-centro-de-lajeado\\\/\",\"name\":\"Homem \u00e9 preso ap\u00f3s persegui\u00e7\u00e3o policial no centro de Lajeado - Folha Popular\",\"isPartOf\":{\"@id\":\"https:\\\/\\\/folhapopular.info\\\/#website\"},\"primaryImageOfPage\":{\"@id\":\"https:\\\/\\\/folhapopular.info\\\/index.php\\\/2019\\\/07\\\/19\\\/homem-e-preso-apos-perseguicao-policial-no-centro-de-lajeado\\\/#primaryimage\"},\"image\":{\"@id\":\"https:\\\/\\\/folhapopular.info\\\/index.php\\\/2019\\\/07\\\/19\\\/homem-e-preso-apos-perseguicao-policial-no-centro-de-lajeado\\\/#primaryimage\"},\"thumbnailUrl\":\"https:\\\/\\\/folhapopular.info\\\/wp-content\\\/uploads\\\/2019\\\/07\\\/WhatsApp-Image-2019-07-19-at-18.00.25-e1563570969372.jpeg\",\"datePublished\":\"2019-07-19T21:17:41+00:00\",\"dateModified\":\"2019-07-19T21:17:56+00:00\",\"author\":{\"@id\":\"https:\\\/\\\/folhapopular.info\\\/#\\\/schema\\\/person\\\/2814e8a0df7643585a9ca38bc6eb9d4b\"},\"breadcrumb\":{\"@id\":\"https:\\\/\\\/folhapopular.info\\\/index.php\\\/2019\\\/07\\\/19\\\/homem-e-preso-apos-perseguicao-policial-no-centro-de-lajeado\\\/#breadcrumb\"},\"inLanguage\":\"pt-BR\",\"potentialAction\":[{\"@type\":\"ReadAction\",\"target\":[\"https:\\\/\\\/folhapopular.info\\\/index.php\\\/2019\\\/07\\\/19\\\/homem-e-preso-apos-perseguicao-policial-no-centro-de-lajeado\\\/\"]}]},{\"@type\":\"ImageObject\",\"inLanguage\":\"pt-BR\",\"@id\":\"https:\\\/\\\/folhapopular.info\\\/index.php\\\/2019\\\/07\\\/19\\\/homem-e-preso-apos-perseguicao-policial-no-centro-de-lajeado\\\/#primaryimage\",\"url\":\"https:\\\/\\\/folhapopular.info\\\/wp-content\\\/uploads\\\/2019\\\/07\\\/WhatsApp-Image-2019-07-19-at-18.00.25-e1563570969372.jpeg\",\"contentUrl\":\"https:\\\/\\\/folhapopular.info\\\/wp-content\\\/uploads\\\/2019\\\/07\\\/WhatsApp-Image-2019-07-19-at-18.00.25-e1563570969372.jpeg\",\"width\":450,\"height\":800},{\"@type\":\"BreadcrumbList\",\"@id\":\"https:\\\/\\\/folhapopular.info\\\/index.php\\\/2019\\\/07\\\/19\\\/homem-e-preso-apos-perseguicao-policial-no-centro-de-lajeado\\\/#breadcrumb\",\"itemListElement\":[{\"@type\":\"ListItem\",\"position\":1,\"name\":\"In\u00edcio\",\"item\":\"https:\\\/\\\/folhapopular.info\\\/\"},{\"@type\":\"ListItem\",\"position\":2,\"name\":\"Homem \u00e9 preso ap\u00f3s persegui\u00e7\u00e3o policial no centro de Lajeado\"}]},{\"@type\":\"WebSite\",\"@id\":\"https:\\\/\\\/folhapopular.info\\\/#website\",\"url\":\"https:\\\/\\\/folhapopular.info\\\/\",\"name\":\"Folha Popular\",\"description\":\"Onde voc\u00ea tem vez e voz\",\"potentialAction\":[{\"@type\":\"SearchAction\",\"target\":{\"@type\":\"EntryPoint\",\"urlTemplate\":\"https:\\\/\\\/folhapopular.info\\\/?s={search_term_string}\"},\"query-input\":{\"@type\":\"PropertyValueSpecification\",\"valueRequired\":true,\"valueName\":\"search_term_string\"}}],\"inLanguage\":\"pt-BR\"},{\"@type\":\"Person\",\"@id\":\"https:\\\/\\\/folhapopular.info\\\/#\\\/schema\\\/person\\\/2814e8a0df7643585a9ca38bc6eb9d4b\",\"name\":\"Reda\u00e7\u00e3o Folha Popular\",\"image\":{\"@type\":\"ImageObject\",\"inLanguage\":\"pt-BR\",\"@id\":\"https:\\\/\\\/folhapopular.info\\\/wp-content\\\/uploads\\\/2026\\\/04\\\/Folha-1.webp\",\"url\":\"https:\\\/\\\/folhapopular.info\\\/wp-content\\\/uploads\\\/2026\\\/04\\\/Folha-1.webp\",\"contentUrl\":\"https:\\\/\\\/folhapopular.info\\\/wp-content\\\/uploads\\\/2026\\\/04\\\/Folha-1.webp\",\"caption\":\"Reda\u00e7\u00e3o Folha Popular\"},\"url\":\"https:\\\/\\\/folhapopular.info\\\/index.php\\\/author\\\/redacao\\\/\"}]}<\/script>\n<!-- \/ Yoast SEO plugin. -->","yoast_head_json":{"title":"Homem \u00e9 preso ap\u00f3s persegui\u00e7\u00e3o policial no centro de Lajeado - Folha Popular","robots":{"index":"index","follow":"follow","max-snippet":"max-snippet:-1","max-image-preview":"max-image-preview:large","max-video-preview":"max-video-preview:-1"},"canonical":"https:\/\/folhapopular.info\/index.php\/2019\/07\/19\/homem-e-preso-apos-perseguicao-policial-no-centro-de-lajeado\/","og_locale":"pt_BR","og_type":"article","og_title":"Homem \u00e9 preso ap\u00f3s persegui\u00e7\u00e3o policial no centro de Lajeado - Folha Popular","og_description":"Um jovem de 18 anos foi preso por tr\u00e1fico de drogas e les\u00e3o corporal culposa ap\u00f3s persegui\u00e7\u00e3o policial na tarde desta sexta-feira (19\/07), em Lajeado. Foi por volta das 10h50min, no Centro da cidade. Conforme a Brigada Militar, durante patrulhamento na Rua Silva Jardim, pr\u00f3ximo ao mercado Rede Super, a guarni\u00e7\u00e3o avistou uma motocicleta Biz [&hellip;]","og_url":"https:\/\/folhapopular.info\/index.php\/2019\/07\/19\/homem-e-preso-apos-perseguicao-policial-no-centro-de-lajeado\/","og_site_name":"Folha Popular","article_published_time":"2019-07-19T21:17:41+00:00","article_modified_time":"2019-07-19T21:17:56+00:00","og_image":[{"width":450,"height":800,"url":"https:\/\/folhapopular.info\/wp-content\/uploads\/2019\/07\/WhatsApp-Image-2019-07-19-at-18.00.25-e1563570969372.jpeg","type":"image\/jpeg"}],"author":"Reda\u00e7\u00e3o Folha Popular","twitter_card":"summary_large_image","twitter_misc":{"Escrito por":"Reda\u00e7\u00e3o Folha Popular","Est. tempo de leitura":"1 minuto"},"schema":{"@context":"https:\/\/schema.org","@graph":[{"@type":"Article","@id":"https:\/\/folhapopular.info\/index.php\/2019\/07\/19\/homem-e-preso-apos-perseguicao-policial-no-centro-de-lajeado\/#article","isPartOf":{"@id":"https:\/\/folhapopular.info\/index.php\/2019\/07\/19\/homem-e-preso-apos-perseguicao-policial-no-centro-de-lajeado\/"},"author":{"name":"Reda\u00e7\u00e3o Folha Popular","@id":"https:\/\/folhapopular.info\/#\/schema\/person\/2814e8a0df7643585a9ca38bc6eb9d4b"},"headline":"Homem \u00e9 preso ap\u00f3s persegui\u00e7\u00e3o policial no centro de Lajeado","datePublished":"2019-07-19T21:17:41+00:00","dateModified":"2019-07-19T21:17:56+00:00","mainEntityOfPage":{"@id":"https:\/\/folhapopular.info\/index.php\/2019\/07\/19\/homem-e-preso-apos-perseguicao-policial-no-centro-de-lajeado\/"},"wordCount":189,"commentCount":0,"image":{"@id":"https:\/\/folhapopular.info\/index.php\/2019\/07\/19\/homem-e-preso-apos-perseguicao-policial-no-centro-de-lajeado\/#primaryimage"},"thumbnailUrl":"https:\/\/folhapopular.info\/wp-content\/uploads\/2019\/07\/WhatsApp-Image-2019-07-19-at-18.00.25-e1563570969372.jpeg","keywords":["Lajeado","persegui\u00e7\u00e3o"],"articleSection":["Destaques","Geral","Seguran\u00e7a"],"inLanguage":"pt-BR","potentialAction":[{"@type":"CommentAction","name":"Comment","target":["https:\/\/folhapopular.info\/index.php\/2019\/07\/19\/homem-e-preso-apos-perseguicao-policial-no-centro-de-lajeado\/#respond"]}]},{"@type":"WebPage","@id":"https:\/\/folhapopular.info\/index.php\/2019\/07\/19\/homem-e-preso-apos-perseguicao-policial-no-centro-de-lajeado\/","url":"https:\/\/folhapopular.info\/index.php\/2019\/07\/19\/homem-e-preso-apos-perseguicao-policial-no-centro-de-lajeado\/","name":"Homem \u00e9 preso ap\u00f3s persegui\u00e7\u00e3o policial no centro de Lajeado - Folha Popular","isPartOf":{"@id":"https:\/\/folhapopular.info\/#website"},"primaryImageOfPage":{"@id":"https:\/\/folhapopular.info\/index.php\/2019\/07\/19\/homem-e-preso-apos-perseguicao-policial-no-centro-de-lajeado\/#primaryimage"},"image":{"@id":"https:\/\/folhapopular.info\/index.php\/2019\/07\/19\/homem-e-preso-apos-perseguicao-policial-no-centro-de-lajeado\/#primaryimage"},"thumbnailUrl":"https:\/\/folhapopular.info\/wp-content\/uploads\/2019\/07\/WhatsApp-Image-2019-07-19-at-18.00.25-e1563570969372.jpeg","datePublished":"2019-07-19T21:17:41+00:00","dateModified":"2019-07-19T21:17:56+00:00","author":{"@id":"https:\/\/folhapopular.info\/#\/schema\/person\/2814e8a0df7643585a9ca38bc6eb9d4b"},"breadcrumb":{"@id":"https:\/\/folhapopular.info\/index.php\/2019\/07\/19\/homem-e-preso-apos-perseguicao-policial-no-centro-de-lajeado\/#breadcrumb"},"inLanguage":"pt-BR","potentialAction":[{"@type":"ReadAction","target":["https:\/\/folhapopular.info\/index.php\/2019\/07\/19\/homem-e-preso-apos-perseguicao-policial-no-centro-de-lajeado\/"]}]},{"@type":"ImageObject","inLanguage":"pt-BR","@id":"https:\/\/folhapopular.info\/index.php\/2019\/07\/19\/homem-e-preso-apos-perseguicao-policial-no-centro-de-lajeado\/#primaryimage","url":"https:\/\/folhapopular.info\/wp-content\/uploads\/2019\/07\/WhatsApp-Image-2019-07-19-at-18.00.25-e1563570969372.jpeg","contentUrl":"https:\/\/folhapopular.info\/wp-content\/uploads\/2019\/07\/WhatsApp-Image-2019-07-19-at-18.00.25-e1563570969372.jpeg","width":450,"height":800},{"@type":"BreadcrumbList","@id":"https:\/\/folhapopular.info\/index.php\/2019\/07\/19\/homem-e-preso-apos-perseguicao-policial-no-centro-de-lajeado\/#breadcrumb","itemListElement":[{"@type":"ListItem","position":1,"name":"In\u00edcio","item":"https:\/\/folhapopular.info\/"},{"@type":"ListItem","position":2,"name":"Homem \u00e9 preso ap\u00f3s persegui\u00e7\u00e3o policial no centro de Lajeado"}]},{"@type":"WebSite","@id":"https:\/\/folhapopular.info\/#website","url":"https:\/\/folhapopular.info\/","name":"Folha Popular","description":"Onde voc\u00ea tem vez e voz","potentialAction":[{"@type":"SearchAction","target":{"@type":"EntryPoint","urlTemplate":"https:\/\/folhapopular.info\/?s={search_term_string}"},"query-input":{"@type":"PropertyValueSpecification","valueRequired":true,"valueName":"search_term_string"}}],"inLanguage":"pt-BR"},{"@type":"Person","@id":"https:\/\/folhapopular.info\/#\/schema\/person\/2814e8a0df7643585a9ca38bc6eb9d4b","name":"Reda\u00e7\u00e3o Folha Popular","image":{"@type":"ImageObject","inLanguage":"pt-BR","@id":"https:\/\/folhapopular.info\/wp-content\/uploads\/2026\/04\/Folha-1.webp","url":"https:\/\/folhapopular.info\/wp-content\/uploads\/2026\/04\/Folha-1.webp","contentUrl":"https:\/\/folhapopular.info\/wp-content\/uploads\/2026\/04\/Folha-1.webp","caption":"Reda\u00e7\u00e3o Folha Popular"},"url":"https:\/\/folhapopular.info\/index.php\/author\/redacao\/"}]}},"jetpack_featured_media_url":"https:\/\/folhapopular.info\/wp-content\/uploads\/2019\/07\/WhatsApp-Image-2019-07-19-at-18.00.25-e1563570969372.jpeg","jetpack_sharing_enabled":true,"amp_enabled":true,"_links":{"self":[{"href":"https:\/\/folhapopular.info\/index.php\/wp-json\/wp\/v2\/posts\/57314","targetHints":{"allow":["GET"]}}],"collection":[{"href":"https:\/\/folhapopular.info\/index.php\/wp-json\/wp\/v2\/posts"}],"about":[{"href":"https:\/\/folhapopular.info\/index.php\/wp-json\/wp\/v2\/types\/post"}],"author":[{"embeddable":true,"href":"https:\/\/folhapopular.info\/index.php\/wp-json\/wp\/v2\/users\/8"}],"replies":[{"embeddable":true,"href":"https:\/\/folhapopular.info\/index.php\/wp-json\/wp\/v2\/comments?post=57314"}],"version-history":[{"count":0,"href":"https:\/\/folhapopular.info\/index.php\/wp-json\/wp\/v2\/posts\/57314\/revisions"}],"wp:featuredmedia":[{"embeddable":true,"href":"https:\/\/folhapopular.info\/index.php\/wp-json\/wp\/v2\/media\/57315"}],"wp:attachment":[{"href":"https:\/\/folhapopular.info\/index.php\/wp-json\/wp\/v2\/media?parent=57314"}],"wp:term":[{"taxonomy":"category","embeddable":true,"href":"https:\/\/folhapopular.info\/index.php\/wp-json\/wp\/v2\/categories?post=57314"},{"taxonomy":"post_tag","embeddable":true,"href":"https:\/\/folhapopular.info\/index.php\/wp-json\/wp\/v2\/tags?post=57314"}],"curies":[{"name":"wp","href":"https:\/\/api.w.org\/{rel}","templated":true}]}}