{"id":57546,"date":"2019-08-01T09:14:50","date_gmt":"2019-08-01T12:14:50","guid":{"rendered":"http:\/\/folhapopular.info\/?p=57546"},"modified":"2019-08-01T09:14:54","modified_gmt":"2019-08-01T12:14:54","slug":"garibaldi-tera-representante-no-miss-rs-latina-2019-neste-final-de-semana","status":"publish","type":"post","link":"https:\/\/folhapopular.info\/index.php\/2019\/08\/01\/garibaldi-tera-representante-no-miss-rs-latina-2019-neste-final-de-semana\/","title":{"rendered":"Garibaldi ter\u00e1 representante no Miss RS Latina 2019 neste final de semana"},"content":{"rendered":"\n<p>Nesta sexta-feira (02\/08) e s\u00e1bado (03\/08), a Miss Rio Grande do Sul Latina ser\u00e1 escolhida em Canoas e o munic\u00edpio de Garibaldi contar\u00e1 com uma representante no concurso: a modelo Larissa Colassiol Furlanetto (21), que ajusta os \u00faltimos detalhes para a participa\u00e7\u00e3o.<\/p>\n\n\n\n<p>Ap\u00f3s sete meses de prepara\u00e7\u00e3o, ela conta que est\u00e1 ansiosa para viver as emo\u00e7\u00f5es deste final de semana. \u201cEstes \u00faltimos dias antes do concurso s\u00e3o de prepara\u00e7\u00e3o mais intensa, pois h\u00e1 todos os crit\u00e9rios avaliados pelos jurados para se pensar\u201d, afirma ela. \u201cAl\u00e9m da beleza, eles analisam a dic\u00e7\u00e3o, orat\u00f3ria e eleg\u00e2ncia das participantes\u201d, acrescenta.<\/p>\n\n\n\n<p>Larissa avalia o aprendizado como maior experi\u00eancia proporcionado pela participa\u00e7\u00e3o no resultado, independentemente do resultado. \u201cAs parcerias criadas e os desafios nos fazem crescer como pessoas. Acima do t\u00edtulo, o mais gratificante \u00e9 ter o reconhecimento e o carinho das pessoas\u201d, conta.<\/p>\n\n\n\n<p>Segue aberta at\u00e9 sexta-feira a vota\u00e7\u00e3o popular que levar\u00e1 uma candidata diretamente ao TOP 15 do concurso, pelo site&nbsp;<a href=\"https:\/\/missrslatina.com\/2019\/07\/12\/votacao-popular-coloca-uma-latina-no-top-15\/?fbclid=IwAR1SYMFp70Vm5RVZcOEFHThn1kx_9Tn8pD3sHYWvZbWeVJxD0ZUZTlrerC4\" target=\"_blank\" rel=\"noreferrer noopener\">https:\/\/missrslatina.com\/2019\/07\/12\/votacao-popular-coloca-uma-latina-no-top-15\/?fbclid=IwAR1SYMFp70Vm5RVZcOEFHThn1kx_9Tn8pD3sHYWvZbWeVJxD0ZUZTlrerC4<\/a>.<\/p>\n\n\n\n<p>Caso conquiste a coroa, ela representar\u00e1 o Estado na etapa nacional, o Miss Brasil Latina, que ocorrer\u00e1 em Pernambuco. A escolha pode ser acompanhada pelas redes sociais do concurso no Facebook (Miss Rio Grande do Sul Latina) e Instagram (@missrslatina).<\/p>\n","protected":false},"excerpt":{"rendered":"<p>Nesta sexta-feira (02\/08) e s\u00e1bado (03\/08), a Miss Rio Grande do Sul Latina ser\u00e1 escolhida em Canoas e o munic\u00edpio de Garibaldi contar\u00e1 com uma representante no concurso: a modelo Larissa Colassiol Furlanetto (21), que ajusta os \u00faltimos detalhes para a participa\u00e7\u00e3o. Ap\u00f3s sete meses de prepara\u00e7\u00e3o, ela conta que est\u00e1 ansiosa para viver as [&hellip;]<\/p>\n","protected":false},"author":8,"featured_media":57547,"comment_status":"open","ping_status":"open","sticky":false,"template":"","format":"standard","meta":{"pmpro_default_level":"","_jetpack_memberships_contains_paid_content":false,"footnotes":""},"categories":[2,3],"tags":[28,4867],"class_list":{"0":"post-57546","1":"post","2":"type-post","3":"status-publish","4":"format-standard","5":"has-post-thumbnail","7":"category-featured","8":"category-geral","9":"tag-garibaldi","10":"tag-miss-rs-latina-2019","11":"pmpro-has-access"},"yoast_head":"<!-- This site is optimized with the Yoast SEO plugin v27.5 - https:\/\/yoast.com\/product\/yoast-seo-wordpress\/ -->\n<title>Garibaldi ter\u00e1 representante no Miss RS Latina 2019 neste final de semana - Folha Popular<\/title>\n<meta name=\"robots\" content=\"index, follow, max-snippet:-1, max-image-preview:large, max-video-preview:-1\" \/>\n<link rel=\"canonical\" href=\"https:\/\/folhapopular.info\/index.php\/2019\/08\/01\/garibaldi-tera-representante-no-miss-rs-latina-2019-neste-final-de-semana\/\" \/>\n<meta property=\"og:locale\" content=\"pt_BR\" \/>\n<meta property=\"og:type\" content=\"article\" \/>\n<meta property=\"og:title\" content=\"Garibaldi ter\u00e1 representante no Miss RS Latina 2019 neste final de semana - Folha Popular\" \/>\n<meta property=\"og:description\" content=\"Nesta sexta-feira (02\/08) e s\u00e1bado (03\/08), a Miss Rio Grande do Sul Latina ser\u00e1 escolhida em Canoas e o munic\u00edpio de Garibaldi contar\u00e1 com uma representante no concurso: a modelo Larissa Colassiol Furlanetto (21), que ajusta os \u00faltimos detalhes para a participa\u00e7\u00e3o. Ap\u00f3s sete meses de prepara\u00e7\u00e3o, ela conta que est\u00e1 ansiosa para viver as [&hellip;]\" \/>\n<meta property=\"og:url\" content=\"https:\/\/folhapopular.info\/index.php\/2019\/08\/01\/garibaldi-tera-representante-no-miss-rs-latina-2019-neste-final-de-semana\/\" \/>\n<meta property=\"og:site_name\" content=\"Folha Popular\" \/>\n<meta property=\"article:published_time\" content=\"2019-08-01T12:14:50+00:00\" \/>\n<meta property=\"article:modified_time\" content=\"2019-08-01T12:14:54+00:00\" \/>\n<meta property=\"og:image\" content=\"https:\/\/folhapopular.info\/wp-content\/uploads\/2019\/08\/Larissa-Furlanetto-Thiago-Silva-5-e1564661494908.jpg\" \/>\n\t<meta property=\"og:image:width\" content=\"800\" \/>\n\t<meta property=\"og:image:height\" content=\"533\" \/>\n\t<meta property=\"og:image:type\" content=\"image\/jpeg\" \/>\n<meta name=\"author\" content=\"Reda\u00e7\u00e3o Folha Popular\" \/>\n<meta name=\"twitter:card\" content=\"summary_large_image\" \/>\n<meta name=\"twitter:label1\" content=\"Escrito por\" \/>\n\t<meta name=\"twitter:data1\" content=\"Reda\u00e7\u00e3o Folha Popular\" \/>\n\t<meta name=\"twitter:label2\" content=\"Est. tempo de leitura\" \/>\n\t<meta name=\"twitter:data2\" content=\"1 minuto\" \/>\n<script type=\"application\/ld+json\" class=\"yoast-schema-graph\">{\"@context\":\"https:\\\/\\\/schema.org\",\"@graph\":[{\"@type\":\"Article\",\"@id\":\"https:\\\/\\\/folhapopular.info\\\/index.php\\\/2019\\\/08\\\/01\\\/garibaldi-tera-representante-no-miss-rs-latina-2019-neste-final-de-semana\\\/#article\",\"isPartOf\":{\"@id\":\"https:\\\/\\\/folhapopular.info\\\/index.php\\\/2019\\\/08\\\/01\\\/garibaldi-tera-representante-no-miss-rs-latina-2019-neste-final-de-semana\\\/\"},\"author\":{\"name\":\"Reda\u00e7\u00e3o Folha Popular\",\"@id\":\"https:\\\/\\\/folhapopular.info\\\/#\\\/schema\\\/person\\\/2814e8a0df7643585a9ca38bc6eb9d4b\"},\"headline\":\"Garibaldi ter\u00e1 representante no Miss RS Latina 2019 neste final de semana\",\"datePublished\":\"2019-08-01T12:14:50+00:00\",\"dateModified\":\"2019-08-01T12:14:54+00:00\",\"mainEntityOfPage\":{\"@id\":\"https:\\\/\\\/folhapopular.info\\\/index.php\\\/2019\\\/08\\\/01\\\/garibaldi-tera-representante-no-miss-rs-latina-2019-neste-final-de-semana\\\/\"},\"wordCount\":236,\"commentCount\":0,\"image\":{\"@id\":\"https:\\\/\\\/folhapopular.info\\\/index.php\\\/2019\\\/08\\\/01\\\/garibaldi-tera-representante-no-miss-rs-latina-2019-neste-final-de-semana\\\/#primaryimage\"},\"thumbnailUrl\":\"https:\\\/\\\/folhapopular.info\\\/wp-content\\\/uploads\\\/2019\\\/08\\\/Larissa-Furlanetto-Thiago-Silva-5-e1564661494908.jpg\",\"keywords\":[\"Garibaldi\",\"Miss RS Latina 2019\"],\"articleSection\":[\"Destaques\",\"Geral\"],\"inLanguage\":\"pt-BR\",\"potentialAction\":[{\"@type\":\"CommentAction\",\"name\":\"Comment\",\"target\":[\"https:\\\/\\\/folhapopular.info\\\/index.php\\\/2019\\\/08\\\/01\\\/garibaldi-tera-representante-no-miss-rs-latina-2019-neste-final-de-semana\\\/#respond\"]}]},{\"@type\":\"WebPage\",\"@id\":\"https:\\\/\\\/folhapopular.info\\\/index.php\\\/2019\\\/08\\\/01\\\/garibaldi-tera-representante-no-miss-rs-latina-2019-neste-final-de-semana\\\/\",\"url\":\"https:\\\/\\\/folhapopular.info\\\/index.php\\\/2019\\\/08\\\/01\\\/garibaldi-tera-representante-no-miss-rs-latina-2019-neste-final-de-semana\\\/\",\"name\":\"Garibaldi ter\u00e1 representante no Miss RS Latina 2019 neste final de semana - Folha Popular\",\"isPartOf\":{\"@id\":\"https:\\\/\\\/folhapopular.info\\\/#website\"},\"primaryImageOfPage\":{\"@id\":\"https:\\\/\\\/folhapopular.info\\\/index.php\\\/2019\\\/08\\\/01\\\/garibaldi-tera-representante-no-miss-rs-latina-2019-neste-final-de-semana\\\/#primaryimage\"},\"image\":{\"@id\":\"https:\\\/\\\/folhapopular.info\\\/index.php\\\/2019\\\/08\\\/01\\\/garibaldi-tera-representante-no-miss-rs-latina-2019-neste-final-de-semana\\\/#primaryimage\"},\"thumbnailUrl\":\"https:\\\/\\\/folhapopular.info\\\/wp-content\\\/uploads\\\/2019\\\/08\\\/Larissa-Furlanetto-Thiago-Silva-5-e1564661494908.jpg\",\"datePublished\":\"2019-08-01T12:14:50+00:00\",\"dateModified\":\"2019-08-01T12:14:54+00:00\",\"author\":{\"@id\":\"https:\\\/\\\/folhapopular.info\\\/#\\\/schema\\\/person\\\/2814e8a0df7643585a9ca38bc6eb9d4b\"},\"breadcrumb\":{\"@id\":\"https:\\\/\\\/folhapopular.info\\\/index.php\\\/2019\\\/08\\\/01\\\/garibaldi-tera-representante-no-miss-rs-latina-2019-neste-final-de-semana\\\/#breadcrumb\"},\"inLanguage\":\"pt-BR\",\"potentialAction\":[{\"@type\":\"ReadAction\",\"target\":[\"https:\\\/\\\/folhapopular.info\\\/index.php\\\/2019\\\/08\\\/01\\\/garibaldi-tera-representante-no-miss-rs-latina-2019-neste-final-de-semana\\\/\"]}]},{\"@type\":\"ImageObject\",\"inLanguage\":\"pt-BR\",\"@id\":\"https:\\\/\\\/folhapopular.info\\\/index.php\\\/2019\\\/08\\\/01\\\/garibaldi-tera-representante-no-miss-rs-latina-2019-neste-final-de-semana\\\/#primaryimage\",\"url\":\"https:\\\/\\\/folhapopular.info\\\/wp-content\\\/uploads\\\/2019\\\/08\\\/Larissa-Furlanetto-Thiago-Silva-5-e1564661494908.jpg\",\"contentUrl\":\"https:\\\/\\\/folhapopular.info\\\/wp-content\\\/uploads\\\/2019\\\/08\\\/Larissa-Furlanetto-Thiago-Silva-5-e1564661494908.jpg\",\"width\":800,\"height\":533,\"caption\":\"Larissa est\u00e1 se preparando com muita intensidade \\\/ Cr\u00e9dito da foto: Thiago Silva \\\/ Divulga\u00e7\u00e3o\"},{\"@type\":\"BreadcrumbList\",\"@id\":\"https:\\\/\\\/folhapopular.info\\\/index.php\\\/2019\\\/08\\\/01\\\/garibaldi-tera-representante-no-miss-rs-latina-2019-neste-final-de-semana\\\/#breadcrumb\",\"itemListElement\":[{\"@type\":\"ListItem\",\"position\":1,\"name\":\"In\u00edcio\",\"item\":\"https:\\\/\\\/folhapopular.info\\\/\"},{\"@type\":\"ListItem\",\"position\":2,\"name\":\"Garibaldi ter\u00e1 representante no Miss RS Latina 2019 neste final de semana\"}]},{\"@type\":\"WebSite\",\"@id\":\"https:\\\/\\\/folhapopular.info\\\/#website\",\"url\":\"https:\\\/\\\/folhapopular.info\\\/\",\"name\":\"Folha Popular\",\"description\":\"Onde voc\u00ea tem vez e voz\",\"potentialAction\":[{\"@type\":\"SearchAction\",\"target\":{\"@type\":\"EntryPoint\",\"urlTemplate\":\"https:\\\/\\\/folhapopular.info\\\/?s={search_term_string}\"},\"query-input\":{\"@type\":\"PropertyValueSpecification\",\"valueRequired\":true,\"valueName\":\"search_term_string\"}}],\"inLanguage\":\"pt-BR\"},{\"@type\":\"Person\",\"@id\":\"https:\\\/\\\/folhapopular.info\\\/#\\\/schema\\\/person\\\/2814e8a0df7643585a9ca38bc6eb9d4b\",\"name\":\"Reda\u00e7\u00e3o Folha Popular\",\"image\":{\"@type\":\"ImageObject\",\"inLanguage\":\"pt-BR\",\"@id\":\"https:\\\/\\\/folhapopular.info\\\/wp-content\\\/uploads\\\/2026\\\/04\\\/Folha-1.webp\",\"url\":\"https:\\\/\\\/folhapopular.info\\\/wp-content\\\/uploads\\\/2026\\\/04\\\/Folha-1.webp\",\"contentUrl\":\"https:\\\/\\\/folhapopular.info\\\/wp-content\\\/uploads\\\/2026\\\/04\\\/Folha-1.webp\",\"caption\":\"Reda\u00e7\u00e3o Folha Popular\"},\"url\":\"https:\\\/\\\/folhapopular.info\\\/index.php\\\/author\\\/redacao\\\/\"}]}<\/script>\n<!-- \/ Yoast SEO plugin. -->","yoast_head_json":{"title":"Garibaldi ter\u00e1 representante no Miss RS Latina 2019 neste final de semana - Folha Popular","robots":{"index":"index","follow":"follow","max-snippet":"max-snippet:-1","max-image-preview":"max-image-preview:large","max-video-preview":"max-video-preview:-1"},"canonical":"https:\/\/folhapopular.info\/index.php\/2019\/08\/01\/garibaldi-tera-representante-no-miss-rs-latina-2019-neste-final-de-semana\/","og_locale":"pt_BR","og_type":"article","og_title":"Garibaldi ter\u00e1 representante no Miss RS Latina 2019 neste final de semana - Folha Popular","og_description":"Nesta sexta-feira (02\/08) e s\u00e1bado (03\/08), a Miss Rio Grande do Sul Latina ser\u00e1 escolhida em Canoas e o munic\u00edpio de Garibaldi contar\u00e1 com uma representante no concurso: a modelo Larissa Colassiol Furlanetto (21), que ajusta os \u00faltimos detalhes para a participa\u00e7\u00e3o. Ap\u00f3s sete meses de prepara\u00e7\u00e3o, ela conta que est\u00e1 ansiosa para viver as [&hellip;]","og_url":"https:\/\/folhapopular.info\/index.php\/2019\/08\/01\/garibaldi-tera-representante-no-miss-rs-latina-2019-neste-final-de-semana\/","og_site_name":"Folha Popular","article_published_time":"2019-08-01T12:14:50+00:00","article_modified_time":"2019-08-01T12:14:54+00:00","og_image":[{"width":800,"height":533,"url":"https:\/\/folhapopular.info\/wp-content\/uploads\/2019\/08\/Larissa-Furlanetto-Thiago-Silva-5-e1564661494908.jpg","type":"image\/jpeg"}],"author":"Reda\u00e7\u00e3o Folha Popular","twitter_card":"summary_large_image","twitter_misc":{"Escrito por":"Reda\u00e7\u00e3o Folha Popular","Est. tempo de leitura":"1 minuto"},"schema":{"@context":"https:\/\/schema.org","@graph":[{"@type":"Article","@id":"https:\/\/folhapopular.info\/index.php\/2019\/08\/01\/garibaldi-tera-representante-no-miss-rs-latina-2019-neste-final-de-semana\/#article","isPartOf":{"@id":"https:\/\/folhapopular.info\/index.php\/2019\/08\/01\/garibaldi-tera-representante-no-miss-rs-latina-2019-neste-final-de-semana\/"},"author":{"name":"Reda\u00e7\u00e3o Folha Popular","@id":"https:\/\/folhapopular.info\/#\/schema\/person\/2814e8a0df7643585a9ca38bc6eb9d4b"},"headline":"Garibaldi ter\u00e1 representante no Miss RS Latina 2019 neste final de semana","datePublished":"2019-08-01T12:14:50+00:00","dateModified":"2019-08-01T12:14:54+00:00","mainEntityOfPage":{"@id":"https:\/\/folhapopular.info\/index.php\/2019\/08\/01\/garibaldi-tera-representante-no-miss-rs-latina-2019-neste-final-de-semana\/"},"wordCount":236,"commentCount":0,"image":{"@id":"https:\/\/folhapopular.info\/index.php\/2019\/08\/01\/garibaldi-tera-representante-no-miss-rs-latina-2019-neste-final-de-semana\/#primaryimage"},"thumbnailUrl":"https:\/\/folhapopular.info\/wp-content\/uploads\/2019\/08\/Larissa-Furlanetto-Thiago-Silva-5-e1564661494908.jpg","keywords":["Garibaldi","Miss RS Latina 2019"],"articleSection":["Destaques","Geral"],"inLanguage":"pt-BR","potentialAction":[{"@type":"CommentAction","name":"Comment","target":["https:\/\/folhapopular.info\/index.php\/2019\/08\/01\/garibaldi-tera-representante-no-miss-rs-latina-2019-neste-final-de-semana\/#respond"]}]},{"@type":"WebPage","@id":"https:\/\/folhapopular.info\/index.php\/2019\/08\/01\/garibaldi-tera-representante-no-miss-rs-latina-2019-neste-final-de-semana\/","url":"https:\/\/folhapopular.info\/index.php\/2019\/08\/01\/garibaldi-tera-representante-no-miss-rs-latina-2019-neste-final-de-semana\/","name":"Garibaldi ter\u00e1 representante no Miss RS Latina 2019 neste final de semana - Folha Popular","isPartOf":{"@id":"https:\/\/folhapopular.info\/#website"},"primaryImageOfPage":{"@id":"https:\/\/folhapopular.info\/index.php\/2019\/08\/01\/garibaldi-tera-representante-no-miss-rs-latina-2019-neste-final-de-semana\/#primaryimage"},"image":{"@id":"https:\/\/folhapopular.info\/index.php\/2019\/08\/01\/garibaldi-tera-representante-no-miss-rs-latina-2019-neste-final-de-semana\/#primaryimage"},"thumbnailUrl":"https:\/\/folhapopular.info\/wp-content\/uploads\/2019\/08\/Larissa-Furlanetto-Thiago-Silva-5-e1564661494908.jpg","datePublished":"2019-08-01T12:14:50+00:00","dateModified":"2019-08-01T12:14:54+00:00","author":{"@id":"https:\/\/folhapopular.info\/#\/schema\/person\/2814e8a0df7643585a9ca38bc6eb9d4b"},"breadcrumb":{"@id":"https:\/\/folhapopular.info\/index.php\/2019\/08\/01\/garibaldi-tera-representante-no-miss-rs-latina-2019-neste-final-de-semana\/#breadcrumb"},"inLanguage":"pt-BR","potentialAction":[{"@type":"ReadAction","target":["https:\/\/folhapopular.info\/index.php\/2019\/08\/01\/garibaldi-tera-representante-no-miss-rs-latina-2019-neste-final-de-semana\/"]}]},{"@type":"ImageObject","inLanguage":"pt-BR","@id":"https:\/\/folhapopular.info\/index.php\/2019\/08\/01\/garibaldi-tera-representante-no-miss-rs-latina-2019-neste-final-de-semana\/#primaryimage","url":"https:\/\/folhapopular.info\/wp-content\/uploads\/2019\/08\/Larissa-Furlanetto-Thiago-Silva-5-e1564661494908.jpg","contentUrl":"https:\/\/folhapopular.info\/wp-content\/uploads\/2019\/08\/Larissa-Furlanetto-Thiago-Silva-5-e1564661494908.jpg","width":800,"height":533,"caption":"Larissa est\u00e1 se preparando com muita intensidade \/ Cr\u00e9dito da foto: Thiago Silva \/ Divulga\u00e7\u00e3o"},{"@type":"BreadcrumbList","@id":"https:\/\/folhapopular.info\/index.php\/2019\/08\/01\/garibaldi-tera-representante-no-miss-rs-latina-2019-neste-final-de-semana\/#breadcrumb","itemListElement":[{"@type":"ListItem","position":1,"name":"In\u00edcio","item":"https:\/\/folhapopular.info\/"},{"@type":"ListItem","position":2,"name":"Garibaldi ter\u00e1 representante no Miss RS Latina 2019 neste final de semana"}]},{"@type":"WebSite","@id":"https:\/\/folhapopular.info\/#website","url":"https:\/\/folhapopular.info\/","name":"Folha Popular","description":"Onde voc\u00ea tem vez e voz","potentialAction":[{"@type":"SearchAction","target":{"@type":"EntryPoint","urlTemplate":"https:\/\/folhapopular.info\/?s={search_term_string}"},"query-input":{"@type":"PropertyValueSpecification","valueRequired":true,"valueName":"search_term_string"}}],"inLanguage":"pt-BR"},{"@type":"Person","@id":"https:\/\/folhapopular.info\/#\/schema\/person\/2814e8a0df7643585a9ca38bc6eb9d4b","name":"Reda\u00e7\u00e3o Folha Popular","image":{"@type":"ImageObject","inLanguage":"pt-BR","@id":"https:\/\/folhapopular.info\/wp-content\/uploads\/2026\/04\/Folha-1.webp","url":"https:\/\/folhapopular.info\/wp-content\/uploads\/2026\/04\/Folha-1.webp","contentUrl":"https:\/\/folhapopular.info\/wp-content\/uploads\/2026\/04\/Folha-1.webp","caption":"Reda\u00e7\u00e3o Folha Popular"},"url":"https:\/\/folhapopular.info\/index.php\/author\/redacao\/"}]}},"jetpack_featured_media_url":"https:\/\/folhapopular.info\/wp-content\/uploads\/2019\/08\/Larissa-Furlanetto-Thiago-Silva-5-e1564661494908.jpg","jetpack_sharing_enabled":true,"amp_enabled":true,"_links":{"self":[{"href":"https:\/\/folhapopular.info\/index.php\/wp-json\/wp\/v2\/posts\/57546","targetHints":{"allow":["GET"]}}],"collection":[{"href":"https:\/\/folhapopular.info\/index.php\/wp-json\/wp\/v2\/posts"}],"about":[{"href":"https:\/\/folhapopular.info\/index.php\/wp-json\/wp\/v2\/types\/post"}],"author":[{"embeddable":true,"href":"https:\/\/folhapopular.info\/index.php\/wp-json\/wp\/v2\/users\/8"}],"replies":[{"embeddable":true,"href":"https:\/\/folhapopular.info\/index.php\/wp-json\/wp\/v2\/comments?post=57546"}],"version-history":[{"count":0,"href":"https:\/\/folhapopular.info\/index.php\/wp-json\/wp\/v2\/posts\/57546\/revisions"}],"wp:featuredmedia":[{"embeddable":true,"href":"https:\/\/folhapopular.info\/index.php\/wp-json\/wp\/v2\/media\/57547"}],"wp:attachment":[{"href":"https:\/\/folhapopular.info\/index.php\/wp-json\/wp\/v2\/media?parent=57546"}],"wp:term":[{"taxonomy":"category","embeddable":true,"href":"https:\/\/folhapopular.info\/index.php\/wp-json\/wp\/v2\/categories?post=57546"},{"taxonomy":"post_tag","embeddable":true,"href":"https:\/\/folhapopular.info\/index.php\/wp-json\/wp\/v2\/tags?post=57546"}],"curies":[{"name":"wp","href":"https:\/\/api.w.org\/{rel}","templated":true}]}}