{"id":58003,"date":"2019-08-15T07:36:26","date_gmt":"2019-08-15T10:36:26","guid":{"rendered":"http:\/\/folhapopular.info\/?p=58003"},"modified":"2019-08-15T07:36:33","modified_gmt":"2019-08-15T10:36:33","slug":"pf-apreende-mais-de-350-mil-macos-de-cigarros-contrabandeados","status":"publish","type":"post","link":"https:\/\/folhapopular.info\/index.php\/2019\/08\/15\/pf-apreende-mais-de-350-mil-macos-de-cigarros-contrabandeados\/","title":{"rendered":"PF apreende mais de 350 mil ma\u00e7os de cigarros contrabandeados"},"content":{"rendered":"\n<p>A Pol\u00edcia Rodovi\u00e1ria Federal apreendeu mais de 350 mil ma\u00e7os de cigarros contrabandeados do Paraguai. A a\u00e7\u00e3o ocorreu por volta das 23h30 desta quarta-feira (14\/08), na BR-386, em Seberi. Os policiais receberam a informa\u00e7\u00e3o do setor de intelig\u00eancia de que uma carreta suspeita estava se deslocando de Santa Catarina e ingressaria no Rio Grande do Sul pela BR-386.<\/p>\n\n\n\n<p>Com apoio da Brigada Militar, foi montada uma barreira em Seberi e o caminh\u00e3o foi abordado. A carreta Scania, placa de Marmeleiro\/PR, era conduzida por um homem de 28 anos. Ele foi preso em flagrante e encaminhado a Pol\u00edcia Federal de Santo \u00c2ngelo. A carga de 350 mil ma\u00e7os \u00e9 avaliada em R$ 1,7 milh\u00e3o.  <\/p>\n\n\n\n<p>\nEssa\nfoi a terceira ocorr\u00eancia na mesma opera\u00e7\u00e3o de combate \u00e0\ncriminalidade realizada pela PRF naquela regi\u00e3o nesta quarta-feira.\nDe tarde, os policiais haviam apreendido 97 quilos de maconha,\nrecuperado um ve\u00edculo roubado e prendido 5 pessoas por tr\u00e1fico em\nPasso Fundo. No in\u00edcio da noite, duas pessoas foram presas por porte\nilegal de arma em Sarandi.<\/p>\n","protected":false},"excerpt":{"rendered":"<p>A Pol\u00edcia Rodovi\u00e1ria Federal apreendeu mais de 350 mil ma\u00e7os de cigarros contrabandeados do Paraguai. A a\u00e7\u00e3o ocorreu por volta das 23h30 desta quarta-feira (14\/08), na BR-386, em Seberi. Os policiais receberam a informa\u00e7\u00e3o do setor de intelig\u00eancia de que uma carreta suspeita estava se deslocando de Santa Catarina e ingressaria no Rio Grande do [&hellip;]<\/p>\n","protected":false},"author":8,"featured_media":58004,"comment_status":"open","ping_status":"open","sticky":false,"template":"","format":"standard","meta":{"pmpro_default_level":"","_jetpack_memberships_contains_paid_content":false,"footnotes":""},"categories":[3,7],"tags":[1074,1073,2371,2527],"class_list":{"0":"post-58003","1":"post","2":"type-post","3":"status-publish","4":"format-standard","5":"has-post-thumbnail","7":"category-geral","8":"category-seguranca","9":"tag-cigarros","10":"tag-contrabando","11":"tag-pf","12":"tag-seberi","13":"pmpro-has-access"},"yoast_head":"<!-- This site is optimized with the Yoast SEO plugin v27.5 - https:\/\/yoast.com\/product\/yoast-seo-wordpress\/ -->\n<title>PF apreende mais de 350 mil ma\u00e7os de cigarros contrabandeados - Folha Popular<\/title>\n<meta name=\"robots\" content=\"index, follow, max-snippet:-1, max-image-preview:large, max-video-preview:-1\" \/>\n<link rel=\"canonical\" href=\"https:\/\/folhapopular.info\/index.php\/2019\/08\/15\/pf-apreende-mais-de-350-mil-macos-de-cigarros-contrabandeados\/\" \/>\n<meta property=\"og:locale\" content=\"pt_BR\" \/>\n<meta property=\"og:type\" content=\"article\" \/>\n<meta property=\"og:title\" content=\"PF apreende mais de 350 mil ma\u00e7os de cigarros contrabandeados - Folha Popular\" \/>\n<meta property=\"og:description\" content=\"A Pol\u00edcia Rodovi\u00e1ria Federal apreendeu mais de 350 mil ma\u00e7os de cigarros contrabandeados do Paraguai. A a\u00e7\u00e3o ocorreu por volta das 23h30 desta quarta-feira (14\/08), na BR-386, em Seberi. Os policiais receberam a informa\u00e7\u00e3o do setor de intelig\u00eancia de que uma carreta suspeita estava se deslocando de Santa Catarina e ingressaria no Rio Grande do [&hellip;]\" \/>\n<meta property=\"og:url\" content=\"https:\/\/folhapopular.info\/index.php\/2019\/08\/15\/pf-apreende-mais-de-350-mil-macos-de-cigarros-contrabandeados\/\" \/>\n<meta property=\"og:site_name\" content=\"Folha Popular\" \/>\n<meta property=\"article:published_time\" content=\"2019-08-15T10:36:26+00:00\" \/>\n<meta property=\"article:modified_time\" content=\"2019-08-15T10:36:33+00:00\" \/>\n<meta property=\"og:image\" content=\"https:\/\/folhapopular.info\/wp-content\/uploads\/2019\/08\/WhatsApp-Image-2019-08-15-at-01.02.29.jpeg\" \/>\n\t<meta property=\"og:image:width\" content=\"1280\" \/>\n\t<meta property=\"og:image:height\" content=\"720\" \/>\n\t<meta property=\"og:image:type\" content=\"image\/jpeg\" \/>\n<meta name=\"author\" content=\"Reda\u00e7\u00e3o Folha Popular\" \/>\n<meta name=\"twitter:card\" content=\"summary_large_image\" \/>\n<meta name=\"twitter:label1\" content=\"Escrito por\" \/>\n\t<meta name=\"twitter:data1\" content=\"Reda\u00e7\u00e3o Folha Popular\" \/>\n\t<meta name=\"twitter:label2\" content=\"Est. tempo de leitura\" \/>\n\t<meta name=\"twitter:data2\" content=\"1 minuto\" \/>\n<script type=\"application\/ld+json\" class=\"yoast-schema-graph\">{\"@context\":\"https:\\\/\\\/schema.org\",\"@graph\":[{\"@type\":\"Article\",\"@id\":\"https:\\\/\\\/folhapopular.info\\\/index.php\\\/2019\\\/08\\\/15\\\/pf-apreende-mais-de-350-mil-macos-de-cigarros-contrabandeados\\\/#article\",\"isPartOf\":{\"@id\":\"https:\\\/\\\/folhapopular.info\\\/index.php\\\/2019\\\/08\\\/15\\\/pf-apreende-mais-de-350-mil-macos-de-cigarros-contrabandeados\\\/\"},\"author\":{\"name\":\"Reda\u00e7\u00e3o Folha Popular\",\"@id\":\"https:\\\/\\\/folhapopular.info\\\/#\\\/schema\\\/person\\\/2814e8a0df7643585a9ca38bc6eb9d4b\"},\"headline\":\"PF apreende mais de 350 mil ma\u00e7os de cigarros contrabandeados\",\"datePublished\":\"2019-08-15T10:36:26+00:00\",\"dateModified\":\"2019-08-15T10:36:33+00:00\",\"mainEntityOfPage\":{\"@id\":\"https:\\\/\\\/folhapopular.info\\\/index.php\\\/2019\\\/08\\\/15\\\/pf-apreende-mais-de-350-mil-macos-de-cigarros-contrabandeados\\\/\"},\"wordCount\":188,\"commentCount\":0,\"image\":{\"@id\":\"https:\\\/\\\/folhapopular.info\\\/index.php\\\/2019\\\/08\\\/15\\\/pf-apreende-mais-de-350-mil-macos-de-cigarros-contrabandeados\\\/#primaryimage\"},\"thumbnailUrl\":\"https:\\\/\\\/folhapopular.info\\\/wp-content\\\/uploads\\\/2019\\\/08\\\/WhatsApp-Image-2019-08-15-at-01.02.29.jpeg\",\"keywords\":[\"Cigarros\",\"Contrabando\",\"PF\",\"Seberi\"],\"articleSection\":[\"Geral\",\"Seguran\u00e7a\"],\"inLanguage\":\"pt-BR\",\"potentialAction\":[{\"@type\":\"CommentAction\",\"name\":\"Comment\",\"target\":[\"https:\\\/\\\/folhapopular.info\\\/index.php\\\/2019\\\/08\\\/15\\\/pf-apreende-mais-de-350-mil-macos-de-cigarros-contrabandeados\\\/#respond\"]}]},{\"@type\":\"WebPage\",\"@id\":\"https:\\\/\\\/folhapopular.info\\\/index.php\\\/2019\\\/08\\\/15\\\/pf-apreende-mais-de-350-mil-macos-de-cigarros-contrabandeados\\\/\",\"url\":\"https:\\\/\\\/folhapopular.info\\\/index.php\\\/2019\\\/08\\\/15\\\/pf-apreende-mais-de-350-mil-macos-de-cigarros-contrabandeados\\\/\",\"name\":\"PF apreende mais de 350 mil ma\u00e7os de cigarros contrabandeados - Folha Popular\",\"isPartOf\":{\"@id\":\"https:\\\/\\\/folhapopular.info\\\/#website\"},\"primaryImageOfPage\":{\"@id\":\"https:\\\/\\\/folhapopular.info\\\/index.php\\\/2019\\\/08\\\/15\\\/pf-apreende-mais-de-350-mil-macos-de-cigarros-contrabandeados\\\/#primaryimage\"},\"image\":{\"@id\":\"https:\\\/\\\/folhapopular.info\\\/index.php\\\/2019\\\/08\\\/15\\\/pf-apreende-mais-de-350-mil-macos-de-cigarros-contrabandeados\\\/#primaryimage\"},\"thumbnailUrl\":\"https:\\\/\\\/folhapopular.info\\\/wp-content\\\/uploads\\\/2019\\\/08\\\/WhatsApp-Image-2019-08-15-at-01.02.29.jpeg\",\"datePublished\":\"2019-08-15T10:36:26+00:00\",\"dateModified\":\"2019-08-15T10:36:33+00:00\",\"author\":{\"@id\":\"https:\\\/\\\/folhapopular.info\\\/#\\\/schema\\\/person\\\/2814e8a0df7643585a9ca38bc6eb9d4b\"},\"breadcrumb\":{\"@id\":\"https:\\\/\\\/folhapopular.info\\\/index.php\\\/2019\\\/08\\\/15\\\/pf-apreende-mais-de-350-mil-macos-de-cigarros-contrabandeados\\\/#breadcrumb\"},\"inLanguage\":\"pt-BR\",\"potentialAction\":[{\"@type\":\"ReadAction\",\"target\":[\"https:\\\/\\\/folhapopular.info\\\/index.php\\\/2019\\\/08\\\/15\\\/pf-apreende-mais-de-350-mil-macos-de-cigarros-contrabandeados\\\/\"]}]},{\"@type\":\"ImageObject\",\"inLanguage\":\"pt-BR\",\"@id\":\"https:\\\/\\\/folhapopular.info\\\/index.php\\\/2019\\\/08\\\/15\\\/pf-apreende-mais-de-350-mil-macos-de-cigarros-contrabandeados\\\/#primaryimage\",\"url\":\"https:\\\/\\\/folhapopular.info\\\/wp-content\\\/uploads\\\/2019\\\/08\\\/WhatsApp-Image-2019-08-15-at-01.02.29.jpeg\",\"contentUrl\":\"https:\\\/\\\/folhapopular.info\\\/wp-content\\\/uploads\\\/2019\\\/08\\\/WhatsApp-Image-2019-08-15-at-01.02.29.jpeg\",\"width\":1280,\"height\":720,\"caption\":\"Cr\u00e9dito: divulga\u00e7\u00e3o\"},{\"@type\":\"BreadcrumbList\",\"@id\":\"https:\\\/\\\/folhapopular.info\\\/index.php\\\/2019\\\/08\\\/15\\\/pf-apreende-mais-de-350-mil-macos-de-cigarros-contrabandeados\\\/#breadcrumb\",\"itemListElement\":[{\"@type\":\"ListItem\",\"position\":1,\"name\":\"In\u00edcio\",\"item\":\"https:\\\/\\\/folhapopular.info\\\/\"},{\"@type\":\"ListItem\",\"position\":2,\"name\":\"PF apreende mais de 350 mil ma\u00e7os de cigarros contrabandeados\"}]},{\"@type\":\"WebSite\",\"@id\":\"https:\\\/\\\/folhapopular.info\\\/#website\",\"url\":\"https:\\\/\\\/folhapopular.info\\\/\",\"name\":\"Folha Popular\",\"description\":\"Onde voc\u00ea tem vez e voz\",\"potentialAction\":[{\"@type\":\"SearchAction\",\"target\":{\"@type\":\"EntryPoint\",\"urlTemplate\":\"https:\\\/\\\/folhapopular.info\\\/?s={search_term_string}\"},\"query-input\":{\"@type\":\"PropertyValueSpecification\",\"valueRequired\":true,\"valueName\":\"search_term_string\"}}],\"inLanguage\":\"pt-BR\"},{\"@type\":\"Person\",\"@id\":\"https:\\\/\\\/folhapopular.info\\\/#\\\/schema\\\/person\\\/2814e8a0df7643585a9ca38bc6eb9d4b\",\"name\":\"Reda\u00e7\u00e3o Folha Popular\",\"image\":{\"@type\":\"ImageObject\",\"inLanguage\":\"pt-BR\",\"@id\":\"https:\\\/\\\/folhapopular.info\\\/wp-content\\\/uploads\\\/2026\\\/04\\\/Folha-1.webp\",\"url\":\"https:\\\/\\\/folhapopular.info\\\/wp-content\\\/uploads\\\/2026\\\/04\\\/Folha-1.webp\",\"contentUrl\":\"https:\\\/\\\/folhapopular.info\\\/wp-content\\\/uploads\\\/2026\\\/04\\\/Folha-1.webp\",\"caption\":\"Reda\u00e7\u00e3o Folha Popular\"},\"url\":\"https:\\\/\\\/folhapopular.info\\\/index.php\\\/author\\\/redacao\\\/\"}]}<\/script>\n<!-- \/ Yoast SEO plugin. -->","yoast_head_json":{"title":"PF apreende mais de 350 mil ma\u00e7os de cigarros contrabandeados - Folha Popular","robots":{"index":"index","follow":"follow","max-snippet":"max-snippet:-1","max-image-preview":"max-image-preview:large","max-video-preview":"max-video-preview:-1"},"canonical":"https:\/\/folhapopular.info\/index.php\/2019\/08\/15\/pf-apreende-mais-de-350-mil-macos-de-cigarros-contrabandeados\/","og_locale":"pt_BR","og_type":"article","og_title":"PF apreende mais de 350 mil ma\u00e7os de cigarros contrabandeados - Folha Popular","og_description":"A Pol\u00edcia Rodovi\u00e1ria Federal apreendeu mais de 350 mil ma\u00e7os de cigarros contrabandeados do Paraguai. A a\u00e7\u00e3o ocorreu por volta das 23h30 desta quarta-feira (14\/08), na BR-386, em Seberi. Os policiais receberam a informa\u00e7\u00e3o do setor de intelig\u00eancia de que uma carreta suspeita estava se deslocando de Santa Catarina e ingressaria no Rio Grande do [&hellip;]","og_url":"https:\/\/folhapopular.info\/index.php\/2019\/08\/15\/pf-apreende-mais-de-350-mil-macos-de-cigarros-contrabandeados\/","og_site_name":"Folha Popular","article_published_time":"2019-08-15T10:36:26+00:00","article_modified_time":"2019-08-15T10:36:33+00:00","og_image":[{"width":1280,"height":720,"url":"https:\/\/folhapopular.info\/wp-content\/uploads\/2019\/08\/WhatsApp-Image-2019-08-15-at-01.02.29.jpeg","type":"image\/jpeg"}],"author":"Reda\u00e7\u00e3o Folha Popular","twitter_card":"summary_large_image","twitter_misc":{"Escrito por":"Reda\u00e7\u00e3o Folha Popular","Est. tempo de leitura":"1 minuto"},"schema":{"@context":"https:\/\/schema.org","@graph":[{"@type":"Article","@id":"https:\/\/folhapopular.info\/index.php\/2019\/08\/15\/pf-apreende-mais-de-350-mil-macos-de-cigarros-contrabandeados\/#article","isPartOf":{"@id":"https:\/\/folhapopular.info\/index.php\/2019\/08\/15\/pf-apreende-mais-de-350-mil-macos-de-cigarros-contrabandeados\/"},"author":{"name":"Reda\u00e7\u00e3o Folha Popular","@id":"https:\/\/folhapopular.info\/#\/schema\/person\/2814e8a0df7643585a9ca38bc6eb9d4b"},"headline":"PF apreende mais de 350 mil ma\u00e7os de cigarros contrabandeados","datePublished":"2019-08-15T10:36:26+00:00","dateModified":"2019-08-15T10:36:33+00:00","mainEntityOfPage":{"@id":"https:\/\/folhapopular.info\/index.php\/2019\/08\/15\/pf-apreende-mais-de-350-mil-macos-de-cigarros-contrabandeados\/"},"wordCount":188,"commentCount":0,"image":{"@id":"https:\/\/folhapopular.info\/index.php\/2019\/08\/15\/pf-apreende-mais-de-350-mil-macos-de-cigarros-contrabandeados\/#primaryimage"},"thumbnailUrl":"https:\/\/folhapopular.info\/wp-content\/uploads\/2019\/08\/WhatsApp-Image-2019-08-15-at-01.02.29.jpeg","keywords":["Cigarros","Contrabando","PF","Seberi"],"articleSection":["Geral","Seguran\u00e7a"],"inLanguage":"pt-BR","potentialAction":[{"@type":"CommentAction","name":"Comment","target":["https:\/\/folhapopular.info\/index.php\/2019\/08\/15\/pf-apreende-mais-de-350-mil-macos-de-cigarros-contrabandeados\/#respond"]}]},{"@type":"WebPage","@id":"https:\/\/folhapopular.info\/index.php\/2019\/08\/15\/pf-apreende-mais-de-350-mil-macos-de-cigarros-contrabandeados\/","url":"https:\/\/folhapopular.info\/index.php\/2019\/08\/15\/pf-apreende-mais-de-350-mil-macos-de-cigarros-contrabandeados\/","name":"PF apreende mais de 350 mil ma\u00e7os de cigarros contrabandeados - Folha Popular","isPartOf":{"@id":"https:\/\/folhapopular.info\/#website"},"primaryImageOfPage":{"@id":"https:\/\/folhapopular.info\/index.php\/2019\/08\/15\/pf-apreende-mais-de-350-mil-macos-de-cigarros-contrabandeados\/#primaryimage"},"image":{"@id":"https:\/\/folhapopular.info\/index.php\/2019\/08\/15\/pf-apreende-mais-de-350-mil-macos-de-cigarros-contrabandeados\/#primaryimage"},"thumbnailUrl":"https:\/\/folhapopular.info\/wp-content\/uploads\/2019\/08\/WhatsApp-Image-2019-08-15-at-01.02.29.jpeg","datePublished":"2019-08-15T10:36:26+00:00","dateModified":"2019-08-15T10:36:33+00:00","author":{"@id":"https:\/\/folhapopular.info\/#\/schema\/person\/2814e8a0df7643585a9ca38bc6eb9d4b"},"breadcrumb":{"@id":"https:\/\/folhapopular.info\/index.php\/2019\/08\/15\/pf-apreende-mais-de-350-mil-macos-de-cigarros-contrabandeados\/#breadcrumb"},"inLanguage":"pt-BR","potentialAction":[{"@type":"ReadAction","target":["https:\/\/folhapopular.info\/index.php\/2019\/08\/15\/pf-apreende-mais-de-350-mil-macos-de-cigarros-contrabandeados\/"]}]},{"@type":"ImageObject","inLanguage":"pt-BR","@id":"https:\/\/folhapopular.info\/index.php\/2019\/08\/15\/pf-apreende-mais-de-350-mil-macos-de-cigarros-contrabandeados\/#primaryimage","url":"https:\/\/folhapopular.info\/wp-content\/uploads\/2019\/08\/WhatsApp-Image-2019-08-15-at-01.02.29.jpeg","contentUrl":"https:\/\/folhapopular.info\/wp-content\/uploads\/2019\/08\/WhatsApp-Image-2019-08-15-at-01.02.29.jpeg","width":1280,"height":720,"caption":"Cr\u00e9dito: divulga\u00e7\u00e3o"},{"@type":"BreadcrumbList","@id":"https:\/\/folhapopular.info\/index.php\/2019\/08\/15\/pf-apreende-mais-de-350-mil-macos-de-cigarros-contrabandeados\/#breadcrumb","itemListElement":[{"@type":"ListItem","position":1,"name":"In\u00edcio","item":"https:\/\/folhapopular.info\/"},{"@type":"ListItem","position":2,"name":"PF apreende mais de 350 mil ma\u00e7os de cigarros contrabandeados"}]},{"@type":"WebSite","@id":"https:\/\/folhapopular.info\/#website","url":"https:\/\/folhapopular.info\/","name":"Folha Popular","description":"Onde voc\u00ea tem vez e voz","potentialAction":[{"@type":"SearchAction","target":{"@type":"EntryPoint","urlTemplate":"https:\/\/folhapopular.info\/?s={search_term_string}"},"query-input":{"@type":"PropertyValueSpecification","valueRequired":true,"valueName":"search_term_string"}}],"inLanguage":"pt-BR"},{"@type":"Person","@id":"https:\/\/folhapopular.info\/#\/schema\/person\/2814e8a0df7643585a9ca38bc6eb9d4b","name":"Reda\u00e7\u00e3o Folha Popular","image":{"@type":"ImageObject","inLanguage":"pt-BR","@id":"https:\/\/folhapopular.info\/wp-content\/uploads\/2026\/04\/Folha-1.webp","url":"https:\/\/folhapopular.info\/wp-content\/uploads\/2026\/04\/Folha-1.webp","contentUrl":"https:\/\/folhapopular.info\/wp-content\/uploads\/2026\/04\/Folha-1.webp","caption":"Reda\u00e7\u00e3o Folha Popular"},"url":"https:\/\/folhapopular.info\/index.php\/author\/redacao\/"}]}},"jetpack_featured_media_url":"https:\/\/folhapopular.info\/wp-content\/uploads\/2019\/08\/WhatsApp-Image-2019-08-15-at-01.02.29.jpeg","jetpack_sharing_enabled":true,"amp_enabled":true,"_links":{"self":[{"href":"https:\/\/folhapopular.info\/index.php\/wp-json\/wp\/v2\/posts\/58003","targetHints":{"allow":["GET"]}}],"collection":[{"href":"https:\/\/folhapopular.info\/index.php\/wp-json\/wp\/v2\/posts"}],"about":[{"href":"https:\/\/folhapopular.info\/index.php\/wp-json\/wp\/v2\/types\/post"}],"author":[{"embeddable":true,"href":"https:\/\/folhapopular.info\/index.php\/wp-json\/wp\/v2\/users\/8"}],"replies":[{"embeddable":true,"href":"https:\/\/folhapopular.info\/index.php\/wp-json\/wp\/v2\/comments?post=58003"}],"version-history":[{"count":0,"href":"https:\/\/folhapopular.info\/index.php\/wp-json\/wp\/v2\/posts\/58003\/revisions"}],"wp:featuredmedia":[{"embeddable":true,"href":"https:\/\/folhapopular.info\/index.php\/wp-json\/wp\/v2\/media\/58004"}],"wp:attachment":[{"href":"https:\/\/folhapopular.info\/index.php\/wp-json\/wp\/v2\/media?parent=58003"}],"wp:term":[{"taxonomy":"category","embeddable":true,"href":"https:\/\/folhapopular.info\/index.php\/wp-json\/wp\/v2\/categories?post=58003"},{"taxonomy":"post_tag","embeddable":true,"href":"https:\/\/folhapopular.info\/index.php\/wp-json\/wp\/v2\/tags?post=58003"}],"curies":[{"name":"wp","href":"https:\/\/api.w.org\/{rel}","templated":true}]}}