{"id":58060,"date":"2019-08-18T09:15:00","date_gmt":"2019-08-18T12:15:00","guid":{"rendered":"http:\/\/folhapopular.info\/?p=58060"},"modified":"2019-08-18T09:18:17","modified_gmt":"2019-08-18T12:18:17","slug":"pacto-lajeado-pela-paz-lavra-21-autos-de-infracao-por-alcoolemia-e-31-autos-por-outras-infracoes-do-ctb","status":"publish","type":"post","link":"https:\/\/folhapopular.info\/index.php\/2019\/08\/18\/pacto-lajeado-pela-paz-lavra-21-autos-de-infracao-por-alcoolemia-e-31-autos-por-outras-infracoes-do-ctb\/","title":{"rendered":"Pacto Lajeado Pela Paz lavra 21 autos de infra\u00e7\u00e3o por alcoolemia e 31 autos por outras infra\u00e7\u00f5es do CTB"},"content":{"rendered":"\n<p>Entre as 23h de s\u00e1bado (17\/08) e as 04h de domingo (18\/08), ocorreu a 3\u00aa etapa da opera\u00e7\u00e3o integrada do Pacto Lajeado Pela Paz.  As a\u00e7\u00f5es da opera\u00e7\u00e3o aconteceram nas imedia\u00e7\u00f5es do km 344 da BR-386, entre os Bairros Montanha e Olarias, em Lajeado, com fiscaliza\u00e7\u00f5es dentro e fora da rodovia. Foram fiscalizados 209 ve\u00edculos e 231 pessoas, das quais 177 realizaram o teste do etil\u00f4metro. No total, foram lavrados 21 autos de infra\u00e7\u00e3o por alcoolemia, seja pelo resultado positivo no teste ou pela recusa dos motoristas em realiz\u00e1-lo.<\/p>\n\n\n\n<div class=\"wp-block-image\"><figure class=\"alignleft is-resized\"><img loading=\"lazy\" decoding=\"async\" src=\"https:\/\/folhapopular.info\/wp-content\/uploads\/2019\/08\/WhatsApp-Image-2019-08-18-at-05.49.45-1024x692.jpeg\" alt=\"\" class=\"wp-image-58062\" width=\"537\" height=\"363\" \/><figcaption>Cr\u00e9dito: divulga\u00e7\u00e3o<\/figcaption><\/figure><\/div>\n\n\n\n<p>Al\u00e9m destes, lavrou-se ainda 31 autos por outras infra\u00e7\u00f5es do CTB. Um homem foi detido por posse de entorpecentes, e outro, ao furar o bloqueio, tentou atropelar um policial, sendo registrada contra este uma ocorr\u00eancia de tentativa de homic\u00eddio.<\/p>\n\n\n\n<p> O objetivo \u00e9 combater a combina\u00e7\u00e3o entre \u00e1lcool e dire\u00e7\u00e3o, al\u00e9m de ter cunho educativo. A iniciativa contou com integrantes 25 pessoas representando a Pol\u00edcia Rodovi\u00e1ria Federal, Brigada Militar, Pol\u00edcia Civil, Departamento de Tr\u00e2nsito, Secretaria Municipal de Seguran\u00e7a P\u00fablica de Lajeado e concession\u00e1ria da rodovia (CCR).<\/p>\n\n\n\n<p><strong>A opera\u00e7\u00e3o<\/strong><\/p>\n\n\n\n<p>A a\u00e7\u00e3o deste final de semana faz parte do conjunto de a\u00e7\u00f5es preparadas pelo Pacto Lajeado Pela Paz, que est\u00e1 dividido em dois eixos: preven\u00e7\u00e3o, com atua\u00e7\u00e3o nas \u00e1reas de educa\u00e7\u00e3o, sa\u00fade, assist\u00eancia social e cultura, e aplica\u00e7\u00e3o da lei. Elas t\u00eam o objetivo de melhorar a sensa\u00e7\u00e3o de seguran\u00e7a no munic\u00edpio, reduzir a perturba\u00e7\u00e3o do sossego (uma das principais reclama\u00e7\u00f5es dos mun\u00edcipes), as brigas e amea\u00e7as e aumentar a apreens\u00e3o de armas de fogo.<\/p>\n\n\n\n<p>As atividades tiveram in\u00edcio com um briefing entre todos os envolvidos, realizado na Unidade Operacional da PRF em Lajeado, momento em que os participantes receberam as instru\u00e7\u00f5es e conheceram as estrat\u00e9gias sobre o trabalho a ser realizado. <\/p>\n\n\n\n<p>O trabalho integrado permitiu uma maior efici\u00eancia e efic\u00e1cia nas abordagens, contribuindo para que os objetivos da opera\u00e7\u00e3o fossem atingidos. De acordo com o Chefe Substituto do N\u00facleo de Policiamento e Fiscaliza\u00e7\u00e3o da PRF, Marcelo Eberhardt, a opera\u00e7\u00e3o teve tamb\u00e9m, e principalmente, cunho educativo e preventivo, com viaturas e policiamento dispostos de forma a serem vistos facilmente pelos motoristas, e evitar que estes dirigissem ap\u00f3s ingerirem bebidas alco\u00f3licas em bares, restaurantes e casas noturnas.<\/p>\n","protected":false},"excerpt":{"rendered":"<p>Entre as 23h de s\u00e1bado (17\/08) e as 04h de domingo (18\/08), ocorreu a 3\u00aa etapa da opera\u00e7\u00e3o integrada do Pacto Lajeado Pela Paz. As a\u00e7\u00f5es da opera\u00e7\u00e3o aconteceram nas imedia\u00e7\u00f5es do km 344 da BR-386, entre os Bairros Montanha e Olarias, em Lajeado, com fiscaliza\u00e7\u00f5es dentro e fora da rodovia. Foram fiscalizados 209 ve\u00edculos [&hellip;]<\/p>\n","protected":false},"author":8,"featured_media":58061,"comment_status":"open","ping_status":"open","sticky":false,"template":"","format":"standard","meta":{"pmpro_default_level":"","_jetpack_memberships_contains_paid_content":false,"footnotes":""},"categories":[3,7],"tags":[295,27,880,4926,546],"class_list":{"0":"post-58060","1":"post","2":"type-post","3":"status-publish","4":"format-standard","5":"has-post-thumbnail","7":"category-geral","8":"category-seguranca","9":"tag-bm","10":"tag-lajeado","11":"tag-operacao","12":"tag-pacto-lajeado-pela-paz","13":"tag-pre","14":"pmpro-has-access"},"yoast_head":"<!-- This site is optimized with the Yoast SEO plugin v27.5 - https:\/\/yoast.com\/product\/yoast-seo-wordpress\/ -->\n<title>Pacto Lajeado Pela Paz lavra 21 autos de infra\u00e7\u00e3o por alcoolemia e 31 autos por outras infra\u00e7\u00f5es do CTB - Folha Popular<\/title>\n<meta name=\"robots\" content=\"index, follow, max-snippet:-1, max-image-preview:large, max-video-preview:-1\" \/>\n<link rel=\"canonical\" href=\"https:\/\/folhapopular.info\/index.php\/2019\/08\/18\/pacto-lajeado-pela-paz-lavra-21-autos-de-infracao-por-alcoolemia-e-31-autos-por-outras-infracoes-do-ctb\/\" \/>\n<meta property=\"og:locale\" content=\"pt_BR\" \/>\n<meta property=\"og:type\" content=\"article\" \/>\n<meta property=\"og:title\" content=\"Pacto Lajeado Pela Paz lavra 21 autos de infra\u00e7\u00e3o por alcoolemia e 31 autos por outras infra\u00e7\u00f5es do CTB - Folha Popular\" \/>\n<meta property=\"og:description\" content=\"Entre as 23h de s\u00e1bado (17\/08) e as 04h de domingo (18\/08), ocorreu a 3\u00aa etapa da opera\u00e7\u00e3o integrada do Pacto Lajeado Pela Paz. As a\u00e7\u00f5es da opera\u00e7\u00e3o aconteceram nas imedia\u00e7\u00f5es do km 344 da BR-386, entre os Bairros Montanha e Olarias, em Lajeado, com fiscaliza\u00e7\u00f5es dentro e fora da rodovia. Foram fiscalizados 209 ve\u00edculos [&hellip;]\" \/>\n<meta property=\"og:url\" content=\"https:\/\/folhapopular.info\/index.php\/2019\/08\/18\/pacto-lajeado-pela-paz-lavra-21-autos-de-infracao-por-alcoolemia-e-31-autos-por-outras-infracoes-do-ctb\/\" \/>\n<meta property=\"og:site_name\" content=\"Folha Popular\" \/>\n<meta property=\"article:published_time\" content=\"2019-08-18T12:15:00+00:00\" \/>\n<meta property=\"article:modified_time\" content=\"2019-08-18T12:18:17+00:00\" \/>\n<meta property=\"og:image\" content=\"https:\/\/folhapopular.info\/wp-content\/uploads\/2019\/08\/WhatsApp-Image-2019-08-18-at-05.49.35-e1566130327475.jpeg\" \/>\n\t<meta property=\"og:image:width\" content=\"800\" \/>\n\t<meta property=\"og:image:height\" content=\"537\" \/>\n\t<meta property=\"og:image:type\" content=\"image\/jpeg\" \/>\n<meta name=\"author\" content=\"Reda\u00e7\u00e3o Folha Popular\" \/>\n<meta name=\"twitter:card\" content=\"summary_large_image\" \/>\n<meta name=\"twitter:label1\" content=\"Escrito por\" \/>\n\t<meta name=\"twitter:data1\" content=\"Reda\u00e7\u00e3o Folha Popular\" \/>\n\t<meta name=\"twitter:label2\" content=\"Est. tempo de leitura\" \/>\n\t<meta name=\"twitter:data2\" content=\"2 minutos\" \/>\n<script type=\"application\/ld+json\" class=\"yoast-schema-graph\">{\"@context\":\"https:\\\/\\\/schema.org\",\"@graph\":[{\"@type\":\"Article\",\"@id\":\"https:\\\/\\\/folhapopular.info\\\/index.php\\\/2019\\\/08\\\/18\\\/pacto-lajeado-pela-paz-lavra-21-autos-de-infracao-por-alcoolemia-e-31-autos-por-outras-infracoes-do-ctb\\\/#article\",\"isPartOf\":{\"@id\":\"https:\\\/\\\/folhapopular.info\\\/index.php\\\/2019\\\/08\\\/18\\\/pacto-lajeado-pela-paz-lavra-21-autos-de-infracao-por-alcoolemia-e-31-autos-por-outras-infracoes-do-ctb\\\/\"},\"author\":{\"name\":\"Reda\u00e7\u00e3o Folha Popular\",\"@id\":\"https:\\\/\\\/folhapopular.info\\\/#\\\/schema\\\/person\\\/2814e8a0df7643585a9ca38bc6eb9d4b\"},\"headline\":\"Pacto Lajeado Pela Paz lavra 21 autos de infra\u00e7\u00e3o por alcoolemia e 31 autos por outras infra\u00e7\u00f5es do CTB\",\"datePublished\":\"2019-08-18T12:15:00+00:00\",\"dateModified\":\"2019-08-18T12:18:17+00:00\",\"mainEntityOfPage\":{\"@id\":\"https:\\\/\\\/folhapopular.info\\\/index.php\\\/2019\\\/08\\\/18\\\/pacto-lajeado-pela-paz-lavra-21-autos-de-infracao-por-alcoolemia-e-31-autos-por-outras-infracoes-do-ctb\\\/\"},\"wordCount\":428,\"commentCount\":0,\"image\":{\"@id\":\"https:\\\/\\\/folhapopular.info\\\/index.php\\\/2019\\\/08\\\/18\\\/pacto-lajeado-pela-paz-lavra-21-autos-de-infracao-por-alcoolemia-e-31-autos-por-outras-infracoes-do-ctb\\\/#primaryimage\"},\"thumbnailUrl\":\"https:\\\/\\\/folhapopular.info\\\/wp-content\\\/uploads\\\/2019\\\/08\\\/WhatsApp-Image-2019-08-18-at-05.49.35-e1566130327475.jpeg\",\"keywords\":[\"BM\",\"Lajeado\",\"Opera\u00e7\u00e3o\",\"Pacto Lajeado Pela Paz\",\"PRE\"],\"articleSection\":[\"Geral\",\"Seguran\u00e7a\"],\"inLanguage\":\"pt-BR\",\"potentialAction\":[{\"@type\":\"CommentAction\",\"name\":\"Comment\",\"target\":[\"https:\\\/\\\/folhapopular.info\\\/index.php\\\/2019\\\/08\\\/18\\\/pacto-lajeado-pela-paz-lavra-21-autos-de-infracao-por-alcoolemia-e-31-autos-por-outras-infracoes-do-ctb\\\/#respond\"]}]},{\"@type\":\"WebPage\",\"@id\":\"https:\\\/\\\/folhapopular.info\\\/index.php\\\/2019\\\/08\\\/18\\\/pacto-lajeado-pela-paz-lavra-21-autos-de-infracao-por-alcoolemia-e-31-autos-por-outras-infracoes-do-ctb\\\/\",\"url\":\"https:\\\/\\\/folhapopular.info\\\/index.php\\\/2019\\\/08\\\/18\\\/pacto-lajeado-pela-paz-lavra-21-autos-de-infracao-por-alcoolemia-e-31-autos-por-outras-infracoes-do-ctb\\\/\",\"name\":\"Pacto Lajeado Pela Paz lavra 21 autos de infra\u00e7\u00e3o por alcoolemia e 31 autos por outras infra\u00e7\u00f5es do CTB - Folha Popular\",\"isPartOf\":{\"@id\":\"https:\\\/\\\/folhapopular.info\\\/#website\"},\"primaryImageOfPage\":{\"@id\":\"https:\\\/\\\/folhapopular.info\\\/index.php\\\/2019\\\/08\\\/18\\\/pacto-lajeado-pela-paz-lavra-21-autos-de-infracao-por-alcoolemia-e-31-autos-por-outras-infracoes-do-ctb\\\/#primaryimage\"},\"image\":{\"@id\":\"https:\\\/\\\/folhapopular.info\\\/index.php\\\/2019\\\/08\\\/18\\\/pacto-lajeado-pela-paz-lavra-21-autos-de-infracao-por-alcoolemia-e-31-autos-por-outras-infracoes-do-ctb\\\/#primaryimage\"},\"thumbnailUrl\":\"https:\\\/\\\/folhapopular.info\\\/wp-content\\\/uploads\\\/2019\\\/08\\\/WhatsApp-Image-2019-08-18-at-05.49.35-e1566130327475.jpeg\",\"datePublished\":\"2019-08-18T12:15:00+00:00\",\"dateModified\":\"2019-08-18T12:18:17+00:00\",\"author\":{\"@id\":\"https:\\\/\\\/folhapopular.info\\\/#\\\/schema\\\/person\\\/2814e8a0df7643585a9ca38bc6eb9d4b\"},\"breadcrumb\":{\"@id\":\"https:\\\/\\\/folhapopular.info\\\/index.php\\\/2019\\\/08\\\/18\\\/pacto-lajeado-pela-paz-lavra-21-autos-de-infracao-por-alcoolemia-e-31-autos-por-outras-infracoes-do-ctb\\\/#breadcrumb\"},\"inLanguage\":\"pt-BR\",\"potentialAction\":[{\"@type\":\"ReadAction\",\"target\":[\"https:\\\/\\\/folhapopular.info\\\/index.php\\\/2019\\\/08\\\/18\\\/pacto-lajeado-pela-paz-lavra-21-autos-de-infracao-por-alcoolemia-e-31-autos-por-outras-infracoes-do-ctb\\\/\"]}]},{\"@type\":\"ImageObject\",\"inLanguage\":\"pt-BR\",\"@id\":\"https:\\\/\\\/folhapopular.info\\\/index.php\\\/2019\\\/08\\\/18\\\/pacto-lajeado-pela-paz-lavra-21-autos-de-infracao-por-alcoolemia-e-31-autos-por-outras-infracoes-do-ctb\\\/#primaryimage\",\"url\":\"https:\\\/\\\/folhapopular.info\\\/wp-content\\\/uploads\\\/2019\\\/08\\\/WhatsApp-Image-2019-08-18-at-05.49.35-e1566130327475.jpeg\",\"contentUrl\":\"https:\\\/\\\/folhapopular.info\\\/wp-content\\\/uploads\\\/2019\\\/08\\\/WhatsApp-Image-2019-08-18-at-05.49.35-e1566130327475.jpeg\",\"width\":800,\"height\":537,\"caption\":\"Cr\u00e9dito: divulga\u00e7\u00e3o\"},{\"@type\":\"BreadcrumbList\",\"@id\":\"https:\\\/\\\/folhapopular.info\\\/index.php\\\/2019\\\/08\\\/18\\\/pacto-lajeado-pela-paz-lavra-21-autos-de-infracao-por-alcoolemia-e-31-autos-por-outras-infracoes-do-ctb\\\/#breadcrumb\",\"itemListElement\":[{\"@type\":\"ListItem\",\"position\":1,\"name\":\"In\u00edcio\",\"item\":\"https:\\\/\\\/folhapopular.info\\\/\"},{\"@type\":\"ListItem\",\"position\":2,\"name\":\"Pacto Lajeado Pela Paz lavra 21 autos de infra\u00e7\u00e3o por alcoolemia e 31 autos por outras infra\u00e7\u00f5es do CTB\"}]},{\"@type\":\"WebSite\",\"@id\":\"https:\\\/\\\/folhapopular.info\\\/#website\",\"url\":\"https:\\\/\\\/folhapopular.info\\\/\",\"name\":\"Folha Popular\",\"description\":\"Onde voc\u00ea tem vez e voz\",\"potentialAction\":[{\"@type\":\"SearchAction\",\"target\":{\"@type\":\"EntryPoint\",\"urlTemplate\":\"https:\\\/\\\/folhapopular.info\\\/?s={search_term_string}\"},\"query-input\":{\"@type\":\"PropertyValueSpecification\",\"valueRequired\":true,\"valueName\":\"search_term_string\"}}],\"inLanguage\":\"pt-BR\"},{\"@type\":\"Person\",\"@id\":\"https:\\\/\\\/folhapopular.info\\\/#\\\/schema\\\/person\\\/2814e8a0df7643585a9ca38bc6eb9d4b\",\"name\":\"Reda\u00e7\u00e3o Folha Popular\",\"image\":{\"@type\":\"ImageObject\",\"inLanguage\":\"pt-BR\",\"@id\":\"https:\\\/\\\/folhapopular.info\\\/wp-content\\\/uploads\\\/2026\\\/04\\\/Folha-1.webp\",\"url\":\"https:\\\/\\\/folhapopular.info\\\/wp-content\\\/uploads\\\/2026\\\/04\\\/Folha-1.webp\",\"contentUrl\":\"https:\\\/\\\/folhapopular.info\\\/wp-content\\\/uploads\\\/2026\\\/04\\\/Folha-1.webp\",\"caption\":\"Reda\u00e7\u00e3o Folha Popular\"},\"url\":\"https:\\\/\\\/folhapopular.info\\\/index.php\\\/author\\\/redacao\\\/\"}]}<\/script>\n<!-- \/ Yoast SEO plugin. -->","yoast_head_json":{"title":"Pacto Lajeado Pela Paz lavra 21 autos de infra\u00e7\u00e3o por alcoolemia e 31 autos por outras infra\u00e7\u00f5es do CTB - Folha Popular","robots":{"index":"index","follow":"follow","max-snippet":"max-snippet:-1","max-image-preview":"max-image-preview:large","max-video-preview":"max-video-preview:-1"},"canonical":"https:\/\/folhapopular.info\/index.php\/2019\/08\/18\/pacto-lajeado-pela-paz-lavra-21-autos-de-infracao-por-alcoolemia-e-31-autos-por-outras-infracoes-do-ctb\/","og_locale":"pt_BR","og_type":"article","og_title":"Pacto Lajeado Pela Paz lavra 21 autos de infra\u00e7\u00e3o por alcoolemia e 31 autos por outras infra\u00e7\u00f5es do CTB - Folha Popular","og_description":"Entre as 23h de s\u00e1bado (17\/08) e as 04h de domingo (18\/08), ocorreu a 3\u00aa etapa da opera\u00e7\u00e3o integrada do Pacto Lajeado Pela Paz. As a\u00e7\u00f5es da opera\u00e7\u00e3o aconteceram nas imedia\u00e7\u00f5es do km 344 da BR-386, entre os Bairros Montanha e Olarias, em Lajeado, com fiscaliza\u00e7\u00f5es dentro e fora da rodovia. Foram fiscalizados 209 ve\u00edculos [&hellip;]","og_url":"https:\/\/folhapopular.info\/index.php\/2019\/08\/18\/pacto-lajeado-pela-paz-lavra-21-autos-de-infracao-por-alcoolemia-e-31-autos-por-outras-infracoes-do-ctb\/","og_site_name":"Folha Popular","article_published_time":"2019-08-18T12:15:00+00:00","article_modified_time":"2019-08-18T12:18:17+00:00","og_image":[{"width":800,"height":537,"url":"https:\/\/folhapopular.info\/wp-content\/uploads\/2019\/08\/WhatsApp-Image-2019-08-18-at-05.49.35-e1566130327475.jpeg","type":"image\/jpeg"}],"author":"Reda\u00e7\u00e3o Folha Popular","twitter_card":"summary_large_image","twitter_misc":{"Escrito por":"Reda\u00e7\u00e3o Folha Popular","Est. tempo de leitura":"2 minutos"},"schema":{"@context":"https:\/\/schema.org","@graph":[{"@type":"Article","@id":"https:\/\/folhapopular.info\/index.php\/2019\/08\/18\/pacto-lajeado-pela-paz-lavra-21-autos-de-infracao-por-alcoolemia-e-31-autos-por-outras-infracoes-do-ctb\/#article","isPartOf":{"@id":"https:\/\/folhapopular.info\/index.php\/2019\/08\/18\/pacto-lajeado-pela-paz-lavra-21-autos-de-infracao-por-alcoolemia-e-31-autos-por-outras-infracoes-do-ctb\/"},"author":{"name":"Reda\u00e7\u00e3o Folha Popular","@id":"https:\/\/folhapopular.info\/#\/schema\/person\/2814e8a0df7643585a9ca38bc6eb9d4b"},"headline":"Pacto Lajeado Pela Paz lavra 21 autos de infra\u00e7\u00e3o por alcoolemia e 31 autos por outras infra\u00e7\u00f5es do CTB","datePublished":"2019-08-18T12:15:00+00:00","dateModified":"2019-08-18T12:18:17+00:00","mainEntityOfPage":{"@id":"https:\/\/folhapopular.info\/index.php\/2019\/08\/18\/pacto-lajeado-pela-paz-lavra-21-autos-de-infracao-por-alcoolemia-e-31-autos-por-outras-infracoes-do-ctb\/"},"wordCount":428,"commentCount":0,"image":{"@id":"https:\/\/folhapopular.info\/index.php\/2019\/08\/18\/pacto-lajeado-pela-paz-lavra-21-autos-de-infracao-por-alcoolemia-e-31-autos-por-outras-infracoes-do-ctb\/#primaryimage"},"thumbnailUrl":"https:\/\/folhapopular.info\/wp-content\/uploads\/2019\/08\/WhatsApp-Image-2019-08-18-at-05.49.35-e1566130327475.jpeg","keywords":["BM","Lajeado","Opera\u00e7\u00e3o","Pacto Lajeado Pela Paz","PRE"],"articleSection":["Geral","Seguran\u00e7a"],"inLanguage":"pt-BR","potentialAction":[{"@type":"CommentAction","name":"Comment","target":["https:\/\/folhapopular.info\/index.php\/2019\/08\/18\/pacto-lajeado-pela-paz-lavra-21-autos-de-infracao-por-alcoolemia-e-31-autos-por-outras-infracoes-do-ctb\/#respond"]}]},{"@type":"WebPage","@id":"https:\/\/folhapopular.info\/index.php\/2019\/08\/18\/pacto-lajeado-pela-paz-lavra-21-autos-de-infracao-por-alcoolemia-e-31-autos-por-outras-infracoes-do-ctb\/","url":"https:\/\/folhapopular.info\/index.php\/2019\/08\/18\/pacto-lajeado-pela-paz-lavra-21-autos-de-infracao-por-alcoolemia-e-31-autos-por-outras-infracoes-do-ctb\/","name":"Pacto Lajeado Pela Paz lavra 21 autos de infra\u00e7\u00e3o por alcoolemia e 31 autos por outras infra\u00e7\u00f5es do CTB - Folha Popular","isPartOf":{"@id":"https:\/\/folhapopular.info\/#website"},"primaryImageOfPage":{"@id":"https:\/\/folhapopular.info\/index.php\/2019\/08\/18\/pacto-lajeado-pela-paz-lavra-21-autos-de-infracao-por-alcoolemia-e-31-autos-por-outras-infracoes-do-ctb\/#primaryimage"},"image":{"@id":"https:\/\/folhapopular.info\/index.php\/2019\/08\/18\/pacto-lajeado-pela-paz-lavra-21-autos-de-infracao-por-alcoolemia-e-31-autos-por-outras-infracoes-do-ctb\/#primaryimage"},"thumbnailUrl":"https:\/\/folhapopular.info\/wp-content\/uploads\/2019\/08\/WhatsApp-Image-2019-08-18-at-05.49.35-e1566130327475.jpeg","datePublished":"2019-08-18T12:15:00+00:00","dateModified":"2019-08-18T12:18:17+00:00","author":{"@id":"https:\/\/folhapopular.info\/#\/schema\/person\/2814e8a0df7643585a9ca38bc6eb9d4b"},"breadcrumb":{"@id":"https:\/\/folhapopular.info\/index.php\/2019\/08\/18\/pacto-lajeado-pela-paz-lavra-21-autos-de-infracao-por-alcoolemia-e-31-autos-por-outras-infracoes-do-ctb\/#breadcrumb"},"inLanguage":"pt-BR","potentialAction":[{"@type":"ReadAction","target":["https:\/\/folhapopular.info\/index.php\/2019\/08\/18\/pacto-lajeado-pela-paz-lavra-21-autos-de-infracao-por-alcoolemia-e-31-autos-por-outras-infracoes-do-ctb\/"]}]},{"@type":"ImageObject","inLanguage":"pt-BR","@id":"https:\/\/folhapopular.info\/index.php\/2019\/08\/18\/pacto-lajeado-pela-paz-lavra-21-autos-de-infracao-por-alcoolemia-e-31-autos-por-outras-infracoes-do-ctb\/#primaryimage","url":"https:\/\/folhapopular.info\/wp-content\/uploads\/2019\/08\/WhatsApp-Image-2019-08-18-at-05.49.35-e1566130327475.jpeg","contentUrl":"https:\/\/folhapopular.info\/wp-content\/uploads\/2019\/08\/WhatsApp-Image-2019-08-18-at-05.49.35-e1566130327475.jpeg","width":800,"height":537,"caption":"Cr\u00e9dito: divulga\u00e7\u00e3o"},{"@type":"BreadcrumbList","@id":"https:\/\/folhapopular.info\/index.php\/2019\/08\/18\/pacto-lajeado-pela-paz-lavra-21-autos-de-infracao-por-alcoolemia-e-31-autos-por-outras-infracoes-do-ctb\/#breadcrumb","itemListElement":[{"@type":"ListItem","position":1,"name":"In\u00edcio","item":"https:\/\/folhapopular.info\/"},{"@type":"ListItem","position":2,"name":"Pacto Lajeado Pela Paz lavra 21 autos de infra\u00e7\u00e3o por alcoolemia e 31 autos por outras infra\u00e7\u00f5es do CTB"}]},{"@type":"WebSite","@id":"https:\/\/folhapopular.info\/#website","url":"https:\/\/folhapopular.info\/","name":"Folha Popular","description":"Onde voc\u00ea tem vez e voz","potentialAction":[{"@type":"SearchAction","target":{"@type":"EntryPoint","urlTemplate":"https:\/\/folhapopular.info\/?s={search_term_string}"},"query-input":{"@type":"PropertyValueSpecification","valueRequired":true,"valueName":"search_term_string"}}],"inLanguage":"pt-BR"},{"@type":"Person","@id":"https:\/\/folhapopular.info\/#\/schema\/person\/2814e8a0df7643585a9ca38bc6eb9d4b","name":"Reda\u00e7\u00e3o Folha Popular","image":{"@type":"ImageObject","inLanguage":"pt-BR","@id":"https:\/\/folhapopular.info\/wp-content\/uploads\/2026\/04\/Folha-1.webp","url":"https:\/\/folhapopular.info\/wp-content\/uploads\/2026\/04\/Folha-1.webp","contentUrl":"https:\/\/folhapopular.info\/wp-content\/uploads\/2026\/04\/Folha-1.webp","caption":"Reda\u00e7\u00e3o Folha Popular"},"url":"https:\/\/folhapopular.info\/index.php\/author\/redacao\/"}]}},"jetpack_featured_media_url":"https:\/\/folhapopular.info\/wp-content\/uploads\/2019\/08\/WhatsApp-Image-2019-08-18-at-05.49.35-e1566130327475.jpeg","jetpack_sharing_enabled":true,"amp_enabled":true,"_links":{"self":[{"href":"https:\/\/folhapopular.info\/index.php\/wp-json\/wp\/v2\/posts\/58060","targetHints":{"allow":["GET"]}}],"collection":[{"href":"https:\/\/folhapopular.info\/index.php\/wp-json\/wp\/v2\/posts"}],"about":[{"href":"https:\/\/folhapopular.info\/index.php\/wp-json\/wp\/v2\/types\/post"}],"author":[{"embeddable":true,"href":"https:\/\/folhapopular.info\/index.php\/wp-json\/wp\/v2\/users\/8"}],"replies":[{"embeddable":true,"href":"https:\/\/folhapopular.info\/index.php\/wp-json\/wp\/v2\/comments?post=58060"}],"version-history":[{"count":0,"href":"https:\/\/folhapopular.info\/index.php\/wp-json\/wp\/v2\/posts\/58060\/revisions"}],"wp:featuredmedia":[{"embeddable":true,"href":"https:\/\/folhapopular.info\/index.php\/wp-json\/wp\/v2\/media\/58061"}],"wp:attachment":[{"href":"https:\/\/folhapopular.info\/index.php\/wp-json\/wp\/v2\/media?parent=58060"}],"wp:term":[{"taxonomy":"category","embeddable":true,"href":"https:\/\/folhapopular.info\/index.php\/wp-json\/wp\/v2\/categories?post=58060"},{"taxonomy":"post_tag","embeddable":true,"href":"https:\/\/folhapopular.info\/index.php\/wp-json\/wp\/v2\/tags?post=58060"}],"curies":[{"name":"wp","href":"https:\/\/api.w.org\/{rel}","templated":true}]}}