{"id":58067,"date":"2019-08-18T13:54:09","date_gmt":"2019-08-18T16:54:09","guid":{"rendered":"http:\/\/folhapopular.info\/?p=58067"},"modified":"2019-08-18T13:56:03","modified_gmt":"2019-08-18T16:56:03","slug":"juventude-e-estudiantes-lideram-regional-de-veteranos","status":"publish","type":"post","link":"https:\/\/folhapopular.info\/index.php\/2019\/08\/18\/juventude-e-estudiantes-lideram-regional-de-veteranos\/","title":{"rendered":"Juventude e Estudiantes lideram Regional de Veteranos"},"content":{"rendered":"\n<p>Com duas vit\u00f3rias em dois jogos, Juventude de Teut\u00f4nia e Estudiantes de Lajeado aparecem na ponta da tabela de classifica\u00e7\u00e3o do Campeonato Regional de Veteranos &#8211; 22\u00aa Copa Certel Sicredi. Na manh\u00e3 deste domingo (18\/08), a chuva n\u00e3o compareceu, e os clubes foram a campo para completar a 2\u00aa rodada da fase classificat\u00f3ria, que teve o <a href=\"https:\/\/folhapopular.info\/index.php\/2019\/08\/17\/pinheiros-vence-classico-de-taquari-no-regional-de-veteranos\/\"><strong>cl\u00e1ssico de Taquari no s\u00e1bado<\/strong><\/a>.<\/p>\n\n\n\n<p>Na manh\u00e3 deste domingo, o Juventude de Linha Frank ganhou do Cruzeiro, em Santa Clara do Sul, pelo placar de 3 a 1. J\u00e1 o Estudiantes tamb\u00e9m somou tr\u00eas pontos fora de casa, ao vencer o Independente em Cruzeiro do Sul por 3 a 0. Quem tamb\u00e9m somou pontos fora de casa foi a Assespe, que derrotou o Ribeirense por 1 a 0, em Teut\u00f4nia.<\/p>\n\n\n\n<p>Os dois \u00fanicos clubes que venceram em casa foram Brasil e Uni\u00e3o de Palmas. O Brasil estreou e venceu o Internacional de Conservas por 4 a 2. J\u00e1 o Uni\u00e3o de Palmas se reabilitou diante do \u00c1guia Azul ao vencer por 2 a 1.<\/p>\n\n\n\n<figure class=\"wp-block-image\"><img loading=\"lazy\" decoding=\"async\" width=\"720\" height=\"540\" src=\"https:\/\/folhapopular.info\/wp-content\/uploads\/2019\/08\/WhatsApp-Image-2019-08-18-at-13.54.28.jpeg\" alt=\"\" class=\"wp-image-58069\" srcset=\"https:\/\/folhapopular.info\/wp-content\/uploads\/2019\/08\/WhatsApp-Image-2019-08-18-at-13.54.28.jpeg 720w, https:\/\/folhapopular.info\/wp-content\/uploads\/2019\/08\/WhatsApp-Image-2019-08-18-at-13.54.28-300x225.jpeg 300w, https:\/\/folhapopular.info\/wp-content\/uploads\/2019\/08\/WhatsApp-Image-2019-08-18-at-13.54.28-80x60.jpeg 80w, https:\/\/folhapopular.info\/wp-content\/uploads\/2019\/08\/WhatsApp-Image-2019-08-18-at-13.54.28-265x198.jpeg 265w, https:\/\/folhapopular.info\/wp-content\/uploads\/2019\/08\/WhatsApp-Image-2019-08-18-at-13.54.28-696x522.jpeg 696w, https:\/\/folhapopular.info\/wp-content\/uploads\/2019\/08\/WhatsApp-Image-2019-08-18-at-13.54.28-560x420.jpeg 560w\" sizes=\"auto, (max-width: 720px) 100vw, 720px\" \/><figcaption>Taquariense (foto) perdeu o cl\u00e1ssico diante do Pinheiros no s\u00e1bado por 3 a 0<\/figcaption><\/figure>\n\n\n\n<h2 class=\"wp-block-heading\"><strong>2\u00aa rodada dos Veteranos<\/strong><\/h2>\n\n\n\n<table class=\"wp-block-table is-style-stripes\"><tbody><tr><td>DATA<\/td><td>LOCAL<\/td><td>ADVERS\u00c1RIOS<\/td><\/tr><tr><td>17\/08\/2019<\/td><td>TAQUARI<\/td><td>TAQUARIENSE<\/td><td>0<\/td><td>X<\/td><td>3<\/td><td>PINHEIROS<\/td><\/tr><tr><td>18\/08\/2019<\/td><td>TEUT\u00d4NIA<\/td><td>RIBEIRENSE<\/td><td>0<\/td><td>X<\/td><td>1<\/td><td>ASSESPE<\/td><\/tr><tr><td>18\/08\/2019<\/td><td>CRUZEIRO DO SUL<\/td><td>INDEPENDENTE<\/td><td>0<\/td><td>X<\/td><td>3<\/td><td>ESTUDIANTES<\/td><\/tr><tr><td>18\/08\/2019<\/td><td>ENCANTADO<\/td><td>UNI\u00c3O DE PALMAS<\/td><td>2<\/td><td>X<\/td><td>1<\/td><td>\u00c1GUIA AZUL<\/td><\/tr><tr><td>18\/08\/2019<\/td><td>MARQUES SOUZA<\/td><td>BRASIL<\/td><td>4<\/td><td>X<\/td><td>2<\/td><td>INTERNACIONAL<\/td><\/tr><tr><td>18\/08\/2019<\/td><td>SANTA CLARA<\/td><td>CRUZEIRO<\/td><td>1<\/td><td>X<\/td><td>3<\/td><td>JUVENTUDE FRANK<\/td><\/tr><\/tbody><\/table>\n\n\n\n<h2 class=\"wp-block-heading\"><strong>Classifica\u00e7\u00e3o Veteranos<\/strong><\/h2>\n\n\n\n<table class=\"wp-block-table is-style-stripes\"><tbody><tr><td><\/td><td>EQUIPES<\/td><td>PG<\/td><td>J<\/td><td>V<\/td><td>E<\/td><td>D<\/td><td>GP<\/td><td>GS<\/td><td>SG<\/td><td>%<\/td><\/tr><tr><td>1\u00ba<\/td><td>Juventude<\/td><td>6<\/td><td>2<\/td><td>2<\/td><td>0<\/td><td>0<\/td><td>5<\/td><td>1<\/td><td>4<\/td><td>100<\/td><\/tr><tr><td>2\u00ba<\/td><td>Estudiantes<\/td><td>6<\/td><td>2<\/td><td>2<\/td><td>0<\/td><td>0<\/td><td>4<\/td><td>0<\/td><td>4<\/td><td>100<\/td><\/tr><tr><td>3\u00ba<\/td><td>Conc\u00f3rdia<\/td><td>3<\/td><td>1<\/td><td>1<\/td><td>0<\/td><td>0<\/td><td>2<\/td><td>1<\/td><td>1<\/td><td>100<\/td><\/tr><tr><td>4\u00ba<\/td><td>Pinheiros<\/td><td>3<\/td><td>1<\/td><td>1<\/td><td>0<\/td><td>0<\/td><td>3<\/td><td>0<\/td><td>3<\/td><td>100<\/td><\/tr><tr><td>5\u00ba<\/td><td>Brasil<\/td><td>3<\/td><td>1<\/td><td>1<\/td><td>0<\/td><td>0<\/td><td>4<\/td><td>2<\/td><td>2<\/td><td>100<\/td><\/tr><tr><td>6\u00ba<\/td><td>Assespe<\/td><td>3<\/td><td>2<\/td><td>1<\/td><td>0<\/td><td>1<\/td><td>1<\/td><td>1<\/td><td>0<\/td><td>50<\/td><\/tr><tr><td>7\u00ba<\/td><td>Cruzeiro<\/td><td>3<\/td><td>2<\/td><td>1<\/td><td>0<\/td><td>1<\/td><td>4<\/td><td>4<\/td><td>0<\/td><td>50<\/td><\/tr><tr><td>8\u00ba<\/td><td>Uni\u00e3o de Palmas<\/td><td>3<\/td><td>2<\/td><td>1<\/td><td>0<\/td><td>1<\/td><td>3<\/td><td>3<\/td><td>0<\/td><td>50<\/td><\/tr><tr><td>9\u00ba<\/td><td>Independente<\/td><td>0<\/td><td>2<\/td><td>0<\/td><td>0<\/td><td>2<\/td><td>1<\/td><td>6<\/td><td>-5<\/td><td>0<\/td><\/tr><tr><td>10\u00ba<\/td><td>Taquariense<\/td><td>0<\/td><td>2<\/td><td>0<\/td><td>0<\/td><td>2<\/td><td>0<\/td><td>5<\/td><td>-5<\/td><td>0<\/td><\/tr><tr><td>11\u00ba<\/td><td>\u00c1guia Azul<\/td><td>0<\/td><td>1<\/td><td>0<\/td><td>0<\/td><td>1<\/td><td>1<\/td><td>2<\/td><td>-1<\/td><td>0<\/td><\/tr><tr><td>12\u00ba<\/td><td>Ribeirense<\/td><td>0<\/td><td>1<\/td><td>0<\/td><td>0<\/td><td>1<\/td><td>0<\/td><td>1<\/td><td>-1<\/td><td>0<\/td><\/tr><tr><td>13\u00ba<\/td><td>Internacional<\/td><td>0<\/td><td>1<\/td><td>0<\/td><td>0<\/td><td>1<\/td><td>2<\/td><td>4<\/td><td>-2<\/td><td>0<\/td><\/tr><\/tbody><\/table>\n","protected":false},"excerpt":{"rendered":"<p>Com duas vit\u00f3rias em dois jogos, Juventude de Teut\u00f4nia e Estudiantes de Lajeado aparecem na ponta da tabela de classifica\u00e7\u00e3o do Campeonato Regional de Veteranos &#8211; 22\u00aa Copa Certel Sicredi. Na manh\u00e3 deste domingo (18\/08), a chuva n\u00e3o compareceu, e os clubes foram a campo para completar a 2\u00aa rodada da fase classificat\u00f3ria, que teve [&hellip;]<\/p>\n","protected":false},"author":7,"featured_media":57756,"comment_status":"open","ping_status":"open","sticky":false,"template":"","format":"standard","meta":{"pmpro_default_level":"","_jetpack_memberships_contains_paid_content":false,"footnotes":""},"categories":[5,240,288],"tags":[318,147,864],"class_list":{"0":"post-58067","1":"post","2":"type-post","3":"status-publish","4":"format-standard","5":"has-post-thumbnail","7":"category-esportes","8":"category-futebol-amador","9":"category-regional-da-aslivata","10":"tag-copa-certel-sicredi","11":"tag-futebol-amador","12":"tag-veteranos","13":"pmpro-has-access"},"yoast_head":"<!-- This site is optimized with the Yoast SEO plugin v27.5 - https:\/\/yoast.com\/product\/yoast-seo-wordpress\/ -->\n<title>Juventude e Estudiantes lideram Regional de Veteranos - Folha Popular<\/title>\n<meta name=\"robots\" content=\"index, follow, max-snippet:-1, max-image-preview:large, max-video-preview:-1\" \/>\n<link rel=\"canonical\" href=\"https:\/\/folhapopular.info\/index.php\/2019\/08\/18\/juventude-e-estudiantes-lideram-regional-de-veteranos\/\" \/>\n<meta property=\"og:locale\" content=\"pt_BR\" \/>\n<meta property=\"og:type\" content=\"article\" \/>\n<meta property=\"og:title\" content=\"Juventude e Estudiantes lideram Regional de Veteranos - Folha Popular\" \/>\n<meta property=\"og:description\" content=\"Com duas vit\u00f3rias em dois jogos, Juventude de Teut\u00f4nia e Estudiantes de Lajeado aparecem na ponta da tabela de classifica\u00e7\u00e3o do Campeonato Regional de Veteranos &#8211; 22\u00aa Copa Certel Sicredi. Na manh\u00e3 deste domingo (18\/08), a chuva n\u00e3o compareceu, e os clubes foram a campo para completar a 2\u00aa rodada da fase classificat\u00f3ria, que teve [&hellip;]\" \/>\n<meta property=\"og:url\" content=\"https:\/\/folhapopular.info\/index.php\/2019\/08\/18\/juventude-e-estudiantes-lideram-regional-de-veteranos\/\" \/>\n<meta property=\"og:site_name\" content=\"Folha Popular\" \/>\n<meta property=\"article:published_time\" content=\"2019-08-18T16:54:09+00:00\" \/>\n<meta property=\"article:modified_time\" content=\"2019-08-18T16:56:03+00:00\" \/>\n<meta property=\"og:image\" content=\"https:\/\/folhapopular.info\/wp-content\/uploads\/2019\/08\/Logo-Regional-Certel-Sicredi-correto-Medium.png\" \/>\n\t<meta property=\"og:image:width\" content=\"768\" \/>\n\t<meta property=\"og:image:height\" content=\"880\" \/>\n\t<meta property=\"og:image:type\" content=\"image\/png\" \/>\n<meta name=\"author\" content=\"Lucas Leandro Brune\" \/>\n<meta name=\"twitter:card\" content=\"summary_large_image\" \/>\n<meta name=\"twitter:label1\" content=\"Escrito por\" \/>\n\t<meta name=\"twitter:data1\" content=\"Lucas Leandro Brune\" \/>\n\t<meta name=\"twitter:label2\" content=\"Est. tempo de leitura\" \/>\n\t<meta name=\"twitter:data2\" content=\"1 minuto\" \/>\n<script type=\"application\/ld+json\" class=\"yoast-schema-graph\">{\"@context\":\"https:\\\/\\\/schema.org\",\"@graph\":[{\"@type\":\"Article\",\"@id\":\"https:\\\/\\\/folhapopular.info\\\/index.php\\\/2019\\\/08\\\/18\\\/juventude-e-estudiantes-lideram-regional-de-veteranos\\\/#article\",\"isPartOf\":{\"@id\":\"https:\\\/\\\/folhapopular.info\\\/index.php\\\/2019\\\/08\\\/18\\\/juventude-e-estudiantes-lideram-regional-de-veteranos\\\/\"},\"author\":{\"name\":\"Lucas Leandro Brune\",\"@id\":\"https:\\\/\\\/folhapopular.info\\\/#\\\/schema\\\/person\\\/533a15f60cd49e81ab3a90b4ca33cb36\"},\"headline\":\"Juventude e Estudiantes lideram Regional de Veteranos\",\"datePublished\":\"2019-08-18T16:54:09+00:00\",\"dateModified\":\"2019-08-18T16:56:03+00:00\",\"mainEntityOfPage\":{\"@id\":\"https:\\\/\\\/folhapopular.info\\\/index.php\\\/2019\\\/08\\\/18\\\/juventude-e-estudiantes-lideram-regional-de-veteranos\\\/\"},\"wordCount\":267,\"commentCount\":0,\"image\":{\"@id\":\"https:\\\/\\\/folhapopular.info\\\/index.php\\\/2019\\\/08\\\/18\\\/juventude-e-estudiantes-lideram-regional-de-veteranos\\\/#primaryimage\"},\"thumbnailUrl\":\"https:\\\/\\\/folhapopular.info\\\/wp-content\\\/uploads\\\/2019\\\/08\\\/Logo-Regional-Certel-Sicredi-correto-Medium.png\",\"keywords\":[\"Copa Certel Sicredi\",\"futebol amador\",\"Veteranos\"],\"articleSection\":[\"Esportes\",\"Futebol Amador\",\"Regional da Aslivata\"],\"inLanguage\":\"pt-BR\",\"potentialAction\":[{\"@type\":\"CommentAction\",\"name\":\"Comment\",\"target\":[\"https:\\\/\\\/folhapopular.info\\\/index.php\\\/2019\\\/08\\\/18\\\/juventude-e-estudiantes-lideram-regional-de-veteranos\\\/#respond\"]}]},{\"@type\":\"WebPage\",\"@id\":\"https:\\\/\\\/folhapopular.info\\\/index.php\\\/2019\\\/08\\\/18\\\/juventude-e-estudiantes-lideram-regional-de-veteranos\\\/\",\"url\":\"https:\\\/\\\/folhapopular.info\\\/index.php\\\/2019\\\/08\\\/18\\\/juventude-e-estudiantes-lideram-regional-de-veteranos\\\/\",\"name\":\"Juventude e Estudiantes lideram Regional de Veteranos - Folha Popular\",\"isPartOf\":{\"@id\":\"https:\\\/\\\/folhapopular.info\\\/#website\"},\"primaryImageOfPage\":{\"@id\":\"https:\\\/\\\/folhapopular.info\\\/index.php\\\/2019\\\/08\\\/18\\\/juventude-e-estudiantes-lideram-regional-de-veteranos\\\/#primaryimage\"},\"image\":{\"@id\":\"https:\\\/\\\/folhapopular.info\\\/index.php\\\/2019\\\/08\\\/18\\\/juventude-e-estudiantes-lideram-regional-de-veteranos\\\/#primaryimage\"},\"thumbnailUrl\":\"https:\\\/\\\/folhapopular.info\\\/wp-content\\\/uploads\\\/2019\\\/08\\\/Logo-Regional-Certel-Sicredi-correto-Medium.png\",\"datePublished\":\"2019-08-18T16:54:09+00:00\",\"dateModified\":\"2019-08-18T16:56:03+00:00\",\"author\":{\"@id\":\"https:\\\/\\\/folhapopular.info\\\/#\\\/schema\\\/person\\\/533a15f60cd49e81ab3a90b4ca33cb36\"},\"breadcrumb\":{\"@id\":\"https:\\\/\\\/folhapopular.info\\\/index.php\\\/2019\\\/08\\\/18\\\/juventude-e-estudiantes-lideram-regional-de-veteranos\\\/#breadcrumb\"},\"inLanguage\":\"pt-BR\",\"potentialAction\":[{\"@type\":\"ReadAction\",\"target\":[\"https:\\\/\\\/folhapopular.info\\\/index.php\\\/2019\\\/08\\\/18\\\/juventude-e-estudiantes-lideram-regional-de-veteranos\\\/\"]}]},{\"@type\":\"ImageObject\",\"inLanguage\":\"pt-BR\",\"@id\":\"https:\\\/\\\/folhapopular.info\\\/index.php\\\/2019\\\/08\\\/18\\\/juventude-e-estudiantes-lideram-regional-de-veteranos\\\/#primaryimage\",\"url\":\"https:\\\/\\\/folhapopular.info\\\/wp-content\\\/uploads\\\/2019\\\/08\\\/Logo-Regional-Certel-Sicredi-correto-Medium.png\",\"contentUrl\":\"https:\\\/\\\/folhapopular.info\\\/wp-content\\\/uploads\\\/2019\\\/08\\\/Logo-Regional-Certel-Sicredi-correto-Medium.png\",\"width\":768,\"height\":880},{\"@type\":\"BreadcrumbList\",\"@id\":\"https:\\\/\\\/folhapopular.info\\\/index.php\\\/2019\\\/08\\\/18\\\/juventude-e-estudiantes-lideram-regional-de-veteranos\\\/#breadcrumb\",\"itemListElement\":[{\"@type\":\"ListItem\",\"position\":1,\"name\":\"In\u00edcio\",\"item\":\"https:\\\/\\\/folhapopular.info\\\/\"},{\"@type\":\"ListItem\",\"position\":2,\"name\":\"Juventude e Estudiantes lideram Regional de Veteranos\"}]},{\"@type\":\"WebSite\",\"@id\":\"https:\\\/\\\/folhapopular.info\\\/#website\",\"url\":\"https:\\\/\\\/folhapopular.info\\\/\",\"name\":\"Folha Popular\",\"description\":\"Onde voc\u00ea tem vez e voz\",\"potentialAction\":[{\"@type\":\"SearchAction\",\"target\":{\"@type\":\"EntryPoint\",\"urlTemplate\":\"https:\\\/\\\/folhapopular.info\\\/?s={search_term_string}\"},\"query-input\":{\"@type\":\"PropertyValueSpecification\",\"valueRequired\":true,\"valueName\":\"search_term_string\"}}],\"inLanguage\":\"pt-BR\"},{\"@type\":\"Person\",\"@id\":\"https:\\\/\\\/folhapopular.info\\\/#\\\/schema\\\/person\\\/533a15f60cd49e81ab3a90b4ca33cb36\",\"name\":\"Lucas Leandro Brune\",\"image\":{\"@type\":\"ImageObject\",\"inLanguage\":\"pt-BR\",\"@id\":\"https:\\\/\\\/folhapopular.info\\\/wp-content\\\/uploads\\\/2026\\\/04\\\/LUCAS-1-1.webp\",\"url\":\"https:\\\/\\\/folhapopular.info\\\/wp-content\\\/uploads\\\/2026\\\/04\\\/LUCAS-1-1.webp\",\"contentUrl\":\"https:\\\/\\\/folhapopular.info\\\/wp-content\\\/uploads\\\/2026\\\/04\\\/LUCAS-1-1.webp\",\"caption\":\"Lucas Leandro Brune\"},\"description\":\"Jornalista Profissional Diplomado MTB\\\/RS 14.333\",\"url\":\"https:\\\/\\\/folhapopular.info\\\/index.php\\\/author\\\/lucas-brune\\\/\"}]}<\/script>\n<!-- \/ Yoast SEO plugin. -->","yoast_head_json":{"title":"Juventude e Estudiantes lideram Regional de Veteranos - Folha Popular","robots":{"index":"index","follow":"follow","max-snippet":"max-snippet:-1","max-image-preview":"max-image-preview:large","max-video-preview":"max-video-preview:-1"},"canonical":"https:\/\/folhapopular.info\/index.php\/2019\/08\/18\/juventude-e-estudiantes-lideram-regional-de-veteranos\/","og_locale":"pt_BR","og_type":"article","og_title":"Juventude e Estudiantes lideram Regional de Veteranos - Folha Popular","og_description":"Com duas vit\u00f3rias em dois jogos, Juventude de Teut\u00f4nia e Estudiantes de Lajeado aparecem na ponta da tabela de classifica\u00e7\u00e3o do Campeonato Regional de Veteranos &#8211; 22\u00aa Copa Certel Sicredi. Na manh\u00e3 deste domingo (18\/08), a chuva n\u00e3o compareceu, e os clubes foram a campo para completar a 2\u00aa rodada da fase classificat\u00f3ria, que teve [&hellip;]","og_url":"https:\/\/folhapopular.info\/index.php\/2019\/08\/18\/juventude-e-estudiantes-lideram-regional-de-veteranos\/","og_site_name":"Folha Popular","article_published_time":"2019-08-18T16:54:09+00:00","article_modified_time":"2019-08-18T16:56:03+00:00","og_image":[{"width":768,"height":880,"url":"https:\/\/folhapopular.info\/wp-content\/uploads\/2019\/08\/Logo-Regional-Certel-Sicredi-correto-Medium.png","type":"image\/png"}],"author":"Lucas Leandro Brune","twitter_card":"summary_large_image","twitter_misc":{"Escrito por":"Lucas Leandro Brune","Est. tempo de leitura":"1 minuto"},"schema":{"@context":"https:\/\/schema.org","@graph":[{"@type":"Article","@id":"https:\/\/folhapopular.info\/index.php\/2019\/08\/18\/juventude-e-estudiantes-lideram-regional-de-veteranos\/#article","isPartOf":{"@id":"https:\/\/folhapopular.info\/index.php\/2019\/08\/18\/juventude-e-estudiantes-lideram-regional-de-veteranos\/"},"author":{"name":"Lucas Leandro Brune","@id":"https:\/\/folhapopular.info\/#\/schema\/person\/533a15f60cd49e81ab3a90b4ca33cb36"},"headline":"Juventude e Estudiantes lideram Regional de Veteranos","datePublished":"2019-08-18T16:54:09+00:00","dateModified":"2019-08-18T16:56:03+00:00","mainEntityOfPage":{"@id":"https:\/\/folhapopular.info\/index.php\/2019\/08\/18\/juventude-e-estudiantes-lideram-regional-de-veteranos\/"},"wordCount":267,"commentCount":0,"image":{"@id":"https:\/\/folhapopular.info\/index.php\/2019\/08\/18\/juventude-e-estudiantes-lideram-regional-de-veteranos\/#primaryimage"},"thumbnailUrl":"https:\/\/folhapopular.info\/wp-content\/uploads\/2019\/08\/Logo-Regional-Certel-Sicredi-correto-Medium.png","keywords":["Copa Certel Sicredi","futebol amador","Veteranos"],"articleSection":["Esportes","Futebol Amador","Regional da Aslivata"],"inLanguage":"pt-BR","potentialAction":[{"@type":"CommentAction","name":"Comment","target":["https:\/\/folhapopular.info\/index.php\/2019\/08\/18\/juventude-e-estudiantes-lideram-regional-de-veteranos\/#respond"]}]},{"@type":"WebPage","@id":"https:\/\/folhapopular.info\/index.php\/2019\/08\/18\/juventude-e-estudiantes-lideram-regional-de-veteranos\/","url":"https:\/\/folhapopular.info\/index.php\/2019\/08\/18\/juventude-e-estudiantes-lideram-regional-de-veteranos\/","name":"Juventude e Estudiantes lideram Regional de Veteranos - Folha Popular","isPartOf":{"@id":"https:\/\/folhapopular.info\/#website"},"primaryImageOfPage":{"@id":"https:\/\/folhapopular.info\/index.php\/2019\/08\/18\/juventude-e-estudiantes-lideram-regional-de-veteranos\/#primaryimage"},"image":{"@id":"https:\/\/folhapopular.info\/index.php\/2019\/08\/18\/juventude-e-estudiantes-lideram-regional-de-veteranos\/#primaryimage"},"thumbnailUrl":"https:\/\/folhapopular.info\/wp-content\/uploads\/2019\/08\/Logo-Regional-Certel-Sicredi-correto-Medium.png","datePublished":"2019-08-18T16:54:09+00:00","dateModified":"2019-08-18T16:56:03+00:00","author":{"@id":"https:\/\/folhapopular.info\/#\/schema\/person\/533a15f60cd49e81ab3a90b4ca33cb36"},"breadcrumb":{"@id":"https:\/\/folhapopular.info\/index.php\/2019\/08\/18\/juventude-e-estudiantes-lideram-regional-de-veteranos\/#breadcrumb"},"inLanguage":"pt-BR","potentialAction":[{"@type":"ReadAction","target":["https:\/\/folhapopular.info\/index.php\/2019\/08\/18\/juventude-e-estudiantes-lideram-regional-de-veteranos\/"]}]},{"@type":"ImageObject","inLanguage":"pt-BR","@id":"https:\/\/folhapopular.info\/index.php\/2019\/08\/18\/juventude-e-estudiantes-lideram-regional-de-veteranos\/#primaryimage","url":"https:\/\/folhapopular.info\/wp-content\/uploads\/2019\/08\/Logo-Regional-Certel-Sicredi-correto-Medium.png","contentUrl":"https:\/\/folhapopular.info\/wp-content\/uploads\/2019\/08\/Logo-Regional-Certel-Sicredi-correto-Medium.png","width":768,"height":880},{"@type":"BreadcrumbList","@id":"https:\/\/folhapopular.info\/index.php\/2019\/08\/18\/juventude-e-estudiantes-lideram-regional-de-veteranos\/#breadcrumb","itemListElement":[{"@type":"ListItem","position":1,"name":"In\u00edcio","item":"https:\/\/folhapopular.info\/"},{"@type":"ListItem","position":2,"name":"Juventude e Estudiantes lideram Regional de Veteranos"}]},{"@type":"WebSite","@id":"https:\/\/folhapopular.info\/#website","url":"https:\/\/folhapopular.info\/","name":"Folha Popular","description":"Onde voc\u00ea tem vez e voz","potentialAction":[{"@type":"SearchAction","target":{"@type":"EntryPoint","urlTemplate":"https:\/\/folhapopular.info\/?s={search_term_string}"},"query-input":{"@type":"PropertyValueSpecification","valueRequired":true,"valueName":"search_term_string"}}],"inLanguage":"pt-BR"},{"@type":"Person","@id":"https:\/\/folhapopular.info\/#\/schema\/person\/533a15f60cd49e81ab3a90b4ca33cb36","name":"Lucas Leandro Brune","image":{"@type":"ImageObject","inLanguage":"pt-BR","@id":"https:\/\/folhapopular.info\/wp-content\/uploads\/2026\/04\/LUCAS-1-1.webp","url":"https:\/\/folhapopular.info\/wp-content\/uploads\/2026\/04\/LUCAS-1-1.webp","contentUrl":"https:\/\/folhapopular.info\/wp-content\/uploads\/2026\/04\/LUCAS-1-1.webp","caption":"Lucas Leandro Brune"},"description":"Jornalista Profissional Diplomado MTB\/RS 14.333","url":"https:\/\/folhapopular.info\/index.php\/author\/lucas-brune\/"}]}},"jetpack_featured_media_url":"https:\/\/folhapopular.info\/wp-content\/uploads\/2019\/08\/Logo-Regional-Certel-Sicredi-correto-Medium.png","jetpack_sharing_enabled":true,"amp_enabled":true,"_links":{"self":[{"href":"https:\/\/folhapopular.info\/index.php\/wp-json\/wp\/v2\/posts\/58067","targetHints":{"allow":["GET"]}}],"collection":[{"href":"https:\/\/folhapopular.info\/index.php\/wp-json\/wp\/v2\/posts"}],"about":[{"href":"https:\/\/folhapopular.info\/index.php\/wp-json\/wp\/v2\/types\/post"}],"author":[{"embeddable":true,"href":"https:\/\/folhapopular.info\/index.php\/wp-json\/wp\/v2\/users\/7"}],"replies":[{"embeddable":true,"href":"https:\/\/folhapopular.info\/index.php\/wp-json\/wp\/v2\/comments?post=58067"}],"version-history":[{"count":0,"href":"https:\/\/folhapopular.info\/index.php\/wp-json\/wp\/v2\/posts\/58067\/revisions"}],"wp:featuredmedia":[{"embeddable":true,"href":"https:\/\/folhapopular.info\/index.php\/wp-json\/wp\/v2\/media\/57756"}],"wp:attachment":[{"href":"https:\/\/folhapopular.info\/index.php\/wp-json\/wp\/v2\/media?parent=58067"}],"wp:term":[{"taxonomy":"category","embeddable":true,"href":"https:\/\/folhapopular.info\/index.php\/wp-json\/wp\/v2\/categories?post=58067"},{"taxonomy":"post_tag","embeddable":true,"href":"https:\/\/folhapopular.info\/index.php\/wp-json\/wp\/v2\/tags?post=58067"}],"curies":[{"name":"wp","href":"https:\/\/api.w.org\/{rel}","templated":true}]}}