{"id":58242,"date":"2019-08-25T14:30:15","date_gmt":"2019-08-25T17:30:15","guid":{"rendered":"http:\/\/folhapopular.info\/?p=58242"},"modified":"2019-08-25T14:57:25","modified_gmt":"2019-08-25T17:57:25","slug":"classico-de-teutonia-termina-empatado-no-regional-de-veterano","status":"publish","type":"post","link":"https:\/\/folhapopular.info\/index.php\/2019\/08\/25\/classico-de-teutonia-termina-empatado-no-regional-de-veterano\/","title":{"rendered":"Cl\u00e1ssico de Teut\u00f4nia termina empatado no Regional de Veterano"},"content":{"rendered":"\n<div class=\"wp-block-image\"><figure class=\"alignleft is-resized\"><img loading=\"lazy\" decoding=\"async\" src=\"https:\/\/folhapopular.info\/wp-content\/uploads\/2019\/08\/Logo-Regional-Certel-Sicredi-correto-Medium.png\" alt=\"\" class=\"wp-image-57756\" width=\"217\" height=\"249\" srcset=\"https:\/\/folhapopular.info\/wp-content\/uploads\/2019\/08\/Logo-Regional-Certel-Sicredi-correto-Medium.png 768w, https:\/\/folhapopular.info\/wp-content\/uploads\/2019\/08\/Logo-Regional-Certel-Sicredi-correto-Medium-262x300.png 262w, https:\/\/folhapopular.info\/wp-content\/uploads\/2019\/08\/Logo-Regional-Certel-Sicredi-correto-Medium-696x798.png 696w, https:\/\/folhapopular.info\/wp-content\/uploads\/2019\/08\/Logo-Regional-Certel-Sicredi-correto-Medium-367x420.png 367w\" sizes=\"auto, (max-width: 217px) 100vw, 217px\" \/><\/figure><\/div>\n\n\n\n<p>Um jogo sem abertura de marcador e com poucas oportunidades claras de gol marcou o cl\u00e1ssico teutoniense pelo Campeonato Regional de Veterano &#8211; 22\u00aa Copa Certel Sicredi. Em Linha Frank, Juventude e Ribeirense ficaram no 0 a 0, na manh\u00e3 deste domingo (25\/08), em jogo v\u00e1lido pela terceira rodada da competi\u00e7\u00e3o.<\/p>\n\n\n\n<p>No primeiro tempo, Peixe antecipou a defesa e cabeceou para fora a oportunidade de abrir o escore para o Ribeirense. Depois, Borghetti cobrou falta com precis\u00e3o e for\u00e7a, a bola raspou o poste direito e foi para fora na oportunidade criada pelo Juventude.<\/p>\n\n\n\n<p>No segundo tempo, Peixe teve nova oportunidade de marcar para o Ribeirense. Recebeu passe livre na entrada da \u00e1rea e chutou por cima da meta defendida por M\u00e1rio. O Juventude respondeu em cobran\u00e7a de escanteio; a bola sobrou livre para Lolo, que foi chutar e foi travado por Creca dentro da pequena \u00e1rea.<\/p>\n\n\n\n<p>Com o empate do Juventude, o Estudiantes de Conventos venceu o Pinheiros por 2 a 1 e assumiu a lideran\u00e7a isolada, com 9 pontos em tr\u00eas partidas. O Brasil de Marques de Souza tamb\u00e9m segue 100%, com 6 pontos em dois jogos, ap\u00f3s a vit\u00f3ria por 3 a 1 sobre o Taquariense, em Taquari.<\/p>\n\n\n\n<figure class=\"wp-block-image\"><img loading=\"lazy\" decoding=\"async\" width=\"1024\" height=\"768\" src=\"https:\/\/folhapopular.info\/wp-content\/uploads\/2019\/08\/2019_08_25_Div_Pinheiros-1024x768.jpeg\" alt=\"\" class=\"wp-image-58247\" srcset=\"https:\/\/folhapopular.info\/wp-content\/uploads\/2019\/08\/2019_08_25_Div_Pinheiros-1024x768.jpeg 1024w, https:\/\/folhapopular.info\/wp-content\/uploads\/2019\/08\/2019_08_25_Div_Pinheiros-300x225.jpeg 300w, https:\/\/folhapopular.info\/wp-content\/uploads\/2019\/08\/2019_08_25_Div_Pinheiros-768x576.jpeg 768w, https:\/\/folhapopular.info\/wp-content\/uploads\/2019\/08\/2019_08_25_Div_Pinheiros-80x60.jpeg 80w, https:\/\/folhapopular.info\/wp-content\/uploads\/2019\/08\/2019_08_25_Div_Pinheiros-265x198.jpeg 265w, https:\/\/folhapopular.info\/wp-content\/uploads\/2019\/08\/2019_08_25_Div_Pinheiros-696x522.jpeg 696w, https:\/\/folhapopular.info\/wp-content\/uploads\/2019\/08\/2019_08_25_Div_Pinheiros-1068x801.jpeg 1068w, https:\/\/folhapopular.info\/wp-content\/uploads\/2019\/08\/2019_08_25_Div_Pinheiros-560x420.jpeg 560w, https:\/\/folhapopular.info\/wp-content\/uploads\/2019\/08\/2019_08_25_Div_Pinheiros.jpeg 1280w\" sizes=\"auto, (max-width: 1024px) 100vw, 1024px\" \/><figcaption>Pinheiros de Taquari fez o segundo jogo e perdeu em Lajeado para o Estudiantes<\/figcaption><\/figure>\n\n\n\n<p>Em Lajeado, o Internacional de Conservas derrotou o Conc\u00f3rdia de Roca Sales por 3 a 2, se recuperando na competi\u00e7\u00e3o. E em S\u00e3o Jac\u00f3 &#8211; Teut\u00f4nia, o \u00c1guia Azul foi surpreendido pelo Independente de Cruzeiro do Sul, que venceu por 1 a 0.<\/p>\n\n\n\n<h2 class=\"wp-block-heading\"><strong>3\u00aa rodada &#8211; Regional de Veteranos<\/strong><\/h2>\n\n\n\n<table class=\"wp-block-table is-style-stripes\"><tbody><tr><td><strong>LOCAL<\/strong><\/td><td><strong>ADVERS\u00c1RIOS<\/strong><\/td><\/tr><tr><td>TAQUARI<\/td><td>TAQUARIENSE<\/td><td>1<\/td><td>X<\/td><td>3<\/td><td>BRASIL<\/td><\/tr><tr><td>LAJEADO<\/td><td>ESTUDIANTES<\/td><td>2<\/td><td>X<\/td><td>1<\/td><td>PINHEIROS<\/td><\/tr><tr><td>LAJEADO<\/td><td>INTERNACIONAL<\/td><td>3<\/td><td>X<\/td><td>2<\/td><td>CONC\u00d3RDIA<\/td><\/tr><tr><td>TEUT\u00d4NIA<\/td><td>JUVENTUDE FRANK<\/td><td>0<\/td><td>X<\/td><td>0<\/td><td>RIBEIRENSE<\/td><\/tr><tr><td>TEUT\u00d4NIA<\/td><td>\u00c1GUIA AZUL<\/td><td>0<\/td><td>X<\/td><td>1<\/td><td>INDEPENDENTE<\/td><\/tr><\/tbody><\/table>\n\n\n\n<h2 class=\"wp-block-heading\"><strong>Classifica\u00e7\u00e3o &#8211; Veteranos<\/strong><\/h2>\n\n\n\n<table class=\"wp-block-table is-style-stripes\"><tbody><tr><td><\/td><td><strong>EQUIPES<\/strong><\/td><td><strong>PG<\/strong><\/td><td><strong>J<\/strong><\/td><td><strong>V<\/strong><\/td><td><strong>E<\/strong><\/td><td><strong>D<\/strong><\/td><td><strong>GP<\/strong><\/td><td><strong>GS<\/strong><\/td><td><strong>SG<\/strong><\/td><td><strong>%<\/strong><\/td><\/tr><tr><td>1\u00ba<\/td><td>Estudiantes<\/td><td>9<\/td><td>3<\/td><td>3<\/td><td>0<\/td><td>0<\/td><td>6<\/td><td>1<\/td><td>5<\/td><td>100<\/td><\/tr><tr><td>2\u00ba<\/td><td>Juventude<\/td><td>7<\/td><td>3<\/td><td>2<\/td><td>1<\/td><td>0<\/td><td>5<\/td><td>1<\/td><td>4<\/td><td>78<\/td><\/tr><tr><td>3\u00ba<\/td><td>Brasil<\/td><td>6<\/td><td>2<\/td><td>2<\/td><td>0<\/td><td>0<\/td><td>7<\/td><td>3<\/td><td>4<\/td><td>100<\/td><\/tr><tr><td>4\u00ba<\/td><td>Conc\u00f3rdia<\/td><td>3<\/td><td>2<\/td><td>1<\/td><td>0<\/td><td>1<\/td><td>4<\/td><td>4<\/td><td>0<\/td><td>50<\/td><\/tr><tr><td>5\u00ba<\/td><td>Pinheiros<\/td><td>3<\/td><td>2<\/td><td>1<\/td><td>0<\/td><td>1<\/td><td>4<\/td><td>2<\/td><td>2<\/td><td>50<\/td><\/tr><tr><td>6\u00ba<\/td><td>Assespe<\/td><td>3<\/td><td>2<\/td><td>1<\/td><td>0<\/td><td>1<\/td><td>1<\/td><td>1<\/td><td>0<\/td><td>50<\/td><\/tr><tr><td>7\u00ba<\/td><td>Cruzeiro<\/td><td>3<\/td><td>2<\/td><td>1<\/td><td>0<\/td><td>1<\/td><td>4<\/td><td>4<\/td><td>0<\/td><td>50<\/td><\/tr><tr><td>8\u00ba<\/td><td>Uni\u00e3o de Palmas<\/td><td>3<\/td><td>2<\/td><td>1<\/td><td>0<\/td><td>1<\/td><td>3<\/td><td>3<\/td><td>0<\/td><td>50<\/td><\/tr><tr><td>9\u00ba<\/td><td>Internacional<\/td><td>3<\/td><td>2<\/td><td>1<\/td><td>0<\/td><td>1<\/td><td>5<\/td><td>6<\/td><td>-1<\/td><td>50<\/td><\/tr><tr><td>10\u00ba<\/td><td>Independente<\/td><td>3<\/td><td>3<\/td><td>1<\/td><td>0<\/td><td>2<\/td><td>2<\/td><td>6<\/td><td>-4<\/td><td>33<\/td><\/tr><tr><td>11\u00ba<\/td><td>Ribeirense<\/td><td>1<\/td><td>2<\/td><td>0<\/td><td>1<\/td><td>1<\/td><td>0<\/td><td>1<\/td><td>-1<\/td><td>17<\/td><\/tr><tr><td>12\u00ba<\/td><td>Taquariense<\/td><td>0<\/td><td>3<\/td><td>0<\/td><td>0<\/td><td>3<\/td><td>1<\/td><td>8<\/td><td>-7<\/td><td>0<\/td><\/tr><tr><td>13\u00ba<\/td><td>\u00c1guia Azul<\/td><td>0<\/td><td>2<\/td><td>0<\/td><td>0<\/td><td>2<\/td><td>1<\/td><td>3<\/td><td>-2<\/td><td>0<\/td><\/tr><\/tbody><\/table>\n","protected":false},"excerpt":{"rendered":"<p>Um jogo sem abertura de marcador e com poucas oportunidades claras de gol marcou o cl\u00e1ssico teutoniense pelo Campeonato Regional de Veterano &#8211; 22\u00aa Copa Certel Sicredi. Em Linha Frank, Juventude e Ribeirense ficaram no 0 a 0, na manh\u00e3 deste domingo (25\/08), em jogo v\u00e1lido pela terceira rodada da competi\u00e7\u00e3o. No primeiro tempo, Peixe [&hellip;]<\/p>\n","protected":false},"author":8,"featured_media":58243,"comment_status":"open","ping_status":"open","sticky":false,"template":"","format":"standard","meta":{"pmpro_default_level":"","_jetpack_memberships_contains_paid_content":false,"footnotes":""},"categories":[5,240,288],"tags":[318,147,864],"class_list":{"0":"post-58242","1":"post","2":"type-post","3":"status-publish","4":"format-standard","5":"has-post-thumbnail","7":"category-esportes","8":"category-futebol-amador","9":"category-regional-da-aslivata","10":"tag-copa-certel-sicredi","11":"tag-futebol-amador","12":"tag-veteranos","13":"pmpro-has-access"},"yoast_head":"<!-- This site is optimized with the Yoast SEO plugin v27.5 - https:\/\/yoast.com\/product\/yoast-seo-wordpress\/ -->\n<title>Cl\u00e1ssico de Teut\u00f4nia termina empatado no Regional de Veterano - Folha Popular<\/title>\n<meta name=\"robots\" content=\"index, follow, max-snippet:-1, max-image-preview:large, max-video-preview:-1\" \/>\n<link rel=\"canonical\" href=\"https:\/\/folhapopular.info\/index.php\/2019\/08\/25\/classico-de-teutonia-termina-empatado-no-regional-de-veterano\/\" \/>\n<meta property=\"og:locale\" content=\"pt_BR\" \/>\n<meta property=\"og:type\" content=\"article\" \/>\n<meta property=\"og:title\" content=\"Cl\u00e1ssico de Teut\u00f4nia termina empatado no Regional de Veterano - Folha Popular\" \/>\n<meta property=\"og:description\" content=\"Um jogo sem abertura de marcador e com poucas oportunidades claras de gol marcou o cl\u00e1ssico teutoniense pelo Campeonato Regional de Veterano &#8211; 22\u00aa Copa Certel Sicredi. Em Linha Frank, Juventude e Ribeirense ficaram no 0 a 0, na manh\u00e3 deste domingo (25\/08), em jogo v\u00e1lido pela terceira rodada da competi\u00e7\u00e3o. No primeiro tempo, Peixe [&hellip;]\" \/>\n<meta property=\"og:url\" content=\"https:\/\/folhapopular.info\/index.php\/2019\/08\/25\/classico-de-teutonia-termina-empatado-no-regional-de-veterano\/\" \/>\n<meta property=\"og:site_name\" content=\"Folha Popular\" \/>\n<meta property=\"article:published_time\" content=\"2019-08-25T17:30:15+00:00\" \/>\n<meta property=\"article:modified_time\" content=\"2019-08-25T17:57:25+00:00\" \/>\n<meta property=\"og:image\" content=\"https:\/\/folhapopular.info\/wp-content\/uploads\/2019\/08\/2019_08_18_Div_Brasil-de-Marques-de-Souza.jpeg\" \/>\n\t<meta property=\"og:image:width\" content=\"1040\" \/>\n\t<meta property=\"og:image:height\" content=\"780\" \/>\n\t<meta property=\"og:image:type\" content=\"image\/jpeg\" \/>\n<meta name=\"author\" content=\"Reda\u00e7\u00e3o Folha Popular\" \/>\n<meta name=\"twitter:card\" content=\"summary_large_image\" \/>\n<meta name=\"twitter:label1\" content=\"Escrito por\" \/>\n\t<meta name=\"twitter:data1\" content=\"Reda\u00e7\u00e3o Folha Popular\" \/>\n\t<meta name=\"twitter:label2\" content=\"Est. tempo de leitura\" \/>\n\t<meta name=\"twitter:data2\" content=\"2 minutos\" \/>\n<script type=\"application\/ld+json\" class=\"yoast-schema-graph\">{\"@context\":\"https:\\\/\\\/schema.org\",\"@graph\":[{\"@type\":\"Article\",\"@id\":\"https:\\\/\\\/folhapopular.info\\\/index.php\\\/2019\\\/08\\\/25\\\/classico-de-teutonia-termina-empatado-no-regional-de-veterano\\\/#article\",\"isPartOf\":{\"@id\":\"https:\\\/\\\/folhapopular.info\\\/index.php\\\/2019\\\/08\\\/25\\\/classico-de-teutonia-termina-empatado-no-regional-de-veterano\\\/\"},\"author\":{\"name\":\"Reda\u00e7\u00e3o Folha Popular\",\"@id\":\"https:\\\/\\\/folhapopular.info\\\/#\\\/schema\\\/person\\\/2814e8a0df7643585a9ca38bc6eb9d4b\"},\"headline\":\"Cl\u00e1ssico de Teut\u00f4nia termina empatado no Regional de Veterano\",\"datePublished\":\"2019-08-25T17:30:15+00:00\",\"dateModified\":\"2019-08-25T17:57:25+00:00\",\"mainEntityOfPage\":{\"@id\":\"https:\\\/\\\/folhapopular.info\\\/index.php\\\/2019\\\/08\\\/25\\\/classico-de-teutonia-termina-empatado-no-regional-de-veterano\\\/\"},\"wordCount\":339,\"commentCount\":0,\"image\":{\"@id\":\"https:\\\/\\\/folhapopular.info\\\/index.php\\\/2019\\\/08\\\/25\\\/classico-de-teutonia-termina-empatado-no-regional-de-veterano\\\/#primaryimage\"},\"thumbnailUrl\":\"https:\\\/\\\/folhapopular.info\\\/wp-content\\\/uploads\\\/2019\\\/08\\\/2019_08_18_Div_Brasil-de-Marques-de-Souza.jpeg\",\"keywords\":[\"Copa Certel Sicredi\",\"futebol amador\",\"Veteranos\"],\"articleSection\":[\"Esportes\",\"Futebol Amador\",\"Regional da Aslivata\"],\"inLanguage\":\"pt-BR\",\"potentialAction\":[{\"@type\":\"CommentAction\",\"name\":\"Comment\",\"target\":[\"https:\\\/\\\/folhapopular.info\\\/index.php\\\/2019\\\/08\\\/25\\\/classico-de-teutonia-termina-empatado-no-regional-de-veterano\\\/#respond\"]}]},{\"@type\":\"WebPage\",\"@id\":\"https:\\\/\\\/folhapopular.info\\\/index.php\\\/2019\\\/08\\\/25\\\/classico-de-teutonia-termina-empatado-no-regional-de-veterano\\\/\",\"url\":\"https:\\\/\\\/folhapopular.info\\\/index.php\\\/2019\\\/08\\\/25\\\/classico-de-teutonia-termina-empatado-no-regional-de-veterano\\\/\",\"name\":\"Cl\u00e1ssico de Teut\u00f4nia termina empatado no Regional de Veterano - Folha Popular\",\"isPartOf\":{\"@id\":\"https:\\\/\\\/folhapopular.info\\\/#website\"},\"primaryImageOfPage\":{\"@id\":\"https:\\\/\\\/folhapopular.info\\\/index.php\\\/2019\\\/08\\\/25\\\/classico-de-teutonia-termina-empatado-no-regional-de-veterano\\\/#primaryimage\"},\"image\":{\"@id\":\"https:\\\/\\\/folhapopular.info\\\/index.php\\\/2019\\\/08\\\/25\\\/classico-de-teutonia-termina-empatado-no-regional-de-veterano\\\/#primaryimage\"},\"thumbnailUrl\":\"https:\\\/\\\/folhapopular.info\\\/wp-content\\\/uploads\\\/2019\\\/08\\\/2019_08_18_Div_Brasil-de-Marques-de-Souza.jpeg\",\"datePublished\":\"2019-08-25T17:30:15+00:00\",\"dateModified\":\"2019-08-25T17:57:25+00:00\",\"author\":{\"@id\":\"https:\\\/\\\/folhapopular.info\\\/#\\\/schema\\\/person\\\/2814e8a0df7643585a9ca38bc6eb9d4b\"},\"breadcrumb\":{\"@id\":\"https:\\\/\\\/folhapopular.info\\\/index.php\\\/2019\\\/08\\\/25\\\/classico-de-teutonia-termina-empatado-no-regional-de-veterano\\\/#breadcrumb\"},\"inLanguage\":\"pt-BR\",\"potentialAction\":[{\"@type\":\"ReadAction\",\"target\":[\"https:\\\/\\\/folhapopular.info\\\/index.php\\\/2019\\\/08\\\/25\\\/classico-de-teutonia-termina-empatado-no-regional-de-veterano\\\/\"]}]},{\"@type\":\"ImageObject\",\"inLanguage\":\"pt-BR\",\"@id\":\"https:\\\/\\\/folhapopular.info\\\/index.php\\\/2019\\\/08\\\/25\\\/classico-de-teutonia-termina-empatado-no-regional-de-veterano\\\/#primaryimage\",\"url\":\"https:\\\/\\\/folhapopular.info\\\/wp-content\\\/uploads\\\/2019\\\/08\\\/2019_08_18_Div_Brasil-de-Marques-de-Souza.jpeg\",\"contentUrl\":\"https:\\\/\\\/folhapopular.info\\\/wp-content\\\/uploads\\\/2019\\\/08\\\/2019_08_18_Div_Brasil-de-Marques-de-Souza.jpeg\",\"width\":1040,\"height\":780,\"caption\":\"Brasil de Marques de Souza conquistou o t\u00edtulo da S\u00e9rie Prata do Regional de Veteranos\"},{\"@type\":\"BreadcrumbList\",\"@id\":\"https:\\\/\\\/folhapopular.info\\\/index.php\\\/2019\\\/08\\\/25\\\/classico-de-teutonia-termina-empatado-no-regional-de-veterano\\\/#breadcrumb\",\"itemListElement\":[{\"@type\":\"ListItem\",\"position\":1,\"name\":\"In\u00edcio\",\"item\":\"https:\\\/\\\/folhapopular.info\\\/\"},{\"@type\":\"ListItem\",\"position\":2,\"name\":\"Cl\u00e1ssico de Teut\u00f4nia termina empatado no Regional de Veterano\"}]},{\"@type\":\"WebSite\",\"@id\":\"https:\\\/\\\/folhapopular.info\\\/#website\",\"url\":\"https:\\\/\\\/folhapopular.info\\\/\",\"name\":\"Folha Popular\",\"description\":\"Onde voc\u00ea tem vez e voz\",\"potentialAction\":[{\"@type\":\"SearchAction\",\"target\":{\"@type\":\"EntryPoint\",\"urlTemplate\":\"https:\\\/\\\/folhapopular.info\\\/?s={search_term_string}\"},\"query-input\":{\"@type\":\"PropertyValueSpecification\",\"valueRequired\":true,\"valueName\":\"search_term_string\"}}],\"inLanguage\":\"pt-BR\"},{\"@type\":\"Person\",\"@id\":\"https:\\\/\\\/folhapopular.info\\\/#\\\/schema\\\/person\\\/2814e8a0df7643585a9ca38bc6eb9d4b\",\"name\":\"Reda\u00e7\u00e3o Folha Popular\",\"image\":{\"@type\":\"ImageObject\",\"inLanguage\":\"pt-BR\",\"@id\":\"https:\\\/\\\/folhapopular.info\\\/wp-content\\\/uploads\\\/2026\\\/04\\\/Folha-1.webp\",\"url\":\"https:\\\/\\\/folhapopular.info\\\/wp-content\\\/uploads\\\/2026\\\/04\\\/Folha-1.webp\",\"contentUrl\":\"https:\\\/\\\/folhapopular.info\\\/wp-content\\\/uploads\\\/2026\\\/04\\\/Folha-1.webp\",\"caption\":\"Reda\u00e7\u00e3o Folha Popular\"},\"url\":\"https:\\\/\\\/folhapopular.info\\\/index.php\\\/author\\\/redacao\\\/\"}]}<\/script>\n<!-- \/ Yoast SEO plugin. -->","yoast_head_json":{"title":"Cl\u00e1ssico de Teut\u00f4nia termina empatado no Regional de Veterano - Folha Popular","robots":{"index":"index","follow":"follow","max-snippet":"max-snippet:-1","max-image-preview":"max-image-preview:large","max-video-preview":"max-video-preview:-1"},"canonical":"https:\/\/folhapopular.info\/index.php\/2019\/08\/25\/classico-de-teutonia-termina-empatado-no-regional-de-veterano\/","og_locale":"pt_BR","og_type":"article","og_title":"Cl\u00e1ssico de Teut\u00f4nia termina empatado no Regional de Veterano - Folha Popular","og_description":"Um jogo sem abertura de marcador e com poucas oportunidades claras de gol marcou o cl\u00e1ssico teutoniense pelo Campeonato Regional de Veterano &#8211; 22\u00aa Copa Certel Sicredi. Em Linha Frank, Juventude e Ribeirense ficaram no 0 a 0, na manh\u00e3 deste domingo (25\/08), em jogo v\u00e1lido pela terceira rodada da competi\u00e7\u00e3o. No primeiro tempo, Peixe [&hellip;]","og_url":"https:\/\/folhapopular.info\/index.php\/2019\/08\/25\/classico-de-teutonia-termina-empatado-no-regional-de-veterano\/","og_site_name":"Folha Popular","article_published_time":"2019-08-25T17:30:15+00:00","article_modified_time":"2019-08-25T17:57:25+00:00","og_image":[{"width":1040,"height":780,"url":"https:\/\/folhapopular.info\/wp-content\/uploads\/2019\/08\/2019_08_18_Div_Brasil-de-Marques-de-Souza.jpeg","type":"image\/jpeg"}],"author":"Reda\u00e7\u00e3o Folha Popular","twitter_card":"summary_large_image","twitter_misc":{"Escrito por":"Reda\u00e7\u00e3o Folha Popular","Est. tempo de leitura":"2 minutos"},"schema":{"@context":"https:\/\/schema.org","@graph":[{"@type":"Article","@id":"https:\/\/folhapopular.info\/index.php\/2019\/08\/25\/classico-de-teutonia-termina-empatado-no-regional-de-veterano\/#article","isPartOf":{"@id":"https:\/\/folhapopular.info\/index.php\/2019\/08\/25\/classico-de-teutonia-termina-empatado-no-regional-de-veterano\/"},"author":{"name":"Reda\u00e7\u00e3o Folha Popular","@id":"https:\/\/folhapopular.info\/#\/schema\/person\/2814e8a0df7643585a9ca38bc6eb9d4b"},"headline":"Cl\u00e1ssico de Teut\u00f4nia termina empatado no Regional de Veterano","datePublished":"2019-08-25T17:30:15+00:00","dateModified":"2019-08-25T17:57:25+00:00","mainEntityOfPage":{"@id":"https:\/\/folhapopular.info\/index.php\/2019\/08\/25\/classico-de-teutonia-termina-empatado-no-regional-de-veterano\/"},"wordCount":339,"commentCount":0,"image":{"@id":"https:\/\/folhapopular.info\/index.php\/2019\/08\/25\/classico-de-teutonia-termina-empatado-no-regional-de-veterano\/#primaryimage"},"thumbnailUrl":"https:\/\/folhapopular.info\/wp-content\/uploads\/2019\/08\/2019_08_18_Div_Brasil-de-Marques-de-Souza.jpeg","keywords":["Copa Certel Sicredi","futebol amador","Veteranos"],"articleSection":["Esportes","Futebol Amador","Regional da Aslivata"],"inLanguage":"pt-BR","potentialAction":[{"@type":"CommentAction","name":"Comment","target":["https:\/\/folhapopular.info\/index.php\/2019\/08\/25\/classico-de-teutonia-termina-empatado-no-regional-de-veterano\/#respond"]}]},{"@type":"WebPage","@id":"https:\/\/folhapopular.info\/index.php\/2019\/08\/25\/classico-de-teutonia-termina-empatado-no-regional-de-veterano\/","url":"https:\/\/folhapopular.info\/index.php\/2019\/08\/25\/classico-de-teutonia-termina-empatado-no-regional-de-veterano\/","name":"Cl\u00e1ssico de Teut\u00f4nia termina empatado no Regional de Veterano - Folha Popular","isPartOf":{"@id":"https:\/\/folhapopular.info\/#website"},"primaryImageOfPage":{"@id":"https:\/\/folhapopular.info\/index.php\/2019\/08\/25\/classico-de-teutonia-termina-empatado-no-regional-de-veterano\/#primaryimage"},"image":{"@id":"https:\/\/folhapopular.info\/index.php\/2019\/08\/25\/classico-de-teutonia-termina-empatado-no-regional-de-veterano\/#primaryimage"},"thumbnailUrl":"https:\/\/folhapopular.info\/wp-content\/uploads\/2019\/08\/2019_08_18_Div_Brasil-de-Marques-de-Souza.jpeg","datePublished":"2019-08-25T17:30:15+00:00","dateModified":"2019-08-25T17:57:25+00:00","author":{"@id":"https:\/\/folhapopular.info\/#\/schema\/person\/2814e8a0df7643585a9ca38bc6eb9d4b"},"breadcrumb":{"@id":"https:\/\/folhapopular.info\/index.php\/2019\/08\/25\/classico-de-teutonia-termina-empatado-no-regional-de-veterano\/#breadcrumb"},"inLanguage":"pt-BR","potentialAction":[{"@type":"ReadAction","target":["https:\/\/folhapopular.info\/index.php\/2019\/08\/25\/classico-de-teutonia-termina-empatado-no-regional-de-veterano\/"]}]},{"@type":"ImageObject","inLanguage":"pt-BR","@id":"https:\/\/folhapopular.info\/index.php\/2019\/08\/25\/classico-de-teutonia-termina-empatado-no-regional-de-veterano\/#primaryimage","url":"https:\/\/folhapopular.info\/wp-content\/uploads\/2019\/08\/2019_08_18_Div_Brasil-de-Marques-de-Souza.jpeg","contentUrl":"https:\/\/folhapopular.info\/wp-content\/uploads\/2019\/08\/2019_08_18_Div_Brasil-de-Marques-de-Souza.jpeg","width":1040,"height":780,"caption":"Brasil de Marques de Souza conquistou o t\u00edtulo da S\u00e9rie Prata do Regional de Veteranos"},{"@type":"BreadcrumbList","@id":"https:\/\/folhapopular.info\/index.php\/2019\/08\/25\/classico-de-teutonia-termina-empatado-no-regional-de-veterano\/#breadcrumb","itemListElement":[{"@type":"ListItem","position":1,"name":"In\u00edcio","item":"https:\/\/folhapopular.info\/"},{"@type":"ListItem","position":2,"name":"Cl\u00e1ssico de Teut\u00f4nia termina empatado no Regional de Veterano"}]},{"@type":"WebSite","@id":"https:\/\/folhapopular.info\/#website","url":"https:\/\/folhapopular.info\/","name":"Folha Popular","description":"Onde voc\u00ea tem vez e voz","potentialAction":[{"@type":"SearchAction","target":{"@type":"EntryPoint","urlTemplate":"https:\/\/folhapopular.info\/?s={search_term_string}"},"query-input":{"@type":"PropertyValueSpecification","valueRequired":true,"valueName":"search_term_string"}}],"inLanguage":"pt-BR"},{"@type":"Person","@id":"https:\/\/folhapopular.info\/#\/schema\/person\/2814e8a0df7643585a9ca38bc6eb9d4b","name":"Reda\u00e7\u00e3o Folha Popular","image":{"@type":"ImageObject","inLanguage":"pt-BR","@id":"https:\/\/folhapopular.info\/wp-content\/uploads\/2026\/04\/Folha-1.webp","url":"https:\/\/folhapopular.info\/wp-content\/uploads\/2026\/04\/Folha-1.webp","contentUrl":"https:\/\/folhapopular.info\/wp-content\/uploads\/2026\/04\/Folha-1.webp","caption":"Reda\u00e7\u00e3o Folha Popular"},"url":"https:\/\/folhapopular.info\/index.php\/author\/redacao\/"}]}},"jetpack_featured_media_url":"https:\/\/folhapopular.info\/wp-content\/uploads\/2019\/08\/2019_08_18_Div_Brasil-de-Marques-de-Souza.jpeg","jetpack_sharing_enabled":true,"amp_enabled":true,"_links":{"self":[{"href":"https:\/\/folhapopular.info\/index.php\/wp-json\/wp\/v2\/posts\/58242","targetHints":{"allow":["GET"]}}],"collection":[{"href":"https:\/\/folhapopular.info\/index.php\/wp-json\/wp\/v2\/posts"}],"about":[{"href":"https:\/\/folhapopular.info\/index.php\/wp-json\/wp\/v2\/types\/post"}],"author":[{"embeddable":true,"href":"https:\/\/folhapopular.info\/index.php\/wp-json\/wp\/v2\/users\/8"}],"replies":[{"embeddable":true,"href":"https:\/\/folhapopular.info\/index.php\/wp-json\/wp\/v2\/comments?post=58242"}],"version-history":[{"count":0,"href":"https:\/\/folhapopular.info\/index.php\/wp-json\/wp\/v2\/posts\/58242\/revisions"}],"wp:featuredmedia":[{"embeddable":true,"href":"https:\/\/folhapopular.info\/index.php\/wp-json\/wp\/v2\/media\/58243"}],"wp:attachment":[{"href":"https:\/\/folhapopular.info\/index.php\/wp-json\/wp\/v2\/media?parent=58242"}],"wp:term":[{"taxonomy":"category","embeddable":true,"href":"https:\/\/folhapopular.info\/index.php\/wp-json\/wp\/v2\/categories?post=58242"},{"taxonomy":"post_tag","embeddable":true,"href":"https:\/\/folhapopular.info\/index.php\/wp-json\/wp\/v2\/tags?post=58242"}],"curies":[{"name":"wp","href":"https:\/\/api.w.org\/{rel}","templated":true}]}}