{"id":58502,"date":"2019-09-03T17:55:12","date_gmt":"2019-09-03T20:55:12","guid":{"rendered":"http:\/\/folhapopular.info\/?p=58502"},"modified":"2019-09-04T08:46:57","modified_gmt":"2019-09-04T11:46:57","slug":"menor-de-idade-atira-acidentalmente-em-outro-menor-em-teutonia","status":"publish","type":"post","link":"https:\/\/folhapopular.info\/index.php\/2019\/09\/03\/menor-de-idade-atira-acidentalmente-em-outro-menor-em-teutonia\/","title":{"rendered":"Menor de idade fica ferido ap\u00f3s tiro acidental em Teut\u00f4nia"},"content":{"rendered":"\n<p>A Brigada Militar de Teut\u00f4nia foi acionada pela SAMU nesta ter\u00e7a-feira (03\/09) para colaborar em uma situa\u00e7\u00e3o de disparo de arma de fogo acidental por parte de um adolescente de 14 anos, no Bairro Canabarro, em Teut\u00f4nia. A v\u00edtima foi outro adolescente, de 13 anos. <\/p>\n\n\n\n<p>Segundo a BM, por volta das 11h30, os dois estavam brincando na sala da resid\u00eancia de um deles quando o menor foi at\u00e9 um quarto e pegou uma espingarda calibre 22, que pertencia a um av\u00f4 falecido. Segundo seu depoimento, o menino pensou que a arma estaria descarregada. O irm\u00e3o mais velho de um deles chamou a SAMU para realizar o atendimento.<\/p>\n\n\n\n<p>O jovem autor do disparo foi encaminhado para depoimento na Delegacia de Pol\u00edcia. Segundo a BM, o adolescente de 13 anos se feriu, provavelmente, nas proximidades do pesco\u00e7o. Ele foi encaminhado ao atendimento no Hospital Ouro Branco e, em seguida, transferido ao Hospital de Pronto Socorro de Porto Alegre. Segundo relato de seu pai, segue em estado regular.<\/p>\n","protected":false},"excerpt":{"rendered":"<p>A Brigada Militar de Teut\u00f4nia foi acionada pela SAMU nesta ter\u00e7a-feira (03\/09) para colaborar em uma situa\u00e7\u00e3o de disparo de arma de fogo acidental por parte de um adolescente de 14 anos, no Bairro Canabarro, em Teut\u00f4nia. A v\u00edtima foi outro adolescente, de 13 anos. Segundo a BM, por volta das 11h30, os dois estavam [&hellip;]<\/p>\n","protected":false},"author":8,"featured_media":31970,"comment_status":"open","ping_status":"open","sticky":false,"template":"","format":"standard","meta":{"pmpro_default_level":"","_jetpack_memberships_contains_paid_content":false,"footnotes":""},"categories":[3,7],"tags":[195,1535,26,4966],"class_list":{"0":"post-58502","1":"post","2":"type-post","3":"status-publish","4":"format-standard","5":"has-post-thumbnail","7":"category-geral","8":"category-seguranca","9":"tag-acidente","10":"tag-menor-de-idade","11":"tag-teutonia","12":"tag-tiro","13":"pmpro-has-access"},"yoast_head":"<!-- This site is optimized with the Yoast SEO plugin v27.5 - https:\/\/yoast.com\/product\/yoast-seo-wordpress\/ -->\n<title>Menor de idade fica ferido ap\u00f3s tiro acidental em Teut\u00f4nia - Folha Popular<\/title>\n<meta name=\"robots\" content=\"index, follow, max-snippet:-1, max-image-preview:large, max-video-preview:-1\" \/>\n<link rel=\"canonical\" href=\"https:\/\/folhapopular.info\/index.php\/2019\/09\/03\/menor-de-idade-atira-acidentalmente-em-outro-menor-em-teutonia\/\" \/>\n<meta property=\"og:locale\" content=\"pt_BR\" \/>\n<meta property=\"og:type\" content=\"article\" \/>\n<meta property=\"og:title\" content=\"Menor de idade fica ferido ap\u00f3s tiro acidental em Teut\u00f4nia - Folha Popular\" \/>\n<meta property=\"og:description\" content=\"A Brigada Militar de Teut\u00f4nia foi acionada pela SAMU nesta ter\u00e7a-feira (03\/09) para colaborar em uma situa\u00e7\u00e3o de disparo de arma de fogo acidental por parte de um adolescente de 14 anos, no Bairro Canabarro, em Teut\u00f4nia. A v\u00edtima foi outro adolescente, de 13 anos. Segundo a BM, por volta das 11h30, os dois estavam [&hellip;]\" \/>\n<meta property=\"og:url\" content=\"https:\/\/folhapopular.info\/index.php\/2019\/09\/03\/menor-de-idade-atira-acidentalmente-em-outro-menor-em-teutonia\/\" \/>\n<meta property=\"og:site_name\" content=\"Folha Popular\" \/>\n<meta property=\"article:published_time\" content=\"2019-09-03T20:55:12+00:00\" \/>\n<meta property=\"article:modified_time\" content=\"2019-09-04T11:46:57+00:00\" \/>\n<meta property=\"og:image\" content=\"https:\/\/folhapopular.info\/wp-content\/uploads\/2017\/07\/Pol\u00edcia_SITE-e1544690850833.jpg\" \/>\n\t<meta property=\"og:image:width\" content=\"800\" \/>\n\t<meta property=\"og:image:height\" content=\"514\" \/>\n\t<meta property=\"og:image:type\" content=\"image\/jpeg\" \/>\n<meta name=\"author\" content=\"Reda\u00e7\u00e3o Folha Popular\" \/>\n<meta name=\"twitter:card\" content=\"summary_large_image\" \/>\n<meta name=\"twitter:label1\" content=\"Escrito por\" \/>\n\t<meta name=\"twitter:data1\" content=\"Reda\u00e7\u00e3o Folha Popular\" \/>\n\t<meta name=\"twitter:label2\" content=\"Est. tempo de leitura\" \/>\n\t<meta name=\"twitter:data2\" content=\"1 minuto\" \/>\n<script type=\"application\/ld+json\" class=\"yoast-schema-graph\">{\"@context\":\"https:\\\/\\\/schema.org\",\"@graph\":[{\"@type\":\"Article\",\"@id\":\"https:\\\/\\\/folhapopular.info\\\/index.php\\\/2019\\\/09\\\/03\\\/menor-de-idade-atira-acidentalmente-em-outro-menor-em-teutonia\\\/#article\",\"isPartOf\":{\"@id\":\"https:\\\/\\\/folhapopular.info\\\/index.php\\\/2019\\\/09\\\/03\\\/menor-de-idade-atira-acidentalmente-em-outro-menor-em-teutonia\\\/\"},\"author\":{\"name\":\"Reda\u00e7\u00e3o Folha Popular\",\"@id\":\"https:\\\/\\\/folhapopular.info\\\/#\\\/schema\\\/person\\\/2814e8a0df7643585a9ca38bc6eb9d4b\"},\"headline\":\"Menor de idade fica ferido ap\u00f3s tiro acidental em Teut\u00f4nia\",\"datePublished\":\"2019-09-03T20:55:12+00:00\",\"dateModified\":\"2019-09-04T11:46:57+00:00\",\"mainEntityOfPage\":{\"@id\":\"https:\\\/\\\/folhapopular.info\\\/index.php\\\/2019\\\/09\\\/03\\\/menor-de-idade-atira-acidentalmente-em-outro-menor-em-teutonia\\\/\"},\"wordCount\":181,\"commentCount\":0,\"image\":{\"@id\":\"https:\\\/\\\/folhapopular.info\\\/index.php\\\/2019\\\/09\\\/03\\\/menor-de-idade-atira-acidentalmente-em-outro-menor-em-teutonia\\\/#primaryimage\"},\"thumbnailUrl\":\"https:\\\/\\\/folhapopular.info\\\/wp-content\\\/uploads\\\/2017\\\/07\\\/Pol\u00edcia_SITE-e1544690850833.jpg\",\"keywords\":[\"Acidente\",\"menor de idade\",\"Teut\u00f4nia\",\"tiro\"],\"articleSection\":[\"Geral\",\"Seguran\u00e7a\"],\"inLanguage\":\"pt-BR\",\"potentialAction\":[{\"@type\":\"CommentAction\",\"name\":\"Comment\",\"target\":[\"https:\\\/\\\/folhapopular.info\\\/index.php\\\/2019\\\/09\\\/03\\\/menor-de-idade-atira-acidentalmente-em-outro-menor-em-teutonia\\\/#respond\"]}]},{\"@type\":\"WebPage\",\"@id\":\"https:\\\/\\\/folhapopular.info\\\/index.php\\\/2019\\\/09\\\/03\\\/menor-de-idade-atira-acidentalmente-em-outro-menor-em-teutonia\\\/\",\"url\":\"https:\\\/\\\/folhapopular.info\\\/index.php\\\/2019\\\/09\\\/03\\\/menor-de-idade-atira-acidentalmente-em-outro-menor-em-teutonia\\\/\",\"name\":\"Menor de idade fica ferido ap\u00f3s tiro acidental em Teut\u00f4nia - Folha Popular\",\"isPartOf\":{\"@id\":\"https:\\\/\\\/folhapopular.info\\\/#website\"},\"primaryImageOfPage\":{\"@id\":\"https:\\\/\\\/folhapopular.info\\\/index.php\\\/2019\\\/09\\\/03\\\/menor-de-idade-atira-acidentalmente-em-outro-menor-em-teutonia\\\/#primaryimage\"},\"image\":{\"@id\":\"https:\\\/\\\/folhapopular.info\\\/index.php\\\/2019\\\/09\\\/03\\\/menor-de-idade-atira-acidentalmente-em-outro-menor-em-teutonia\\\/#primaryimage\"},\"thumbnailUrl\":\"https:\\\/\\\/folhapopular.info\\\/wp-content\\\/uploads\\\/2017\\\/07\\\/Pol\u00edcia_SITE-e1544690850833.jpg\",\"datePublished\":\"2019-09-03T20:55:12+00:00\",\"dateModified\":\"2019-09-04T11:46:57+00:00\",\"author\":{\"@id\":\"https:\\\/\\\/folhapopular.info\\\/#\\\/schema\\\/person\\\/2814e8a0df7643585a9ca38bc6eb9d4b\"},\"breadcrumb\":{\"@id\":\"https:\\\/\\\/folhapopular.info\\\/index.php\\\/2019\\\/09\\\/03\\\/menor-de-idade-atira-acidentalmente-em-outro-menor-em-teutonia\\\/#breadcrumb\"},\"inLanguage\":\"pt-BR\",\"potentialAction\":[{\"@type\":\"ReadAction\",\"target\":[\"https:\\\/\\\/folhapopular.info\\\/index.php\\\/2019\\\/09\\\/03\\\/menor-de-idade-atira-acidentalmente-em-outro-menor-em-teutonia\\\/\"]}]},{\"@type\":\"ImageObject\",\"inLanguage\":\"pt-BR\",\"@id\":\"https:\\\/\\\/folhapopular.info\\\/index.php\\\/2019\\\/09\\\/03\\\/menor-de-idade-atira-acidentalmente-em-outro-menor-em-teutonia\\\/#primaryimage\",\"url\":\"https:\\\/\\\/folhapopular.info\\\/wp-content\\\/uploads\\\/2017\\\/07\\\/Pol\u00edcia_SITE-e1544690850833.jpg\",\"contentUrl\":\"https:\\\/\\\/folhapopular.info\\\/wp-content\\\/uploads\\\/2017\\\/07\\\/Pol\u00edcia_SITE-e1544690850833.jpg\",\"width\":800,\"height\":514},{\"@type\":\"BreadcrumbList\",\"@id\":\"https:\\\/\\\/folhapopular.info\\\/index.php\\\/2019\\\/09\\\/03\\\/menor-de-idade-atira-acidentalmente-em-outro-menor-em-teutonia\\\/#breadcrumb\",\"itemListElement\":[{\"@type\":\"ListItem\",\"position\":1,\"name\":\"In\u00edcio\",\"item\":\"https:\\\/\\\/folhapopular.info\\\/\"},{\"@type\":\"ListItem\",\"position\":2,\"name\":\"Menor de idade fica ferido ap\u00f3s tiro acidental em Teut\u00f4nia\"}]},{\"@type\":\"WebSite\",\"@id\":\"https:\\\/\\\/folhapopular.info\\\/#website\",\"url\":\"https:\\\/\\\/folhapopular.info\\\/\",\"name\":\"Folha Popular\",\"description\":\"Onde voc\u00ea tem vez e voz\",\"potentialAction\":[{\"@type\":\"SearchAction\",\"target\":{\"@type\":\"EntryPoint\",\"urlTemplate\":\"https:\\\/\\\/folhapopular.info\\\/?s={search_term_string}\"},\"query-input\":{\"@type\":\"PropertyValueSpecification\",\"valueRequired\":true,\"valueName\":\"search_term_string\"}}],\"inLanguage\":\"pt-BR\"},{\"@type\":\"Person\",\"@id\":\"https:\\\/\\\/folhapopular.info\\\/#\\\/schema\\\/person\\\/2814e8a0df7643585a9ca38bc6eb9d4b\",\"name\":\"Reda\u00e7\u00e3o Folha Popular\",\"image\":{\"@type\":\"ImageObject\",\"inLanguage\":\"pt-BR\",\"@id\":\"https:\\\/\\\/folhapopular.info\\\/wp-content\\\/uploads\\\/2026\\\/04\\\/Folha-1.webp\",\"url\":\"https:\\\/\\\/folhapopular.info\\\/wp-content\\\/uploads\\\/2026\\\/04\\\/Folha-1.webp\",\"contentUrl\":\"https:\\\/\\\/folhapopular.info\\\/wp-content\\\/uploads\\\/2026\\\/04\\\/Folha-1.webp\",\"caption\":\"Reda\u00e7\u00e3o Folha Popular\"},\"url\":\"https:\\\/\\\/folhapopular.info\\\/index.php\\\/author\\\/redacao\\\/\"}]}<\/script>\n<!-- \/ Yoast SEO plugin. -->","yoast_head_json":{"title":"Menor de idade fica ferido ap\u00f3s tiro acidental em Teut\u00f4nia - Folha Popular","robots":{"index":"index","follow":"follow","max-snippet":"max-snippet:-1","max-image-preview":"max-image-preview:large","max-video-preview":"max-video-preview:-1"},"canonical":"https:\/\/folhapopular.info\/index.php\/2019\/09\/03\/menor-de-idade-atira-acidentalmente-em-outro-menor-em-teutonia\/","og_locale":"pt_BR","og_type":"article","og_title":"Menor de idade fica ferido ap\u00f3s tiro acidental em Teut\u00f4nia - Folha Popular","og_description":"A Brigada Militar de Teut\u00f4nia foi acionada pela SAMU nesta ter\u00e7a-feira (03\/09) para colaborar em uma situa\u00e7\u00e3o de disparo de arma de fogo acidental por parte de um adolescente de 14 anos, no Bairro Canabarro, em Teut\u00f4nia. A v\u00edtima foi outro adolescente, de 13 anos. Segundo a BM, por volta das 11h30, os dois estavam [&hellip;]","og_url":"https:\/\/folhapopular.info\/index.php\/2019\/09\/03\/menor-de-idade-atira-acidentalmente-em-outro-menor-em-teutonia\/","og_site_name":"Folha Popular","article_published_time":"2019-09-03T20:55:12+00:00","article_modified_time":"2019-09-04T11:46:57+00:00","og_image":[{"width":800,"height":514,"url":"https:\/\/folhapopular.info\/wp-content\/uploads\/2017\/07\/Pol\u00edcia_SITE-e1544690850833.jpg","type":"image\/jpeg"}],"author":"Reda\u00e7\u00e3o Folha Popular","twitter_card":"summary_large_image","twitter_misc":{"Escrito por":"Reda\u00e7\u00e3o Folha Popular","Est. tempo de leitura":"1 minuto"},"schema":{"@context":"https:\/\/schema.org","@graph":[{"@type":"Article","@id":"https:\/\/folhapopular.info\/index.php\/2019\/09\/03\/menor-de-idade-atira-acidentalmente-em-outro-menor-em-teutonia\/#article","isPartOf":{"@id":"https:\/\/folhapopular.info\/index.php\/2019\/09\/03\/menor-de-idade-atira-acidentalmente-em-outro-menor-em-teutonia\/"},"author":{"name":"Reda\u00e7\u00e3o Folha Popular","@id":"https:\/\/folhapopular.info\/#\/schema\/person\/2814e8a0df7643585a9ca38bc6eb9d4b"},"headline":"Menor de idade fica ferido ap\u00f3s tiro acidental em Teut\u00f4nia","datePublished":"2019-09-03T20:55:12+00:00","dateModified":"2019-09-04T11:46:57+00:00","mainEntityOfPage":{"@id":"https:\/\/folhapopular.info\/index.php\/2019\/09\/03\/menor-de-idade-atira-acidentalmente-em-outro-menor-em-teutonia\/"},"wordCount":181,"commentCount":0,"image":{"@id":"https:\/\/folhapopular.info\/index.php\/2019\/09\/03\/menor-de-idade-atira-acidentalmente-em-outro-menor-em-teutonia\/#primaryimage"},"thumbnailUrl":"https:\/\/folhapopular.info\/wp-content\/uploads\/2017\/07\/Pol\u00edcia_SITE-e1544690850833.jpg","keywords":["Acidente","menor de idade","Teut\u00f4nia","tiro"],"articleSection":["Geral","Seguran\u00e7a"],"inLanguage":"pt-BR","potentialAction":[{"@type":"CommentAction","name":"Comment","target":["https:\/\/folhapopular.info\/index.php\/2019\/09\/03\/menor-de-idade-atira-acidentalmente-em-outro-menor-em-teutonia\/#respond"]}]},{"@type":"WebPage","@id":"https:\/\/folhapopular.info\/index.php\/2019\/09\/03\/menor-de-idade-atira-acidentalmente-em-outro-menor-em-teutonia\/","url":"https:\/\/folhapopular.info\/index.php\/2019\/09\/03\/menor-de-idade-atira-acidentalmente-em-outro-menor-em-teutonia\/","name":"Menor de idade fica ferido ap\u00f3s tiro acidental em Teut\u00f4nia - Folha Popular","isPartOf":{"@id":"https:\/\/folhapopular.info\/#website"},"primaryImageOfPage":{"@id":"https:\/\/folhapopular.info\/index.php\/2019\/09\/03\/menor-de-idade-atira-acidentalmente-em-outro-menor-em-teutonia\/#primaryimage"},"image":{"@id":"https:\/\/folhapopular.info\/index.php\/2019\/09\/03\/menor-de-idade-atira-acidentalmente-em-outro-menor-em-teutonia\/#primaryimage"},"thumbnailUrl":"https:\/\/folhapopular.info\/wp-content\/uploads\/2017\/07\/Pol\u00edcia_SITE-e1544690850833.jpg","datePublished":"2019-09-03T20:55:12+00:00","dateModified":"2019-09-04T11:46:57+00:00","author":{"@id":"https:\/\/folhapopular.info\/#\/schema\/person\/2814e8a0df7643585a9ca38bc6eb9d4b"},"breadcrumb":{"@id":"https:\/\/folhapopular.info\/index.php\/2019\/09\/03\/menor-de-idade-atira-acidentalmente-em-outro-menor-em-teutonia\/#breadcrumb"},"inLanguage":"pt-BR","potentialAction":[{"@type":"ReadAction","target":["https:\/\/folhapopular.info\/index.php\/2019\/09\/03\/menor-de-idade-atira-acidentalmente-em-outro-menor-em-teutonia\/"]}]},{"@type":"ImageObject","inLanguage":"pt-BR","@id":"https:\/\/folhapopular.info\/index.php\/2019\/09\/03\/menor-de-idade-atira-acidentalmente-em-outro-menor-em-teutonia\/#primaryimage","url":"https:\/\/folhapopular.info\/wp-content\/uploads\/2017\/07\/Pol\u00edcia_SITE-e1544690850833.jpg","contentUrl":"https:\/\/folhapopular.info\/wp-content\/uploads\/2017\/07\/Pol\u00edcia_SITE-e1544690850833.jpg","width":800,"height":514},{"@type":"BreadcrumbList","@id":"https:\/\/folhapopular.info\/index.php\/2019\/09\/03\/menor-de-idade-atira-acidentalmente-em-outro-menor-em-teutonia\/#breadcrumb","itemListElement":[{"@type":"ListItem","position":1,"name":"In\u00edcio","item":"https:\/\/folhapopular.info\/"},{"@type":"ListItem","position":2,"name":"Menor de idade fica ferido ap\u00f3s tiro acidental em Teut\u00f4nia"}]},{"@type":"WebSite","@id":"https:\/\/folhapopular.info\/#website","url":"https:\/\/folhapopular.info\/","name":"Folha Popular","description":"Onde voc\u00ea tem vez e voz","potentialAction":[{"@type":"SearchAction","target":{"@type":"EntryPoint","urlTemplate":"https:\/\/folhapopular.info\/?s={search_term_string}"},"query-input":{"@type":"PropertyValueSpecification","valueRequired":true,"valueName":"search_term_string"}}],"inLanguage":"pt-BR"},{"@type":"Person","@id":"https:\/\/folhapopular.info\/#\/schema\/person\/2814e8a0df7643585a9ca38bc6eb9d4b","name":"Reda\u00e7\u00e3o Folha Popular","image":{"@type":"ImageObject","inLanguage":"pt-BR","@id":"https:\/\/folhapopular.info\/wp-content\/uploads\/2026\/04\/Folha-1.webp","url":"https:\/\/folhapopular.info\/wp-content\/uploads\/2026\/04\/Folha-1.webp","contentUrl":"https:\/\/folhapopular.info\/wp-content\/uploads\/2026\/04\/Folha-1.webp","caption":"Reda\u00e7\u00e3o Folha Popular"},"url":"https:\/\/folhapopular.info\/index.php\/author\/redacao\/"}]}},"jetpack_featured_media_url":"https:\/\/folhapopular.info\/wp-content\/uploads\/2017\/07\/Pol\u00edcia_SITE-e1544690850833.jpg","jetpack_sharing_enabled":true,"amp_enabled":true,"_links":{"self":[{"href":"https:\/\/folhapopular.info\/index.php\/wp-json\/wp\/v2\/posts\/58502","targetHints":{"allow":["GET"]}}],"collection":[{"href":"https:\/\/folhapopular.info\/index.php\/wp-json\/wp\/v2\/posts"}],"about":[{"href":"https:\/\/folhapopular.info\/index.php\/wp-json\/wp\/v2\/types\/post"}],"author":[{"embeddable":true,"href":"https:\/\/folhapopular.info\/index.php\/wp-json\/wp\/v2\/users\/8"}],"replies":[{"embeddable":true,"href":"https:\/\/folhapopular.info\/index.php\/wp-json\/wp\/v2\/comments?post=58502"}],"version-history":[{"count":0,"href":"https:\/\/folhapopular.info\/index.php\/wp-json\/wp\/v2\/posts\/58502\/revisions"}],"wp:featuredmedia":[{"embeddable":true,"href":"https:\/\/folhapopular.info\/index.php\/wp-json\/wp\/v2\/media\/31970"}],"wp:attachment":[{"href":"https:\/\/folhapopular.info\/index.php\/wp-json\/wp\/v2\/media?parent=58502"}],"wp:term":[{"taxonomy":"category","embeddable":true,"href":"https:\/\/folhapopular.info\/index.php\/wp-json\/wp\/v2\/categories?post=58502"},{"taxonomy":"post_tag","embeddable":true,"href":"https:\/\/folhapopular.info\/index.php\/wp-json\/wp\/v2\/tags?post=58502"}],"curies":[{"name":"wp","href":"https:\/\/api.w.org\/{rel}","templated":true}]}}