{"id":58559,"date":"2019-09-05T10:20:18","date_gmt":"2019-09-05T13:20:18","guid":{"rendered":"http:\/\/folhapopular.info\/?p=58559"},"modified":"2019-09-05T10:20:20","modified_gmt":"2019-09-05T13:20:20","slug":"languiru-recebe-inscricoes-para-gincana-da-integracao","status":"publish","type":"post","link":"https:\/\/folhapopular.info\/index.php\/2019\/09\/05\/languiru-recebe-inscricoes-para-gincana-da-integracao\/","title":{"rendered":"Languiru recebe inscri\u00e7\u00f5es para Gincana da Integra\u00e7\u00e3o"},"content":{"rendered":"\n<p>No dia 13 de novembro a Cooperativa Languiru comemora 64 anos e programa\u00e7\u00e3o especial est\u00e1 sendo preparada. Al\u00e9m disso, uma grande novidade promete mobilizar e movimentar as comunidades e N\u00facleos de associados: a 1\u00aa Gincana da Integra\u00e7\u00e3o Languiru. Com o intuito de promover o fortalecimento das comunidades que integram o quadro social da cooperativa, a iniciativa tamb\u00e9m pretende exercitar a pr\u00e1tica do cooperativismo e o trabalho em equipe entre os associados.<\/p>\n\n\n\n<p>O lan\u00e7amento da gincana ocorreu no dia 18 de agosto, durante evento especial de Dia dos Pais, e as inscri\u00e7\u00f5es est\u00e3o abertas at\u00e9 o dia 20 de setembro. As atividades devem ser anunciadas at\u00e9 o fim deste m\u00eas e o encerramento ser\u00e1 no pr\u00f3ximo dia 13 de novembro, durante os festejos de anivers\u00e1rio da cooperativa, na Associa\u00e7\u00e3o dos Funcion\u00e1rios da Languiru.<\/p>\n\n\n\n<p>\u201c\u00c9 uma atividade in\u00e9dita na hist\u00f3ria da Languiru. Uma oportunidade diferenciada de envolvimento das comunidades onde estamos inseridos, com capacidade de mobiliza\u00e7\u00e3o dos nossos associados, valorizando a sua participa\u00e7\u00e3o nas a\u00e7\u00f5es da cooperativa\u201d, convida o presidente Dirceu Bayer.<\/p>\n\n\n\n<p><strong>Inscri\u00e7\u00f5es<\/strong><\/p>\n\n\n\n<p>As inscri\u00e7\u00f5es s\u00e3o gratuitas, liberadas para todos os associados da Languiru, titulares de matr\u00edcula com Cart\u00e3o Azul ou Verde, que dever\u00e3o montar equipes por localidade\/N\u00facleo.<\/p>\n\n\n\n<p>Um crit\u00e9rio a ser levado em considera\u00e7\u00e3o na composi\u00e7\u00e3o da equipe \u00e9 o percentual m\u00ednimo de 20% de mulheres associadas, igualmente portadoras de Cart\u00e3o Azul ou Verde. Al\u00e9m disso, dever\u00e3o existir dois coordenadores por equipe, um do sexo masculino e outro do sexo feminino, que n\u00e3o necessariamente precisam ser os L\u00edderes de N\u00facleo. Entretanto, \u00e9 exig\u00eancia que integre cada equipe no m\u00ednimo um L\u00edder de N\u00facleo.<\/p>\n\n\n\n<p>Os formul\u00e1rios preenchidos devem ser entregues e protocolados na recep\u00e7\u00e3o da Sede Administrativa ou Departamento T\u00e9cnico da Languiru, em Teut\u00f4nia, at\u00e9 \u00e0s 23h59 do dia 20 de setembro.<\/p>\n\n\n\n<p><strong>Atividades e premia\u00e7\u00e3o<\/strong><\/p>\n\n\n\n<p>Entre as tarefas previstas est\u00e3o a\u00e7\u00f5es relacionadas ao resgate hist\u00f3rico, desportivas, pesquisa e busca, conhecimento geral e art\u00edstica. As primeiras tarefas ser\u00e3o realizadas nas pr\u00f3prias localidades das equipes e as \u00faltimas ser\u00e3o desenvolvidas em Teut\u00f4nia, no dia dos festejos do anivers\u00e1rio da cooperativa.<\/p>\n\n\n\n<p>A premia\u00e7\u00e3o consiste em medalhas a todos os participantes. Al\u00e9m disso, haver\u00e1 vales-compras para as melhores equipes. O destaque fica por conta do pr\u00eamio principal, que distribuir\u00e1 premia\u00e7\u00e3o em dinheiro, a ser destinado para at\u00e9 cinco entidades sem fins lucrativos indicadas por essas equipes: R$ 4 mil ao 3\u00ba lugar, R$ 5 mil para o vice-campe\u00e3o e R$ 6 mil para a equipe campe\u00e3.<\/p>\n\n\n\n<p>O regulamento completo da 1\u00aa Gincana da Integra\u00e7\u00e3o Languiru pode ser acessado no site da cooperativa, na aba Canal do Associado \u2013&nbsp;<a href=\"http:\/\/www.languiru.com.br\/gincana-languiru\" target=\"_blank\" rel=\"noreferrer noopener\">www.languiru.com.br\/gincana-languiru<\/a><br><\/p>\n","protected":false},"excerpt":{"rendered":"<p>No dia 13 de novembro a Cooperativa Languiru comemora 64 anos e programa\u00e7\u00e3o especial est\u00e1 sendo preparada. Al\u00e9m disso, uma grande novidade promete mobilizar e movimentar as comunidades e N\u00facleos de associados: a 1\u00aa Gincana da Integra\u00e7\u00e3o Languiru. Com o intuito de promover o fortalecimento das comunidades que integram o quadro social da cooperativa, a [&hellip;]<\/p>\n","protected":false},"author":8,"featured_media":58560,"comment_status":"open","ping_status":"open","sticky":false,"template":"","format":"standard","meta":{"pmpro_default_level":"","_jetpack_memberships_contains_paid_content":false,"footnotes":""},"categories":[2,3],"tags":[313,4971,26],"class_list":{"0":"post-58559","1":"post","2":"type-post","3":"status-publish","4":"format-standard","5":"has-post-thumbnail","7":"category-featured","8":"category-geral","9":"tag-cooperativa-languiru","10":"tag-gincana-languiru","11":"tag-teutonia","12":"pmpro-has-access"},"yoast_head":"<!-- This site is optimized with the Yoast SEO plugin v27.5 - https:\/\/yoast.com\/product\/yoast-seo-wordpress\/ -->\n<title>Languiru recebe inscri\u00e7\u00f5es para Gincana da Integra\u00e7\u00e3o - Folha Popular<\/title>\n<meta name=\"robots\" content=\"index, follow, max-snippet:-1, max-image-preview:large, max-video-preview:-1\" \/>\n<link rel=\"canonical\" href=\"https:\/\/folhapopular.info\/index.php\/2019\/09\/05\/languiru-recebe-inscricoes-para-gincana-da-integracao\/\" \/>\n<meta property=\"og:locale\" content=\"pt_BR\" \/>\n<meta property=\"og:type\" content=\"article\" \/>\n<meta property=\"og:title\" content=\"Languiru recebe inscri\u00e7\u00f5es para Gincana da Integra\u00e7\u00e3o - Folha Popular\" \/>\n<meta property=\"og:description\" content=\"No dia 13 de novembro a Cooperativa Languiru comemora 64 anos e programa\u00e7\u00e3o especial est\u00e1 sendo preparada. Al\u00e9m disso, uma grande novidade promete mobilizar e movimentar as comunidades e N\u00facleos de associados: a 1\u00aa Gincana da Integra\u00e7\u00e3o Languiru. Com o intuito de promover o fortalecimento das comunidades que integram o quadro social da cooperativa, a [&hellip;]\" \/>\n<meta property=\"og:url\" content=\"https:\/\/folhapopular.info\/index.php\/2019\/09\/05\/languiru-recebe-inscricoes-para-gincana-da-integracao\/\" \/>\n<meta property=\"og:site_name\" content=\"Folha Popular\" \/>\n<meta property=\"article:published_time\" content=\"2019-09-05T13:20:18+00:00\" \/>\n<meta property=\"article:modified_time\" content=\"2019-09-05T13:20:20+00:00\" \/>\n<meta property=\"og:image\" content=\"https:\/\/folhapopular.info\/wp-content\/uploads\/2019\/09\/gincana-da-integra\u00e7\u00e3o-JORNAL-e1567689578771.jpg\" \/>\n\t<meta property=\"og:image:width\" content=\"800\" \/>\n\t<meta property=\"og:image:height\" content=\"533\" \/>\n\t<meta property=\"og:image:type\" content=\"image\/jpeg\" \/>\n<meta name=\"author\" content=\"Reda\u00e7\u00e3o Folha Popular\" \/>\n<meta name=\"twitter:card\" content=\"summary_large_image\" \/>\n<meta name=\"twitter:label1\" content=\"Escrito por\" \/>\n\t<meta name=\"twitter:data1\" content=\"Reda\u00e7\u00e3o Folha Popular\" \/>\n\t<meta name=\"twitter:label2\" content=\"Est. tempo de leitura\" \/>\n\t<meta name=\"twitter:data2\" content=\"2 minutos\" \/>\n<script type=\"application\/ld+json\" class=\"yoast-schema-graph\">{\"@context\":\"https:\\\/\\\/schema.org\",\"@graph\":[{\"@type\":\"Article\",\"@id\":\"https:\\\/\\\/folhapopular.info\\\/index.php\\\/2019\\\/09\\\/05\\\/languiru-recebe-inscricoes-para-gincana-da-integracao\\\/#article\",\"isPartOf\":{\"@id\":\"https:\\\/\\\/folhapopular.info\\\/index.php\\\/2019\\\/09\\\/05\\\/languiru-recebe-inscricoes-para-gincana-da-integracao\\\/\"},\"author\":{\"name\":\"Reda\u00e7\u00e3o Folha Popular\",\"@id\":\"https:\\\/\\\/folhapopular.info\\\/#\\\/schema\\\/person\\\/2814e8a0df7643585a9ca38bc6eb9d4b\"},\"headline\":\"Languiru recebe inscri\u00e7\u00f5es para Gincana da Integra\u00e7\u00e3o\",\"datePublished\":\"2019-09-05T13:20:18+00:00\",\"dateModified\":\"2019-09-05T13:20:20+00:00\",\"mainEntityOfPage\":{\"@id\":\"https:\\\/\\\/folhapopular.info\\\/index.php\\\/2019\\\/09\\\/05\\\/languiru-recebe-inscricoes-para-gincana-da-integracao\\\/\"},\"wordCount\":481,\"commentCount\":0,\"image\":{\"@id\":\"https:\\\/\\\/folhapopular.info\\\/index.php\\\/2019\\\/09\\\/05\\\/languiru-recebe-inscricoes-para-gincana-da-integracao\\\/#primaryimage\"},\"thumbnailUrl\":\"https:\\\/\\\/folhapopular.info\\\/wp-content\\\/uploads\\\/2019\\\/09\\\/gincana-da-integra\u00e7\u00e3o-JORNAL-e1567689578771.jpg\",\"keywords\":[\"Cooperativa Languiru\",\"Gincana Languiru\",\"Teut\u00f4nia\"],\"articleSection\":[\"Destaques\",\"Geral\"],\"inLanguage\":\"pt-BR\",\"potentialAction\":[{\"@type\":\"CommentAction\",\"name\":\"Comment\",\"target\":[\"https:\\\/\\\/folhapopular.info\\\/index.php\\\/2019\\\/09\\\/05\\\/languiru-recebe-inscricoes-para-gincana-da-integracao\\\/#respond\"]}]},{\"@type\":\"WebPage\",\"@id\":\"https:\\\/\\\/folhapopular.info\\\/index.php\\\/2019\\\/09\\\/05\\\/languiru-recebe-inscricoes-para-gincana-da-integracao\\\/\",\"url\":\"https:\\\/\\\/folhapopular.info\\\/index.php\\\/2019\\\/09\\\/05\\\/languiru-recebe-inscricoes-para-gincana-da-integracao\\\/\",\"name\":\"Languiru recebe inscri\u00e7\u00f5es para Gincana da Integra\u00e7\u00e3o - Folha Popular\",\"isPartOf\":{\"@id\":\"https:\\\/\\\/folhapopular.info\\\/#website\"},\"primaryImageOfPage\":{\"@id\":\"https:\\\/\\\/folhapopular.info\\\/index.php\\\/2019\\\/09\\\/05\\\/languiru-recebe-inscricoes-para-gincana-da-integracao\\\/#primaryimage\"},\"image\":{\"@id\":\"https:\\\/\\\/folhapopular.info\\\/index.php\\\/2019\\\/09\\\/05\\\/languiru-recebe-inscricoes-para-gincana-da-integracao\\\/#primaryimage\"},\"thumbnailUrl\":\"https:\\\/\\\/folhapopular.info\\\/wp-content\\\/uploads\\\/2019\\\/09\\\/gincana-da-integra\u00e7\u00e3o-JORNAL-e1567689578771.jpg\",\"datePublished\":\"2019-09-05T13:20:18+00:00\",\"dateModified\":\"2019-09-05T13:20:20+00:00\",\"author\":{\"@id\":\"https:\\\/\\\/folhapopular.info\\\/#\\\/schema\\\/person\\\/2814e8a0df7643585a9ca38bc6eb9d4b\"},\"breadcrumb\":{\"@id\":\"https:\\\/\\\/folhapopular.info\\\/index.php\\\/2019\\\/09\\\/05\\\/languiru-recebe-inscricoes-para-gincana-da-integracao\\\/#breadcrumb\"},\"inLanguage\":\"pt-BR\",\"potentialAction\":[{\"@type\":\"ReadAction\",\"target\":[\"https:\\\/\\\/folhapopular.info\\\/index.php\\\/2019\\\/09\\\/05\\\/languiru-recebe-inscricoes-para-gincana-da-integracao\\\/\"]}]},{\"@type\":\"ImageObject\",\"inLanguage\":\"pt-BR\",\"@id\":\"https:\\\/\\\/folhapopular.info\\\/index.php\\\/2019\\\/09\\\/05\\\/languiru-recebe-inscricoes-para-gincana-da-integracao\\\/#primaryimage\",\"url\":\"https:\\\/\\\/folhapopular.info\\\/wp-content\\\/uploads\\\/2019\\\/09\\\/gincana-da-integra\u00e7\u00e3o-JORNAL-e1567689578771.jpg\",\"contentUrl\":\"https:\\\/\\\/folhapopular.info\\\/wp-content\\\/uploads\\\/2019\\\/09\\\/gincana-da-integra\u00e7\u00e3o-JORNAL-e1567689578771.jpg\",\"width\":800,\"height\":533,\"caption\":\"Cr\u00e9dito da foto: Divulga\u00e7\u00e3o\"},{\"@type\":\"BreadcrumbList\",\"@id\":\"https:\\\/\\\/folhapopular.info\\\/index.php\\\/2019\\\/09\\\/05\\\/languiru-recebe-inscricoes-para-gincana-da-integracao\\\/#breadcrumb\",\"itemListElement\":[{\"@type\":\"ListItem\",\"position\":1,\"name\":\"In\u00edcio\",\"item\":\"https:\\\/\\\/folhapopular.info\\\/\"},{\"@type\":\"ListItem\",\"position\":2,\"name\":\"Languiru recebe inscri\u00e7\u00f5es para Gincana da Integra\u00e7\u00e3o\"}]},{\"@type\":\"WebSite\",\"@id\":\"https:\\\/\\\/folhapopular.info\\\/#website\",\"url\":\"https:\\\/\\\/folhapopular.info\\\/\",\"name\":\"Folha Popular\",\"description\":\"Onde voc\u00ea tem vez e voz\",\"potentialAction\":[{\"@type\":\"SearchAction\",\"target\":{\"@type\":\"EntryPoint\",\"urlTemplate\":\"https:\\\/\\\/folhapopular.info\\\/?s={search_term_string}\"},\"query-input\":{\"@type\":\"PropertyValueSpecification\",\"valueRequired\":true,\"valueName\":\"search_term_string\"}}],\"inLanguage\":\"pt-BR\"},{\"@type\":\"Person\",\"@id\":\"https:\\\/\\\/folhapopular.info\\\/#\\\/schema\\\/person\\\/2814e8a0df7643585a9ca38bc6eb9d4b\",\"name\":\"Reda\u00e7\u00e3o Folha Popular\",\"image\":{\"@type\":\"ImageObject\",\"inLanguage\":\"pt-BR\",\"@id\":\"https:\\\/\\\/folhapopular.info\\\/wp-content\\\/uploads\\\/2026\\\/04\\\/Folha-1.webp\",\"url\":\"https:\\\/\\\/folhapopular.info\\\/wp-content\\\/uploads\\\/2026\\\/04\\\/Folha-1.webp\",\"contentUrl\":\"https:\\\/\\\/folhapopular.info\\\/wp-content\\\/uploads\\\/2026\\\/04\\\/Folha-1.webp\",\"caption\":\"Reda\u00e7\u00e3o Folha Popular\"},\"url\":\"https:\\\/\\\/folhapopular.info\\\/index.php\\\/author\\\/redacao\\\/\"}]}<\/script>\n<!-- \/ Yoast SEO plugin. -->","yoast_head_json":{"title":"Languiru recebe inscri\u00e7\u00f5es para Gincana da Integra\u00e7\u00e3o - Folha Popular","robots":{"index":"index","follow":"follow","max-snippet":"max-snippet:-1","max-image-preview":"max-image-preview:large","max-video-preview":"max-video-preview:-1"},"canonical":"https:\/\/folhapopular.info\/index.php\/2019\/09\/05\/languiru-recebe-inscricoes-para-gincana-da-integracao\/","og_locale":"pt_BR","og_type":"article","og_title":"Languiru recebe inscri\u00e7\u00f5es para Gincana da Integra\u00e7\u00e3o - Folha Popular","og_description":"No dia 13 de novembro a Cooperativa Languiru comemora 64 anos e programa\u00e7\u00e3o especial est\u00e1 sendo preparada. Al\u00e9m disso, uma grande novidade promete mobilizar e movimentar as comunidades e N\u00facleos de associados: a 1\u00aa Gincana da Integra\u00e7\u00e3o Languiru. Com o intuito de promover o fortalecimento das comunidades que integram o quadro social da cooperativa, a [&hellip;]","og_url":"https:\/\/folhapopular.info\/index.php\/2019\/09\/05\/languiru-recebe-inscricoes-para-gincana-da-integracao\/","og_site_name":"Folha Popular","article_published_time":"2019-09-05T13:20:18+00:00","article_modified_time":"2019-09-05T13:20:20+00:00","og_image":[{"width":800,"height":533,"url":"https:\/\/folhapopular.info\/wp-content\/uploads\/2019\/09\/gincana-da-integra\u00e7\u00e3o-JORNAL-e1567689578771.jpg","type":"image\/jpeg"}],"author":"Reda\u00e7\u00e3o Folha Popular","twitter_card":"summary_large_image","twitter_misc":{"Escrito por":"Reda\u00e7\u00e3o Folha Popular","Est. tempo de leitura":"2 minutos"},"schema":{"@context":"https:\/\/schema.org","@graph":[{"@type":"Article","@id":"https:\/\/folhapopular.info\/index.php\/2019\/09\/05\/languiru-recebe-inscricoes-para-gincana-da-integracao\/#article","isPartOf":{"@id":"https:\/\/folhapopular.info\/index.php\/2019\/09\/05\/languiru-recebe-inscricoes-para-gincana-da-integracao\/"},"author":{"name":"Reda\u00e7\u00e3o Folha Popular","@id":"https:\/\/folhapopular.info\/#\/schema\/person\/2814e8a0df7643585a9ca38bc6eb9d4b"},"headline":"Languiru recebe inscri\u00e7\u00f5es para Gincana da Integra\u00e7\u00e3o","datePublished":"2019-09-05T13:20:18+00:00","dateModified":"2019-09-05T13:20:20+00:00","mainEntityOfPage":{"@id":"https:\/\/folhapopular.info\/index.php\/2019\/09\/05\/languiru-recebe-inscricoes-para-gincana-da-integracao\/"},"wordCount":481,"commentCount":0,"image":{"@id":"https:\/\/folhapopular.info\/index.php\/2019\/09\/05\/languiru-recebe-inscricoes-para-gincana-da-integracao\/#primaryimage"},"thumbnailUrl":"https:\/\/folhapopular.info\/wp-content\/uploads\/2019\/09\/gincana-da-integra\u00e7\u00e3o-JORNAL-e1567689578771.jpg","keywords":["Cooperativa Languiru","Gincana Languiru","Teut\u00f4nia"],"articleSection":["Destaques","Geral"],"inLanguage":"pt-BR","potentialAction":[{"@type":"CommentAction","name":"Comment","target":["https:\/\/folhapopular.info\/index.php\/2019\/09\/05\/languiru-recebe-inscricoes-para-gincana-da-integracao\/#respond"]}]},{"@type":"WebPage","@id":"https:\/\/folhapopular.info\/index.php\/2019\/09\/05\/languiru-recebe-inscricoes-para-gincana-da-integracao\/","url":"https:\/\/folhapopular.info\/index.php\/2019\/09\/05\/languiru-recebe-inscricoes-para-gincana-da-integracao\/","name":"Languiru recebe inscri\u00e7\u00f5es para Gincana da Integra\u00e7\u00e3o - Folha Popular","isPartOf":{"@id":"https:\/\/folhapopular.info\/#website"},"primaryImageOfPage":{"@id":"https:\/\/folhapopular.info\/index.php\/2019\/09\/05\/languiru-recebe-inscricoes-para-gincana-da-integracao\/#primaryimage"},"image":{"@id":"https:\/\/folhapopular.info\/index.php\/2019\/09\/05\/languiru-recebe-inscricoes-para-gincana-da-integracao\/#primaryimage"},"thumbnailUrl":"https:\/\/folhapopular.info\/wp-content\/uploads\/2019\/09\/gincana-da-integra\u00e7\u00e3o-JORNAL-e1567689578771.jpg","datePublished":"2019-09-05T13:20:18+00:00","dateModified":"2019-09-05T13:20:20+00:00","author":{"@id":"https:\/\/folhapopular.info\/#\/schema\/person\/2814e8a0df7643585a9ca38bc6eb9d4b"},"breadcrumb":{"@id":"https:\/\/folhapopular.info\/index.php\/2019\/09\/05\/languiru-recebe-inscricoes-para-gincana-da-integracao\/#breadcrumb"},"inLanguage":"pt-BR","potentialAction":[{"@type":"ReadAction","target":["https:\/\/folhapopular.info\/index.php\/2019\/09\/05\/languiru-recebe-inscricoes-para-gincana-da-integracao\/"]}]},{"@type":"ImageObject","inLanguage":"pt-BR","@id":"https:\/\/folhapopular.info\/index.php\/2019\/09\/05\/languiru-recebe-inscricoes-para-gincana-da-integracao\/#primaryimage","url":"https:\/\/folhapopular.info\/wp-content\/uploads\/2019\/09\/gincana-da-integra\u00e7\u00e3o-JORNAL-e1567689578771.jpg","contentUrl":"https:\/\/folhapopular.info\/wp-content\/uploads\/2019\/09\/gincana-da-integra\u00e7\u00e3o-JORNAL-e1567689578771.jpg","width":800,"height":533,"caption":"Cr\u00e9dito da foto: Divulga\u00e7\u00e3o"},{"@type":"BreadcrumbList","@id":"https:\/\/folhapopular.info\/index.php\/2019\/09\/05\/languiru-recebe-inscricoes-para-gincana-da-integracao\/#breadcrumb","itemListElement":[{"@type":"ListItem","position":1,"name":"In\u00edcio","item":"https:\/\/folhapopular.info\/"},{"@type":"ListItem","position":2,"name":"Languiru recebe inscri\u00e7\u00f5es para Gincana da Integra\u00e7\u00e3o"}]},{"@type":"WebSite","@id":"https:\/\/folhapopular.info\/#website","url":"https:\/\/folhapopular.info\/","name":"Folha Popular","description":"Onde voc\u00ea tem vez e voz","potentialAction":[{"@type":"SearchAction","target":{"@type":"EntryPoint","urlTemplate":"https:\/\/folhapopular.info\/?s={search_term_string}"},"query-input":{"@type":"PropertyValueSpecification","valueRequired":true,"valueName":"search_term_string"}}],"inLanguage":"pt-BR"},{"@type":"Person","@id":"https:\/\/folhapopular.info\/#\/schema\/person\/2814e8a0df7643585a9ca38bc6eb9d4b","name":"Reda\u00e7\u00e3o Folha Popular","image":{"@type":"ImageObject","inLanguage":"pt-BR","@id":"https:\/\/folhapopular.info\/wp-content\/uploads\/2026\/04\/Folha-1.webp","url":"https:\/\/folhapopular.info\/wp-content\/uploads\/2026\/04\/Folha-1.webp","contentUrl":"https:\/\/folhapopular.info\/wp-content\/uploads\/2026\/04\/Folha-1.webp","caption":"Reda\u00e7\u00e3o Folha Popular"},"url":"https:\/\/folhapopular.info\/index.php\/author\/redacao\/"}]}},"jetpack_featured_media_url":"https:\/\/folhapopular.info\/wp-content\/uploads\/2019\/09\/gincana-da-integra\u00e7\u00e3o-JORNAL-e1567689578771.jpg","jetpack_sharing_enabled":true,"amp_enabled":true,"_links":{"self":[{"href":"https:\/\/folhapopular.info\/index.php\/wp-json\/wp\/v2\/posts\/58559","targetHints":{"allow":["GET"]}}],"collection":[{"href":"https:\/\/folhapopular.info\/index.php\/wp-json\/wp\/v2\/posts"}],"about":[{"href":"https:\/\/folhapopular.info\/index.php\/wp-json\/wp\/v2\/types\/post"}],"author":[{"embeddable":true,"href":"https:\/\/folhapopular.info\/index.php\/wp-json\/wp\/v2\/users\/8"}],"replies":[{"embeddable":true,"href":"https:\/\/folhapopular.info\/index.php\/wp-json\/wp\/v2\/comments?post=58559"}],"version-history":[{"count":0,"href":"https:\/\/folhapopular.info\/index.php\/wp-json\/wp\/v2\/posts\/58559\/revisions"}],"wp:featuredmedia":[{"embeddable":true,"href":"https:\/\/folhapopular.info\/index.php\/wp-json\/wp\/v2\/media\/58560"}],"wp:attachment":[{"href":"https:\/\/folhapopular.info\/index.php\/wp-json\/wp\/v2\/media?parent=58559"}],"wp:term":[{"taxonomy":"category","embeddable":true,"href":"https:\/\/folhapopular.info\/index.php\/wp-json\/wp\/v2\/categories?post=58559"},{"taxonomy":"post_tag","embeddable":true,"href":"https:\/\/folhapopular.info\/index.php\/wp-json\/wp\/v2\/tags?post=58559"}],"curies":[{"name":"wp","href":"https:\/\/api.w.org\/{rel}","templated":true}]}}