{"id":58630,"date":"2019-09-08T18:13:03","date_gmt":"2019-09-08T21:13:03","guid":{"rendered":"http:\/\/folhapopular.info\/?p=58630"},"modified":"2019-09-08T18:51:04","modified_gmt":"2019-09-08T21:51:04","slug":"tarde-de-muitos-gols-nos-titulares-da-copa-certel-sicredi","status":"publish","type":"post","link":"https:\/\/folhapopular.info\/index.php\/2019\/09\/08\/tarde-de-muitos-gols-nos-titulares-da-copa-certel-sicredi\/","title":{"rendered":"Tarde de muitos gols  nos titulares da Copa Certel Sicredi"},"content":{"rendered":"\n<p>A tarde de domingo (08\/09) foi de muitos gols pela S\u00e9rie A do Campeonato Regional da Aslivata &#8211; 22\u00aa Copa Certel Sicredi 2019 na categoria titulares. Destaque para a vit\u00f3ria do Juventude de Linha Berlim, Westf\u00e1lia, que venceu o Imigrante de Estrela por 8 a 0. No total foram 29 gols nos seis jogos, m\u00e9dia pr\u00f3xima a 5 gols por jogo. Confira todos os resultados:<\/p>\n\n\n\n<table class=\"wp-block-table\"><tbody><tr><td>LOCAL<\/td><td>TITULARES<\/td><\/tr><tr><td>VEN\u00c2NCIO AIRES<\/td><td>ASSESPE<\/td><td>2<\/td><td>X<\/td><td>1<\/td><td>CANARINHO<\/td><\/tr><tr><td>TAQUARI<\/td><td>COLORADO<\/td><td>4<\/td><td>X<\/td><td>1<\/td><td>TAQUARIENSE<\/td><\/tr><tr><td>ARROIO DO MEIO<\/td><td>SETE DE SETEMBRO<\/td><td>2<\/td><td>X<\/td><td>2<\/td><td>ECAS<\/td><\/tr><tr><td>VESPASIANO CORR\u00caA<\/td><td>CRUZEIRO<\/td><td>2<\/td><td>X<\/td><td>2<\/td><td>OURO VERDE<\/td><\/tr><tr><td>ESTRELA<\/td><td>ATL\u00c2NTICO<\/td><td>3<\/td><td>X<\/td><td>2<\/td><td>7 DE SETEMBRO<\/td><\/tr><tr><td>WESTF\u00c1LIA<\/td><td>JUVENTUDE BERLIM<\/td><td>8<\/td><td>X<\/td><td>0<\/td><td>IMIGRANTE<\/td><\/tr><\/tbody><\/table>\n\n\n\n<table class=\"wp-block-table is-style-stripes\"><tbody><tr><td><\/td><td>CHAVE A<\/td><td>PG<\/td><td>J<\/td><td>V<\/td><td>E<\/td><td>D<\/td><td>GP<\/td><td>GS<\/td><td>SG<\/td><td>%<\/td><\/tr><tr><td>1\u00ba<\/td><td>Taquariense<\/td><td>10<\/td><td>5<\/td><td>3<\/td><td>1<\/td><td>1<\/td><td>13<\/td><td>12<\/td><td>1<\/td><td>67<\/td><\/tr><tr><td>2\u00ba<\/td><td>Canarinho<\/td><td>7<\/td><td>5<\/td><td>2<\/td><td>1<\/td><td>2<\/td><td>14<\/td><td>12<\/td><td>2<\/td><td>47<\/td><\/tr><tr><td>3\u00ba<\/td><td>Assespe<\/td><td>7<\/td><td>5<\/td><td>2<\/td><td>1<\/td><td>2<\/td><td>12<\/td><td>11<\/td><td>1<\/td><td>47<\/td><\/tr><tr><td>4\u00ba<\/td><td>Colorado<\/td><td>4<\/td><td>5<\/td><td>1<\/td><td>1<\/td><td>3<\/td><td>8<\/td><td>12<\/td><td>-4<\/td><td>27<\/td><\/tr><tr><td><\/td><td>CHAVE B<\/td><td>PG<\/td><td>J<\/td><td>V<\/td><td>E<\/td><td>D<\/td><td>GP<\/td><td>GS<\/td><td>SG<\/td><td>%<\/td><\/tr><tr><td>1\u00ba<\/td><td>Flor de Maio<\/td><td>8<\/td><td>5<\/td><td>2<\/td><td>2<\/td><td>1<\/td><td>6<\/td><td>1<\/td><td>5<\/td><td>53<\/td><\/tr><tr><td>2\u00ba<\/td><td>Rui Barbosa-AM<\/td><td>8<\/td><td>5<\/td><td>2<\/td><td>2<\/td><td>1<\/td><td>4<\/td><td>4<\/td><td>0<\/td><td>53<\/td><\/tr><tr><td>3\u00ba<\/td><td>Sete de Setembro-AM<\/td><td>6<\/td><td>5<\/td><td>1<\/td><td>3<\/td><td>1<\/td><td>5<\/td><td>4<\/td><td>1<\/td><td>40<\/td><\/tr><tr><td>4\u00ba<\/td><td>ECAS<\/td><td>3<\/td><td>5<\/td><td>0<\/td><td>3<\/td><td>2<\/td><td>3<\/td><td>9<\/td><td>-6<\/td><td>20<\/td><\/tr><tr><td><\/td><td>CHAVE C<\/td><td>PG<\/td><td>J<\/td><td>V<\/td><td>E<\/td><td>D<\/td><td>GP<\/td><td>GS<\/td><td>SG<\/td><td>%<\/td><\/tr><tr><td>1\u00ba<\/td><td>Cruzeiro-Vesp.<\/td><td>9<\/td><td>5<\/td><td>2<\/td><td>3<\/td><td>0<\/td><td>5<\/td><td>3<\/td><td>2<\/td><td>60<\/td><\/tr><tr><td>2\u00ba<\/td><td>Atl\u00e2ntico<\/td><td>7<\/td><td>5<\/td><td>2<\/td><td>1<\/td><td>2<\/td><td>6<\/td><td>6<\/td><td>0<\/td><td>47<\/td><\/tr><tr><td>3\u00ba<\/td><td>7 de Setembro-Cap.<\/td><td>5<\/td><td>5<\/td><td>1<\/td><td>2<\/td><td>2<\/td><td>4<\/td><td>5<\/td><td>-1<\/td><td>33<\/td><\/tr><tr><td>4\u00ba<\/td><td>Ouro Verde-Enc<\/td><td>5<\/td><td>5<\/td><td>1<\/td><td>2<\/td><td>2<\/td><td>7<\/td><td>8<\/td><td>-1<\/td><td>33<\/td><\/tr><tr><td><\/td><td>CHAVE D<\/td><td>PG<\/td><td>J<\/td><td>V<\/td><td>E<\/td><td>D<\/td><td>GP<\/td><td>GS<\/td><td>SG<\/td><td>%<\/td><\/tr><tr><td>1\u00ba<\/td><td>Fluminense-ML<\/td><td>10<\/td><td>5<\/td><td>3<\/td><td>1<\/td><td>1<\/td><td>7<\/td><td>5<\/td><td>2<\/td><td>67<\/td><\/tr><tr><td>2\u00ba<\/td><td>Palanque<\/td><td>8<\/td><td>5<\/td><td>2<\/td><td>2<\/td><td>1<\/td><td>5<\/td><td>5<\/td><td>0<\/td><td>53<\/td><\/tr><tr><td>3\u00ba<\/td><td>Estudiantes<\/td><td>5<\/td><td>5<\/td><td>1<\/td><td>2<\/td><td>2<\/td><td>6<\/td><td>6<\/td><td>0<\/td><td>33<\/td><\/tr><tr><td>4\u00ba<\/td><td>Rudibar<\/td><td>4<\/td><td>5<\/td><td>1<\/td><td>1<\/td><td>3<\/td><td>5<\/td><td>7<\/td><td>-2<\/td><td>27<\/td><\/tr><tr><td><\/td><td>CHAVE E<\/td><td>PG<\/td><td>J<\/td><td>V<\/td><td>E<\/td><td>D<\/td><td>GP<\/td><td>GS<\/td><td>SG<\/td><td>%<\/td><\/tr><tr><td>1\u00ba<\/td><td>Uni\u00e3o Santo Andr\u00e9<\/td><td>10<\/td><td>5<\/td><td>3<\/td><td>1<\/td><td>1<\/td><td>8<\/td><td>6<\/td><td>2<\/td><td>67<\/td><\/tr><tr><td>2\u00ba<\/td><td>Boavistense<\/td><td>9<\/td><td>5<\/td><td>3<\/td><td>0<\/td><td>2<\/td><td>8<\/td><td>5<\/td><td>3<\/td><td>60<\/td><\/tr><tr><td>3\u00ba<\/td><td>Juventude-We<\/td><td>7<\/td><td>5<\/td><td>2<\/td><td>1<\/td><td>2<\/td><td>17<\/td><td>9<\/td><td>8<\/td><td>47<\/td><\/tr><tr><td>4\u00ba<\/td><td>Imigrante<\/td><td>3<\/td><td>5<\/td><td>1<\/td><td>0<\/td><td>4<\/td><td>1<\/td><td>14<\/td><td>-13<\/td><td>20<\/td><\/tr><\/tbody><\/table>\n","protected":false},"excerpt":{"rendered":"<p>A tarde de domingo (08\/09) foi de muitos gols pela S\u00e9rie A do Campeonato Regional da Aslivata &#8211; 22\u00aa Copa Certel Sicredi 2019 na categoria titulares. Destaque para a vit\u00f3ria do Juventude de Linha Berlim, Westf\u00e1lia, que venceu o Imigrante de Estrela por 8 a 0. No total foram 29 gols nos seis jogos, m\u00e9dia [&hellip;]<\/p>\n","protected":false},"author":8,"featured_media":57756,"comment_status":"open","ping_status":"open","sticky":false,"template":"","format":"standard","meta":{"pmpro_default_level":"","_jetpack_memberships_contains_paid_content":false,"footnotes":""},"categories":[2,5,240],"tags":[318,317,865],"class_list":{"0":"post-58630","1":"post","2":"type-post","3":"status-publish","4":"format-standard","5":"has-post-thumbnail","7":"category-featured","8":"category-esportes","9":"category-futebol-amador","10":"tag-copa-certel-sicredi","11":"tag-regional","12":"tag-titulares","13":"pmpro-has-access"},"yoast_head":"<!-- This site is optimized with the Yoast SEO plugin v27.5 - https:\/\/yoast.com\/product\/yoast-seo-wordpress\/ -->\n<title>Tarde de muitos gols nos titulares da Copa Certel Sicredi - Folha Popular<\/title>\n<meta name=\"robots\" content=\"index, follow, max-snippet:-1, max-image-preview:large, max-video-preview:-1\" \/>\n<link rel=\"canonical\" href=\"https:\/\/folhapopular.info\/index.php\/2019\/09\/08\/tarde-de-muitos-gols-nos-titulares-da-copa-certel-sicredi\/\" \/>\n<meta property=\"og:locale\" content=\"pt_BR\" \/>\n<meta property=\"og:type\" content=\"article\" \/>\n<meta property=\"og:title\" content=\"Tarde de muitos gols nos titulares da Copa Certel Sicredi - Folha Popular\" \/>\n<meta property=\"og:description\" content=\"A tarde de domingo (08\/09) foi de muitos gols pela S\u00e9rie A do Campeonato Regional da Aslivata &#8211; 22\u00aa Copa Certel Sicredi 2019 na categoria titulares. Destaque para a vit\u00f3ria do Juventude de Linha Berlim, Westf\u00e1lia, que venceu o Imigrante de Estrela por 8 a 0. No total foram 29 gols nos seis jogos, m\u00e9dia [&hellip;]\" \/>\n<meta property=\"og:url\" content=\"https:\/\/folhapopular.info\/index.php\/2019\/09\/08\/tarde-de-muitos-gols-nos-titulares-da-copa-certel-sicredi\/\" \/>\n<meta property=\"og:site_name\" content=\"Folha Popular\" \/>\n<meta property=\"article:published_time\" content=\"2019-09-08T21:13:03+00:00\" \/>\n<meta property=\"article:modified_time\" content=\"2019-09-08T21:51:04+00:00\" \/>\n<meta property=\"og:image\" content=\"https:\/\/folhapopular.info\/wp-content\/uploads\/2019\/08\/Logo-Regional-Certel-Sicredi-correto-Medium.png\" \/>\n\t<meta property=\"og:image:width\" content=\"768\" \/>\n\t<meta property=\"og:image:height\" content=\"880\" \/>\n\t<meta property=\"og:image:type\" content=\"image\/png\" \/>\n<meta name=\"author\" content=\"Reda\u00e7\u00e3o Folha Popular\" \/>\n<meta name=\"twitter:card\" content=\"summary_large_image\" \/>\n<meta name=\"twitter:label1\" content=\"Escrito por\" \/>\n\t<meta name=\"twitter:data1\" content=\"Reda\u00e7\u00e3o Folha Popular\" \/>\n\t<meta name=\"twitter:label2\" content=\"Est. tempo de leitura\" \/>\n\t<meta name=\"twitter:data2\" content=\"1 minuto\" \/>\n<script type=\"application\/ld+json\" class=\"yoast-schema-graph\">{\"@context\":\"https:\\\/\\\/schema.org\",\"@graph\":[{\"@type\":\"Article\",\"@id\":\"https:\\\/\\\/folhapopular.info\\\/index.php\\\/2019\\\/09\\\/08\\\/tarde-de-muitos-gols-nos-titulares-da-copa-certel-sicredi\\\/#article\",\"isPartOf\":{\"@id\":\"https:\\\/\\\/folhapopular.info\\\/index.php\\\/2019\\\/09\\\/08\\\/tarde-de-muitos-gols-nos-titulares-da-copa-certel-sicredi\\\/\"},\"author\":{\"name\":\"Reda\u00e7\u00e3o Folha Popular\",\"@id\":\"https:\\\/\\\/folhapopular.info\\\/#\\\/schema\\\/person\\\/2814e8a0df7643585a9ca38bc6eb9d4b\"},\"headline\":\"Tarde de muitos gols nos titulares da Copa Certel Sicredi\",\"datePublished\":\"2019-09-08T21:13:03+00:00\",\"dateModified\":\"2019-09-08T21:51:04+00:00\",\"mainEntityOfPage\":{\"@id\":\"https:\\\/\\\/folhapopular.info\\\/index.php\\\/2019\\\/09\\\/08\\\/tarde-de-muitos-gols-nos-titulares-da-copa-certel-sicredi\\\/\"},\"wordCount\":199,\"commentCount\":0,\"image\":{\"@id\":\"https:\\\/\\\/folhapopular.info\\\/index.php\\\/2019\\\/09\\\/08\\\/tarde-de-muitos-gols-nos-titulares-da-copa-certel-sicredi\\\/#primaryimage\"},\"thumbnailUrl\":\"https:\\\/\\\/folhapopular.info\\\/wp-content\\\/uploads\\\/2019\\\/08\\\/Logo-Regional-Certel-Sicredi-correto-Medium.png\",\"keywords\":[\"Copa Certel Sicredi\",\"Regional\",\"Titulares\"],\"articleSection\":[\"Destaques\",\"Esportes\",\"Futebol Amador\"],\"inLanguage\":\"pt-BR\",\"potentialAction\":[{\"@type\":\"CommentAction\",\"name\":\"Comment\",\"target\":[\"https:\\\/\\\/folhapopular.info\\\/index.php\\\/2019\\\/09\\\/08\\\/tarde-de-muitos-gols-nos-titulares-da-copa-certel-sicredi\\\/#respond\"]}]},{\"@type\":\"WebPage\",\"@id\":\"https:\\\/\\\/folhapopular.info\\\/index.php\\\/2019\\\/09\\\/08\\\/tarde-de-muitos-gols-nos-titulares-da-copa-certel-sicredi\\\/\",\"url\":\"https:\\\/\\\/folhapopular.info\\\/index.php\\\/2019\\\/09\\\/08\\\/tarde-de-muitos-gols-nos-titulares-da-copa-certel-sicredi\\\/\",\"name\":\"Tarde de muitos gols nos titulares da Copa Certel Sicredi - Folha Popular\",\"isPartOf\":{\"@id\":\"https:\\\/\\\/folhapopular.info\\\/#website\"},\"primaryImageOfPage\":{\"@id\":\"https:\\\/\\\/folhapopular.info\\\/index.php\\\/2019\\\/09\\\/08\\\/tarde-de-muitos-gols-nos-titulares-da-copa-certel-sicredi\\\/#primaryimage\"},\"image\":{\"@id\":\"https:\\\/\\\/folhapopular.info\\\/index.php\\\/2019\\\/09\\\/08\\\/tarde-de-muitos-gols-nos-titulares-da-copa-certel-sicredi\\\/#primaryimage\"},\"thumbnailUrl\":\"https:\\\/\\\/folhapopular.info\\\/wp-content\\\/uploads\\\/2019\\\/08\\\/Logo-Regional-Certel-Sicredi-correto-Medium.png\",\"datePublished\":\"2019-09-08T21:13:03+00:00\",\"dateModified\":\"2019-09-08T21:51:04+00:00\",\"author\":{\"@id\":\"https:\\\/\\\/folhapopular.info\\\/#\\\/schema\\\/person\\\/2814e8a0df7643585a9ca38bc6eb9d4b\"},\"breadcrumb\":{\"@id\":\"https:\\\/\\\/folhapopular.info\\\/index.php\\\/2019\\\/09\\\/08\\\/tarde-de-muitos-gols-nos-titulares-da-copa-certel-sicredi\\\/#breadcrumb\"},\"inLanguage\":\"pt-BR\",\"potentialAction\":[{\"@type\":\"ReadAction\",\"target\":[\"https:\\\/\\\/folhapopular.info\\\/index.php\\\/2019\\\/09\\\/08\\\/tarde-de-muitos-gols-nos-titulares-da-copa-certel-sicredi\\\/\"]}]},{\"@type\":\"ImageObject\",\"inLanguage\":\"pt-BR\",\"@id\":\"https:\\\/\\\/folhapopular.info\\\/index.php\\\/2019\\\/09\\\/08\\\/tarde-de-muitos-gols-nos-titulares-da-copa-certel-sicredi\\\/#primaryimage\",\"url\":\"https:\\\/\\\/folhapopular.info\\\/wp-content\\\/uploads\\\/2019\\\/08\\\/Logo-Regional-Certel-Sicredi-correto-Medium.png\",\"contentUrl\":\"https:\\\/\\\/folhapopular.info\\\/wp-content\\\/uploads\\\/2019\\\/08\\\/Logo-Regional-Certel-Sicredi-correto-Medium.png\",\"width\":768,\"height\":880},{\"@type\":\"BreadcrumbList\",\"@id\":\"https:\\\/\\\/folhapopular.info\\\/index.php\\\/2019\\\/09\\\/08\\\/tarde-de-muitos-gols-nos-titulares-da-copa-certel-sicredi\\\/#breadcrumb\",\"itemListElement\":[{\"@type\":\"ListItem\",\"position\":1,\"name\":\"In\u00edcio\",\"item\":\"https:\\\/\\\/folhapopular.info\\\/\"},{\"@type\":\"ListItem\",\"position\":2,\"name\":\"Tarde de muitos gols nos titulares da Copa Certel Sicredi\"}]},{\"@type\":\"WebSite\",\"@id\":\"https:\\\/\\\/folhapopular.info\\\/#website\",\"url\":\"https:\\\/\\\/folhapopular.info\\\/\",\"name\":\"Folha Popular\",\"description\":\"Onde voc\u00ea tem vez e voz\",\"potentialAction\":[{\"@type\":\"SearchAction\",\"target\":{\"@type\":\"EntryPoint\",\"urlTemplate\":\"https:\\\/\\\/folhapopular.info\\\/?s={search_term_string}\"},\"query-input\":{\"@type\":\"PropertyValueSpecification\",\"valueRequired\":true,\"valueName\":\"search_term_string\"}}],\"inLanguage\":\"pt-BR\"},{\"@type\":\"Person\",\"@id\":\"https:\\\/\\\/folhapopular.info\\\/#\\\/schema\\\/person\\\/2814e8a0df7643585a9ca38bc6eb9d4b\",\"name\":\"Reda\u00e7\u00e3o Folha Popular\",\"image\":{\"@type\":\"ImageObject\",\"inLanguage\":\"pt-BR\",\"@id\":\"https:\\\/\\\/folhapopular.info\\\/wp-content\\\/uploads\\\/2026\\\/04\\\/Folha-1.webp\",\"url\":\"https:\\\/\\\/folhapopular.info\\\/wp-content\\\/uploads\\\/2026\\\/04\\\/Folha-1.webp\",\"contentUrl\":\"https:\\\/\\\/folhapopular.info\\\/wp-content\\\/uploads\\\/2026\\\/04\\\/Folha-1.webp\",\"caption\":\"Reda\u00e7\u00e3o Folha Popular\"},\"url\":\"https:\\\/\\\/folhapopular.info\\\/index.php\\\/author\\\/redacao\\\/\"}]}<\/script>\n<!-- \/ Yoast SEO plugin. -->","yoast_head_json":{"title":"Tarde de muitos gols nos titulares da Copa Certel Sicredi - Folha Popular","robots":{"index":"index","follow":"follow","max-snippet":"max-snippet:-1","max-image-preview":"max-image-preview:large","max-video-preview":"max-video-preview:-1"},"canonical":"https:\/\/folhapopular.info\/index.php\/2019\/09\/08\/tarde-de-muitos-gols-nos-titulares-da-copa-certel-sicredi\/","og_locale":"pt_BR","og_type":"article","og_title":"Tarde de muitos gols nos titulares da Copa Certel Sicredi - Folha Popular","og_description":"A tarde de domingo (08\/09) foi de muitos gols pela S\u00e9rie A do Campeonato Regional da Aslivata &#8211; 22\u00aa Copa Certel Sicredi 2019 na categoria titulares. Destaque para a vit\u00f3ria do Juventude de Linha Berlim, Westf\u00e1lia, que venceu o Imigrante de Estrela por 8 a 0. No total foram 29 gols nos seis jogos, m\u00e9dia [&hellip;]","og_url":"https:\/\/folhapopular.info\/index.php\/2019\/09\/08\/tarde-de-muitos-gols-nos-titulares-da-copa-certel-sicredi\/","og_site_name":"Folha Popular","article_published_time":"2019-09-08T21:13:03+00:00","article_modified_time":"2019-09-08T21:51:04+00:00","og_image":[{"width":768,"height":880,"url":"https:\/\/folhapopular.info\/wp-content\/uploads\/2019\/08\/Logo-Regional-Certel-Sicredi-correto-Medium.png","type":"image\/png"}],"author":"Reda\u00e7\u00e3o Folha Popular","twitter_card":"summary_large_image","twitter_misc":{"Escrito por":"Reda\u00e7\u00e3o Folha Popular","Est. tempo de leitura":"1 minuto"},"schema":{"@context":"https:\/\/schema.org","@graph":[{"@type":"Article","@id":"https:\/\/folhapopular.info\/index.php\/2019\/09\/08\/tarde-de-muitos-gols-nos-titulares-da-copa-certel-sicredi\/#article","isPartOf":{"@id":"https:\/\/folhapopular.info\/index.php\/2019\/09\/08\/tarde-de-muitos-gols-nos-titulares-da-copa-certel-sicredi\/"},"author":{"name":"Reda\u00e7\u00e3o Folha Popular","@id":"https:\/\/folhapopular.info\/#\/schema\/person\/2814e8a0df7643585a9ca38bc6eb9d4b"},"headline":"Tarde de muitos gols nos titulares da Copa Certel Sicredi","datePublished":"2019-09-08T21:13:03+00:00","dateModified":"2019-09-08T21:51:04+00:00","mainEntityOfPage":{"@id":"https:\/\/folhapopular.info\/index.php\/2019\/09\/08\/tarde-de-muitos-gols-nos-titulares-da-copa-certel-sicredi\/"},"wordCount":199,"commentCount":0,"image":{"@id":"https:\/\/folhapopular.info\/index.php\/2019\/09\/08\/tarde-de-muitos-gols-nos-titulares-da-copa-certel-sicredi\/#primaryimage"},"thumbnailUrl":"https:\/\/folhapopular.info\/wp-content\/uploads\/2019\/08\/Logo-Regional-Certel-Sicredi-correto-Medium.png","keywords":["Copa Certel Sicredi","Regional","Titulares"],"articleSection":["Destaques","Esportes","Futebol Amador"],"inLanguage":"pt-BR","potentialAction":[{"@type":"CommentAction","name":"Comment","target":["https:\/\/folhapopular.info\/index.php\/2019\/09\/08\/tarde-de-muitos-gols-nos-titulares-da-copa-certel-sicredi\/#respond"]}]},{"@type":"WebPage","@id":"https:\/\/folhapopular.info\/index.php\/2019\/09\/08\/tarde-de-muitos-gols-nos-titulares-da-copa-certel-sicredi\/","url":"https:\/\/folhapopular.info\/index.php\/2019\/09\/08\/tarde-de-muitos-gols-nos-titulares-da-copa-certel-sicredi\/","name":"Tarde de muitos gols nos titulares da Copa Certel Sicredi - Folha Popular","isPartOf":{"@id":"https:\/\/folhapopular.info\/#website"},"primaryImageOfPage":{"@id":"https:\/\/folhapopular.info\/index.php\/2019\/09\/08\/tarde-de-muitos-gols-nos-titulares-da-copa-certel-sicredi\/#primaryimage"},"image":{"@id":"https:\/\/folhapopular.info\/index.php\/2019\/09\/08\/tarde-de-muitos-gols-nos-titulares-da-copa-certel-sicredi\/#primaryimage"},"thumbnailUrl":"https:\/\/folhapopular.info\/wp-content\/uploads\/2019\/08\/Logo-Regional-Certel-Sicredi-correto-Medium.png","datePublished":"2019-09-08T21:13:03+00:00","dateModified":"2019-09-08T21:51:04+00:00","author":{"@id":"https:\/\/folhapopular.info\/#\/schema\/person\/2814e8a0df7643585a9ca38bc6eb9d4b"},"breadcrumb":{"@id":"https:\/\/folhapopular.info\/index.php\/2019\/09\/08\/tarde-de-muitos-gols-nos-titulares-da-copa-certel-sicredi\/#breadcrumb"},"inLanguage":"pt-BR","potentialAction":[{"@type":"ReadAction","target":["https:\/\/folhapopular.info\/index.php\/2019\/09\/08\/tarde-de-muitos-gols-nos-titulares-da-copa-certel-sicredi\/"]}]},{"@type":"ImageObject","inLanguage":"pt-BR","@id":"https:\/\/folhapopular.info\/index.php\/2019\/09\/08\/tarde-de-muitos-gols-nos-titulares-da-copa-certel-sicredi\/#primaryimage","url":"https:\/\/folhapopular.info\/wp-content\/uploads\/2019\/08\/Logo-Regional-Certel-Sicredi-correto-Medium.png","contentUrl":"https:\/\/folhapopular.info\/wp-content\/uploads\/2019\/08\/Logo-Regional-Certel-Sicredi-correto-Medium.png","width":768,"height":880},{"@type":"BreadcrumbList","@id":"https:\/\/folhapopular.info\/index.php\/2019\/09\/08\/tarde-de-muitos-gols-nos-titulares-da-copa-certel-sicredi\/#breadcrumb","itemListElement":[{"@type":"ListItem","position":1,"name":"In\u00edcio","item":"https:\/\/folhapopular.info\/"},{"@type":"ListItem","position":2,"name":"Tarde de muitos gols nos titulares da Copa Certel Sicredi"}]},{"@type":"WebSite","@id":"https:\/\/folhapopular.info\/#website","url":"https:\/\/folhapopular.info\/","name":"Folha Popular","description":"Onde voc\u00ea tem vez e voz","potentialAction":[{"@type":"SearchAction","target":{"@type":"EntryPoint","urlTemplate":"https:\/\/folhapopular.info\/?s={search_term_string}"},"query-input":{"@type":"PropertyValueSpecification","valueRequired":true,"valueName":"search_term_string"}}],"inLanguage":"pt-BR"},{"@type":"Person","@id":"https:\/\/folhapopular.info\/#\/schema\/person\/2814e8a0df7643585a9ca38bc6eb9d4b","name":"Reda\u00e7\u00e3o Folha Popular","image":{"@type":"ImageObject","inLanguage":"pt-BR","@id":"https:\/\/folhapopular.info\/wp-content\/uploads\/2026\/04\/Folha-1.webp","url":"https:\/\/folhapopular.info\/wp-content\/uploads\/2026\/04\/Folha-1.webp","contentUrl":"https:\/\/folhapopular.info\/wp-content\/uploads\/2026\/04\/Folha-1.webp","caption":"Reda\u00e7\u00e3o Folha Popular"},"url":"https:\/\/folhapopular.info\/index.php\/author\/redacao\/"}]}},"jetpack_featured_media_url":"https:\/\/folhapopular.info\/wp-content\/uploads\/2019\/08\/Logo-Regional-Certel-Sicredi-correto-Medium.png","jetpack_sharing_enabled":true,"amp_enabled":true,"_links":{"self":[{"href":"https:\/\/folhapopular.info\/index.php\/wp-json\/wp\/v2\/posts\/58630","targetHints":{"allow":["GET"]}}],"collection":[{"href":"https:\/\/folhapopular.info\/index.php\/wp-json\/wp\/v2\/posts"}],"about":[{"href":"https:\/\/folhapopular.info\/index.php\/wp-json\/wp\/v2\/types\/post"}],"author":[{"embeddable":true,"href":"https:\/\/folhapopular.info\/index.php\/wp-json\/wp\/v2\/users\/8"}],"replies":[{"embeddable":true,"href":"https:\/\/folhapopular.info\/index.php\/wp-json\/wp\/v2\/comments?post=58630"}],"version-history":[{"count":0,"href":"https:\/\/folhapopular.info\/index.php\/wp-json\/wp\/v2\/posts\/58630\/revisions"}],"wp:featuredmedia":[{"embeddable":true,"href":"https:\/\/folhapopular.info\/index.php\/wp-json\/wp\/v2\/media\/57756"}],"wp:attachment":[{"href":"https:\/\/folhapopular.info\/index.php\/wp-json\/wp\/v2\/media?parent=58630"}],"wp:term":[{"taxonomy":"category","embeddable":true,"href":"https:\/\/folhapopular.info\/index.php\/wp-json\/wp\/v2\/categories?post=58630"},{"taxonomy":"post_tag","embeddable":true,"href":"https:\/\/folhapopular.info\/index.php\/wp-json\/wp\/v2\/tags?post=58630"}],"curies":[{"name":"wp","href":"https:\/\/api.w.org\/{rel}","templated":true}]}}