{"id":58764,"date":"2019-09-12T14:45:24","date_gmt":"2019-09-12T17:45:24","guid":{"rendered":"http:\/\/folhapopular.info\/?p=58764"},"modified":"2019-09-12T14:45:26","modified_gmt":"2019-09-12T17:45:26","slug":"bm-cumpre-mandado-de-prisao-em-lajeado","status":"publish","type":"post","link":"https:\/\/folhapopular.info\/index.php\/2019\/09\/12\/bm-cumpre-mandado-de-prisao-em-lajeado\/","title":{"rendered":"BM cumpre mandado de pris\u00e3o em Lajeado"},"content":{"rendered":"\n<p>A BM foi informada de que dois indiv\u00edduos estariam em uma motocicleta Yamaha preta em atitude suspeita nas proximidades do Bairro Praia, em Lajeado, por volta das 12h desta quinta-feira (12\/09). Eles foram abordados na Rua Silva Jardim, momento em que foi constatado que havia um mandado de pris\u00e3o em desfavor do caroneiro, de 26 anos. Assim, foi dado voz de pris\u00e3o e ele foi encaminhado a UPA e DPPA de Lajeado. Ele possui antecedentes por estupro de vulner\u00e1vel e roubo a pedestre.<\/p>\n","protected":false},"excerpt":{"rendered":"<p>A BM foi informada de que dois indiv\u00edduos estariam em uma motocicleta Yamaha preta em atitude suspeita nas proximidades do Bairro Praia, em Lajeado, por volta das 12h desta quinta-feira (12\/09). Eles foram abordados na Rua Silva Jardim, momento em que foi constatado que havia um mandado de pris\u00e3o em desfavor do caroneiro, de 26 [&hellip;]<\/p>\n","protected":false},"author":8,"featured_media":58765,"comment_status":"open","ping_status":"open","sticky":false,"template":"","format":"standard","meta":{"pmpro_default_level":"","_jetpack_memberships_contains_paid_content":false,"footnotes":""},"categories":[3,7],"tags":[27,4646],"class_list":{"0":"post-58764","1":"post","2":"type-post","3":"status-publish","4":"format-standard","5":"has-post-thumbnail","7":"category-geral","8":"category-seguranca","9":"tag-lajeado","10":"tag-mandado","11":"pmpro-has-access"},"yoast_head":"<!-- This site is optimized with the Yoast SEO plugin v27.5 - https:\/\/yoast.com\/product\/yoast-seo-wordpress\/ -->\n<title>BM cumpre mandado de pris\u00e3o em Lajeado - Folha Popular<\/title>\n<meta name=\"robots\" content=\"index, follow, max-snippet:-1, max-image-preview:large, max-video-preview:-1\" \/>\n<link rel=\"canonical\" href=\"https:\/\/folhapopular.info\/index.php\/2019\/09\/12\/bm-cumpre-mandado-de-prisao-em-lajeado\/\" \/>\n<meta property=\"og:locale\" content=\"pt_BR\" \/>\n<meta property=\"og:type\" content=\"article\" \/>\n<meta property=\"og:title\" content=\"BM cumpre mandado de pris\u00e3o em Lajeado - Folha Popular\" \/>\n<meta property=\"og:description\" content=\"A BM foi informada de que dois indiv\u00edduos estariam em uma motocicleta Yamaha preta em atitude suspeita nas proximidades do Bairro Praia, em Lajeado, por volta das 12h desta quinta-feira (12\/09). Eles foram abordados na Rua Silva Jardim, momento em que foi constatado que havia um mandado de pris\u00e3o em desfavor do caroneiro, de 26 [&hellip;]\" \/>\n<meta property=\"og:url\" content=\"https:\/\/folhapopular.info\/index.php\/2019\/09\/12\/bm-cumpre-mandado-de-prisao-em-lajeado\/\" \/>\n<meta property=\"og:site_name\" content=\"Folha Popular\" \/>\n<meta property=\"article:published_time\" content=\"2019-09-12T17:45:24+00:00\" \/>\n<meta property=\"article:modified_time\" content=\"2019-09-12T17:45:26+00:00\" \/>\n<meta property=\"og:image\" content=\"https:\/\/folhapopular.info\/wp-content\/uploads\/2019\/09\/WhatsApp-Image-2019-09-12-at-13.26.29-e1568310297820.jpeg\" \/>\n\t<meta property=\"og:image:width\" content=\"600\" \/>\n\t<meta property=\"og:image:height\" content=\"800\" \/>\n\t<meta property=\"og:image:type\" content=\"image\/jpeg\" \/>\n<meta name=\"author\" content=\"Reda\u00e7\u00e3o Folha Popular\" \/>\n<meta name=\"twitter:card\" content=\"summary_large_image\" \/>\n<meta name=\"twitter:label1\" content=\"Escrito por\" \/>\n\t<meta name=\"twitter:data1\" content=\"Reda\u00e7\u00e3o Folha Popular\" \/>\n<script type=\"application\/ld+json\" class=\"yoast-schema-graph\">{\"@context\":\"https:\\\/\\\/schema.org\",\"@graph\":[{\"@type\":\"Article\",\"@id\":\"https:\\\/\\\/folhapopular.info\\\/index.php\\\/2019\\\/09\\\/12\\\/bm-cumpre-mandado-de-prisao-em-lajeado\\\/#article\",\"isPartOf\":{\"@id\":\"https:\\\/\\\/folhapopular.info\\\/index.php\\\/2019\\\/09\\\/12\\\/bm-cumpre-mandado-de-prisao-em-lajeado\\\/\"},\"author\":{\"name\":\"Reda\u00e7\u00e3o Folha Popular\",\"@id\":\"https:\\\/\\\/folhapopular.info\\\/#\\\/schema\\\/person\\\/2814e8a0df7643585a9ca38bc6eb9d4b\"},\"headline\":\"BM cumpre mandado de pris\u00e3o em Lajeado\",\"datePublished\":\"2019-09-12T17:45:24+00:00\",\"dateModified\":\"2019-09-12T17:45:26+00:00\",\"mainEntityOfPage\":{\"@id\":\"https:\\\/\\\/folhapopular.info\\\/index.php\\\/2019\\\/09\\\/12\\\/bm-cumpre-mandado-de-prisao-em-lajeado\\\/\"},\"wordCount\":93,\"commentCount\":0,\"image\":{\"@id\":\"https:\\\/\\\/folhapopular.info\\\/index.php\\\/2019\\\/09\\\/12\\\/bm-cumpre-mandado-de-prisao-em-lajeado\\\/#primaryimage\"},\"thumbnailUrl\":\"https:\\\/\\\/folhapopular.info\\\/wp-content\\\/uploads\\\/2019\\\/09\\\/WhatsApp-Image-2019-09-12-at-13.26.29-e1568310297820.jpeg\",\"keywords\":[\"Lajeado\",\"Mandado\"],\"articleSection\":[\"Geral\",\"Seguran\u00e7a\"],\"inLanguage\":\"pt-BR\",\"potentialAction\":[{\"@type\":\"CommentAction\",\"name\":\"Comment\",\"target\":[\"https:\\\/\\\/folhapopular.info\\\/index.php\\\/2019\\\/09\\\/12\\\/bm-cumpre-mandado-de-prisao-em-lajeado\\\/#respond\"]}]},{\"@type\":\"WebPage\",\"@id\":\"https:\\\/\\\/folhapopular.info\\\/index.php\\\/2019\\\/09\\\/12\\\/bm-cumpre-mandado-de-prisao-em-lajeado\\\/\",\"url\":\"https:\\\/\\\/folhapopular.info\\\/index.php\\\/2019\\\/09\\\/12\\\/bm-cumpre-mandado-de-prisao-em-lajeado\\\/\",\"name\":\"BM cumpre mandado de pris\u00e3o em Lajeado - Folha Popular\",\"isPartOf\":{\"@id\":\"https:\\\/\\\/folhapopular.info\\\/#website\"},\"primaryImageOfPage\":{\"@id\":\"https:\\\/\\\/folhapopular.info\\\/index.php\\\/2019\\\/09\\\/12\\\/bm-cumpre-mandado-de-prisao-em-lajeado\\\/#primaryimage\"},\"image\":{\"@id\":\"https:\\\/\\\/folhapopular.info\\\/index.php\\\/2019\\\/09\\\/12\\\/bm-cumpre-mandado-de-prisao-em-lajeado\\\/#primaryimage\"},\"thumbnailUrl\":\"https:\\\/\\\/folhapopular.info\\\/wp-content\\\/uploads\\\/2019\\\/09\\\/WhatsApp-Image-2019-09-12-at-13.26.29-e1568310297820.jpeg\",\"datePublished\":\"2019-09-12T17:45:24+00:00\",\"dateModified\":\"2019-09-12T17:45:26+00:00\",\"author\":{\"@id\":\"https:\\\/\\\/folhapopular.info\\\/#\\\/schema\\\/person\\\/2814e8a0df7643585a9ca38bc6eb9d4b\"},\"breadcrumb\":{\"@id\":\"https:\\\/\\\/folhapopular.info\\\/index.php\\\/2019\\\/09\\\/12\\\/bm-cumpre-mandado-de-prisao-em-lajeado\\\/#breadcrumb\"},\"inLanguage\":\"pt-BR\",\"potentialAction\":[{\"@type\":\"ReadAction\",\"target\":[\"https:\\\/\\\/folhapopular.info\\\/index.php\\\/2019\\\/09\\\/12\\\/bm-cumpre-mandado-de-prisao-em-lajeado\\\/\"]}]},{\"@type\":\"ImageObject\",\"inLanguage\":\"pt-BR\",\"@id\":\"https:\\\/\\\/folhapopular.info\\\/index.php\\\/2019\\\/09\\\/12\\\/bm-cumpre-mandado-de-prisao-em-lajeado\\\/#primaryimage\",\"url\":\"https:\\\/\\\/folhapopular.info\\\/wp-content\\\/uploads\\\/2019\\\/09\\\/WhatsApp-Image-2019-09-12-at-13.26.29-e1568310297820.jpeg\",\"contentUrl\":\"https:\\\/\\\/folhapopular.info\\\/wp-content\\\/uploads\\\/2019\\\/09\\\/WhatsApp-Image-2019-09-12-at-13.26.29-e1568310297820.jpeg\",\"width\":600,\"height\":800,\"caption\":\"Cr\u00e9dito: divulga\u00e7\u00e3o\"},{\"@type\":\"BreadcrumbList\",\"@id\":\"https:\\\/\\\/folhapopular.info\\\/index.php\\\/2019\\\/09\\\/12\\\/bm-cumpre-mandado-de-prisao-em-lajeado\\\/#breadcrumb\",\"itemListElement\":[{\"@type\":\"ListItem\",\"position\":1,\"name\":\"In\u00edcio\",\"item\":\"https:\\\/\\\/folhapopular.info\\\/\"},{\"@type\":\"ListItem\",\"position\":2,\"name\":\"BM cumpre mandado de pris\u00e3o em Lajeado\"}]},{\"@type\":\"WebSite\",\"@id\":\"https:\\\/\\\/folhapopular.info\\\/#website\",\"url\":\"https:\\\/\\\/folhapopular.info\\\/\",\"name\":\"Folha Popular\",\"description\":\"Onde voc\u00ea tem vez e voz\",\"potentialAction\":[{\"@type\":\"SearchAction\",\"target\":{\"@type\":\"EntryPoint\",\"urlTemplate\":\"https:\\\/\\\/folhapopular.info\\\/?s={search_term_string}\"},\"query-input\":{\"@type\":\"PropertyValueSpecification\",\"valueRequired\":true,\"valueName\":\"search_term_string\"}}],\"inLanguage\":\"pt-BR\"},{\"@type\":\"Person\",\"@id\":\"https:\\\/\\\/folhapopular.info\\\/#\\\/schema\\\/person\\\/2814e8a0df7643585a9ca38bc6eb9d4b\",\"name\":\"Reda\u00e7\u00e3o Folha Popular\",\"image\":{\"@type\":\"ImageObject\",\"inLanguage\":\"pt-BR\",\"@id\":\"https:\\\/\\\/folhapopular.info\\\/wp-content\\\/uploads\\\/2026\\\/04\\\/Folha-1.webp\",\"url\":\"https:\\\/\\\/folhapopular.info\\\/wp-content\\\/uploads\\\/2026\\\/04\\\/Folha-1.webp\",\"contentUrl\":\"https:\\\/\\\/folhapopular.info\\\/wp-content\\\/uploads\\\/2026\\\/04\\\/Folha-1.webp\",\"caption\":\"Reda\u00e7\u00e3o Folha Popular\"},\"url\":\"https:\\\/\\\/folhapopular.info\\\/index.php\\\/author\\\/redacao\\\/\"}]}<\/script>\n<!-- \/ Yoast SEO plugin. -->","yoast_head_json":{"title":"BM cumpre mandado de pris\u00e3o em Lajeado - Folha Popular","robots":{"index":"index","follow":"follow","max-snippet":"max-snippet:-1","max-image-preview":"max-image-preview:large","max-video-preview":"max-video-preview:-1"},"canonical":"https:\/\/folhapopular.info\/index.php\/2019\/09\/12\/bm-cumpre-mandado-de-prisao-em-lajeado\/","og_locale":"pt_BR","og_type":"article","og_title":"BM cumpre mandado de pris\u00e3o em Lajeado - Folha Popular","og_description":"A BM foi informada de que dois indiv\u00edduos estariam em uma motocicleta Yamaha preta em atitude suspeita nas proximidades do Bairro Praia, em Lajeado, por volta das 12h desta quinta-feira (12\/09). Eles foram abordados na Rua Silva Jardim, momento em que foi constatado que havia um mandado de pris\u00e3o em desfavor do caroneiro, de 26 [&hellip;]","og_url":"https:\/\/folhapopular.info\/index.php\/2019\/09\/12\/bm-cumpre-mandado-de-prisao-em-lajeado\/","og_site_name":"Folha Popular","article_published_time":"2019-09-12T17:45:24+00:00","article_modified_time":"2019-09-12T17:45:26+00:00","og_image":[{"width":600,"height":800,"url":"https:\/\/folhapopular.info\/wp-content\/uploads\/2019\/09\/WhatsApp-Image-2019-09-12-at-13.26.29-e1568310297820.jpeg","type":"image\/jpeg"}],"author":"Reda\u00e7\u00e3o Folha Popular","twitter_card":"summary_large_image","twitter_misc":{"Escrito por":"Reda\u00e7\u00e3o Folha Popular"},"schema":{"@context":"https:\/\/schema.org","@graph":[{"@type":"Article","@id":"https:\/\/folhapopular.info\/index.php\/2019\/09\/12\/bm-cumpre-mandado-de-prisao-em-lajeado\/#article","isPartOf":{"@id":"https:\/\/folhapopular.info\/index.php\/2019\/09\/12\/bm-cumpre-mandado-de-prisao-em-lajeado\/"},"author":{"name":"Reda\u00e7\u00e3o Folha Popular","@id":"https:\/\/folhapopular.info\/#\/schema\/person\/2814e8a0df7643585a9ca38bc6eb9d4b"},"headline":"BM cumpre mandado de pris\u00e3o em Lajeado","datePublished":"2019-09-12T17:45:24+00:00","dateModified":"2019-09-12T17:45:26+00:00","mainEntityOfPage":{"@id":"https:\/\/folhapopular.info\/index.php\/2019\/09\/12\/bm-cumpre-mandado-de-prisao-em-lajeado\/"},"wordCount":93,"commentCount":0,"image":{"@id":"https:\/\/folhapopular.info\/index.php\/2019\/09\/12\/bm-cumpre-mandado-de-prisao-em-lajeado\/#primaryimage"},"thumbnailUrl":"https:\/\/folhapopular.info\/wp-content\/uploads\/2019\/09\/WhatsApp-Image-2019-09-12-at-13.26.29-e1568310297820.jpeg","keywords":["Lajeado","Mandado"],"articleSection":["Geral","Seguran\u00e7a"],"inLanguage":"pt-BR","potentialAction":[{"@type":"CommentAction","name":"Comment","target":["https:\/\/folhapopular.info\/index.php\/2019\/09\/12\/bm-cumpre-mandado-de-prisao-em-lajeado\/#respond"]}]},{"@type":"WebPage","@id":"https:\/\/folhapopular.info\/index.php\/2019\/09\/12\/bm-cumpre-mandado-de-prisao-em-lajeado\/","url":"https:\/\/folhapopular.info\/index.php\/2019\/09\/12\/bm-cumpre-mandado-de-prisao-em-lajeado\/","name":"BM cumpre mandado de pris\u00e3o em Lajeado - Folha Popular","isPartOf":{"@id":"https:\/\/folhapopular.info\/#website"},"primaryImageOfPage":{"@id":"https:\/\/folhapopular.info\/index.php\/2019\/09\/12\/bm-cumpre-mandado-de-prisao-em-lajeado\/#primaryimage"},"image":{"@id":"https:\/\/folhapopular.info\/index.php\/2019\/09\/12\/bm-cumpre-mandado-de-prisao-em-lajeado\/#primaryimage"},"thumbnailUrl":"https:\/\/folhapopular.info\/wp-content\/uploads\/2019\/09\/WhatsApp-Image-2019-09-12-at-13.26.29-e1568310297820.jpeg","datePublished":"2019-09-12T17:45:24+00:00","dateModified":"2019-09-12T17:45:26+00:00","author":{"@id":"https:\/\/folhapopular.info\/#\/schema\/person\/2814e8a0df7643585a9ca38bc6eb9d4b"},"breadcrumb":{"@id":"https:\/\/folhapopular.info\/index.php\/2019\/09\/12\/bm-cumpre-mandado-de-prisao-em-lajeado\/#breadcrumb"},"inLanguage":"pt-BR","potentialAction":[{"@type":"ReadAction","target":["https:\/\/folhapopular.info\/index.php\/2019\/09\/12\/bm-cumpre-mandado-de-prisao-em-lajeado\/"]}]},{"@type":"ImageObject","inLanguage":"pt-BR","@id":"https:\/\/folhapopular.info\/index.php\/2019\/09\/12\/bm-cumpre-mandado-de-prisao-em-lajeado\/#primaryimage","url":"https:\/\/folhapopular.info\/wp-content\/uploads\/2019\/09\/WhatsApp-Image-2019-09-12-at-13.26.29-e1568310297820.jpeg","contentUrl":"https:\/\/folhapopular.info\/wp-content\/uploads\/2019\/09\/WhatsApp-Image-2019-09-12-at-13.26.29-e1568310297820.jpeg","width":600,"height":800,"caption":"Cr\u00e9dito: divulga\u00e7\u00e3o"},{"@type":"BreadcrumbList","@id":"https:\/\/folhapopular.info\/index.php\/2019\/09\/12\/bm-cumpre-mandado-de-prisao-em-lajeado\/#breadcrumb","itemListElement":[{"@type":"ListItem","position":1,"name":"In\u00edcio","item":"https:\/\/folhapopular.info\/"},{"@type":"ListItem","position":2,"name":"BM cumpre mandado de pris\u00e3o em Lajeado"}]},{"@type":"WebSite","@id":"https:\/\/folhapopular.info\/#website","url":"https:\/\/folhapopular.info\/","name":"Folha Popular","description":"Onde voc\u00ea tem vez e voz","potentialAction":[{"@type":"SearchAction","target":{"@type":"EntryPoint","urlTemplate":"https:\/\/folhapopular.info\/?s={search_term_string}"},"query-input":{"@type":"PropertyValueSpecification","valueRequired":true,"valueName":"search_term_string"}}],"inLanguage":"pt-BR"},{"@type":"Person","@id":"https:\/\/folhapopular.info\/#\/schema\/person\/2814e8a0df7643585a9ca38bc6eb9d4b","name":"Reda\u00e7\u00e3o Folha Popular","image":{"@type":"ImageObject","inLanguage":"pt-BR","@id":"https:\/\/folhapopular.info\/wp-content\/uploads\/2026\/04\/Folha-1.webp","url":"https:\/\/folhapopular.info\/wp-content\/uploads\/2026\/04\/Folha-1.webp","contentUrl":"https:\/\/folhapopular.info\/wp-content\/uploads\/2026\/04\/Folha-1.webp","caption":"Reda\u00e7\u00e3o Folha Popular"},"url":"https:\/\/folhapopular.info\/index.php\/author\/redacao\/"}]}},"jetpack_featured_media_url":"https:\/\/folhapopular.info\/wp-content\/uploads\/2019\/09\/WhatsApp-Image-2019-09-12-at-13.26.29-e1568310297820.jpeg","jetpack_sharing_enabled":true,"amp_enabled":true,"_links":{"self":[{"href":"https:\/\/folhapopular.info\/index.php\/wp-json\/wp\/v2\/posts\/58764","targetHints":{"allow":["GET"]}}],"collection":[{"href":"https:\/\/folhapopular.info\/index.php\/wp-json\/wp\/v2\/posts"}],"about":[{"href":"https:\/\/folhapopular.info\/index.php\/wp-json\/wp\/v2\/types\/post"}],"author":[{"embeddable":true,"href":"https:\/\/folhapopular.info\/index.php\/wp-json\/wp\/v2\/users\/8"}],"replies":[{"embeddable":true,"href":"https:\/\/folhapopular.info\/index.php\/wp-json\/wp\/v2\/comments?post=58764"}],"version-history":[{"count":0,"href":"https:\/\/folhapopular.info\/index.php\/wp-json\/wp\/v2\/posts\/58764\/revisions"}],"wp:featuredmedia":[{"embeddable":true,"href":"https:\/\/folhapopular.info\/index.php\/wp-json\/wp\/v2\/media\/58765"}],"wp:attachment":[{"href":"https:\/\/folhapopular.info\/index.php\/wp-json\/wp\/v2\/media?parent=58764"}],"wp:term":[{"taxonomy":"category","embeddable":true,"href":"https:\/\/folhapopular.info\/index.php\/wp-json\/wp\/v2\/categories?post=58764"},{"taxonomy":"post_tag","embeddable":true,"href":"https:\/\/folhapopular.info\/index.php\/wp-json\/wp\/v2\/tags?post=58764"}],"curies":[{"name":"wp","href":"https:\/\/api.w.org\/{rel}","templated":true}]}}