{"id":58772,"date":"2019-09-12T16:01:47","date_gmt":"2019-09-12T19:01:47","guid":{"rendered":"http:\/\/folhapopular.info\/?p=58772"},"modified":"2019-09-12T16:01:50","modified_gmt":"2019-09-12T19:01:50","slug":"saberes-sabores-e-costumes-do-tradicionalismo-acampamento-farroupilha-de-teutonia-inicia-amanha","status":"publish","type":"post","link":"https:\/\/folhapopular.info\/index.php\/2019\/09\/12\/saberes-sabores-e-costumes-do-tradicionalismo-acampamento-farroupilha-de-teutonia-inicia-amanha\/","title":{"rendered":"Saberes, sabores e costumes do tradicionalismo: Acampamento Farroupilha de Teut\u00f4nia inicia amanh\u00e3"},"content":{"rendered":"\n<p>As cores do Rio Grande do Sul j\u00e1 est\u00e3o colorindo o Centro Administrativo de\u00a0Teut\u00f4nia. Isso porque na sexta-feira (13\/09), inicia o 3\u00ba Acampamento Farroupilha de\u00a0Teut\u00f4nia, programa\u00e7\u00e3o que segue at\u00e9 o dia 20, evidenciando os saberes, sabores e costumes do tradicionalismo. Desfiles, shows, fandangos, costel\u00e3o solid\u00e1rios, comidas campeiras, rodas de chimarr\u00e3o &#8211; e muito mais &#8211; estar\u00e3o \u00e0 disposi\u00e7\u00e3o.<\/p>\n\n\n\n<p>Conforme o prefeito, Jonatan Br\u00f6nstrup, o Acampamento Farroupilha valoriza as entidades tradicionalistas de&nbsp;Teut\u00f4nia&nbsp;e oferece \u00e0 popula\u00e7\u00e3o o acesso \u00e0 cultura ga\u00facha. \u201cA Administra\u00e7\u00e3o Municipal de&nbsp;Teut\u00f4nia&nbsp;confiou e acreditou nas entidades tradicionalistas do munic\u00edpio e deu este grande presente para a comunidade teutoniense. Um acampamento organizado, seguro e que mant\u00e9m as principais caracter\u00edsticas da cultura tradicional ga\u00facha. O tradicionalismo faz com que a gente traga as fam\u00edlias para algo bom a fazer, aproximando-as da arte e cultura ga\u00facha\u201d, enaltece.<\/p>\n\n\n\n<p>O tradicionalista&nbsp;e coordenador campeiro do evento,&nbsp;Maciel Wiebusch,&nbsp;destaca&nbsp;que o tradicionalismo de&nbsp;Teut\u00f4nia&nbsp;vive um novo momento&nbsp;por meio do Acampamento Farroupilha. \u201cAntes, cada entidade tinha a sua programa\u00e7\u00e3o, inclusive com conflitos de agenda.&nbsp;Em 2017,&nbsp;Teut\u00f4nia&nbsp;teve um momento hist\u00f3rico, um novo olhar para o tradicionalismo, quando a Administra\u00e7\u00e3o Municipal prop\u00f4s o Acampamento Farroupilha, reunindo as entidades num s\u00f3 espa\u00e7o.&nbsp;Agora, chegamos ao 3\u00ba Acampamento Farroupilha com uma programa\u00e7\u00e3o que traz o melhor do tradicionalismo\u201d, ressaltou.<\/p>\n\n\n\n<p>O Acampamento Farroupilha de&nbsp;Teut\u00f4nia&nbsp;ocorre de 13 a 20 de setembro, junto ao Centro Administrativo. Na quadra das avenidas 1 Leste, 1 Sul e 1 Oeste e Rua 2 Sul, est\u00e3o os 18 piquetes &#8211; galp\u00f5es de madeira &#8211; de entidades tradicionalistas e empresas, al\u00e9m do Galp\u00e3o Farroupilha, que concentrar\u00e1 algumas atra\u00e7\u00f5es da programa\u00e7\u00e3o oficial, como a chegada da Chama Crioula e a abertura.<\/p>\n\n\n\n<p>Durante os dias de evento, os tradicionalistas resgatar\u00e3o os costumes da cultura e hist\u00f3ria ga\u00facha, atrav\u00e9s de rodas de chimarr\u00e3o, comidas campeiras e muita m\u00fasica. A programa\u00e7\u00e3o interna ficar\u00e1 por conta de cada entidade. A programa\u00e7\u00e3o interna nos piquetes ficar\u00e1 por conta de cada entidade, enquanto as atra\u00e7\u00f5es musicais e shows ser\u00e3o no Pavilh\u00e3o Multiuso.<\/p>\n\n\n\n<p>O evento contar\u00e1 com shows, fandangos, desfiles, entre outras a\u00e7\u00f5es. Dentre os shows e fandangos &#8211; que ocorrer\u00e3o no Pavilh\u00e3o Multiuso &#8211; est\u00e3o o trovador Capit\u00e3o Faustino, Mano Lima, Tch\u00ea Chaleira, Orquestra de\u00a0Teut\u00f4nia, Chiquito &amp; Bordoneio, C\u00e9sar Oliveira e Rog\u00e9rio Melo, Alma Crioula, Tch\u00ea Guri, Luz de Candieiro, e Os Centauros. Tamb\u00e9m est\u00e3o previstas apresenta\u00e7\u00f5es do Coral Municipal de\u00a0Teut\u00f4nia\u00a0e das entidades tradicionalistas.<\/p>\n\n\n\n<p>As ruas ganhar\u00e3o as cores do Rio Grande em dois momentos: no dia 15 de setembro, no Bairro Canabarro, com o Desfile Cultural do CCT Quer\u00eancia Amada; e dia 20 de setembro, com o Passeio da Bombacha oficial do Acampamento Farroupilha, nos bairros Languiru e Centro Administrativo.<\/p>\n\n\n\n<p>Na segunda-feira, dia 16, est\u00e1 prevista a visita\u00e7\u00e3o das escolas ao Acampamento Farroupilha. Na ocasi\u00e3o, diversas atividades est\u00e3o previstas, como introdu\u00e7\u00e3o aos costumes e cultura tradicionalista, brincadeiras e acesso a ferramentas e elementos que fazem parte do tradicionalismo.<\/p>\n\n\n\n<p>O Acampamento Farroupilha tem como objetivos resgatar e difundir os h\u00e1bitos e costumes do povo ga\u00facho, al\u00e9m de despertar nas pessoas o culto \u00e0 tradi\u00e7\u00e3o e \u00e0 cultura e proporcionar o acesso da popula\u00e7\u00e3o a show de talentos regionais e estaduais. Toda a programa\u00e7\u00e3o ter\u00e1 entrada franca.<\/p>\n\n\n\n<p>A realiza\u00e7\u00e3o do Acampamento Farroupilha \u00e9 da Prefeitura de&nbsp;Teut\u00f4nia&nbsp;e das entidades tradicionalistas do munic\u00edpio. O patroc\u00ednio \u00e9 de Certel, Cooperativa Languiru, Sicredi, TeutoNet, Cabanha BMW, Cabanha da Eternidade, Supra e Recanto Ga\u00facho Pilchas e Selaria.<\/p>\n\n\n\n<p><strong>PROGRAMA\u00c7\u00c3O DO 3\u00ba ACAMPAMENTO FARROUPILHA DE&nbsp;TEUT\u00d4NIA<\/strong><strong><\/strong><\/p>\n\n\n\n<p><strong>SEXTA-FEIRA &#8211; 13\/09<\/strong><strong><\/strong><\/p>\n\n\n\n<p>20h &#8211; Jantar do Rotary Club, no Galp\u00e3o Farroupilha<\/p>\n\n\n\n<p>21h &#8211; Show com Capit\u00e3o Faustino (trovador), no Pavilh\u00e3o Multiuso<\/p>\n\n\n\n<p>22h30min &#8211; Show com Mano Lima, no Pavilh\u00e3o Multiuso<\/p>\n\n\n\n<p>23h45min &#8211; Fandango com Os Centauros, no Pavilh\u00e3o Multiuso<\/p>\n\n\n\n<p><strong>S\u00c1BADO &#8211; 14\/09<\/strong><\/p>\n\n\n\n<p>15h &#8211; Chegada da Chama Crioula e abertura oficial, no Galp\u00e3o Farroupilha<\/p>\n\n\n\n<p>21h30min &#8211; Apresenta\u00e7\u00e3o Art\u00edstica CTG Rinc\u00e3o das Coxilhas, no Pavilh\u00e3o Multiuso<\/p>\n\n\n\n<p>22h &#8211; Fandango com Tch\u00ea Chaleira, no Pavilh\u00e3o Multiuso<\/p>\n\n\n\n<p>&gt; Almo\u00e7o entreveiro e janta costel\u00e3o (promo\u00e7\u00e3o do Piquete Desgarrados dos Pampas), no Galp\u00e3o Farroupilha<\/p>\n\n\n\n<p><strong>&nbsp;DOMINGO &#8211; 15\/09<\/strong><strong><\/strong><\/p>\n\n\n\n<p>9h &#8211; Programa Gauchada, da R\u00e1dio Popular &#8211; ao vivo do Acampamento Farroupilha<\/p>\n\n\n\n<p>9h30min &#8211; Desfile Cultural do CCT Quer\u00eancia Amada \u2013 sa\u00edda da Cal\u00e7ados Beira Rio (com almo\u00e7o na entidade)<\/p>\n\n\n\n<p>18h &#8211; Orquestra de&nbsp;Teut\u00f4nia, no Pavilh\u00e3o Multiuso<\/p>\n\n\n\n<p>20h &#8211; Jantar do Lions Clube, no Galp\u00e3o Farroupilha<\/p>\n\n\n\n<p><strong>SEGUNDA-FEIRA &#8211; 16\/09<\/strong><strong><\/strong><\/p>\n\n\n\n<p>19h30min &#8211; Torneio de vaca parada com o Piquete Aporreados do Sov\u00e9u, no Acampamento Farroupilha<\/p>\n\n\n\n<p><strong>TER\u00c7A-FEIRA &#8211; 17\/09<\/strong><strong><\/strong><\/p>\n\n\n\n<p>18h30min &#8211; Sess\u00e3o C\u00e2mara de Vereadores, no Galp\u00e3o Farroupilha<\/p>\n\n\n\n<p>20h &#8211; Apresenta\u00e7\u00e3o do Coral Municipal, no Pavilh\u00e3o Multiuso<\/p>\n\n\n\n<p>20h30min &#8211; Fandango com Chiquito &amp; Bordoneio, no Pavilh\u00e3o Multiuso<\/p>\n\n\n\n<p><strong>QUARTA-FEIRA &#8211; 18\/09<\/strong><strong><\/strong><\/p>\n\n\n\n<p>15h &#8211; Resenha coletiva de cavalos crioulo com t\u00e9cnico da ABCCC (Informa\u00e7\u00f5es: (51) 99883.9622, com Maciel), no Acampamento<\/p>\n\n\n\n<p>&gt; Noite do Churrasco em todo o Acampamento<\/p>\n\n\n\n<p>19h &#8211; Costel\u00e3o Solid\u00e1rio em prol de L\u00edvia Teles, no Pavilh\u00e3o Multiuso<\/p>\n\n\n\n<p>19h30min &#8211; Palestra \u201cAlimenta\u00e7\u00e3o Saud\u00e1vel de Equ\u00ednos\u201d com o veterin\u00e1rio e gerente t\u00e9cnico de Equinos da Supra Vin\u00edcius Abreu, no Galp\u00e3o Farroupilha<\/p>\n\n\n\n<p>19h30min &#8211; Programa Gente da Terra, da R\u00e1dio Campeira FM, no Acampamento<\/p>\n\n\n\n<p>20h30min &#8211; Palestra com t\u00e9cnico da ABCCC, no Galp\u00e3o Farroupilha<\/p>\n\n\n\n<p><strong>QUINTA-FEIRA &#8211; 19\/09<\/strong><strong><\/strong><\/p>\n\n\n\n<p>20h &#8211; Jantar com churrasco e saladas (promo\u00e7\u00e3o do Piquete Popular), no Galp\u00e3o Farroupilha<\/p>\n\n\n\n<p>21h &#8211; Apresenta\u00e7\u00e3o art\u00edstica do CTG Porteira dos Pampas, no Pavilh\u00e3o Multiuso<\/p>\n\n\n\n<p>21h30min &#8211; Show com C\u00e9sar Oliveira e Rog\u00e9rio Melo, no Pavilh\u00e3o Multiuso<\/p>\n\n\n\n<p>23h &#8211; Fandango com Alma Crioula, no Pavilh\u00e3o Multiuso<\/p>\n\n\n\n<p>&nbsp;<strong>SEXTA-FEIRA &#8211; 20\/09<\/strong><\/p>\n\n\n\n<p>9h30min &#8211; Passeio da Bombacha, com sa\u00edda no Agrocenter Languiru, at\u00e9 o Centro Administrativo<\/p>\n\n\n\n<p>12h &#8211; Costel\u00e3o, no CTG Rinc\u00e3o das Coxilhas<\/p>\n\n\n\n<p>17h &#8211; Show com Tch\u00ea Guri, no Pavilh\u00e3o Multiuso<\/p>\n\n\n\n<p>18h &#8211; Extin\u00e7\u00e3o da Chama Crioula, no Pavilh\u00e3o Multiuso<\/p>\n\n\n\n<p>20h &#8211; Fandango com Luz de Candieiro, no Pavilh\u00e3o Multiuso<\/p>\n\n\n\n<p>Mais detalhes da programa\u00e7\u00e3o em&nbsp;<a href=\"http:\/\/www.teutonia.rs.gov.br\/acampamentofarroupilha\/\" target=\"_blank\" rel=\"noreferrer noopener\">www.teutonia.rs.gov.br\/acampamentofarroupilha\/<\/a>&nbsp;e&nbsp;<a href=\"http:\/\/www.facebook.com\/events\/454887478700380\/\" target=\"_blank\" rel=\"noreferrer noopener\">www.facebook.com\/events\/454887478700380\/<\/a><\/p>\n","protected":false},"excerpt":{"rendered":"<p>As cores do Rio Grande do Sul j\u00e1 est\u00e3o colorindo o Centro Administrativo de\u00a0Teut\u00f4nia. Isso porque na sexta-feira (13\/09), inicia o 3\u00ba Acampamento Farroupilha de\u00a0Teut\u00f4nia, programa\u00e7\u00e3o que segue at\u00e9 o dia 20, evidenciando os saberes, sabores e costumes do tradicionalismo. Desfiles, shows, fandangos, costel\u00e3o solid\u00e1rios, comidas campeiras, rodas de chimarr\u00e3o &#8211; e muito mais &#8211; [&hellip;]<\/p>\n","protected":false},"author":8,"featured_media":58769,"comment_status":"open","ping_status":"open","sticky":false,"template":"","format":"standard","meta":{"pmpro_default_level":"","_jetpack_memberships_contains_paid_content":false,"footnotes":""},"categories":[2,6],"tags":[980,26],"class_list":{"0":"post-58772","1":"post","2":"type-post","3":"status-publish","4":"format-standard","5":"has-post-thumbnail","7":"category-featured","8":"category-inclusive","9":"tag-acampamento-farroupilha","10":"tag-teutonia","11":"pmpro-has-access"},"yoast_head":"<!-- This site is optimized with the Yoast SEO plugin v27.5 - https:\/\/yoast.com\/product\/yoast-seo-wordpress\/ -->\n<title>Saberes, sabores e costumes do tradicionalismo: Acampamento Farroupilha de Teut\u00f4nia inicia amanh\u00e3 - Folha Popular<\/title>\n<meta name=\"robots\" content=\"index, follow, max-snippet:-1, max-image-preview:large, max-video-preview:-1\" \/>\n<link rel=\"canonical\" href=\"https:\/\/folhapopular.info\/index.php\/2019\/09\/12\/saberes-sabores-e-costumes-do-tradicionalismo-acampamento-farroupilha-de-teutonia-inicia-amanha\/\" \/>\n<meta property=\"og:locale\" content=\"pt_BR\" \/>\n<meta property=\"og:type\" content=\"article\" \/>\n<meta property=\"og:title\" content=\"Saberes, sabores e costumes do tradicionalismo: Acampamento Farroupilha de Teut\u00f4nia inicia amanh\u00e3 - Folha Popular\" \/>\n<meta property=\"og:description\" content=\"As cores do Rio Grande do Sul j\u00e1 est\u00e3o colorindo o Centro Administrativo de\u00a0Teut\u00f4nia. Isso porque na sexta-feira (13\/09), inicia o 3\u00ba Acampamento Farroupilha de\u00a0Teut\u00f4nia, programa\u00e7\u00e3o que segue at\u00e9 o dia 20, evidenciando os saberes, sabores e costumes do tradicionalismo. Desfiles, shows, fandangos, costel\u00e3o solid\u00e1rios, comidas campeiras, rodas de chimarr\u00e3o &#8211; e muito mais &#8211; [&hellip;]\" \/>\n<meta property=\"og:url\" content=\"https:\/\/folhapopular.info\/index.php\/2019\/09\/12\/saberes-sabores-e-costumes-do-tradicionalismo-acampamento-farroupilha-de-teutonia-inicia-amanha\/\" \/>\n<meta property=\"og:site_name\" content=\"Folha Popular\" \/>\n<meta property=\"article:published_time\" content=\"2019-09-12T19:01:47+00:00\" \/>\n<meta property=\"article:modified_time\" content=\"2019-09-12T19:01:50+00:00\" \/>\n<meta property=\"og:image\" content=\"https:\/\/folhapopular.info\/wp-content\/uploads\/2019\/09\/Acampamento-Farroupilha-se-localiza-ao-lado-do-Centro-Administrativo-1-e1568313653839.jpg\" \/>\n\t<meta property=\"og:image:width\" content=\"800\" \/>\n\t<meta property=\"og:image:height\" content=\"499\" \/>\n\t<meta property=\"og:image:type\" content=\"image\/jpeg\" \/>\n<meta name=\"author\" content=\"Reda\u00e7\u00e3o Folha Popular\" \/>\n<meta name=\"twitter:card\" content=\"summary_large_image\" \/>\n<meta name=\"twitter:label1\" content=\"Escrito por\" \/>\n\t<meta name=\"twitter:data1\" content=\"Reda\u00e7\u00e3o Folha Popular\" \/>\n\t<meta name=\"twitter:label2\" content=\"Est. tempo de leitura\" \/>\n\t<meta name=\"twitter:data2\" content=\"6 minutos\" \/>\n<script type=\"application\/ld+json\" class=\"yoast-schema-graph\">{\"@context\":\"https:\\\/\\\/schema.org\",\"@graph\":[{\"@type\":\"Article\",\"@id\":\"https:\\\/\\\/folhapopular.info\\\/index.php\\\/2019\\\/09\\\/12\\\/saberes-sabores-e-costumes-do-tradicionalismo-acampamento-farroupilha-de-teutonia-inicia-amanha\\\/#article\",\"isPartOf\":{\"@id\":\"https:\\\/\\\/folhapopular.info\\\/index.php\\\/2019\\\/09\\\/12\\\/saberes-sabores-e-costumes-do-tradicionalismo-acampamento-farroupilha-de-teutonia-inicia-amanha\\\/\"},\"author\":{\"name\":\"Reda\u00e7\u00e3o Folha Popular\",\"@id\":\"https:\\\/\\\/folhapopular.info\\\/#\\\/schema\\\/person\\\/2814e8a0df7643585a9ca38bc6eb9d4b\"},\"headline\":\"Saberes, sabores e costumes do tradicionalismo: Acampamento Farroupilha de Teut\u00f4nia inicia amanh\u00e3\",\"datePublished\":\"2019-09-12T19:01:47+00:00\",\"dateModified\":\"2019-09-12T19:01:50+00:00\",\"mainEntityOfPage\":{\"@id\":\"https:\\\/\\\/folhapopular.info\\\/index.php\\\/2019\\\/09\\\/12\\\/saberes-sabores-e-costumes-do-tradicionalismo-acampamento-farroupilha-de-teutonia-inicia-amanha\\\/\"},\"wordCount\":1135,\"commentCount\":0,\"image\":{\"@id\":\"https:\\\/\\\/folhapopular.info\\\/index.php\\\/2019\\\/09\\\/12\\\/saberes-sabores-e-costumes-do-tradicionalismo-acampamento-farroupilha-de-teutonia-inicia-amanha\\\/#primaryimage\"},\"thumbnailUrl\":\"https:\\\/\\\/folhapopular.info\\\/wp-content\\\/uploads\\\/2019\\\/09\\\/Acampamento-Farroupilha-se-localiza-ao-lado-do-Centro-Administrativo-1-e1568313653839.jpg\",\"keywords\":[\"Acampamento Farroupilha\",\"Teut\u00f4nia\"],\"articleSection\":[\"Destaques\",\"Inclusive\"],\"inLanguage\":\"pt-BR\",\"potentialAction\":[{\"@type\":\"CommentAction\",\"name\":\"Comment\",\"target\":[\"https:\\\/\\\/folhapopular.info\\\/index.php\\\/2019\\\/09\\\/12\\\/saberes-sabores-e-costumes-do-tradicionalismo-acampamento-farroupilha-de-teutonia-inicia-amanha\\\/#respond\"]}]},{\"@type\":\"WebPage\",\"@id\":\"https:\\\/\\\/folhapopular.info\\\/index.php\\\/2019\\\/09\\\/12\\\/saberes-sabores-e-costumes-do-tradicionalismo-acampamento-farroupilha-de-teutonia-inicia-amanha\\\/\",\"url\":\"https:\\\/\\\/folhapopular.info\\\/index.php\\\/2019\\\/09\\\/12\\\/saberes-sabores-e-costumes-do-tradicionalismo-acampamento-farroupilha-de-teutonia-inicia-amanha\\\/\",\"name\":\"Saberes, sabores e costumes do tradicionalismo: Acampamento Farroupilha de Teut\u00f4nia inicia amanh\u00e3 - Folha Popular\",\"isPartOf\":{\"@id\":\"https:\\\/\\\/folhapopular.info\\\/#website\"},\"primaryImageOfPage\":{\"@id\":\"https:\\\/\\\/folhapopular.info\\\/index.php\\\/2019\\\/09\\\/12\\\/saberes-sabores-e-costumes-do-tradicionalismo-acampamento-farroupilha-de-teutonia-inicia-amanha\\\/#primaryimage\"},\"image\":{\"@id\":\"https:\\\/\\\/folhapopular.info\\\/index.php\\\/2019\\\/09\\\/12\\\/saberes-sabores-e-costumes-do-tradicionalismo-acampamento-farroupilha-de-teutonia-inicia-amanha\\\/#primaryimage\"},\"thumbnailUrl\":\"https:\\\/\\\/folhapopular.info\\\/wp-content\\\/uploads\\\/2019\\\/09\\\/Acampamento-Farroupilha-se-localiza-ao-lado-do-Centro-Administrativo-1-e1568313653839.jpg\",\"datePublished\":\"2019-09-12T19:01:47+00:00\",\"dateModified\":\"2019-09-12T19:01:50+00:00\",\"author\":{\"@id\":\"https:\\\/\\\/folhapopular.info\\\/#\\\/schema\\\/person\\\/2814e8a0df7643585a9ca38bc6eb9d4b\"},\"breadcrumb\":{\"@id\":\"https:\\\/\\\/folhapopular.info\\\/index.php\\\/2019\\\/09\\\/12\\\/saberes-sabores-e-costumes-do-tradicionalismo-acampamento-farroupilha-de-teutonia-inicia-amanha\\\/#breadcrumb\"},\"inLanguage\":\"pt-BR\",\"potentialAction\":[{\"@type\":\"ReadAction\",\"target\":[\"https:\\\/\\\/folhapopular.info\\\/index.php\\\/2019\\\/09\\\/12\\\/saberes-sabores-e-costumes-do-tradicionalismo-acampamento-farroupilha-de-teutonia-inicia-amanha\\\/\"]}]},{\"@type\":\"ImageObject\",\"inLanguage\":\"pt-BR\",\"@id\":\"https:\\\/\\\/folhapopular.info\\\/index.php\\\/2019\\\/09\\\/12\\\/saberes-sabores-e-costumes-do-tradicionalismo-acampamento-farroupilha-de-teutonia-inicia-amanha\\\/#primaryimage\",\"url\":\"https:\\\/\\\/folhapopular.info\\\/wp-content\\\/uploads\\\/2019\\\/09\\\/Acampamento-Farroupilha-se-localiza-ao-lado-do-Centro-Administrativo-1-e1568313653839.jpg\",\"contentUrl\":\"https:\\\/\\\/folhapopular.info\\\/wp-content\\\/uploads\\\/2019\\\/09\\\/Acampamento-Farroupilha-se-localiza-ao-lado-do-Centro-Administrativo-1-e1568313653839.jpg\",\"width\":800,\"height\":499,\"caption\":\"Acampamento Farroupilha se localiza ao lado do Centro Administrativo\\\/Cr\u00e9dito da foto: Leo Wiebusch\\\/divulga\u00e7\u00e3o\"},{\"@type\":\"BreadcrumbList\",\"@id\":\"https:\\\/\\\/folhapopular.info\\\/index.php\\\/2019\\\/09\\\/12\\\/saberes-sabores-e-costumes-do-tradicionalismo-acampamento-farroupilha-de-teutonia-inicia-amanha\\\/#breadcrumb\",\"itemListElement\":[{\"@type\":\"ListItem\",\"position\":1,\"name\":\"In\u00edcio\",\"item\":\"https:\\\/\\\/folhapopular.info\\\/\"},{\"@type\":\"ListItem\",\"position\":2,\"name\":\"Saberes, sabores e costumes do tradicionalismo: Acampamento Farroupilha de Teut\u00f4nia inicia amanh\u00e3\"}]},{\"@type\":\"WebSite\",\"@id\":\"https:\\\/\\\/folhapopular.info\\\/#website\",\"url\":\"https:\\\/\\\/folhapopular.info\\\/\",\"name\":\"Folha Popular\",\"description\":\"Onde voc\u00ea tem vez e voz\",\"potentialAction\":[{\"@type\":\"SearchAction\",\"target\":{\"@type\":\"EntryPoint\",\"urlTemplate\":\"https:\\\/\\\/folhapopular.info\\\/?s={search_term_string}\"},\"query-input\":{\"@type\":\"PropertyValueSpecification\",\"valueRequired\":true,\"valueName\":\"search_term_string\"}}],\"inLanguage\":\"pt-BR\"},{\"@type\":\"Person\",\"@id\":\"https:\\\/\\\/folhapopular.info\\\/#\\\/schema\\\/person\\\/2814e8a0df7643585a9ca38bc6eb9d4b\",\"name\":\"Reda\u00e7\u00e3o Folha Popular\",\"image\":{\"@type\":\"ImageObject\",\"inLanguage\":\"pt-BR\",\"@id\":\"https:\\\/\\\/folhapopular.info\\\/wp-content\\\/uploads\\\/2026\\\/04\\\/Folha-1.webp\",\"url\":\"https:\\\/\\\/folhapopular.info\\\/wp-content\\\/uploads\\\/2026\\\/04\\\/Folha-1.webp\",\"contentUrl\":\"https:\\\/\\\/folhapopular.info\\\/wp-content\\\/uploads\\\/2026\\\/04\\\/Folha-1.webp\",\"caption\":\"Reda\u00e7\u00e3o Folha Popular\"},\"url\":\"https:\\\/\\\/folhapopular.info\\\/index.php\\\/author\\\/redacao\\\/\"}]}<\/script>\n<!-- \/ Yoast SEO plugin. -->","yoast_head_json":{"title":"Saberes, sabores e costumes do tradicionalismo: Acampamento Farroupilha de Teut\u00f4nia inicia amanh\u00e3 - Folha Popular","robots":{"index":"index","follow":"follow","max-snippet":"max-snippet:-1","max-image-preview":"max-image-preview:large","max-video-preview":"max-video-preview:-1"},"canonical":"https:\/\/folhapopular.info\/index.php\/2019\/09\/12\/saberes-sabores-e-costumes-do-tradicionalismo-acampamento-farroupilha-de-teutonia-inicia-amanha\/","og_locale":"pt_BR","og_type":"article","og_title":"Saberes, sabores e costumes do tradicionalismo: Acampamento Farroupilha de Teut\u00f4nia inicia amanh\u00e3 - Folha Popular","og_description":"As cores do Rio Grande do Sul j\u00e1 est\u00e3o colorindo o Centro Administrativo de\u00a0Teut\u00f4nia. Isso porque na sexta-feira (13\/09), inicia o 3\u00ba Acampamento Farroupilha de\u00a0Teut\u00f4nia, programa\u00e7\u00e3o que segue at\u00e9 o dia 20, evidenciando os saberes, sabores e costumes do tradicionalismo. Desfiles, shows, fandangos, costel\u00e3o solid\u00e1rios, comidas campeiras, rodas de chimarr\u00e3o &#8211; e muito mais &#8211; [&hellip;]","og_url":"https:\/\/folhapopular.info\/index.php\/2019\/09\/12\/saberes-sabores-e-costumes-do-tradicionalismo-acampamento-farroupilha-de-teutonia-inicia-amanha\/","og_site_name":"Folha Popular","article_published_time":"2019-09-12T19:01:47+00:00","article_modified_time":"2019-09-12T19:01:50+00:00","og_image":[{"width":800,"height":499,"url":"https:\/\/folhapopular.info\/wp-content\/uploads\/2019\/09\/Acampamento-Farroupilha-se-localiza-ao-lado-do-Centro-Administrativo-1-e1568313653839.jpg","type":"image\/jpeg"}],"author":"Reda\u00e7\u00e3o Folha Popular","twitter_card":"summary_large_image","twitter_misc":{"Escrito por":"Reda\u00e7\u00e3o Folha Popular","Est. tempo de leitura":"6 minutos"},"schema":{"@context":"https:\/\/schema.org","@graph":[{"@type":"Article","@id":"https:\/\/folhapopular.info\/index.php\/2019\/09\/12\/saberes-sabores-e-costumes-do-tradicionalismo-acampamento-farroupilha-de-teutonia-inicia-amanha\/#article","isPartOf":{"@id":"https:\/\/folhapopular.info\/index.php\/2019\/09\/12\/saberes-sabores-e-costumes-do-tradicionalismo-acampamento-farroupilha-de-teutonia-inicia-amanha\/"},"author":{"name":"Reda\u00e7\u00e3o Folha Popular","@id":"https:\/\/folhapopular.info\/#\/schema\/person\/2814e8a0df7643585a9ca38bc6eb9d4b"},"headline":"Saberes, sabores e costumes do tradicionalismo: Acampamento Farroupilha de Teut\u00f4nia inicia amanh\u00e3","datePublished":"2019-09-12T19:01:47+00:00","dateModified":"2019-09-12T19:01:50+00:00","mainEntityOfPage":{"@id":"https:\/\/folhapopular.info\/index.php\/2019\/09\/12\/saberes-sabores-e-costumes-do-tradicionalismo-acampamento-farroupilha-de-teutonia-inicia-amanha\/"},"wordCount":1135,"commentCount":0,"image":{"@id":"https:\/\/folhapopular.info\/index.php\/2019\/09\/12\/saberes-sabores-e-costumes-do-tradicionalismo-acampamento-farroupilha-de-teutonia-inicia-amanha\/#primaryimage"},"thumbnailUrl":"https:\/\/folhapopular.info\/wp-content\/uploads\/2019\/09\/Acampamento-Farroupilha-se-localiza-ao-lado-do-Centro-Administrativo-1-e1568313653839.jpg","keywords":["Acampamento Farroupilha","Teut\u00f4nia"],"articleSection":["Destaques","Inclusive"],"inLanguage":"pt-BR","potentialAction":[{"@type":"CommentAction","name":"Comment","target":["https:\/\/folhapopular.info\/index.php\/2019\/09\/12\/saberes-sabores-e-costumes-do-tradicionalismo-acampamento-farroupilha-de-teutonia-inicia-amanha\/#respond"]}]},{"@type":"WebPage","@id":"https:\/\/folhapopular.info\/index.php\/2019\/09\/12\/saberes-sabores-e-costumes-do-tradicionalismo-acampamento-farroupilha-de-teutonia-inicia-amanha\/","url":"https:\/\/folhapopular.info\/index.php\/2019\/09\/12\/saberes-sabores-e-costumes-do-tradicionalismo-acampamento-farroupilha-de-teutonia-inicia-amanha\/","name":"Saberes, sabores e costumes do tradicionalismo: Acampamento Farroupilha de Teut\u00f4nia inicia amanh\u00e3 - Folha Popular","isPartOf":{"@id":"https:\/\/folhapopular.info\/#website"},"primaryImageOfPage":{"@id":"https:\/\/folhapopular.info\/index.php\/2019\/09\/12\/saberes-sabores-e-costumes-do-tradicionalismo-acampamento-farroupilha-de-teutonia-inicia-amanha\/#primaryimage"},"image":{"@id":"https:\/\/folhapopular.info\/index.php\/2019\/09\/12\/saberes-sabores-e-costumes-do-tradicionalismo-acampamento-farroupilha-de-teutonia-inicia-amanha\/#primaryimage"},"thumbnailUrl":"https:\/\/folhapopular.info\/wp-content\/uploads\/2019\/09\/Acampamento-Farroupilha-se-localiza-ao-lado-do-Centro-Administrativo-1-e1568313653839.jpg","datePublished":"2019-09-12T19:01:47+00:00","dateModified":"2019-09-12T19:01:50+00:00","author":{"@id":"https:\/\/folhapopular.info\/#\/schema\/person\/2814e8a0df7643585a9ca38bc6eb9d4b"},"breadcrumb":{"@id":"https:\/\/folhapopular.info\/index.php\/2019\/09\/12\/saberes-sabores-e-costumes-do-tradicionalismo-acampamento-farroupilha-de-teutonia-inicia-amanha\/#breadcrumb"},"inLanguage":"pt-BR","potentialAction":[{"@type":"ReadAction","target":["https:\/\/folhapopular.info\/index.php\/2019\/09\/12\/saberes-sabores-e-costumes-do-tradicionalismo-acampamento-farroupilha-de-teutonia-inicia-amanha\/"]}]},{"@type":"ImageObject","inLanguage":"pt-BR","@id":"https:\/\/folhapopular.info\/index.php\/2019\/09\/12\/saberes-sabores-e-costumes-do-tradicionalismo-acampamento-farroupilha-de-teutonia-inicia-amanha\/#primaryimage","url":"https:\/\/folhapopular.info\/wp-content\/uploads\/2019\/09\/Acampamento-Farroupilha-se-localiza-ao-lado-do-Centro-Administrativo-1-e1568313653839.jpg","contentUrl":"https:\/\/folhapopular.info\/wp-content\/uploads\/2019\/09\/Acampamento-Farroupilha-se-localiza-ao-lado-do-Centro-Administrativo-1-e1568313653839.jpg","width":800,"height":499,"caption":"Acampamento Farroupilha se localiza ao lado do Centro Administrativo\/Cr\u00e9dito da foto: Leo Wiebusch\/divulga\u00e7\u00e3o"},{"@type":"BreadcrumbList","@id":"https:\/\/folhapopular.info\/index.php\/2019\/09\/12\/saberes-sabores-e-costumes-do-tradicionalismo-acampamento-farroupilha-de-teutonia-inicia-amanha\/#breadcrumb","itemListElement":[{"@type":"ListItem","position":1,"name":"In\u00edcio","item":"https:\/\/folhapopular.info\/"},{"@type":"ListItem","position":2,"name":"Saberes, sabores e costumes do tradicionalismo: Acampamento Farroupilha de Teut\u00f4nia inicia amanh\u00e3"}]},{"@type":"WebSite","@id":"https:\/\/folhapopular.info\/#website","url":"https:\/\/folhapopular.info\/","name":"Folha Popular","description":"Onde voc\u00ea tem vez e voz","potentialAction":[{"@type":"SearchAction","target":{"@type":"EntryPoint","urlTemplate":"https:\/\/folhapopular.info\/?s={search_term_string}"},"query-input":{"@type":"PropertyValueSpecification","valueRequired":true,"valueName":"search_term_string"}}],"inLanguage":"pt-BR"},{"@type":"Person","@id":"https:\/\/folhapopular.info\/#\/schema\/person\/2814e8a0df7643585a9ca38bc6eb9d4b","name":"Reda\u00e7\u00e3o Folha Popular","image":{"@type":"ImageObject","inLanguage":"pt-BR","@id":"https:\/\/folhapopular.info\/wp-content\/uploads\/2026\/04\/Folha-1.webp","url":"https:\/\/folhapopular.info\/wp-content\/uploads\/2026\/04\/Folha-1.webp","contentUrl":"https:\/\/folhapopular.info\/wp-content\/uploads\/2026\/04\/Folha-1.webp","caption":"Reda\u00e7\u00e3o Folha Popular"},"url":"https:\/\/folhapopular.info\/index.php\/author\/redacao\/"}]}},"jetpack_featured_media_url":"https:\/\/folhapopular.info\/wp-content\/uploads\/2019\/09\/Acampamento-Farroupilha-se-localiza-ao-lado-do-Centro-Administrativo-1-e1568313653839.jpg","jetpack_sharing_enabled":true,"amp_enabled":true,"_links":{"self":[{"href":"https:\/\/folhapopular.info\/index.php\/wp-json\/wp\/v2\/posts\/58772","targetHints":{"allow":["GET"]}}],"collection":[{"href":"https:\/\/folhapopular.info\/index.php\/wp-json\/wp\/v2\/posts"}],"about":[{"href":"https:\/\/folhapopular.info\/index.php\/wp-json\/wp\/v2\/types\/post"}],"author":[{"embeddable":true,"href":"https:\/\/folhapopular.info\/index.php\/wp-json\/wp\/v2\/users\/8"}],"replies":[{"embeddable":true,"href":"https:\/\/folhapopular.info\/index.php\/wp-json\/wp\/v2\/comments?post=58772"}],"version-history":[{"count":0,"href":"https:\/\/folhapopular.info\/index.php\/wp-json\/wp\/v2\/posts\/58772\/revisions"}],"wp:featuredmedia":[{"embeddable":true,"href":"https:\/\/folhapopular.info\/index.php\/wp-json\/wp\/v2\/media\/58769"}],"wp:attachment":[{"href":"https:\/\/folhapopular.info\/index.php\/wp-json\/wp\/v2\/media?parent=58772"}],"wp:term":[{"taxonomy":"category","embeddable":true,"href":"https:\/\/folhapopular.info\/index.php\/wp-json\/wp\/v2\/categories?post=58772"},{"taxonomy":"post_tag","embeddable":true,"href":"https:\/\/folhapopular.info\/index.php\/wp-json\/wp\/v2\/tags?post=58772"}],"curies":[{"name":"wp","href":"https:\/\/api.w.org\/{rel}","templated":true}]}}