{"id":58909,"date":"2019-09-17T09:00:26","date_gmt":"2019-09-17T12:00:26","guid":{"rendered":"http:\/\/folhapopular.info\/?p=58909"},"modified":"2019-09-17T10:32:39","modified_gmt":"2019-09-17T13:32:39","slug":"grupo-faz-campanha-pedindo-que-donos-identifiquem-seus-cachorros","status":"publish","type":"post","link":"https:\/\/folhapopular.info\/index.php\/2019\/09\/17\/grupo-faz-campanha-pedindo-que-donos-identifiquem-seus-cachorros\/","title":{"rendered":"Grupo faz campanha pedindo que donos identifiquem seus cachorros"},"content":{"rendered":"\n<p>A programa\u00e7\u00e3o farroupilha iniciou nesta sexta-feira (13\/09), repleta de atra\u00e7\u00f5es, e entre elas as tradicionais cavalgadas e desfiles. Em meio a tradicionalistas e cavalos, outra figura \u00e9 bastante vista: o cachorro, ou o cusco, como diz o ga\u00facho. E, muitas vezes, eles andam soltos, inclusive quando participam dos desfiles. Por desconheceram o local, ou pela agita\u00e7\u00e3o, eles podem acabar se perdendo, sem os donos ao menos perceberem.<\/p>\n\n\n\n<p>Pensando nisso, o grupo de prote\u00e7\u00e3o animal Patas Solid\u00e1rias, de Teut\u00f4nia, est\u00e1 realizando uma campanha que incentiva e pede aos tutores que identifiquem seus c\u00e3es, sobretudo os que participam destes eventos. Conforme Let\u00edcia Gomes, integrante do Patas Solid\u00e1rias, no ano passado, durante os festejos farroupilhas, o grupo resgatou tr\u00eas cadelas: uma Border Collie castrada, uma Collie e uma mesti\u00e7a de Border Collie e Labrador. Pelas caracter\u00edsticas dos c\u00e3es, que tipicamente acompanham os cavalos, o grupo chegou \u00e0 conclus\u00e3o que eles pertenciam aos participantes do acampamento ou dos desfiles. As tr\u00eas eram bem cuidadas e educadas, o que leva a crer que realmente tinham donos. Por\u00e9m, n\u00e3o estavam identificadas, assim, o grupo n\u00e3o conseguiu localizar os tutores para fazer a devolu\u00e7\u00e3o, mesmo com ampla divulga\u00e7\u00e3o. \u201cE a gente sabe que essas pessoas devem ter sentido falta dos c\u00e3es. \u00c0s vezes, foram procurar, mas procuraram para o lado errado\u201d, pondera.<\/p>\n\n\n\n<p>Destaca ainda que, muitas vezes, s\u00e3o pessoas de fora da cidade, o que dificulta ainda mais a localiza\u00e7\u00e3o.<\/p>\n\n\n\n<p><strong>Como\nfazer a identifica\u00e7\u00e3o<\/strong><\/p>\n\n\n\n<p>Let\u00edcia destaca que a identifica\u00e7\u00e3o n\u00e3o precisa nem ser com aquelas plaquinhas padr\u00f5es que v\u00e3o na coleira. Pode ser at\u00e9 mesmo escrevendo na coleira. Deve conter, ao menos, o n\u00famero de telefone, com DDD, para possibilitar o contato.<\/p>\n\n\n\n<p>Mas, a identifica\u00e7\u00e3o n\u00e3o pode ocorrer apenas durante a Semana Farroupilha, ou por parte de quem participa dos festejos. \u00c9 importante estar ciente de que identificar o seu pet \u00e9 importante sempre, e que todo mundo que tem um animalzinho de estima\u00e7\u00e3o precisa fazer.<\/p>\n","protected":false},"excerpt":{"rendered":"<p>A programa\u00e7\u00e3o farroupilha iniciou nesta sexta-feira (13\/09), repleta de atra\u00e7\u00f5es, e entre elas as tradicionais cavalgadas e desfiles. Em meio a tradicionalistas e cavalos, outra figura \u00e9 bastante vista: o cachorro, ou o cusco, como diz o ga\u00facho. E, muitas vezes, eles andam soltos, inclusive quando participam dos desfiles. Por desconheceram o local, ou pela [&hellip;]<\/p>\n","protected":false},"author":8,"featured_media":58910,"comment_status":"open","ping_status":"open","sticky":false,"template":"","format":"standard","meta":{"pmpro_default_level":"","_jetpack_memberships_contains_paid_content":false,"footnotes":""},"categories":[2,3],"tags":[5011,1016,26],"class_list":{"0":"post-58909","1":"post","2":"type-post","3":"status-publish","4":"format-standard","5":"has-post-thumbnail","7":"category-featured","8":"category-geral","9":"tag-grupo-patas-solidarias","10":"tag-semana-farroupilha","11":"tag-teutonia","12":"pmpro-has-access"},"yoast_head":"<!-- This site is optimized with the Yoast SEO plugin v27.5 - https:\/\/yoast.com\/product\/yoast-seo-wordpress\/ -->\n<title>Grupo faz campanha pedindo que donos identifiquem seus cachorros - Folha Popular<\/title>\n<meta name=\"robots\" content=\"index, follow, max-snippet:-1, max-image-preview:large, max-video-preview:-1\" \/>\n<link rel=\"canonical\" href=\"https:\/\/folhapopular.info\/index.php\/2019\/09\/17\/grupo-faz-campanha-pedindo-que-donos-identifiquem-seus-cachorros\/\" \/>\n<meta property=\"og:locale\" content=\"pt_BR\" \/>\n<meta property=\"og:type\" content=\"article\" \/>\n<meta property=\"og:title\" content=\"Grupo faz campanha pedindo que donos identifiquem seus cachorros - Folha Popular\" \/>\n<meta property=\"og:description\" content=\"A programa\u00e7\u00e3o farroupilha iniciou nesta sexta-feira (13\/09), repleta de atra\u00e7\u00f5es, e entre elas as tradicionais cavalgadas e desfiles. Em meio a tradicionalistas e cavalos, outra figura \u00e9 bastante vista: o cachorro, ou o cusco, como diz o ga\u00facho. E, muitas vezes, eles andam soltos, inclusive quando participam dos desfiles. Por desconheceram o local, ou pela [&hellip;]\" \/>\n<meta property=\"og:url\" content=\"https:\/\/folhapopular.info\/index.php\/2019\/09\/17\/grupo-faz-campanha-pedindo-que-donos-identifiquem-seus-cachorros\/\" \/>\n<meta property=\"og:site_name\" content=\"Folha Popular\" \/>\n<meta property=\"article:published_time\" content=\"2019-09-17T12:00:26+00:00\" \/>\n<meta property=\"article:modified_time\" content=\"2019-09-17T13:32:39+00:00\" \/>\n<meta property=\"og:image\" content=\"https:\/\/folhapopular.info\/wp-content\/uploads\/2019\/09\/2019_09_xx_Campanha-Patas_Rep-e1568719240963.jpg\" \/>\n\t<meta property=\"og:image:width\" content=\"800\" \/>\n\t<meta property=\"og:image:height\" content=\"800\" \/>\n\t<meta property=\"og:image:type\" content=\"image\/jpeg\" \/>\n<meta name=\"author\" content=\"Reda\u00e7\u00e3o Folha Popular\" \/>\n<meta name=\"twitter:card\" content=\"summary_large_image\" \/>\n<meta name=\"twitter:label1\" content=\"Escrito por\" \/>\n\t<meta name=\"twitter:data1\" content=\"Reda\u00e7\u00e3o Folha Popular\" \/>\n\t<meta name=\"twitter:label2\" content=\"Est. tempo de leitura\" \/>\n\t<meta name=\"twitter:data2\" content=\"2 minutos\" \/>\n<script type=\"application\/ld+json\" class=\"yoast-schema-graph\">{\"@context\":\"https:\\\/\\\/schema.org\",\"@graph\":[{\"@type\":\"Article\",\"@id\":\"https:\\\/\\\/folhapopular.info\\\/index.php\\\/2019\\\/09\\\/17\\\/grupo-faz-campanha-pedindo-que-donos-identifiquem-seus-cachorros\\\/#article\",\"isPartOf\":{\"@id\":\"https:\\\/\\\/folhapopular.info\\\/index.php\\\/2019\\\/09\\\/17\\\/grupo-faz-campanha-pedindo-que-donos-identifiquem-seus-cachorros\\\/\"},\"author\":{\"name\":\"Reda\u00e7\u00e3o Folha Popular\",\"@id\":\"https:\\\/\\\/folhapopular.info\\\/#\\\/schema\\\/person\\\/2814e8a0df7643585a9ca38bc6eb9d4b\"},\"headline\":\"Grupo faz campanha pedindo que donos identifiquem seus cachorros\",\"datePublished\":\"2019-09-17T12:00:26+00:00\",\"dateModified\":\"2019-09-17T13:32:39+00:00\",\"mainEntityOfPage\":{\"@id\":\"https:\\\/\\\/folhapopular.info\\\/index.php\\\/2019\\\/09\\\/17\\\/grupo-faz-campanha-pedindo-que-donos-identifiquem-seus-cachorros\\\/\"},\"wordCount\":357,\"commentCount\":0,\"image\":{\"@id\":\"https:\\\/\\\/folhapopular.info\\\/index.php\\\/2019\\\/09\\\/17\\\/grupo-faz-campanha-pedindo-que-donos-identifiquem-seus-cachorros\\\/#primaryimage\"},\"thumbnailUrl\":\"https:\\\/\\\/folhapopular.info\\\/wp-content\\\/uploads\\\/2019\\\/09\\\/2019_09_xx_Campanha-Patas_Rep-e1568719240963.jpg\",\"keywords\":[\"Grupo Patas Solid\u00e1rias\",\"Semana Farroupilha\",\"Teut\u00f4nia\"],\"articleSection\":[\"Destaques\",\"Geral\"],\"inLanguage\":\"pt-BR\",\"potentialAction\":[{\"@type\":\"CommentAction\",\"name\":\"Comment\",\"target\":[\"https:\\\/\\\/folhapopular.info\\\/index.php\\\/2019\\\/09\\\/17\\\/grupo-faz-campanha-pedindo-que-donos-identifiquem-seus-cachorros\\\/#respond\"]}]},{\"@type\":\"WebPage\",\"@id\":\"https:\\\/\\\/folhapopular.info\\\/index.php\\\/2019\\\/09\\\/17\\\/grupo-faz-campanha-pedindo-que-donos-identifiquem-seus-cachorros\\\/\",\"url\":\"https:\\\/\\\/folhapopular.info\\\/index.php\\\/2019\\\/09\\\/17\\\/grupo-faz-campanha-pedindo-que-donos-identifiquem-seus-cachorros\\\/\",\"name\":\"Grupo faz campanha pedindo que donos identifiquem seus cachorros - Folha Popular\",\"isPartOf\":{\"@id\":\"https:\\\/\\\/folhapopular.info\\\/#website\"},\"primaryImageOfPage\":{\"@id\":\"https:\\\/\\\/folhapopular.info\\\/index.php\\\/2019\\\/09\\\/17\\\/grupo-faz-campanha-pedindo-que-donos-identifiquem-seus-cachorros\\\/#primaryimage\"},\"image\":{\"@id\":\"https:\\\/\\\/folhapopular.info\\\/index.php\\\/2019\\\/09\\\/17\\\/grupo-faz-campanha-pedindo-que-donos-identifiquem-seus-cachorros\\\/#primaryimage\"},\"thumbnailUrl\":\"https:\\\/\\\/folhapopular.info\\\/wp-content\\\/uploads\\\/2019\\\/09\\\/2019_09_xx_Campanha-Patas_Rep-e1568719240963.jpg\",\"datePublished\":\"2019-09-17T12:00:26+00:00\",\"dateModified\":\"2019-09-17T13:32:39+00:00\",\"author\":{\"@id\":\"https:\\\/\\\/folhapopular.info\\\/#\\\/schema\\\/person\\\/2814e8a0df7643585a9ca38bc6eb9d4b\"},\"breadcrumb\":{\"@id\":\"https:\\\/\\\/folhapopular.info\\\/index.php\\\/2019\\\/09\\\/17\\\/grupo-faz-campanha-pedindo-que-donos-identifiquem-seus-cachorros\\\/#breadcrumb\"},\"inLanguage\":\"pt-BR\",\"potentialAction\":[{\"@type\":\"ReadAction\",\"target\":[\"https:\\\/\\\/folhapopular.info\\\/index.php\\\/2019\\\/09\\\/17\\\/grupo-faz-campanha-pedindo-que-donos-identifiquem-seus-cachorros\\\/\"]}]},{\"@type\":\"ImageObject\",\"inLanguage\":\"pt-BR\",\"@id\":\"https:\\\/\\\/folhapopular.info\\\/index.php\\\/2019\\\/09\\\/17\\\/grupo-faz-campanha-pedindo-que-donos-identifiquem-seus-cachorros\\\/#primaryimage\",\"url\":\"https:\\\/\\\/folhapopular.info\\\/wp-content\\\/uploads\\\/2019\\\/09\\\/2019_09_xx_Campanha-Patas_Rep-e1568719240963.jpg\",\"contentUrl\":\"https:\\\/\\\/folhapopular.info\\\/wp-content\\\/uploads\\\/2019\\\/09\\\/2019_09_xx_Campanha-Patas_Rep-e1568719240963.jpg\",\"width\":800,\"height\":800},{\"@type\":\"BreadcrumbList\",\"@id\":\"https:\\\/\\\/folhapopular.info\\\/index.php\\\/2019\\\/09\\\/17\\\/grupo-faz-campanha-pedindo-que-donos-identifiquem-seus-cachorros\\\/#breadcrumb\",\"itemListElement\":[{\"@type\":\"ListItem\",\"position\":1,\"name\":\"In\u00edcio\",\"item\":\"https:\\\/\\\/folhapopular.info\\\/\"},{\"@type\":\"ListItem\",\"position\":2,\"name\":\"Grupo faz campanha pedindo que donos identifiquem seus cachorros\"}]},{\"@type\":\"WebSite\",\"@id\":\"https:\\\/\\\/folhapopular.info\\\/#website\",\"url\":\"https:\\\/\\\/folhapopular.info\\\/\",\"name\":\"Folha Popular\",\"description\":\"Onde voc\u00ea tem vez e voz\",\"potentialAction\":[{\"@type\":\"SearchAction\",\"target\":{\"@type\":\"EntryPoint\",\"urlTemplate\":\"https:\\\/\\\/folhapopular.info\\\/?s={search_term_string}\"},\"query-input\":{\"@type\":\"PropertyValueSpecification\",\"valueRequired\":true,\"valueName\":\"search_term_string\"}}],\"inLanguage\":\"pt-BR\"},{\"@type\":\"Person\",\"@id\":\"https:\\\/\\\/folhapopular.info\\\/#\\\/schema\\\/person\\\/2814e8a0df7643585a9ca38bc6eb9d4b\",\"name\":\"Reda\u00e7\u00e3o Folha Popular\",\"image\":{\"@type\":\"ImageObject\",\"inLanguage\":\"pt-BR\",\"@id\":\"https:\\\/\\\/folhapopular.info\\\/wp-content\\\/uploads\\\/2026\\\/04\\\/Folha-1.webp\",\"url\":\"https:\\\/\\\/folhapopular.info\\\/wp-content\\\/uploads\\\/2026\\\/04\\\/Folha-1.webp\",\"contentUrl\":\"https:\\\/\\\/folhapopular.info\\\/wp-content\\\/uploads\\\/2026\\\/04\\\/Folha-1.webp\",\"caption\":\"Reda\u00e7\u00e3o Folha Popular\"},\"url\":\"https:\\\/\\\/folhapopular.info\\\/index.php\\\/author\\\/redacao\\\/\"}]}<\/script>\n<!-- \/ Yoast SEO plugin. -->","yoast_head_json":{"title":"Grupo faz campanha pedindo que donos identifiquem seus cachorros - Folha Popular","robots":{"index":"index","follow":"follow","max-snippet":"max-snippet:-1","max-image-preview":"max-image-preview:large","max-video-preview":"max-video-preview:-1"},"canonical":"https:\/\/folhapopular.info\/index.php\/2019\/09\/17\/grupo-faz-campanha-pedindo-que-donos-identifiquem-seus-cachorros\/","og_locale":"pt_BR","og_type":"article","og_title":"Grupo faz campanha pedindo que donos identifiquem seus cachorros - Folha Popular","og_description":"A programa\u00e7\u00e3o farroupilha iniciou nesta sexta-feira (13\/09), repleta de atra\u00e7\u00f5es, e entre elas as tradicionais cavalgadas e desfiles. Em meio a tradicionalistas e cavalos, outra figura \u00e9 bastante vista: o cachorro, ou o cusco, como diz o ga\u00facho. E, muitas vezes, eles andam soltos, inclusive quando participam dos desfiles. Por desconheceram o local, ou pela [&hellip;]","og_url":"https:\/\/folhapopular.info\/index.php\/2019\/09\/17\/grupo-faz-campanha-pedindo-que-donos-identifiquem-seus-cachorros\/","og_site_name":"Folha Popular","article_published_time":"2019-09-17T12:00:26+00:00","article_modified_time":"2019-09-17T13:32:39+00:00","og_image":[{"width":800,"height":800,"url":"https:\/\/folhapopular.info\/wp-content\/uploads\/2019\/09\/2019_09_xx_Campanha-Patas_Rep-e1568719240963.jpg","type":"image\/jpeg"}],"author":"Reda\u00e7\u00e3o Folha Popular","twitter_card":"summary_large_image","twitter_misc":{"Escrito por":"Reda\u00e7\u00e3o Folha Popular","Est. tempo de leitura":"2 minutos"},"schema":{"@context":"https:\/\/schema.org","@graph":[{"@type":"Article","@id":"https:\/\/folhapopular.info\/index.php\/2019\/09\/17\/grupo-faz-campanha-pedindo-que-donos-identifiquem-seus-cachorros\/#article","isPartOf":{"@id":"https:\/\/folhapopular.info\/index.php\/2019\/09\/17\/grupo-faz-campanha-pedindo-que-donos-identifiquem-seus-cachorros\/"},"author":{"name":"Reda\u00e7\u00e3o Folha Popular","@id":"https:\/\/folhapopular.info\/#\/schema\/person\/2814e8a0df7643585a9ca38bc6eb9d4b"},"headline":"Grupo faz campanha pedindo que donos identifiquem seus cachorros","datePublished":"2019-09-17T12:00:26+00:00","dateModified":"2019-09-17T13:32:39+00:00","mainEntityOfPage":{"@id":"https:\/\/folhapopular.info\/index.php\/2019\/09\/17\/grupo-faz-campanha-pedindo-que-donos-identifiquem-seus-cachorros\/"},"wordCount":357,"commentCount":0,"image":{"@id":"https:\/\/folhapopular.info\/index.php\/2019\/09\/17\/grupo-faz-campanha-pedindo-que-donos-identifiquem-seus-cachorros\/#primaryimage"},"thumbnailUrl":"https:\/\/folhapopular.info\/wp-content\/uploads\/2019\/09\/2019_09_xx_Campanha-Patas_Rep-e1568719240963.jpg","keywords":["Grupo Patas Solid\u00e1rias","Semana Farroupilha","Teut\u00f4nia"],"articleSection":["Destaques","Geral"],"inLanguage":"pt-BR","potentialAction":[{"@type":"CommentAction","name":"Comment","target":["https:\/\/folhapopular.info\/index.php\/2019\/09\/17\/grupo-faz-campanha-pedindo-que-donos-identifiquem-seus-cachorros\/#respond"]}]},{"@type":"WebPage","@id":"https:\/\/folhapopular.info\/index.php\/2019\/09\/17\/grupo-faz-campanha-pedindo-que-donos-identifiquem-seus-cachorros\/","url":"https:\/\/folhapopular.info\/index.php\/2019\/09\/17\/grupo-faz-campanha-pedindo-que-donos-identifiquem-seus-cachorros\/","name":"Grupo faz campanha pedindo que donos identifiquem seus cachorros - Folha Popular","isPartOf":{"@id":"https:\/\/folhapopular.info\/#website"},"primaryImageOfPage":{"@id":"https:\/\/folhapopular.info\/index.php\/2019\/09\/17\/grupo-faz-campanha-pedindo-que-donos-identifiquem-seus-cachorros\/#primaryimage"},"image":{"@id":"https:\/\/folhapopular.info\/index.php\/2019\/09\/17\/grupo-faz-campanha-pedindo-que-donos-identifiquem-seus-cachorros\/#primaryimage"},"thumbnailUrl":"https:\/\/folhapopular.info\/wp-content\/uploads\/2019\/09\/2019_09_xx_Campanha-Patas_Rep-e1568719240963.jpg","datePublished":"2019-09-17T12:00:26+00:00","dateModified":"2019-09-17T13:32:39+00:00","author":{"@id":"https:\/\/folhapopular.info\/#\/schema\/person\/2814e8a0df7643585a9ca38bc6eb9d4b"},"breadcrumb":{"@id":"https:\/\/folhapopular.info\/index.php\/2019\/09\/17\/grupo-faz-campanha-pedindo-que-donos-identifiquem-seus-cachorros\/#breadcrumb"},"inLanguage":"pt-BR","potentialAction":[{"@type":"ReadAction","target":["https:\/\/folhapopular.info\/index.php\/2019\/09\/17\/grupo-faz-campanha-pedindo-que-donos-identifiquem-seus-cachorros\/"]}]},{"@type":"ImageObject","inLanguage":"pt-BR","@id":"https:\/\/folhapopular.info\/index.php\/2019\/09\/17\/grupo-faz-campanha-pedindo-que-donos-identifiquem-seus-cachorros\/#primaryimage","url":"https:\/\/folhapopular.info\/wp-content\/uploads\/2019\/09\/2019_09_xx_Campanha-Patas_Rep-e1568719240963.jpg","contentUrl":"https:\/\/folhapopular.info\/wp-content\/uploads\/2019\/09\/2019_09_xx_Campanha-Patas_Rep-e1568719240963.jpg","width":800,"height":800},{"@type":"BreadcrumbList","@id":"https:\/\/folhapopular.info\/index.php\/2019\/09\/17\/grupo-faz-campanha-pedindo-que-donos-identifiquem-seus-cachorros\/#breadcrumb","itemListElement":[{"@type":"ListItem","position":1,"name":"In\u00edcio","item":"https:\/\/folhapopular.info\/"},{"@type":"ListItem","position":2,"name":"Grupo faz campanha pedindo que donos identifiquem seus cachorros"}]},{"@type":"WebSite","@id":"https:\/\/folhapopular.info\/#website","url":"https:\/\/folhapopular.info\/","name":"Folha Popular","description":"Onde voc\u00ea tem vez e voz","potentialAction":[{"@type":"SearchAction","target":{"@type":"EntryPoint","urlTemplate":"https:\/\/folhapopular.info\/?s={search_term_string}"},"query-input":{"@type":"PropertyValueSpecification","valueRequired":true,"valueName":"search_term_string"}}],"inLanguage":"pt-BR"},{"@type":"Person","@id":"https:\/\/folhapopular.info\/#\/schema\/person\/2814e8a0df7643585a9ca38bc6eb9d4b","name":"Reda\u00e7\u00e3o Folha Popular","image":{"@type":"ImageObject","inLanguage":"pt-BR","@id":"https:\/\/folhapopular.info\/wp-content\/uploads\/2026\/04\/Folha-1.webp","url":"https:\/\/folhapopular.info\/wp-content\/uploads\/2026\/04\/Folha-1.webp","contentUrl":"https:\/\/folhapopular.info\/wp-content\/uploads\/2026\/04\/Folha-1.webp","caption":"Reda\u00e7\u00e3o Folha Popular"},"url":"https:\/\/folhapopular.info\/index.php\/author\/redacao\/"}]}},"jetpack_featured_media_url":"https:\/\/folhapopular.info\/wp-content\/uploads\/2019\/09\/2019_09_xx_Campanha-Patas_Rep-e1568719240963.jpg","jetpack_sharing_enabled":true,"amp_enabled":true,"_links":{"self":[{"href":"https:\/\/folhapopular.info\/index.php\/wp-json\/wp\/v2\/posts\/58909","targetHints":{"allow":["GET"]}}],"collection":[{"href":"https:\/\/folhapopular.info\/index.php\/wp-json\/wp\/v2\/posts"}],"about":[{"href":"https:\/\/folhapopular.info\/index.php\/wp-json\/wp\/v2\/types\/post"}],"author":[{"embeddable":true,"href":"https:\/\/folhapopular.info\/index.php\/wp-json\/wp\/v2\/users\/8"}],"replies":[{"embeddable":true,"href":"https:\/\/folhapopular.info\/index.php\/wp-json\/wp\/v2\/comments?post=58909"}],"version-history":[{"count":0,"href":"https:\/\/folhapopular.info\/index.php\/wp-json\/wp\/v2\/posts\/58909\/revisions"}],"wp:featuredmedia":[{"embeddable":true,"href":"https:\/\/folhapopular.info\/index.php\/wp-json\/wp\/v2\/media\/58910"}],"wp:attachment":[{"href":"https:\/\/folhapopular.info\/index.php\/wp-json\/wp\/v2\/media?parent=58909"}],"wp:term":[{"taxonomy":"category","embeddable":true,"href":"https:\/\/folhapopular.info\/index.php\/wp-json\/wp\/v2\/categories?post=58909"},{"taxonomy":"post_tag","embeddable":true,"href":"https:\/\/folhapopular.info\/index.php\/wp-json\/wp\/v2\/tags?post=58909"}],"curies":[{"name":"wp","href":"https:\/\/api.w.org\/{rel}","templated":true}]}}