{"id":58919,"date":"2019-09-17T15:32:00","date_gmt":"2019-09-17T18:32:00","guid":{"rendered":"http:\/\/folhapopular.info\/?p=58919"},"modified":"2019-09-17T15:34:26","modified_gmt":"2019-09-17T18:34:26","slug":"aprendizado-e-inclusao-marcam-o-acampamento-farroupilha-de-teutonia","status":"publish","type":"post","link":"https:\/\/folhapopular.info\/index.php\/2019\/09\/17\/aprendizado-e-inclusao-marcam-o-acampamento-farroupilha-de-teutonia\/","title":{"rendered":"Aprendizado e inclus\u00e3o marcam o Acampamento Farroupilha de Teut\u00f4nia"},"content":{"rendered":"\n<p>O Acampamento Farroupilha de\u00a0Teut\u00f4nia\u00a0tamb\u00e9m cumpre o seu papel social de ensinar e incluir. Isto porque nesta segunda-feira (16\/09), alunos das escolas de\u00a0Teut\u00f4nia, incluindo a Apae, percorreram a estrutura do Acampamento e tiveram a oportunidade de saber mais sobre os s\u00edmbolos e costumes do tradicionalismo.<\/p>\n\n\n\n<p>Conduzidos pela tradicionalista Kelly Pavi e pela turism\u00f3loga da Prefeitura, \u00c2ngela Simone de Castro, os alunos percorreram os piquetes, esclareceram d\u00favidas e conheceram utens\u00edlios antigos de cozinha e da lida no campo, bem como entenderam a import\u00e2ncia da Semana Farroupilha. Ao final do passeio pelo Acampamento, houve brincadeiras com a vaca parada.<\/p>\n\n\n\n<p>Dentre as turmas visitantes estava a Apae. Os alunos atendidos pela institui\u00e7\u00e3o vieram curiosos e com sede de conhecimento sobre a cultura e a hist\u00f3ria ga\u00facha. A brincadeira com a vaca parada, por exemplo, foi motivo de muita alegria e supera\u00e7\u00e3o.<\/p>\n\n\n\n<p>Conforme Kelly Pavi, a integra\u00e7\u00e3o com os alunos vai ao encontro da proposta do Movimento Tradicionalista Ga\u00facho (MTG), de difundir o conhecimento e a import\u00e2ncia do tradicionalismo \u00e0s futuras gera\u00e7\u00f5es. \u201cO MTG completou, recentemente, 50 anos e tem como miss\u00e3o principal levar o tradicionalismo \u00e0s crian\u00e7as, para que a gente possa ter mais 50 anos no tradicionalismo. Eles s\u00e3o o nosso futuro e \u00e9 para eles que a gente tem que contar essa hist\u00f3ria t\u00e3o bonita\u201d, frisou.<\/p>\n\n\n\n<p>Kelly lembrou os motivos que levaram \u00e0 Revolu\u00e7\u00e3o Farroupilha. \u201cOs farrapos lutaram para melhorar a vida da gente. Foi a \u00fanica revolu\u00e7\u00e3o do mundo que n\u00e3o brigou por poder, terras ou bens que tem debaixo da terra. Os farrapos lutaram por melhores condi\u00e7\u00f5es de vida, por mais escolas, por melhores estradas, por menos impostos. Ent\u00e3o, essa ess\u00eancia, esses princ\u00edpios que os ga\u00fachos trazem l\u00e1 de tr\u00e1s, de quase 200 anos atr\u00e1s, \u00e9 o que a gente tem que passar para as crian\u00e7as, para que essa nova gera\u00e7\u00e3o venha cultuando isso, para serem melhores cidad\u00e3os e para que tenhamos uma sociedade mais justa, sem deixar morrer tudo que os antepassados fizeram por n\u00f3s\u201d, exp\u00f4s.<\/p>\n\n\n\n<p>A tradicionalista tamb\u00e9m enalteceu que o Acampamento Farroupilha oportuniza \u00e0s crian\u00e7as o conhecimento pr\u00e1tico da cultura ga\u00facha. \u201cToda essa tradi\u00e7\u00e3o, todo esse legado cultural que os farrapos nos deixaram. A gente n\u00e3o fala s\u00f3 de hist\u00f3ria, mas, tamb\u00e9m da culin\u00e1ria, das dan\u00e7as, da poesia, da m\u00fasica. Todo o nosso dia a dia est\u00e1 enraizado tanto nos alem\u00e3es quanto nos ga\u00fachos que aqui estavam. Essa mistura fez aquilo que somos hoje. Por isso, as crian\u00e7as s\u00e3o a chave para que a gente n\u00e3o perca isso. Trazer as crian\u00e7as para o Acampamento e mostrar a elas o que fazemos aqui faz com elas tomem gosto pelo tradicionalismo, al\u00e9m de verem exemplos pr\u00e1ticos dos nossos h\u00e1bitos e costumes\u201d, ressaltou.<\/p>\n\n\n\n<p><strong>O Acampamento Farroupilha de&nbsp;Teut\u00f4nia<\/strong><strong><\/strong><\/p>\n\n\n\n<p>As cores do Rio Grande do Sul est\u00e3o colorindo o Centro Administrativo de&nbsp;Teut\u00f4nia. A programa\u00e7\u00e3o do 3\u00ba Acampamento Farroupilha de&nbsp;Teut\u00f4nia, iniciou nesta sexta-feira, dia 13, e segue at\u00e9 o dia 20, evidenciando os saberes, sabores e costumes do tradicionalismo. Desfiles, shows, fandangos, costel\u00e3o solid\u00e1rios, comidas campeiras, rodas de chimarr\u00e3o &#8211; e muito mais &#8211; estar\u00e3o \u00e0 disposi\u00e7\u00e3o.<\/p>\n\n\n\n<p>Na quadra das avenidas 1 Leste, 1 Sul e 1 Oeste e Rua 2 Sul, est\u00e3o os 18 piquetes &#8211; galp\u00f5es de madeira &#8211; de entidades tradicionalistas e empresas, al\u00e9m do Galp\u00e3o Farroupilha, que concentraalgumas atra\u00e7\u00f5es da programa\u00e7\u00e3o oficial.<\/p>\n\n\n\n<p>Durante os dias de evento, os tradicionalistas resgatar\u00e3o os costumes da cultura e hist\u00f3ria ga\u00facha, atrav\u00e9s de rodas de chimarr\u00e3o, comidas campeiras e muita m\u00fasica. A programa\u00e7\u00e3o interna ficar\u00e1 por conta de cada entidade. Em evid\u00eancia, estar\u00e3o os saberes, sabores e costumes do tradicionalismo. A programa\u00e7\u00e3o interna nos piquetes ficar\u00e1 por conta de cada entidade, enquanto as atra\u00e7\u00f5es musicais e shows ser\u00e3o no Pavilh\u00e3o Multiuso.<\/p>\n\n\n\n<p>O evento contar\u00e1 com shows, fandangos, desfiles, entre outras a\u00e7\u00f5es, evidenciando os saberes, sabores e costumes do tradicionalismo. Dentre os shows e fandangos &#8211; que ocorrer\u00e3o no Pavilh\u00e3o Multiuso &#8211; ainda est\u00e3o Chiquito &amp; Bordoneio, C\u00e9sar Oliveira e Rog\u00e9rio Melo, Alma Crioula, Tch\u00ea Guri, Luz de Candieiro, e Os Centauros. Tamb\u00e9m est\u00e3o previstas apresenta\u00e7\u00f5es do Coral Municipal de&nbsp;Teut\u00f4nia&nbsp;e das entidades tradicionalistas.<\/p>\n\n\n\n<p>O Acampamento Farroupilha tem como objetivos resgatar e difundir os h\u00e1bitos e costumes do povo ga\u00facho, al\u00e9m de despertar nas pessoas o culto \u00e0 tradi\u00e7\u00e3o e \u00e0 cultura e proporcionar o acesso da popula\u00e7\u00e3o a show de talentos regionais e estaduais. Toda a programa\u00e7\u00e3o ter\u00e1 entrada franca.<\/p>\n\n\n\n<p>A realiza\u00e7\u00e3o do Acampamento Farroupilha \u00e9 da Prefeitura de\u00a0Teut\u00f4nia\u00a0e das entidades tradicionalistas do munic\u00edpio. O patroc\u00ednio \u00e9 de Certel, Cooperativa Languiru, Sicredi, TeutoNet, Cabanha BMW, Cabanha da Eternidade, Supra e Recanto Ga\u00facho Pilchas e Selaria.<\/p>\n\n\n\n<figure class=\"wp-block-image\"><img loading=\"lazy\" decoding=\"async\" width=\"1024\" height=\"678\" src=\"https:\/\/folhapopular.info\/wp-content\/uploads\/2019\/09\/Alunos-da-Apae-tamb\u00e9m-tiveram-a-oportunidade-de-conhecer-o-Acampamento-Farroupilha-3-1024x678.jpg\" alt=\"\" class=\"wp-image-58921\" \/><figcaption>Alunos da Apae tamb\u00e9m tiveram a oportunidade de conhecer o Acampamento Farroupilha<\/figcaption><\/figure>\n\n\n\n<p><strong>PROGRAMA\u00c7\u00c3O DO 3\u00ba ACAMPAMENTO FARROUPILHA DE&nbsp;TEUT\u00d4NIA<\/strong><strong><\/strong><\/p>\n\n\n\n<p><strong>TER\u00c7A-FEIRA &#8211; 17\/09<\/strong><strong><\/strong><\/p>\n\n\n\n<p>18h30min &#8211; Sess\u00e3o C\u00e2mara de Vereadores, no Galp\u00e3o Farroupilha<\/p>\n\n\n\n<p>20h &#8211; Apresenta\u00e7\u00e3o do Coral Municipal, no Pavilh\u00e3o Multiuso<\/p>\n\n\n\n<p>20h30min &#8211; Fandango com Chiquito &amp; Bordoneio, no Pavilh\u00e3o Multiuso<\/p>\n\n\n\n<p><strong>QUARTA-FEIRA &#8211; 18\/09<\/strong><strong><\/strong><\/p>\n\n\n\n<p>15h &#8211; Resenha coletiva de cavalos crioulo com t\u00e9cnico da ABCCC (Informa\u00e7\u00f5es: (51) 99883.9622, com Maciel), no Acampamento<\/p>\n\n\n\n<p>&gt; Noite do Churrasco em todo o Acampamento<\/p>\n\n\n\n<p>19h &#8211; Costel\u00e3o Solid\u00e1rio em prol de L\u00edvia Teles, no Pavilh\u00e3o Multiuso<\/p>\n\n\n\n<p>19h30min &#8211; Palestra \u201cAlimenta\u00e7\u00e3o Saud\u00e1vel de Equ\u00ednos\u201d com o veterin\u00e1rio e gerente t\u00e9cnico de Equinos da Supra Vin\u00edcius Abreu, no Galp\u00e3o Farroupilha<\/p>\n\n\n\n<p>19h30min &#8211; Programa Gente da Terra, da R\u00e1dio Campeira FM, no Acampamento<\/p>\n\n\n\n<p>20h30min &#8211; Palestra com t\u00e9cnico da ABCCC, no Galp\u00e3o Farroupilha<\/p>\n\n\n\n<p><strong>QUINTA-FEIRA &#8211; 19\/09<\/strong><strong><\/strong><\/p>\n\n\n\n<p>20h &#8211; Jantar com churrasco e saladas (promo\u00e7\u00e3o do Piquete Popular), no Galp\u00e3o Farroupilha<\/p>\n\n\n\n<p>21h &#8211; Apresenta\u00e7\u00e3o art\u00edstica do CTG Porteira dos Pampas, no Pavilh\u00e3o Multiuso<\/p>\n\n\n\n<p>21h30min &#8211; Show com C\u00e9sar Oliveira e Rog\u00e9rio Melo, no Pavilh\u00e3o Multiuso<\/p>\n\n\n\n<p>23h &#8211; Fandango com Alma Crioula, no Pavilh\u00e3o Multiuso<\/p>\n\n\n\n<p>&nbsp;<strong>SEXTA-FEIRA &#8211; 20\/09<\/strong><\/p>\n\n\n\n<p>9h30min &#8211; Passeio da Bombacha, com sa\u00edda no Agrocenter Languiru, at\u00e9 o Centro Administrativo<\/p>\n\n\n\n<p>12h &#8211; Costel\u00e3o, no CTG Rinc\u00e3o das Coxilhas<\/p>\n\n\n\n<p>17h &#8211; Show com Tch\u00ea Guri, no Pavilh\u00e3o Multiuso<\/p>\n\n\n\n<p>18h &#8211; Extin\u00e7\u00e3o da Chama Crioula, no Pavilh\u00e3o Multiuso<\/p>\n\n\n\n<p>20h &#8211; Fandango com Luz de Candieiro, no Pavilh\u00e3o Multiuso<\/p>\n","protected":false},"excerpt":{"rendered":"<p>O Acampamento Farroupilha de\u00a0Teut\u00f4nia\u00a0tamb\u00e9m cumpre o seu papel social de ensinar e incluir. Isto porque nesta segunda-feira (16\/09), alunos das escolas de\u00a0Teut\u00f4nia, incluindo a Apae, percorreram a estrutura do Acampamento e tiveram a oportunidade de saber mais sobre os s\u00edmbolos e costumes do tradicionalismo. Conduzidos pela tradicionalista Kelly Pavi e pela turism\u00f3loga da Prefeitura, \u00c2ngela [&hellip;]<\/p>\n","protected":false},"author":8,"featured_media":58920,"comment_status":"open","ping_status":"open","sticky":false,"template":"","format":"standard","meta":{"pmpro_default_level":"","_jetpack_memberships_contains_paid_content":false,"footnotes":""},"categories":[2,3],"tags":[980,26],"class_list":{"0":"post-58919","1":"post","2":"type-post","3":"status-publish","4":"format-standard","5":"has-post-thumbnail","7":"category-featured","8":"category-geral","9":"tag-acampamento-farroupilha","10":"tag-teutonia","11":"pmpro-has-access"},"yoast_head":"<!-- This site is optimized with the Yoast SEO plugin v27.5 - https:\/\/yoast.com\/product\/yoast-seo-wordpress\/ -->\n<title>Aprendizado e inclus\u00e3o marcam o Acampamento Farroupilha de Teut\u00f4nia - Folha Popular<\/title>\n<meta name=\"robots\" content=\"index, follow, max-snippet:-1, max-image-preview:large, max-video-preview:-1\" \/>\n<link rel=\"canonical\" href=\"https:\/\/folhapopular.info\/index.php\/2019\/09\/17\/aprendizado-e-inclusao-marcam-o-acampamento-farroupilha-de-teutonia\/\" \/>\n<meta property=\"og:locale\" content=\"pt_BR\" \/>\n<meta property=\"og:type\" content=\"article\" \/>\n<meta property=\"og:title\" content=\"Aprendizado e inclus\u00e3o marcam o Acampamento Farroupilha de Teut\u00f4nia - Folha Popular\" \/>\n<meta property=\"og:description\" content=\"O Acampamento Farroupilha de\u00a0Teut\u00f4nia\u00a0tamb\u00e9m cumpre o seu papel social de ensinar e incluir. Isto porque nesta segunda-feira (16\/09), alunos das escolas de\u00a0Teut\u00f4nia, incluindo a Apae, percorreram a estrutura do Acampamento e tiveram a oportunidade de saber mais sobre os s\u00edmbolos e costumes do tradicionalismo. Conduzidos pela tradicionalista Kelly Pavi e pela turism\u00f3loga da Prefeitura, \u00c2ngela [&hellip;]\" \/>\n<meta property=\"og:url\" content=\"https:\/\/folhapopular.info\/index.php\/2019\/09\/17\/aprendizado-e-inclusao-marcam-o-acampamento-farroupilha-de-teutonia\/\" \/>\n<meta property=\"og:site_name\" content=\"Folha Popular\" \/>\n<meta property=\"article:published_time\" content=\"2019-09-17T18:32:00+00:00\" \/>\n<meta property=\"article:modified_time\" content=\"2019-09-17T18:34:26+00:00\" \/>\n<meta property=\"og:image\" content=\"https:\/\/folhapopular.info\/wp-content\/uploads\/2019\/09\/Alunos-da-Apae-tamb\u00e9m-tiveram-a-oportunidade-de-conhecer-o-Acampamento-Farroupilha-1-e1568744718998.jpg\" \/>\n\t<meta property=\"og:image:width\" content=\"800\" \/>\n\t<meta property=\"og:image:height\" content=\"528\" \/>\n\t<meta property=\"og:image:type\" content=\"image\/jpeg\" \/>\n<meta name=\"author\" content=\"Reda\u00e7\u00e3o Folha Popular\" \/>\n<meta name=\"twitter:card\" content=\"summary_large_image\" \/>\n<meta name=\"twitter:label1\" content=\"Escrito por\" \/>\n\t<meta name=\"twitter:data1\" content=\"Reda\u00e7\u00e3o Folha Popular\" \/>\n\t<meta name=\"twitter:label2\" content=\"Est. tempo de leitura\" \/>\n\t<meta name=\"twitter:data2\" content=\"6 minutos\" \/>\n<script type=\"application\/ld+json\" class=\"yoast-schema-graph\">{\"@context\":\"https:\\\/\\\/schema.org\",\"@graph\":[{\"@type\":\"Article\",\"@id\":\"https:\\\/\\\/folhapopular.info\\\/index.php\\\/2019\\\/09\\\/17\\\/aprendizado-e-inclusao-marcam-o-acampamento-farroupilha-de-teutonia\\\/#article\",\"isPartOf\":{\"@id\":\"https:\\\/\\\/folhapopular.info\\\/index.php\\\/2019\\\/09\\\/17\\\/aprendizado-e-inclusao-marcam-o-acampamento-farroupilha-de-teutonia\\\/\"},\"author\":{\"name\":\"Reda\u00e7\u00e3o Folha Popular\",\"@id\":\"https:\\\/\\\/folhapopular.info\\\/#\\\/schema\\\/person\\\/2814e8a0df7643585a9ca38bc6eb9d4b\"},\"headline\":\"Aprendizado e inclus\u00e3o marcam o Acampamento Farroupilha de Teut\u00f4nia\",\"datePublished\":\"2019-09-17T18:32:00+00:00\",\"dateModified\":\"2019-09-17T18:34:26+00:00\",\"mainEntityOfPage\":{\"@id\":\"https:\\\/\\\/folhapopular.info\\\/index.php\\\/2019\\\/09\\\/17\\\/aprendizado-e-inclusao-marcam-o-acampamento-farroupilha-de-teutonia\\\/\"},\"wordCount\":1145,\"commentCount\":0,\"image\":{\"@id\":\"https:\\\/\\\/folhapopular.info\\\/index.php\\\/2019\\\/09\\\/17\\\/aprendizado-e-inclusao-marcam-o-acampamento-farroupilha-de-teutonia\\\/#primaryimage\"},\"thumbnailUrl\":\"https:\\\/\\\/folhapopular.info\\\/wp-content\\\/uploads\\\/2019\\\/09\\\/Alunos-da-Apae-tamb\u00e9m-tiveram-a-oportunidade-de-conhecer-o-Acampamento-Farroupilha-1-e1568744718998.jpg\",\"keywords\":[\"Acampamento Farroupilha\",\"Teut\u00f4nia\"],\"articleSection\":[\"Destaques\",\"Geral\"],\"inLanguage\":\"pt-BR\",\"potentialAction\":[{\"@type\":\"CommentAction\",\"name\":\"Comment\",\"target\":[\"https:\\\/\\\/folhapopular.info\\\/index.php\\\/2019\\\/09\\\/17\\\/aprendizado-e-inclusao-marcam-o-acampamento-farroupilha-de-teutonia\\\/#respond\"]}]},{\"@type\":\"WebPage\",\"@id\":\"https:\\\/\\\/folhapopular.info\\\/index.php\\\/2019\\\/09\\\/17\\\/aprendizado-e-inclusao-marcam-o-acampamento-farroupilha-de-teutonia\\\/\",\"url\":\"https:\\\/\\\/folhapopular.info\\\/index.php\\\/2019\\\/09\\\/17\\\/aprendizado-e-inclusao-marcam-o-acampamento-farroupilha-de-teutonia\\\/\",\"name\":\"Aprendizado e inclus\u00e3o marcam o Acampamento Farroupilha de Teut\u00f4nia - Folha Popular\",\"isPartOf\":{\"@id\":\"https:\\\/\\\/folhapopular.info\\\/#website\"},\"primaryImageOfPage\":{\"@id\":\"https:\\\/\\\/folhapopular.info\\\/index.php\\\/2019\\\/09\\\/17\\\/aprendizado-e-inclusao-marcam-o-acampamento-farroupilha-de-teutonia\\\/#primaryimage\"},\"image\":{\"@id\":\"https:\\\/\\\/folhapopular.info\\\/index.php\\\/2019\\\/09\\\/17\\\/aprendizado-e-inclusao-marcam-o-acampamento-farroupilha-de-teutonia\\\/#primaryimage\"},\"thumbnailUrl\":\"https:\\\/\\\/folhapopular.info\\\/wp-content\\\/uploads\\\/2019\\\/09\\\/Alunos-da-Apae-tamb\u00e9m-tiveram-a-oportunidade-de-conhecer-o-Acampamento-Farroupilha-1-e1568744718998.jpg\",\"datePublished\":\"2019-09-17T18:32:00+00:00\",\"dateModified\":\"2019-09-17T18:34:26+00:00\",\"author\":{\"@id\":\"https:\\\/\\\/folhapopular.info\\\/#\\\/schema\\\/person\\\/2814e8a0df7643585a9ca38bc6eb9d4b\"},\"breadcrumb\":{\"@id\":\"https:\\\/\\\/folhapopular.info\\\/index.php\\\/2019\\\/09\\\/17\\\/aprendizado-e-inclusao-marcam-o-acampamento-farroupilha-de-teutonia\\\/#breadcrumb\"},\"inLanguage\":\"pt-BR\",\"potentialAction\":[{\"@type\":\"ReadAction\",\"target\":[\"https:\\\/\\\/folhapopular.info\\\/index.php\\\/2019\\\/09\\\/17\\\/aprendizado-e-inclusao-marcam-o-acampamento-farroupilha-de-teutonia\\\/\"]}]},{\"@type\":\"ImageObject\",\"inLanguage\":\"pt-BR\",\"@id\":\"https:\\\/\\\/folhapopular.info\\\/index.php\\\/2019\\\/09\\\/17\\\/aprendizado-e-inclusao-marcam-o-acampamento-farroupilha-de-teutonia\\\/#primaryimage\",\"url\":\"https:\\\/\\\/folhapopular.info\\\/wp-content\\\/uploads\\\/2019\\\/09\\\/Alunos-da-Apae-tamb\u00e9m-tiveram-a-oportunidade-de-conhecer-o-Acampamento-Farroupilha-1-e1568744718998.jpg\",\"contentUrl\":\"https:\\\/\\\/folhapopular.info\\\/wp-content\\\/uploads\\\/2019\\\/09\\\/Alunos-da-Apae-tamb\u00e9m-tiveram-a-oportunidade-de-conhecer-o-Acampamento-Farroupilha-1-e1568744718998.jpg\",\"width\":800,\"height\":528,\"caption\":\"Alunos puderam conhecer elementos e costumes do tradicionalismo \\\/ Cr\u00e9dito da foto: \u00c9dson Lu\u00eds Schaeffer \\\/ Divulga\u00e7\u00e3o\"},{\"@type\":\"BreadcrumbList\",\"@id\":\"https:\\\/\\\/folhapopular.info\\\/index.php\\\/2019\\\/09\\\/17\\\/aprendizado-e-inclusao-marcam-o-acampamento-farroupilha-de-teutonia\\\/#breadcrumb\",\"itemListElement\":[{\"@type\":\"ListItem\",\"position\":1,\"name\":\"In\u00edcio\",\"item\":\"https:\\\/\\\/folhapopular.info\\\/\"},{\"@type\":\"ListItem\",\"position\":2,\"name\":\"Aprendizado e inclus\u00e3o marcam o Acampamento Farroupilha de Teut\u00f4nia\"}]},{\"@type\":\"WebSite\",\"@id\":\"https:\\\/\\\/folhapopular.info\\\/#website\",\"url\":\"https:\\\/\\\/folhapopular.info\\\/\",\"name\":\"Folha Popular\",\"description\":\"Onde voc\u00ea tem vez e voz\",\"potentialAction\":[{\"@type\":\"SearchAction\",\"target\":{\"@type\":\"EntryPoint\",\"urlTemplate\":\"https:\\\/\\\/folhapopular.info\\\/?s={search_term_string}\"},\"query-input\":{\"@type\":\"PropertyValueSpecification\",\"valueRequired\":true,\"valueName\":\"search_term_string\"}}],\"inLanguage\":\"pt-BR\"},{\"@type\":\"Person\",\"@id\":\"https:\\\/\\\/folhapopular.info\\\/#\\\/schema\\\/person\\\/2814e8a0df7643585a9ca38bc6eb9d4b\",\"name\":\"Reda\u00e7\u00e3o Folha Popular\",\"image\":{\"@type\":\"ImageObject\",\"inLanguage\":\"pt-BR\",\"@id\":\"https:\\\/\\\/folhapopular.info\\\/wp-content\\\/uploads\\\/2026\\\/04\\\/Folha-1.webp\",\"url\":\"https:\\\/\\\/folhapopular.info\\\/wp-content\\\/uploads\\\/2026\\\/04\\\/Folha-1.webp\",\"contentUrl\":\"https:\\\/\\\/folhapopular.info\\\/wp-content\\\/uploads\\\/2026\\\/04\\\/Folha-1.webp\",\"caption\":\"Reda\u00e7\u00e3o Folha Popular\"},\"url\":\"https:\\\/\\\/folhapopular.info\\\/index.php\\\/author\\\/redacao\\\/\"}]}<\/script>\n<!-- \/ Yoast SEO plugin. -->","yoast_head_json":{"title":"Aprendizado e inclus\u00e3o marcam o Acampamento Farroupilha de Teut\u00f4nia - Folha Popular","robots":{"index":"index","follow":"follow","max-snippet":"max-snippet:-1","max-image-preview":"max-image-preview:large","max-video-preview":"max-video-preview:-1"},"canonical":"https:\/\/folhapopular.info\/index.php\/2019\/09\/17\/aprendizado-e-inclusao-marcam-o-acampamento-farroupilha-de-teutonia\/","og_locale":"pt_BR","og_type":"article","og_title":"Aprendizado e inclus\u00e3o marcam o Acampamento Farroupilha de Teut\u00f4nia - Folha Popular","og_description":"O Acampamento Farroupilha de\u00a0Teut\u00f4nia\u00a0tamb\u00e9m cumpre o seu papel social de ensinar e incluir. Isto porque nesta segunda-feira (16\/09), alunos das escolas de\u00a0Teut\u00f4nia, incluindo a Apae, percorreram a estrutura do Acampamento e tiveram a oportunidade de saber mais sobre os s\u00edmbolos e costumes do tradicionalismo. Conduzidos pela tradicionalista Kelly Pavi e pela turism\u00f3loga da Prefeitura, \u00c2ngela [&hellip;]","og_url":"https:\/\/folhapopular.info\/index.php\/2019\/09\/17\/aprendizado-e-inclusao-marcam-o-acampamento-farroupilha-de-teutonia\/","og_site_name":"Folha Popular","article_published_time":"2019-09-17T18:32:00+00:00","article_modified_time":"2019-09-17T18:34:26+00:00","og_image":[{"width":800,"height":528,"url":"https:\/\/folhapopular.info\/wp-content\/uploads\/2019\/09\/Alunos-da-Apae-tamb\u00e9m-tiveram-a-oportunidade-de-conhecer-o-Acampamento-Farroupilha-1-e1568744718998.jpg","type":"image\/jpeg"}],"author":"Reda\u00e7\u00e3o Folha Popular","twitter_card":"summary_large_image","twitter_misc":{"Escrito por":"Reda\u00e7\u00e3o Folha Popular","Est. tempo de leitura":"6 minutos"},"schema":{"@context":"https:\/\/schema.org","@graph":[{"@type":"Article","@id":"https:\/\/folhapopular.info\/index.php\/2019\/09\/17\/aprendizado-e-inclusao-marcam-o-acampamento-farroupilha-de-teutonia\/#article","isPartOf":{"@id":"https:\/\/folhapopular.info\/index.php\/2019\/09\/17\/aprendizado-e-inclusao-marcam-o-acampamento-farroupilha-de-teutonia\/"},"author":{"name":"Reda\u00e7\u00e3o Folha Popular","@id":"https:\/\/folhapopular.info\/#\/schema\/person\/2814e8a0df7643585a9ca38bc6eb9d4b"},"headline":"Aprendizado e inclus\u00e3o marcam o Acampamento Farroupilha de Teut\u00f4nia","datePublished":"2019-09-17T18:32:00+00:00","dateModified":"2019-09-17T18:34:26+00:00","mainEntityOfPage":{"@id":"https:\/\/folhapopular.info\/index.php\/2019\/09\/17\/aprendizado-e-inclusao-marcam-o-acampamento-farroupilha-de-teutonia\/"},"wordCount":1145,"commentCount":0,"image":{"@id":"https:\/\/folhapopular.info\/index.php\/2019\/09\/17\/aprendizado-e-inclusao-marcam-o-acampamento-farroupilha-de-teutonia\/#primaryimage"},"thumbnailUrl":"https:\/\/folhapopular.info\/wp-content\/uploads\/2019\/09\/Alunos-da-Apae-tamb\u00e9m-tiveram-a-oportunidade-de-conhecer-o-Acampamento-Farroupilha-1-e1568744718998.jpg","keywords":["Acampamento Farroupilha","Teut\u00f4nia"],"articleSection":["Destaques","Geral"],"inLanguage":"pt-BR","potentialAction":[{"@type":"CommentAction","name":"Comment","target":["https:\/\/folhapopular.info\/index.php\/2019\/09\/17\/aprendizado-e-inclusao-marcam-o-acampamento-farroupilha-de-teutonia\/#respond"]}]},{"@type":"WebPage","@id":"https:\/\/folhapopular.info\/index.php\/2019\/09\/17\/aprendizado-e-inclusao-marcam-o-acampamento-farroupilha-de-teutonia\/","url":"https:\/\/folhapopular.info\/index.php\/2019\/09\/17\/aprendizado-e-inclusao-marcam-o-acampamento-farroupilha-de-teutonia\/","name":"Aprendizado e inclus\u00e3o marcam o Acampamento Farroupilha de Teut\u00f4nia - Folha Popular","isPartOf":{"@id":"https:\/\/folhapopular.info\/#website"},"primaryImageOfPage":{"@id":"https:\/\/folhapopular.info\/index.php\/2019\/09\/17\/aprendizado-e-inclusao-marcam-o-acampamento-farroupilha-de-teutonia\/#primaryimage"},"image":{"@id":"https:\/\/folhapopular.info\/index.php\/2019\/09\/17\/aprendizado-e-inclusao-marcam-o-acampamento-farroupilha-de-teutonia\/#primaryimage"},"thumbnailUrl":"https:\/\/folhapopular.info\/wp-content\/uploads\/2019\/09\/Alunos-da-Apae-tamb\u00e9m-tiveram-a-oportunidade-de-conhecer-o-Acampamento-Farroupilha-1-e1568744718998.jpg","datePublished":"2019-09-17T18:32:00+00:00","dateModified":"2019-09-17T18:34:26+00:00","author":{"@id":"https:\/\/folhapopular.info\/#\/schema\/person\/2814e8a0df7643585a9ca38bc6eb9d4b"},"breadcrumb":{"@id":"https:\/\/folhapopular.info\/index.php\/2019\/09\/17\/aprendizado-e-inclusao-marcam-o-acampamento-farroupilha-de-teutonia\/#breadcrumb"},"inLanguage":"pt-BR","potentialAction":[{"@type":"ReadAction","target":["https:\/\/folhapopular.info\/index.php\/2019\/09\/17\/aprendizado-e-inclusao-marcam-o-acampamento-farroupilha-de-teutonia\/"]}]},{"@type":"ImageObject","inLanguage":"pt-BR","@id":"https:\/\/folhapopular.info\/index.php\/2019\/09\/17\/aprendizado-e-inclusao-marcam-o-acampamento-farroupilha-de-teutonia\/#primaryimage","url":"https:\/\/folhapopular.info\/wp-content\/uploads\/2019\/09\/Alunos-da-Apae-tamb\u00e9m-tiveram-a-oportunidade-de-conhecer-o-Acampamento-Farroupilha-1-e1568744718998.jpg","contentUrl":"https:\/\/folhapopular.info\/wp-content\/uploads\/2019\/09\/Alunos-da-Apae-tamb\u00e9m-tiveram-a-oportunidade-de-conhecer-o-Acampamento-Farroupilha-1-e1568744718998.jpg","width":800,"height":528,"caption":"Alunos puderam conhecer elementos e costumes do tradicionalismo \/ Cr\u00e9dito da foto: \u00c9dson Lu\u00eds Schaeffer \/ Divulga\u00e7\u00e3o"},{"@type":"BreadcrumbList","@id":"https:\/\/folhapopular.info\/index.php\/2019\/09\/17\/aprendizado-e-inclusao-marcam-o-acampamento-farroupilha-de-teutonia\/#breadcrumb","itemListElement":[{"@type":"ListItem","position":1,"name":"In\u00edcio","item":"https:\/\/folhapopular.info\/"},{"@type":"ListItem","position":2,"name":"Aprendizado e inclus\u00e3o marcam o Acampamento Farroupilha de Teut\u00f4nia"}]},{"@type":"WebSite","@id":"https:\/\/folhapopular.info\/#website","url":"https:\/\/folhapopular.info\/","name":"Folha Popular","description":"Onde voc\u00ea tem vez e voz","potentialAction":[{"@type":"SearchAction","target":{"@type":"EntryPoint","urlTemplate":"https:\/\/folhapopular.info\/?s={search_term_string}"},"query-input":{"@type":"PropertyValueSpecification","valueRequired":true,"valueName":"search_term_string"}}],"inLanguage":"pt-BR"},{"@type":"Person","@id":"https:\/\/folhapopular.info\/#\/schema\/person\/2814e8a0df7643585a9ca38bc6eb9d4b","name":"Reda\u00e7\u00e3o Folha Popular","image":{"@type":"ImageObject","inLanguage":"pt-BR","@id":"https:\/\/folhapopular.info\/wp-content\/uploads\/2026\/04\/Folha-1.webp","url":"https:\/\/folhapopular.info\/wp-content\/uploads\/2026\/04\/Folha-1.webp","contentUrl":"https:\/\/folhapopular.info\/wp-content\/uploads\/2026\/04\/Folha-1.webp","caption":"Reda\u00e7\u00e3o Folha Popular"},"url":"https:\/\/folhapopular.info\/index.php\/author\/redacao\/"}]}},"jetpack_featured_media_url":"https:\/\/folhapopular.info\/wp-content\/uploads\/2019\/09\/Alunos-da-Apae-tamb\u00e9m-tiveram-a-oportunidade-de-conhecer-o-Acampamento-Farroupilha-1-e1568744718998.jpg","jetpack_sharing_enabled":true,"amp_enabled":true,"_links":{"self":[{"href":"https:\/\/folhapopular.info\/index.php\/wp-json\/wp\/v2\/posts\/58919","targetHints":{"allow":["GET"]}}],"collection":[{"href":"https:\/\/folhapopular.info\/index.php\/wp-json\/wp\/v2\/posts"}],"about":[{"href":"https:\/\/folhapopular.info\/index.php\/wp-json\/wp\/v2\/types\/post"}],"author":[{"embeddable":true,"href":"https:\/\/folhapopular.info\/index.php\/wp-json\/wp\/v2\/users\/8"}],"replies":[{"embeddable":true,"href":"https:\/\/folhapopular.info\/index.php\/wp-json\/wp\/v2\/comments?post=58919"}],"version-history":[{"count":0,"href":"https:\/\/folhapopular.info\/index.php\/wp-json\/wp\/v2\/posts\/58919\/revisions"}],"wp:featuredmedia":[{"embeddable":true,"href":"https:\/\/folhapopular.info\/index.php\/wp-json\/wp\/v2\/media\/58920"}],"wp:attachment":[{"href":"https:\/\/folhapopular.info\/index.php\/wp-json\/wp\/v2\/media?parent=58919"}],"wp:term":[{"taxonomy":"category","embeddable":true,"href":"https:\/\/folhapopular.info\/index.php\/wp-json\/wp\/v2\/categories?post=58919"},{"taxonomy":"post_tag","embeddable":true,"href":"https:\/\/folhapopular.info\/index.php\/wp-json\/wp\/v2\/tags?post=58919"}],"curies":[{"name":"wp","href":"https:\/\/api.w.org\/{rel}","templated":true}]}}