{"id":58940,"date":"2019-09-18T09:12:42","date_gmt":"2019-09-18T12:12:42","guid":{"rendered":"http:\/\/folhapopular.info\/?p=58940"},"modified":"2019-09-18T09:12:44","modified_gmt":"2019-09-18T12:12:44","slug":"chiquito-bordoneio-anima-a-terca-no-acampamento-farroupilha-de-teutonia","status":"publish","type":"post","link":"https:\/\/folhapopular.info\/index.php\/2019\/09\/18\/chiquito-bordoneio-anima-a-terca-no-acampamento-farroupilha-de-teutonia\/","title":{"rendered":"Chiquito &amp; Bordoneio anima a ter\u00e7a no Acampamento Farroupilha de Teut\u00f4nia"},"content":{"rendered":"\n<p>O 3\u00ba Acampamento Farroupilha de Teut\u00f4nia segue movimentando o Centro Administrativo, tanto nos piquetes, com rodas de chimarr\u00e3o, comida campeira e a manuten\u00e7\u00e3o dos costumes tradicionalistas, quanto no pavilh\u00e3o multiuso, com sua programa\u00e7\u00e3o art\u00edstico-cultural. Nesta ter\u00e7a-feira (17\/09), o destaque foi Chiquito &amp; Bordoneio, pela primeira vez em Teut\u00f4nia.<\/p>\n\n\n\n<p>Francisco Alves Corr\u00eaa, o Chiquito, trouxe ao palco do Acampamento Farroupilha grandes sucessos, fazendo uma viagem por sua trajet\u00f3ria musical de mais de 20 anos. \u201cFungando poeira\u201d, \u201cDa Est\u00e2ncia pra venda\u201d, \u201cNo compasso da sanfona\u201d, \u201cNo Rastro do Surungo\u201d, entre outros sucessos animaram o p\u00fablico.<\/p>\n\n\n\n<p>Chiquito destacou que estar em Teut\u00f4nia, integrando a programa\u00e7\u00e3o do Acampamento Farroupilha, \u00e9 gratificante, ainda mais pela receptividade. \u201cSempre temos aquela ansiedade de chagar numa cidade. Quando se chega e \u00e9 bem recebido, nos sentimos valorizados. E isso \u00e9 o que ocorreu aqui em Teut\u00f4nia, o que acabou sendo uma realiza\u00e7\u00e3o pessoal e prazerosa\u201d, afirmou.<\/p>\n\n\n\n<p>O cantor acrescenta que os Acampamentos Farroupilhas possuem papel social de suma import\u00e2ncia para a sociedade. \u201cO tradicionalismo est\u00e1 de p\u00e9, mas os ga\u00fachos precisam se conscientizar e refor\u00e7ar esses bons e velhos costumes para que os jovens possam os conhecer. A sequ\u00eancia do tradicionalismo s\u00f3 se conseguir\u00e1 com os jovens. O Acampamento Farroupilha justamente \u00e9 um das formas de compartilhar os momentos e os costumes do tradicionalismo\u201d, enalteceu.<\/p>\n\n\n\n<p><strong>O Acampamento Farroupilha de Teut\u00f4nia<\/strong><strong><\/strong><\/p>\n\n\n\n<p>As cores do Rio Grande do Sul est\u00e3o colorindo o Centro Administrativo de Teut\u00f4nia. A programa\u00e7\u00e3o do 3\u00ba Acampamento Farroupilha de Teut\u00f4nia, iniciou nesta sexta-feira (13\/09), e segue at\u00e9 o dia 20, evidenciando os saberes, sabores e costumes do tradicionalismo. Desfiles, shows, fandangos, costel\u00e3o solid\u00e1rios, comidas campeiras, rodas de chimarr\u00e3o &#8211; e muito mais &#8211; estar\u00e3o \u00e0 disposi\u00e7\u00e3o.<\/p>\n\n\n\n<p>Na quadra das avenidas 1 Leste, 1 Sul e 1 Oeste e Rua 2 Sul, est\u00e3o os 18 piquetes &#8211; galp\u00f5es de madeira &#8211; de entidades tradicionalistas e empresas, al\u00e9m do Galp\u00e3o Farroupilha, que concentrar\u00e1 algumas atra\u00e7\u00f5es da programa\u00e7\u00e3o oficial, como a chegada da Chama Crioula e a abertura.<\/p>\n\n\n\n<p>Durante os dias de evento, os tradicionalistas resgatar\u00e3o os costumes da cultura e hist\u00f3ria ga\u00facha, atrav\u00e9s de rodas de chimarr\u00e3o, comidas campeiras e muita m\u00fasica. A programa\u00e7\u00e3o interna ficar\u00e1 por conta de cada entidade. Em evid\u00eancia, estar\u00e3o os saberes, sabores e costumes do tradicionalismo. A programa\u00e7\u00e3o interna nos piquetes ficar\u00e1 por conta de cada entidade, enquanto as atra\u00e7\u00f5es musicais e shows ser\u00e3o no Pavilh\u00e3o Multiuso.<\/p>\n\n\n\n<p>O evento contar\u00e1 com shows, fandangos, desfiles, entre outras a\u00e7\u00f5es, evidenciando os saberes, sabores e costumes do tradicionalismo. Dentre os shows e fandangos &#8211; que ocorrer\u00e3o no Pavilh\u00e3o Multiuso &#8211; ainda est\u00e3o C\u00e9sar Oliveira e Rog\u00e9rio Melo, Alma Crioula, Tch\u00ea Guri e Luz de Candieiro.<\/p>\n\n\n\n<p>O Acampamento Farroupilha tem como objetivos resgatar e difundir os h\u00e1bitos e costumes do povo ga\u00facho, al\u00e9m de despertar nas pessoas o culto \u00e0 tradi\u00e7\u00e3o e \u00e0 cultura e proporcionar o acesso da popula\u00e7\u00e3o a show de talentos regionais e estaduais. Toda a programa\u00e7\u00e3o ter\u00e1 entrada franca.<\/p>\n\n\n\n<p>A realiza\u00e7\u00e3o do Acampamento Farroupilha \u00e9 da Prefeitura de Teut\u00f4nia e das entidades tradicionalistas do munic\u00edpio. O patroc\u00ednio \u00e9 de Certel, Cooperativa Languiru, Sicredi, TeutoNet, Cabanha BMW, Cabanha da Eternidade, Supra e Recanto Ga\u00facho Pilchas e Selaria.<\/p>\n\n\n\n<p><strong>PROGRAMA\u00c7\u00c3O DO 3\u00ba ACAMPAMENTO FARROUPILHA DE TEUT\u00d4NIA<\/strong><strong><\/strong><\/p>\n\n\n\n<p><strong>\u00a0QUARTA-FEIRA (18\/09)<\/strong><\/p>\n\n\n\n<p>15h &#8211; Resenha coletiva de cavalos crioulo com t\u00e9cnico da ABCCC (Informa\u00e7\u00f5es: (51) 99883.9622, com Maciel), no Acampamento<\/p>\n\n\n\n<p>&gt; Noite do Churrasco em todo o Acampamento<\/p>\n\n\n\n<p>19h &#8211; Costel\u00e3o Solid\u00e1rio em prol de L\u00edvia Teles, no Pavilh\u00e3o Multiuso<\/p>\n\n\n\n<p>19h30 &#8211; Palestra \u201cAlimenta\u00e7\u00e3o Saud\u00e1vel de Equ\u00ednos\u201d com o veterin\u00e1rio e gerente t\u00e9cnico de Equinos da Supra Vin\u00edcius Abreu, no Galp\u00e3o Farroupilha<\/p>\n\n\n\n<p>19h30 &#8211; Programa Gente da Terra, da R\u00e1dio Campeira FM, no Acampamento<\/p>\n\n\n\n<p>20h30 &#8211; Palestra com t\u00e9cnico da ABCCC, no Galp\u00e3o Farroupilha<\/p>\n\n\n\n<p><strong>QUINTA-FEIRA (19\/09)<\/strong><\/p>\n\n\n\n<p>20h &#8211; Jantar com churrasco e saladas (promo\u00e7\u00e3o do Piquete Popular), no Galp\u00e3o Farroupilha<\/p>\n\n\n\n<p>21h &#8211; Apresenta\u00e7\u00e3o art\u00edstica do CTG Porteira dos Pampas, no Pavilh\u00e3o Multiuso<\/p>\n\n\n\n<p>21h30 &#8211; Show com C\u00e9sar Oliveira e Rog\u00e9rio Melo, no Pavilh\u00e3o Multiuso<\/p>\n\n\n\n<p>23h &#8211; Fandango com Alma Crioula, no Pavilh\u00e3o Multiuso<\/p>\n\n\n\n<p>\u00a0<strong>SEXTA-FEIRA (20\/09)<\/strong><\/p>\n\n\n\n<p>9h30 &#8211; Passeio da Bombacha, com sa\u00edda no Agrocenter Languiru, at\u00e9 o Centro Administrativo<\/p>\n\n\n\n<p>12h &#8211; Costel\u00e3o, no CTG Rinc\u00e3o das Coxilhas<\/p>\n\n\n\n<p>17h &#8211; Show com Tch\u00ea Guri, no Pavilh\u00e3o Multiuso<\/p>\n\n\n\n<p>18h &#8211; Extin\u00e7\u00e3o da Chama Crioula, no Pavilh\u00e3o Multiuso<\/p>\n\n\n\n<p>20h &#8211; Fandango com Luz de Candieiro, no Pavilh\u00e3o Multiuso<\/p>\n\n\n\n<p>Mais detalhes da programa\u00e7\u00e3o em&nbsp;<a href=\"http:\/\/www.teutonia.rs.gov.br\/acampamentofarroupilha\/\" target=\"_blank\" rel=\"noreferrer noopener\">www.teutonia.rs.gov.br\/acampamentofarroupilha\/<\/a>&nbsp;e&nbsp;<a href=\"http:\/\/www.facebook.com\/events\/454887478700380\/\" target=\"_blank\" rel=\"noreferrer noopener\">www.facebook.com\/events\/454887478700380\/<\/a><\/p>\n","protected":false},"excerpt":{"rendered":"<p>O 3\u00ba Acampamento Farroupilha de Teut\u00f4nia segue movimentando o Centro Administrativo, tanto nos piquetes, com rodas de chimarr\u00e3o, comida campeira e a manuten\u00e7\u00e3o dos costumes tradicionalistas, quanto no pavilh\u00e3o multiuso, com sua programa\u00e7\u00e3o art\u00edstico-cultural. Nesta ter\u00e7a-feira (17\/09), o destaque foi Chiquito &amp; Bordoneio, pela primeira vez em Teut\u00f4nia. Francisco Alves Corr\u00eaa, o Chiquito, trouxe ao [&hellip;]<\/p>\n","protected":false},"author":8,"featured_media":58942,"comment_status":"open","ping_status":"open","sticky":false,"template":"","format":"standard","meta":{"pmpro_default_level":"","_jetpack_memberships_contains_paid_content":false,"footnotes":""},"categories":[6],"tags":[980,5015,26],"class_list":{"0":"post-58940","1":"post","2":"type-post","3":"status-publish","4":"format-standard","5":"has-post-thumbnail","7":"category-inclusive","8":"tag-acampamento-farroupilha","9":"tag-fandango","10":"tag-teutonia","11":"pmpro-has-access"},"yoast_head":"<!-- This site is optimized with the Yoast SEO plugin v27.5 - https:\/\/yoast.com\/product\/yoast-seo-wordpress\/ -->\n<title>Chiquito &amp; Bordoneio anima a ter\u00e7a no Acampamento Farroupilha de Teut\u00f4nia - Folha Popular<\/title>\n<meta name=\"robots\" content=\"index, follow, max-snippet:-1, max-image-preview:large, max-video-preview:-1\" \/>\n<link rel=\"canonical\" href=\"https:\/\/folhapopular.info\/index.php\/2019\/09\/18\/chiquito-bordoneio-anima-a-terca-no-acampamento-farroupilha-de-teutonia\/\" \/>\n<meta property=\"og:locale\" content=\"pt_BR\" \/>\n<meta property=\"og:type\" content=\"article\" \/>\n<meta property=\"og:title\" content=\"Chiquito &amp; Bordoneio anima a ter\u00e7a no Acampamento Farroupilha de Teut\u00f4nia - Folha Popular\" \/>\n<meta property=\"og:description\" content=\"O 3\u00ba Acampamento Farroupilha de Teut\u00f4nia segue movimentando o Centro Administrativo, tanto nos piquetes, com rodas de chimarr\u00e3o, comida campeira e a manuten\u00e7\u00e3o dos costumes tradicionalistas, quanto no pavilh\u00e3o multiuso, com sua programa\u00e7\u00e3o art\u00edstico-cultural. Nesta ter\u00e7a-feira (17\/09), o destaque foi Chiquito &amp; Bordoneio, pela primeira vez em Teut\u00f4nia. Francisco Alves Corr\u00eaa, o Chiquito, trouxe ao [&hellip;]\" \/>\n<meta property=\"og:url\" content=\"https:\/\/folhapopular.info\/index.php\/2019\/09\/18\/chiquito-bordoneio-anima-a-terca-no-acampamento-farroupilha-de-teutonia\/\" \/>\n<meta property=\"og:site_name\" content=\"Folha Popular\" \/>\n<meta property=\"article:published_time\" content=\"2019-09-18T12:12:42+00:00\" \/>\n<meta property=\"article:modified_time\" content=\"2019-09-18T12:12:44+00:00\" \/>\n<meta property=\"og:image\" content=\"https:\/\/folhapopular.info\/wp-content\/uploads\/2019\/09\/Chiquito-c-trouxe-grandes-cl\u00e1ssicos-da-m\u00fasica-fandangueira-e1568808641252.jpg\" \/>\n\t<meta property=\"og:image:width\" content=\"800\" \/>\n\t<meta property=\"og:image:height\" content=\"533\" \/>\n\t<meta property=\"og:image:type\" content=\"image\/jpeg\" \/>\n<meta name=\"author\" content=\"Reda\u00e7\u00e3o Folha Popular\" \/>\n<meta name=\"twitter:card\" content=\"summary_large_image\" \/>\n<meta name=\"twitter:label1\" content=\"Escrito por\" \/>\n\t<meta name=\"twitter:data1\" content=\"Reda\u00e7\u00e3o Folha Popular\" \/>\n\t<meta name=\"twitter:label2\" content=\"Est. tempo de leitura\" \/>\n\t<meta name=\"twitter:data2\" content=\"4 minutos\" \/>\n<script type=\"application\/ld+json\" class=\"yoast-schema-graph\">{\"@context\":\"https:\\\/\\\/schema.org\",\"@graph\":[{\"@type\":\"Article\",\"@id\":\"https:\\\/\\\/folhapopular.info\\\/index.php\\\/2019\\\/09\\\/18\\\/chiquito-bordoneio-anima-a-terca-no-acampamento-farroupilha-de-teutonia\\\/#article\",\"isPartOf\":{\"@id\":\"https:\\\/\\\/folhapopular.info\\\/index.php\\\/2019\\\/09\\\/18\\\/chiquito-bordoneio-anima-a-terca-no-acampamento-farroupilha-de-teutonia\\\/\"},\"author\":{\"name\":\"Reda\u00e7\u00e3o Folha Popular\",\"@id\":\"https:\\\/\\\/folhapopular.info\\\/#\\\/schema\\\/person\\\/2814e8a0df7643585a9ca38bc6eb9d4b\"},\"headline\":\"Chiquito &amp; Bordoneio anima a ter\u00e7a no Acampamento Farroupilha de Teut\u00f4nia\",\"datePublished\":\"2019-09-18T12:12:42+00:00\",\"dateModified\":\"2019-09-18T12:12:44+00:00\",\"mainEntityOfPage\":{\"@id\":\"https:\\\/\\\/folhapopular.info\\\/index.php\\\/2019\\\/09\\\/18\\\/chiquito-bordoneio-anima-a-terca-no-acampamento-farroupilha-de-teutonia\\\/\"},\"wordCount\":822,\"commentCount\":0,\"image\":{\"@id\":\"https:\\\/\\\/folhapopular.info\\\/index.php\\\/2019\\\/09\\\/18\\\/chiquito-bordoneio-anima-a-terca-no-acampamento-farroupilha-de-teutonia\\\/#primaryimage\"},\"thumbnailUrl\":\"https:\\\/\\\/folhapopular.info\\\/wp-content\\\/uploads\\\/2019\\\/09\\\/Chiquito-c-trouxe-grandes-cl\u00e1ssicos-da-m\u00fasica-fandangueira-e1568808641252.jpg\",\"keywords\":[\"Acampamento Farroupilha\",\"Fandango\",\"Teut\u00f4nia\"],\"articleSection\":[\"Inclusive\"],\"inLanguage\":\"pt-BR\",\"potentialAction\":[{\"@type\":\"CommentAction\",\"name\":\"Comment\",\"target\":[\"https:\\\/\\\/folhapopular.info\\\/index.php\\\/2019\\\/09\\\/18\\\/chiquito-bordoneio-anima-a-terca-no-acampamento-farroupilha-de-teutonia\\\/#respond\"]}]},{\"@type\":\"WebPage\",\"@id\":\"https:\\\/\\\/folhapopular.info\\\/index.php\\\/2019\\\/09\\\/18\\\/chiquito-bordoneio-anima-a-terca-no-acampamento-farroupilha-de-teutonia\\\/\",\"url\":\"https:\\\/\\\/folhapopular.info\\\/index.php\\\/2019\\\/09\\\/18\\\/chiquito-bordoneio-anima-a-terca-no-acampamento-farroupilha-de-teutonia\\\/\",\"name\":\"Chiquito &amp; Bordoneio anima a ter\u00e7a no Acampamento Farroupilha de Teut\u00f4nia - Folha Popular\",\"isPartOf\":{\"@id\":\"https:\\\/\\\/folhapopular.info\\\/#website\"},\"primaryImageOfPage\":{\"@id\":\"https:\\\/\\\/folhapopular.info\\\/index.php\\\/2019\\\/09\\\/18\\\/chiquito-bordoneio-anima-a-terca-no-acampamento-farroupilha-de-teutonia\\\/#primaryimage\"},\"image\":{\"@id\":\"https:\\\/\\\/folhapopular.info\\\/index.php\\\/2019\\\/09\\\/18\\\/chiquito-bordoneio-anima-a-terca-no-acampamento-farroupilha-de-teutonia\\\/#primaryimage\"},\"thumbnailUrl\":\"https:\\\/\\\/folhapopular.info\\\/wp-content\\\/uploads\\\/2019\\\/09\\\/Chiquito-c-trouxe-grandes-cl\u00e1ssicos-da-m\u00fasica-fandangueira-e1568808641252.jpg\",\"datePublished\":\"2019-09-18T12:12:42+00:00\",\"dateModified\":\"2019-09-18T12:12:44+00:00\",\"author\":{\"@id\":\"https:\\\/\\\/folhapopular.info\\\/#\\\/schema\\\/person\\\/2814e8a0df7643585a9ca38bc6eb9d4b\"},\"breadcrumb\":{\"@id\":\"https:\\\/\\\/folhapopular.info\\\/index.php\\\/2019\\\/09\\\/18\\\/chiquito-bordoneio-anima-a-terca-no-acampamento-farroupilha-de-teutonia\\\/#breadcrumb\"},\"inLanguage\":\"pt-BR\",\"potentialAction\":[{\"@type\":\"ReadAction\",\"target\":[\"https:\\\/\\\/folhapopular.info\\\/index.php\\\/2019\\\/09\\\/18\\\/chiquito-bordoneio-anima-a-terca-no-acampamento-farroupilha-de-teutonia\\\/\"]}]},{\"@type\":\"ImageObject\",\"inLanguage\":\"pt-BR\",\"@id\":\"https:\\\/\\\/folhapopular.info\\\/index.php\\\/2019\\\/09\\\/18\\\/chiquito-bordoneio-anima-a-terca-no-acampamento-farroupilha-de-teutonia\\\/#primaryimage\",\"url\":\"https:\\\/\\\/folhapopular.info\\\/wp-content\\\/uploads\\\/2019\\\/09\\\/Chiquito-c-trouxe-grandes-cl\u00e1ssicos-da-m\u00fasica-fandangueira-e1568808641252.jpg\",\"contentUrl\":\"https:\\\/\\\/folhapopular.info\\\/wp-content\\\/uploads\\\/2019\\\/09\\\/Chiquito-c-trouxe-grandes-cl\u00e1ssicos-da-m\u00fasica-fandangueira-e1568808641252.jpg\",\"width\":800,\"height\":533,\"caption\":\"Chiquito trouxe grandes cl\u00e1ssicos da m\u00fasica fandangueira \\\/ Cr\u00e9dito da foto: \u00c9dson Lu\u00eds Schaeffer \\\/ Divulga\u00e7\u00e3o\"},{\"@type\":\"BreadcrumbList\",\"@id\":\"https:\\\/\\\/folhapopular.info\\\/index.php\\\/2019\\\/09\\\/18\\\/chiquito-bordoneio-anima-a-terca-no-acampamento-farroupilha-de-teutonia\\\/#breadcrumb\",\"itemListElement\":[{\"@type\":\"ListItem\",\"position\":1,\"name\":\"In\u00edcio\",\"item\":\"https:\\\/\\\/folhapopular.info\\\/\"},{\"@type\":\"ListItem\",\"position\":2,\"name\":\"Chiquito &amp; Bordoneio anima a ter\u00e7a no Acampamento Farroupilha de Teut\u00f4nia\"}]},{\"@type\":\"WebSite\",\"@id\":\"https:\\\/\\\/folhapopular.info\\\/#website\",\"url\":\"https:\\\/\\\/folhapopular.info\\\/\",\"name\":\"Folha Popular\",\"description\":\"Onde voc\u00ea tem vez e voz\",\"potentialAction\":[{\"@type\":\"SearchAction\",\"target\":{\"@type\":\"EntryPoint\",\"urlTemplate\":\"https:\\\/\\\/folhapopular.info\\\/?s={search_term_string}\"},\"query-input\":{\"@type\":\"PropertyValueSpecification\",\"valueRequired\":true,\"valueName\":\"search_term_string\"}}],\"inLanguage\":\"pt-BR\"},{\"@type\":\"Person\",\"@id\":\"https:\\\/\\\/folhapopular.info\\\/#\\\/schema\\\/person\\\/2814e8a0df7643585a9ca38bc6eb9d4b\",\"name\":\"Reda\u00e7\u00e3o Folha Popular\",\"image\":{\"@type\":\"ImageObject\",\"inLanguage\":\"pt-BR\",\"@id\":\"https:\\\/\\\/folhapopular.info\\\/wp-content\\\/uploads\\\/2026\\\/04\\\/Folha-1.webp\",\"url\":\"https:\\\/\\\/folhapopular.info\\\/wp-content\\\/uploads\\\/2026\\\/04\\\/Folha-1.webp\",\"contentUrl\":\"https:\\\/\\\/folhapopular.info\\\/wp-content\\\/uploads\\\/2026\\\/04\\\/Folha-1.webp\",\"caption\":\"Reda\u00e7\u00e3o Folha Popular\"},\"url\":\"https:\\\/\\\/folhapopular.info\\\/index.php\\\/author\\\/redacao\\\/\"}]}<\/script>\n<!-- \/ Yoast SEO plugin. -->","yoast_head_json":{"title":"Chiquito &amp; Bordoneio anima a ter\u00e7a no Acampamento Farroupilha de Teut\u00f4nia - Folha Popular","robots":{"index":"index","follow":"follow","max-snippet":"max-snippet:-1","max-image-preview":"max-image-preview:large","max-video-preview":"max-video-preview:-1"},"canonical":"https:\/\/folhapopular.info\/index.php\/2019\/09\/18\/chiquito-bordoneio-anima-a-terca-no-acampamento-farroupilha-de-teutonia\/","og_locale":"pt_BR","og_type":"article","og_title":"Chiquito &amp; Bordoneio anima a ter\u00e7a no Acampamento Farroupilha de Teut\u00f4nia - Folha Popular","og_description":"O 3\u00ba Acampamento Farroupilha de Teut\u00f4nia segue movimentando o Centro Administrativo, tanto nos piquetes, com rodas de chimarr\u00e3o, comida campeira e a manuten\u00e7\u00e3o dos costumes tradicionalistas, quanto no pavilh\u00e3o multiuso, com sua programa\u00e7\u00e3o art\u00edstico-cultural. Nesta ter\u00e7a-feira (17\/09), o destaque foi Chiquito &amp; Bordoneio, pela primeira vez em Teut\u00f4nia. Francisco Alves Corr\u00eaa, o Chiquito, trouxe ao [&hellip;]","og_url":"https:\/\/folhapopular.info\/index.php\/2019\/09\/18\/chiquito-bordoneio-anima-a-terca-no-acampamento-farroupilha-de-teutonia\/","og_site_name":"Folha Popular","article_published_time":"2019-09-18T12:12:42+00:00","article_modified_time":"2019-09-18T12:12:44+00:00","og_image":[{"width":800,"height":533,"url":"https:\/\/folhapopular.info\/wp-content\/uploads\/2019\/09\/Chiquito-c-trouxe-grandes-cl\u00e1ssicos-da-m\u00fasica-fandangueira-e1568808641252.jpg","type":"image\/jpeg"}],"author":"Reda\u00e7\u00e3o Folha Popular","twitter_card":"summary_large_image","twitter_misc":{"Escrito por":"Reda\u00e7\u00e3o Folha Popular","Est. tempo de leitura":"4 minutos"},"schema":{"@context":"https:\/\/schema.org","@graph":[{"@type":"Article","@id":"https:\/\/folhapopular.info\/index.php\/2019\/09\/18\/chiquito-bordoneio-anima-a-terca-no-acampamento-farroupilha-de-teutonia\/#article","isPartOf":{"@id":"https:\/\/folhapopular.info\/index.php\/2019\/09\/18\/chiquito-bordoneio-anima-a-terca-no-acampamento-farroupilha-de-teutonia\/"},"author":{"name":"Reda\u00e7\u00e3o Folha Popular","@id":"https:\/\/folhapopular.info\/#\/schema\/person\/2814e8a0df7643585a9ca38bc6eb9d4b"},"headline":"Chiquito &amp; Bordoneio anima a ter\u00e7a no Acampamento Farroupilha de Teut\u00f4nia","datePublished":"2019-09-18T12:12:42+00:00","dateModified":"2019-09-18T12:12:44+00:00","mainEntityOfPage":{"@id":"https:\/\/folhapopular.info\/index.php\/2019\/09\/18\/chiquito-bordoneio-anima-a-terca-no-acampamento-farroupilha-de-teutonia\/"},"wordCount":822,"commentCount":0,"image":{"@id":"https:\/\/folhapopular.info\/index.php\/2019\/09\/18\/chiquito-bordoneio-anima-a-terca-no-acampamento-farroupilha-de-teutonia\/#primaryimage"},"thumbnailUrl":"https:\/\/folhapopular.info\/wp-content\/uploads\/2019\/09\/Chiquito-c-trouxe-grandes-cl\u00e1ssicos-da-m\u00fasica-fandangueira-e1568808641252.jpg","keywords":["Acampamento Farroupilha","Fandango","Teut\u00f4nia"],"articleSection":["Inclusive"],"inLanguage":"pt-BR","potentialAction":[{"@type":"CommentAction","name":"Comment","target":["https:\/\/folhapopular.info\/index.php\/2019\/09\/18\/chiquito-bordoneio-anima-a-terca-no-acampamento-farroupilha-de-teutonia\/#respond"]}]},{"@type":"WebPage","@id":"https:\/\/folhapopular.info\/index.php\/2019\/09\/18\/chiquito-bordoneio-anima-a-terca-no-acampamento-farroupilha-de-teutonia\/","url":"https:\/\/folhapopular.info\/index.php\/2019\/09\/18\/chiquito-bordoneio-anima-a-terca-no-acampamento-farroupilha-de-teutonia\/","name":"Chiquito &amp; Bordoneio anima a ter\u00e7a no Acampamento Farroupilha de Teut\u00f4nia - Folha Popular","isPartOf":{"@id":"https:\/\/folhapopular.info\/#website"},"primaryImageOfPage":{"@id":"https:\/\/folhapopular.info\/index.php\/2019\/09\/18\/chiquito-bordoneio-anima-a-terca-no-acampamento-farroupilha-de-teutonia\/#primaryimage"},"image":{"@id":"https:\/\/folhapopular.info\/index.php\/2019\/09\/18\/chiquito-bordoneio-anima-a-terca-no-acampamento-farroupilha-de-teutonia\/#primaryimage"},"thumbnailUrl":"https:\/\/folhapopular.info\/wp-content\/uploads\/2019\/09\/Chiquito-c-trouxe-grandes-cl\u00e1ssicos-da-m\u00fasica-fandangueira-e1568808641252.jpg","datePublished":"2019-09-18T12:12:42+00:00","dateModified":"2019-09-18T12:12:44+00:00","author":{"@id":"https:\/\/folhapopular.info\/#\/schema\/person\/2814e8a0df7643585a9ca38bc6eb9d4b"},"breadcrumb":{"@id":"https:\/\/folhapopular.info\/index.php\/2019\/09\/18\/chiquito-bordoneio-anima-a-terca-no-acampamento-farroupilha-de-teutonia\/#breadcrumb"},"inLanguage":"pt-BR","potentialAction":[{"@type":"ReadAction","target":["https:\/\/folhapopular.info\/index.php\/2019\/09\/18\/chiquito-bordoneio-anima-a-terca-no-acampamento-farroupilha-de-teutonia\/"]}]},{"@type":"ImageObject","inLanguage":"pt-BR","@id":"https:\/\/folhapopular.info\/index.php\/2019\/09\/18\/chiquito-bordoneio-anima-a-terca-no-acampamento-farroupilha-de-teutonia\/#primaryimage","url":"https:\/\/folhapopular.info\/wp-content\/uploads\/2019\/09\/Chiquito-c-trouxe-grandes-cl\u00e1ssicos-da-m\u00fasica-fandangueira-e1568808641252.jpg","contentUrl":"https:\/\/folhapopular.info\/wp-content\/uploads\/2019\/09\/Chiquito-c-trouxe-grandes-cl\u00e1ssicos-da-m\u00fasica-fandangueira-e1568808641252.jpg","width":800,"height":533,"caption":"Chiquito trouxe grandes cl\u00e1ssicos da m\u00fasica fandangueira \/ Cr\u00e9dito da foto: \u00c9dson Lu\u00eds Schaeffer \/ Divulga\u00e7\u00e3o"},{"@type":"BreadcrumbList","@id":"https:\/\/folhapopular.info\/index.php\/2019\/09\/18\/chiquito-bordoneio-anima-a-terca-no-acampamento-farroupilha-de-teutonia\/#breadcrumb","itemListElement":[{"@type":"ListItem","position":1,"name":"In\u00edcio","item":"https:\/\/folhapopular.info\/"},{"@type":"ListItem","position":2,"name":"Chiquito &amp; Bordoneio anima a ter\u00e7a no Acampamento Farroupilha de Teut\u00f4nia"}]},{"@type":"WebSite","@id":"https:\/\/folhapopular.info\/#website","url":"https:\/\/folhapopular.info\/","name":"Folha Popular","description":"Onde voc\u00ea tem vez e voz","potentialAction":[{"@type":"SearchAction","target":{"@type":"EntryPoint","urlTemplate":"https:\/\/folhapopular.info\/?s={search_term_string}"},"query-input":{"@type":"PropertyValueSpecification","valueRequired":true,"valueName":"search_term_string"}}],"inLanguage":"pt-BR"},{"@type":"Person","@id":"https:\/\/folhapopular.info\/#\/schema\/person\/2814e8a0df7643585a9ca38bc6eb9d4b","name":"Reda\u00e7\u00e3o Folha Popular","image":{"@type":"ImageObject","inLanguage":"pt-BR","@id":"https:\/\/folhapopular.info\/wp-content\/uploads\/2026\/04\/Folha-1.webp","url":"https:\/\/folhapopular.info\/wp-content\/uploads\/2026\/04\/Folha-1.webp","contentUrl":"https:\/\/folhapopular.info\/wp-content\/uploads\/2026\/04\/Folha-1.webp","caption":"Reda\u00e7\u00e3o Folha Popular"},"url":"https:\/\/folhapopular.info\/index.php\/author\/redacao\/"}]}},"jetpack_featured_media_url":"https:\/\/folhapopular.info\/wp-content\/uploads\/2019\/09\/Chiquito-c-trouxe-grandes-cl\u00e1ssicos-da-m\u00fasica-fandangueira-e1568808641252.jpg","jetpack_sharing_enabled":true,"amp_enabled":true,"_links":{"self":[{"href":"https:\/\/folhapopular.info\/index.php\/wp-json\/wp\/v2\/posts\/58940","targetHints":{"allow":["GET"]}}],"collection":[{"href":"https:\/\/folhapopular.info\/index.php\/wp-json\/wp\/v2\/posts"}],"about":[{"href":"https:\/\/folhapopular.info\/index.php\/wp-json\/wp\/v2\/types\/post"}],"author":[{"embeddable":true,"href":"https:\/\/folhapopular.info\/index.php\/wp-json\/wp\/v2\/users\/8"}],"replies":[{"embeddable":true,"href":"https:\/\/folhapopular.info\/index.php\/wp-json\/wp\/v2\/comments?post=58940"}],"version-history":[{"count":0,"href":"https:\/\/folhapopular.info\/index.php\/wp-json\/wp\/v2\/posts\/58940\/revisions"}],"wp:featuredmedia":[{"embeddable":true,"href":"https:\/\/folhapopular.info\/index.php\/wp-json\/wp\/v2\/media\/58942"}],"wp:attachment":[{"href":"https:\/\/folhapopular.info\/index.php\/wp-json\/wp\/v2\/media?parent=58940"}],"wp:term":[{"taxonomy":"category","embeddable":true,"href":"https:\/\/folhapopular.info\/index.php\/wp-json\/wp\/v2\/categories?post=58940"},{"taxonomy":"post_tag","embeddable":true,"href":"https:\/\/folhapopular.info\/index.php\/wp-json\/wp\/v2\/tags?post=58940"}],"curies":[{"name":"wp","href":"https:\/\/api.w.org\/{rel}","templated":true}]}}