{"id":58955,"date":"2019-09-18T13:52:36","date_gmt":"2019-09-18T16:52:36","guid":{"rendered":"http:\/\/folhapopular.info\/?p=58955"},"modified":"2019-09-18T13:54:01","modified_gmt":"2019-09-18T16:54:01","slug":"passeio-da-bombacha-deve-reunir-mais-de-350-cavalarianos-nesta-sexta-feira-em-teutonia","status":"publish","type":"post","link":"https:\/\/folhapopular.info\/index.php\/2019\/09\/18\/passeio-da-bombacha-deve-reunir-mais-de-350-cavalarianos-nesta-sexta-feira-em-teutonia\/","title":{"rendered":"Passeio da Bombacha deve reunir mais de 350 cavalarianos nesta sexta-feira em Teut\u00f4nia"},"content":{"rendered":"\n<p>Nesta sexta-feira (20\/09), feriado da Revolu\u00e7\u00e3o Farroupilha, a partir das 9h30min, as ruas de Teut\u00f4nia ser\u00e3o tomadas pelas cores do Rio Grande do Sul. Isto porque ocorrer\u00e1 o Passeio da Bombacha, com mais de 350 cavalarianos, al\u00e9m de entidades tradicionalistas, que percorrer\u00e3o as principais ruas dos bairros Languiru e Centro Administrativo.<\/p>\n\n\n\n<p>A concentra\u00e7\u00e3o ocorre em frente ao Agrocenter Languiru, no Bairro Languiru. Em seguida, \u00e0s 9h30min, inicia o desfile, que percorrer\u00e1 as ruas Pedro Schneider, 25 de Julho, Evaldo Hilgemann, Major Bandeira e Avenida 1 Leste, encerrando junto ao Acampamento Farroupilha, no Centro Administrativo.<\/p>\n\n\n\n<p>Aproximadamente&nbsp;350&nbsp;cavalarianos prometem ser uma atra\u00e7\u00e3o \u00e0 parte no desfile. Toda a comunidade est\u00e1 convidada para prestigiar o desfile, que mostrar\u00e1 o amor ao tradicionalismo. \u00c0 tarde, a programa\u00e7\u00e3o do Acampamento Farroupilha de Teut\u00f4nia segue no Centro Administrativo, com&nbsp;o show do&nbsp;grupo&nbsp;Tch\u00ea Guri, a partir das 17h. \u00c0s&nbsp;20h,&nbsp;haver\u00e1 fandango com&nbsp;o grupo teutoniense Luz de Candieiro.&nbsp;A Chama Crioula ser\u00e1 extinta \u00e0s 18h desta&nbsp;sexta-feira.<\/p>\n\n\n\n<p>O prefeito, Jonatan Br\u00f6nstrup, avalia que o Passeio da Bombacha \u00e9 o momento m\u00e1ximo do Acampamento Farroupilha. \u201c\u00c9 um desfile tradicional e muito aguardado pela comunidade. O Passeio da Bombacha \u00e9 uma forma de mostrar o seu amor ao Rio Grande do Sul, tanto para quem desfila quanto para quem assiste\u201d, frisa.<\/p>\n","protected":false},"excerpt":{"rendered":"<p>Nesta sexta-feira (20\/09), feriado da Revolu\u00e7\u00e3o Farroupilha, a partir das 9h30min, as ruas de Teut\u00f4nia ser\u00e3o tomadas pelas cores do Rio Grande do Sul. Isto porque ocorrer\u00e1 o Passeio da Bombacha, com mais de 350 cavalarianos, al\u00e9m de entidades tradicionalistas, que percorrer\u00e3o as principais ruas dos bairros Languiru e Centro Administrativo. A concentra\u00e7\u00e3o ocorre em [&hellip;]<\/p>\n","protected":false},"author":8,"featured_media":58956,"comment_status":"open","ping_status":"open","sticky":false,"template":"","format":"standard","meta":{"pmpro_default_level":"","_jetpack_memberships_contains_paid_content":false,"footnotes":""},"categories":[2,3],"tags":[980,5018,26],"class_list":{"0":"post-58955","1":"post","2":"type-post","3":"status-publish","4":"format-standard","5":"has-post-thumbnail","7":"category-featured","8":"category-geral","9":"tag-acampamento-farroupilha","10":"tag-passeio-da-bombacha","11":"tag-teutonia","12":"pmpro-has-access"},"yoast_head":"<!-- This site is optimized with the Yoast SEO plugin v27.5 - https:\/\/yoast.com\/product\/yoast-seo-wordpress\/ -->\n<title>Passeio da Bombacha deve reunir mais de 350 cavalarianos nesta sexta-feira em Teut\u00f4nia - Folha Popular<\/title>\n<meta name=\"robots\" content=\"index, follow, max-snippet:-1, max-image-preview:large, max-video-preview:-1\" \/>\n<link rel=\"canonical\" href=\"https:\/\/folhapopular.info\/index.php\/2019\/09\/18\/passeio-da-bombacha-deve-reunir-mais-de-350-cavalarianos-nesta-sexta-feira-em-teutonia\/\" \/>\n<meta property=\"og:locale\" content=\"pt_BR\" \/>\n<meta property=\"og:type\" content=\"article\" \/>\n<meta property=\"og:title\" content=\"Passeio da Bombacha deve reunir mais de 350 cavalarianos nesta sexta-feira em Teut\u00f4nia - Folha Popular\" \/>\n<meta property=\"og:description\" content=\"Nesta sexta-feira (20\/09), feriado da Revolu\u00e7\u00e3o Farroupilha, a partir das 9h30min, as ruas de Teut\u00f4nia ser\u00e3o tomadas pelas cores do Rio Grande do Sul. Isto porque ocorrer\u00e1 o Passeio da Bombacha, com mais de 350 cavalarianos, al\u00e9m de entidades tradicionalistas, que percorrer\u00e3o as principais ruas dos bairros Languiru e Centro Administrativo. A concentra\u00e7\u00e3o ocorre em [&hellip;]\" \/>\n<meta property=\"og:url\" content=\"https:\/\/folhapopular.info\/index.php\/2019\/09\/18\/passeio-da-bombacha-deve-reunir-mais-de-350-cavalarianos-nesta-sexta-feira-em-teutonia\/\" \/>\n<meta property=\"og:site_name\" content=\"Folha Popular\" \/>\n<meta property=\"article:published_time\" content=\"2019-09-18T16:52:36+00:00\" \/>\n<meta property=\"article:modified_time\" content=\"2019-09-18T16:54:01+00:00\" \/>\n<meta property=\"og:image\" content=\"https:\/\/folhapopular.info\/wp-content\/uploads\/2019\/09\/Cavalarianos-s\u00e3o-atra\u00e7\u00e3o-\u00e0-parte-e1568825511322.jpg\" \/>\n\t<meta property=\"og:image:width\" content=\"800\" \/>\n\t<meta property=\"og:image:height\" content=\"533\" \/>\n\t<meta property=\"og:image:type\" content=\"image\/jpeg\" \/>\n<meta name=\"author\" content=\"Reda\u00e7\u00e3o Folha Popular\" \/>\n<meta name=\"twitter:card\" content=\"summary_large_image\" \/>\n<meta name=\"twitter:label1\" content=\"Escrito por\" \/>\n\t<meta name=\"twitter:data1\" content=\"Reda\u00e7\u00e3o Folha Popular\" \/>\n\t<meta name=\"twitter:label2\" content=\"Est. tempo de leitura\" \/>\n\t<meta name=\"twitter:data2\" content=\"1 minuto\" \/>\n<script type=\"application\/ld+json\" class=\"yoast-schema-graph\">{\"@context\":\"https:\\\/\\\/schema.org\",\"@graph\":[{\"@type\":\"Article\",\"@id\":\"https:\\\/\\\/folhapopular.info\\\/index.php\\\/2019\\\/09\\\/18\\\/passeio-da-bombacha-deve-reunir-mais-de-350-cavalarianos-nesta-sexta-feira-em-teutonia\\\/#article\",\"isPartOf\":{\"@id\":\"https:\\\/\\\/folhapopular.info\\\/index.php\\\/2019\\\/09\\\/18\\\/passeio-da-bombacha-deve-reunir-mais-de-350-cavalarianos-nesta-sexta-feira-em-teutonia\\\/\"},\"author\":{\"name\":\"Reda\u00e7\u00e3o Folha Popular\",\"@id\":\"https:\\\/\\\/folhapopular.info\\\/#\\\/schema\\\/person\\\/2814e8a0df7643585a9ca38bc6eb9d4b\"},\"headline\":\"Passeio da Bombacha deve reunir mais de 350 cavalarianos nesta sexta-feira em Teut\u00f4nia\",\"datePublished\":\"2019-09-18T16:52:36+00:00\",\"dateModified\":\"2019-09-18T16:54:01+00:00\",\"mainEntityOfPage\":{\"@id\":\"https:\\\/\\\/folhapopular.info\\\/index.php\\\/2019\\\/09\\\/18\\\/passeio-da-bombacha-deve-reunir-mais-de-350-cavalarianos-nesta-sexta-feira-em-teutonia\\\/\"},\"wordCount\":242,\"commentCount\":0,\"image\":{\"@id\":\"https:\\\/\\\/folhapopular.info\\\/index.php\\\/2019\\\/09\\\/18\\\/passeio-da-bombacha-deve-reunir-mais-de-350-cavalarianos-nesta-sexta-feira-em-teutonia\\\/#primaryimage\"},\"thumbnailUrl\":\"https:\\\/\\\/folhapopular.info\\\/wp-content\\\/uploads\\\/2019\\\/09\\\/Cavalarianos-s\u00e3o-atra\u00e7\u00e3o-\u00e0-parte-e1568825511322.jpg\",\"keywords\":[\"Acampamento Farroupilha\",\"Passeio da Bombacha\",\"Teut\u00f4nia\"],\"articleSection\":[\"Destaques\",\"Geral\"],\"inLanguage\":\"pt-BR\",\"potentialAction\":[{\"@type\":\"CommentAction\",\"name\":\"Comment\",\"target\":[\"https:\\\/\\\/folhapopular.info\\\/index.php\\\/2019\\\/09\\\/18\\\/passeio-da-bombacha-deve-reunir-mais-de-350-cavalarianos-nesta-sexta-feira-em-teutonia\\\/#respond\"]}]},{\"@type\":\"WebPage\",\"@id\":\"https:\\\/\\\/folhapopular.info\\\/index.php\\\/2019\\\/09\\\/18\\\/passeio-da-bombacha-deve-reunir-mais-de-350-cavalarianos-nesta-sexta-feira-em-teutonia\\\/\",\"url\":\"https:\\\/\\\/folhapopular.info\\\/index.php\\\/2019\\\/09\\\/18\\\/passeio-da-bombacha-deve-reunir-mais-de-350-cavalarianos-nesta-sexta-feira-em-teutonia\\\/\",\"name\":\"Passeio da Bombacha deve reunir mais de 350 cavalarianos nesta sexta-feira em Teut\u00f4nia - Folha Popular\",\"isPartOf\":{\"@id\":\"https:\\\/\\\/folhapopular.info\\\/#website\"},\"primaryImageOfPage\":{\"@id\":\"https:\\\/\\\/folhapopular.info\\\/index.php\\\/2019\\\/09\\\/18\\\/passeio-da-bombacha-deve-reunir-mais-de-350-cavalarianos-nesta-sexta-feira-em-teutonia\\\/#primaryimage\"},\"image\":{\"@id\":\"https:\\\/\\\/folhapopular.info\\\/index.php\\\/2019\\\/09\\\/18\\\/passeio-da-bombacha-deve-reunir-mais-de-350-cavalarianos-nesta-sexta-feira-em-teutonia\\\/#primaryimage\"},\"thumbnailUrl\":\"https:\\\/\\\/folhapopular.info\\\/wp-content\\\/uploads\\\/2019\\\/09\\\/Cavalarianos-s\u00e3o-atra\u00e7\u00e3o-\u00e0-parte-e1568825511322.jpg\",\"datePublished\":\"2019-09-18T16:52:36+00:00\",\"dateModified\":\"2019-09-18T16:54:01+00:00\",\"author\":{\"@id\":\"https:\\\/\\\/folhapopular.info\\\/#\\\/schema\\\/person\\\/2814e8a0df7643585a9ca38bc6eb9d4b\"},\"breadcrumb\":{\"@id\":\"https:\\\/\\\/folhapopular.info\\\/index.php\\\/2019\\\/09\\\/18\\\/passeio-da-bombacha-deve-reunir-mais-de-350-cavalarianos-nesta-sexta-feira-em-teutonia\\\/#breadcrumb\"},\"inLanguage\":\"pt-BR\",\"potentialAction\":[{\"@type\":\"ReadAction\",\"target\":[\"https:\\\/\\\/folhapopular.info\\\/index.php\\\/2019\\\/09\\\/18\\\/passeio-da-bombacha-deve-reunir-mais-de-350-cavalarianos-nesta-sexta-feira-em-teutonia\\\/\"]}]},{\"@type\":\"ImageObject\",\"inLanguage\":\"pt-BR\",\"@id\":\"https:\\\/\\\/folhapopular.info\\\/index.php\\\/2019\\\/09\\\/18\\\/passeio-da-bombacha-deve-reunir-mais-de-350-cavalarianos-nesta-sexta-feira-em-teutonia\\\/#primaryimage\",\"url\":\"https:\\\/\\\/folhapopular.info\\\/wp-content\\\/uploads\\\/2019\\\/09\\\/Cavalarianos-s\u00e3o-atra\u00e7\u00e3o-\u00e0-parte-e1568825511322.jpg\",\"contentUrl\":\"https:\\\/\\\/folhapopular.info\\\/wp-content\\\/uploads\\\/2019\\\/09\\\/Cavalarianos-s\u00e3o-atra\u00e7\u00e3o-\u00e0-parte-e1568825511322.jpg\",\"width\":800,\"height\":533,\"caption\":\"Cavalarianos s\u00e3o atra\u00e7\u00e3o \u00e0 parte \\\/ Cr\u00e9dito da foto: Matheus Prates\\\/Arquivo\\\/Divulga\u00e7\u00e3o\"},{\"@type\":\"BreadcrumbList\",\"@id\":\"https:\\\/\\\/folhapopular.info\\\/index.php\\\/2019\\\/09\\\/18\\\/passeio-da-bombacha-deve-reunir-mais-de-350-cavalarianos-nesta-sexta-feira-em-teutonia\\\/#breadcrumb\",\"itemListElement\":[{\"@type\":\"ListItem\",\"position\":1,\"name\":\"In\u00edcio\",\"item\":\"https:\\\/\\\/folhapopular.info\\\/\"},{\"@type\":\"ListItem\",\"position\":2,\"name\":\"Passeio da Bombacha deve reunir mais de 350 cavalarianos nesta sexta-feira em Teut\u00f4nia\"}]},{\"@type\":\"WebSite\",\"@id\":\"https:\\\/\\\/folhapopular.info\\\/#website\",\"url\":\"https:\\\/\\\/folhapopular.info\\\/\",\"name\":\"Folha Popular\",\"description\":\"Onde voc\u00ea tem vez e voz\",\"potentialAction\":[{\"@type\":\"SearchAction\",\"target\":{\"@type\":\"EntryPoint\",\"urlTemplate\":\"https:\\\/\\\/folhapopular.info\\\/?s={search_term_string}\"},\"query-input\":{\"@type\":\"PropertyValueSpecification\",\"valueRequired\":true,\"valueName\":\"search_term_string\"}}],\"inLanguage\":\"pt-BR\"},{\"@type\":\"Person\",\"@id\":\"https:\\\/\\\/folhapopular.info\\\/#\\\/schema\\\/person\\\/2814e8a0df7643585a9ca38bc6eb9d4b\",\"name\":\"Reda\u00e7\u00e3o Folha Popular\",\"image\":{\"@type\":\"ImageObject\",\"inLanguage\":\"pt-BR\",\"@id\":\"https:\\\/\\\/folhapopular.info\\\/wp-content\\\/uploads\\\/2026\\\/04\\\/Folha-1.webp\",\"url\":\"https:\\\/\\\/folhapopular.info\\\/wp-content\\\/uploads\\\/2026\\\/04\\\/Folha-1.webp\",\"contentUrl\":\"https:\\\/\\\/folhapopular.info\\\/wp-content\\\/uploads\\\/2026\\\/04\\\/Folha-1.webp\",\"caption\":\"Reda\u00e7\u00e3o Folha Popular\"},\"url\":\"https:\\\/\\\/folhapopular.info\\\/index.php\\\/author\\\/redacao\\\/\"}]}<\/script>\n<!-- \/ Yoast SEO plugin. -->","yoast_head_json":{"title":"Passeio da Bombacha deve reunir mais de 350 cavalarianos nesta sexta-feira em Teut\u00f4nia - Folha Popular","robots":{"index":"index","follow":"follow","max-snippet":"max-snippet:-1","max-image-preview":"max-image-preview:large","max-video-preview":"max-video-preview:-1"},"canonical":"https:\/\/folhapopular.info\/index.php\/2019\/09\/18\/passeio-da-bombacha-deve-reunir-mais-de-350-cavalarianos-nesta-sexta-feira-em-teutonia\/","og_locale":"pt_BR","og_type":"article","og_title":"Passeio da Bombacha deve reunir mais de 350 cavalarianos nesta sexta-feira em Teut\u00f4nia - Folha Popular","og_description":"Nesta sexta-feira (20\/09), feriado da Revolu\u00e7\u00e3o Farroupilha, a partir das 9h30min, as ruas de Teut\u00f4nia ser\u00e3o tomadas pelas cores do Rio Grande do Sul. Isto porque ocorrer\u00e1 o Passeio da Bombacha, com mais de 350 cavalarianos, al\u00e9m de entidades tradicionalistas, que percorrer\u00e3o as principais ruas dos bairros Languiru e Centro Administrativo. A concentra\u00e7\u00e3o ocorre em [&hellip;]","og_url":"https:\/\/folhapopular.info\/index.php\/2019\/09\/18\/passeio-da-bombacha-deve-reunir-mais-de-350-cavalarianos-nesta-sexta-feira-em-teutonia\/","og_site_name":"Folha Popular","article_published_time":"2019-09-18T16:52:36+00:00","article_modified_time":"2019-09-18T16:54:01+00:00","og_image":[{"width":800,"height":533,"url":"https:\/\/folhapopular.info\/wp-content\/uploads\/2019\/09\/Cavalarianos-s\u00e3o-atra\u00e7\u00e3o-\u00e0-parte-e1568825511322.jpg","type":"image\/jpeg"}],"author":"Reda\u00e7\u00e3o Folha Popular","twitter_card":"summary_large_image","twitter_misc":{"Escrito por":"Reda\u00e7\u00e3o Folha Popular","Est. tempo de leitura":"1 minuto"},"schema":{"@context":"https:\/\/schema.org","@graph":[{"@type":"Article","@id":"https:\/\/folhapopular.info\/index.php\/2019\/09\/18\/passeio-da-bombacha-deve-reunir-mais-de-350-cavalarianos-nesta-sexta-feira-em-teutonia\/#article","isPartOf":{"@id":"https:\/\/folhapopular.info\/index.php\/2019\/09\/18\/passeio-da-bombacha-deve-reunir-mais-de-350-cavalarianos-nesta-sexta-feira-em-teutonia\/"},"author":{"name":"Reda\u00e7\u00e3o Folha Popular","@id":"https:\/\/folhapopular.info\/#\/schema\/person\/2814e8a0df7643585a9ca38bc6eb9d4b"},"headline":"Passeio da Bombacha deve reunir mais de 350 cavalarianos nesta sexta-feira em Teut\u00f4nia","datePublished":"2019-09-18T16:52:36+00:00","dateModified":"2019-09-18T16:54:01+00:00","mainEntityOfPage":{"@id":"https:\/\/folhapopular.info\/index.php\/2019\/09\/18\/passeio-da-bombacha-deve-reunir-mais-de-350-cavalarianos-nesta-sexta-feira-em-teutonia\/"},"wordCount":242,"commentCount":0,"image":{"@id":"https:\/\/folhapopular.info\/index.php\/2019\/09\/18\/passeio-da-bombacha-deve-reunir-mais-de-350-cavalarianos-nesta-sexta-feira-em-teutonia\/#primaryimage"},"thumbnailUrl":"https:\/\/folhapopular.info\/wp-content\/uploads\/2019\/09\/Cavalarianos-s\u00e3o-atra\u00e7\u00e3o-\u00e0-parte-e1568825511322.jpg","keywords":["Acampamento Farroupilha","Passeio da Bombacha","Teut\u00f4nia"],"articleSection":["Destaques","Geral"],"inLanguage":"pt-BR","potentialAction":[{"@type":"CommentAction","name":"Comment","target":["https:\/\/folhapopular.info\/index.php\/2019\/09\/18\/passeio-da-bombacha-deve-reunir-mais-de-350-cavalarianos-nesta-sexta-feira-em-teutonia\/#respond"]}]},{"@type":"WebPage","@id":"https:\/\/folhapopular.info\/index.php\/2019\/09\/18\/passeio-da-bombacha-deve-reunir-mais-de-350-cavalarianos-nesta-sexta-feira-em-teutonia\/","url":"https:\/\/folhapopular.info\/index.php\/2019\/09\/18\/passeio-da-bombacha-deve-reunir-mais-de-350-cavalarianos-nesta-sexta-feira-em-teutonia\/","name":"Passeio da Bombacha deve reunir mais de 350 cavalarianos nesta sexta-feira em Teut\u00f4nia - Folha Popular","isPartOf":{"@id":"https:\/\/folhapopular.info\/#website"},"primaryImageOfPage":{"@id":"https:\/\/folhapopular.info\/index.php\/2019\/09\/18\/passeio-da-bombacha-deve-reunir-mais-de-350-cavalarianos-nesta-sexta-feira-em-teutonia\/#primaryimage"},"image":{"@id":"https:\/\/folhapopular.info\/index.php\/2019\/09\/18\/passeio-da-bombacha-deve-reunir-mais-de-350-cavalarianos-nesta-sexta-feira-em-teutonia\/#primaryimage"},"thumbnailUrl":"https:\/\/folhapopular.info\/wp-content\/uploads\/2019\/09\/Cavalarianos-s\u00e3o-atra\u00e7\u00e3o-\u00e0-parte-e1568825511322.jpg","datePublished":"2019-09-18T16:52:36+00:00","dateModified":"2019-09-18T16:54:01+00:00","author":{"@id":"https:\/\/folhapopular.info\/#\/schema\/person\/2814e8a0df7643585a9ca38bc6eb9d4b"},"breadcrumb":{"@id":"https:\/\/folhapopular.info\/index.php\/2019\/09\/18\/passeio-da-bombacha-deve-reunir-mais-de-350-cavalarianos-nesta-sexta-feira-em-teutonia\/#breadcrumb"},"inLanguage":"pt-BR","potentialAction":[{"@type":"ReadAction","target":["https:\/\/folhapopular.info\/index.php\/2019\/09\/18\/passeio-da-bombacha-deve-reunir-mais-de-350-cavalarianos-nesta-sexta-feira-em-teutonia\/"]}]},{"@type":"ImageObject","inLanguage":"pt-BR","@id":"https:\/\/folhapopular.info\/index.php\/2019\/09\/18\/passeio-da-bombacha-deve-reunir-mais-de-350-cavalarianos-nesta-sexta-feira-em-teutonia\/#primaryimage","url":"https:\/\/folhapopular.info\/wp-content\/uploads\/2019\/09\/Cavalarianos-s\u00e3o-atra\u00e7\u00e3o-\u00e0-parte-e1568825511322.jpg","contentUrl":"https:\/\/folhapopular.info\/wp-content\/uploads\/2019\/09\/Cavalarianos-s\u00e3o-atra\u00e7\u00e3o-\u00e0-parte-e1568825511322.jpg","width":800,"height":533,"caption":"Cavalarianos s\u00e3o atra\u00e7\u00e3o \u00e0 parte \/ Cr\u00e9dito da foto: Matheus Prates\/Arquivo\/Divulga\u00e7\u00e3o"},{"@type":"BreadcrumbList","@id":"https:\/\/folhapopular.info\/index.php\/2019\/09\/18\/passeio-da-bombacha-deve-reunir-mais-de-350-cavalarianos-nesta-sexta-feira-em-teutonia\/#breadcrumb","itemListElement":[{"@type":"ListItem","position":1,"name":"In\u00edcio","item":"https:\/\/folhapopular.info\/"},{"@type":"ListItem","position":2,"name":"Passeio da Bombacha deve reunir mais de 350 cavalarianos nesta sexta-feira em Teut\u00f4nia"}]},{"@type":"WebSite","@id":"https:\/\/folhapopular.info\/#website","url":"https:\/\/folhapopular.info\/","name":"Folha Popular","description":"Onde voc\u00ea tem vez e voz","potentialAction":[{"@type":"SearchAction","target":{"@type":"EntryPoint","urlTemplate":"https:\/\/folhapopular.info\/?s={search_term_string}"},"query-input":{"@type":"PropertyValueSpecification","valueRequired":true,"valueName":"search_term_string"}}],"inLanguage":"pt-BR"},{"@type":"Person","@id":"https:\/\/folhapopular.info\/#\/schema\/person\/2814e8a0df7643585a9ca38bc6eb9d4b","name":"Reda\u00e7\u00e3o Folha Popular","image":{"@type":"ImageObject","inLanguage":"pt-BR","@id":"https:\/\/folhapopular.info\/wp-content\/uploads\/2026\/04\/Folha-1.webp","url":"https:\/\/folhapopular.info\/wp-content\/uploads\/2026\/04\/Folha-1.webp","contentUrl":"https:\/\/folhapopular.info\/wp-content\/uploads\/2026\/04\/Folha-1.webp","caption":"Reda\u00e7\u00e3o Folha Popular"},"url":"https:\/\/folhapopular.info\/index.php\/author\/redacao\/"}]}},"jetpack_featured_media_url":"https:\/\/folhapopular.info\/wp-content\/uploads\/2019\/09\/Cavalarianos-s\u00e3o-atra\u00e7\u00e3o-\u00e0-parte-e1568825511322.jpg","jetpack_sharing_enabled":true,"amp_enabled":true,"_links":{"self":[{"href":"https:\/\/folhapopular.info\/index.php\/wp-json\/wp\/v2\/posts\/58955","targetHints":{"allow":["GET"]}}],"collection":[{"href":"https:\/\/folhapopular.info\/index.php\/wp-json\/wp\/v2\/posts"}],"about":[{"href":"https:\/\/folhapopular.info\/index.php\/wp-json\/wp\/v2\/types\/post"}],"author":[{"embeddable":true,"href":"https:\/\/folhapopular.info\/index.php\/wp-json\/wp\/v2\/users\/8"}],"replies":[{"embeddable":true,"href":"https:\/\/folhapopular.info\/index.php\/wp-json\/wp\/v2\/comments?post=58955"}],"version-history":[{"count":0,"href":"https:\/\/folhapopular.info\/index.php\/wp-json\/wp\/v2\/posts\/58955\/revisions"}],"wp:featuredmedia":[{"embeddable":true,"href":"https:\/\/folhapopular.info\/index.php\/wp-json\/wp\/v2\/media\/58956"}],"wp:attachment":[{"href":"https:\/\/folhapopular.info\/index.php\/wp-json\/wp\/v2\/media?parent=58955"}],"wp:term":[{"taxonomy":"category","embeddable":true,"href":"https:\/\/folhapopular.info\/index.php\/wp-json\/wp\/v2\/categories?post=58955"},{"taxonomy":"post_tag","embeddable":true,"href":"https:\/\/folhapopular.info\/index.php\/wp-json\/wp\/v2\/tags?post=58955"}],"curies":[{"name":"wp","href":"https:\/\/api.w.org\/{rel}","templated":true}]}}