{"id":58959,"date":"2019-09-18T15:00:36","date_gmt":"2019-09-18T18:00:36","guid":{"rendered":"http:\/\/folhapopular.info\/?p=58959"},"modified":"2019-09-18T14:07:05","modified_gmt":"2019-09-18T17:07:05","slug":"feira-de-cursos-da-univates-tera-oficinas-para-experimentar-as-diferentes-profissoes","status":"publish","type":"post","link":"https:\/\/folhapopular.info\/index.php\/2019\/09\/18\/feira-de-cursos-da-univates-tera-oficinas-para-experimentar-as-diferentes-profissoes\/","title":{"rendered":"Feira de Cursos da Univates ter\u00e1 oficinas para experimentar as diferentes profiss\u00f5es"},"content":{"rendered":"\n<p>Os participantes da Feira de Cursos, al\u00e9m de conhecer a estrutura da Universidade do Vale do Taquari &#8211; Univates, poder\u00e3o experimentar por meio de oficinas como \u00e9 o dia a dia das profiss\u00f5es dos cursos de gradua\u00e7\u00e3o e t\u00e9cnicos oferecidos pela Institui\u00e7\u00e3o. Ser\u00e3o mais de 70 atividades para que os visitantes possam conhecer as \u00e1reas de atua\u00e7\u00e3o profissional.\u00a0<\/p>\n\n\n\n<p>O evento ocorre no dia 22 de outubro, nos turnos da manh\u00e3 e da noite, no <em>campus <\/em>da Univates. Cada aluno \u00e9 respons\u00e1vel por sua inscri\u00e7\u00e3o, que pode ser feita pelo <a rel=\"noreferrer noopener\" href=\"https:\/\/www.univates.br\/feiradecursos\/\" target=\"_blank\"><em>site<\/em><\/a> da Feira. Da mesma forma, cada professor precisa realizar sua inscri\u00e7\u00e3o individualmente, indicando qual escola representa. Quem j\u00e1 concluiu o Ensino M\u00e9dio e tem interesse em acompanhar a Feira de Cursos ou acompanhantes e respons\u00e1veis por alunos tamb\u00e9m devem se inscrever de forma online<em> <\/em>no bot\u00e3o \u201cInscri\u00e7\u00e3o p\u00fablico geral\u201d.<\/p>\n\n\n\n<p>Mais informa\u00e7\u00f5es pelo telefone 0800 7 07 08 09 ou pelo <em>e-mail<\/em> <a rel=\"noreferrer noopener\" href=\"mailto:feiradecursos@univates.br\" target=\"_blank\">feiradecursos@univates.br<\/a>.<\/p>\n\n\n\n<p><strong>Ainda em d\u00favida?&nbsp;<\/strong><\/p>\n\n\n\n<p>Para quem ainda tem d\u00favidas sobre qual carreira seguir ser\u00e1 ofertado o Teste Vocacional, nos seguintes hor\u00e1rios e locais:<\/p>\n\n\n\n<p>8h45min &#8211; Audit\u00f3rio do Pr\u00e9dio 7<\/p>\n\n\n\n<p>9h &#8211; Audit\u00f3rio do Pr\u00e9dio 11<\/p>\n\n\n\n<p>9h45min &#8211; Audit\u00f3rio do Pr\u00e9dio 7<\/p>\n\n\n\n<p>10h &#8211; Audit\u00f3rio do Pr\u00e9dio 11<\/p>\n\n\n\n<p>19h30min &#8211; Audit\u00f3rio do Pr\u00e9dio 7<\/p>\n\n\n\n<p>19h45min &#8211; Audit\u00f3rio do Pr\u00e9dio 11<\/p>\n\n\n\n<p>20h30min &#8211; Audit\u00f3rio do Pr\u00e9dio 7<\/p>\n\n\n\n<p>20h45min &#8211; Audit\u00f3rio do Pr\u00e9dio 11<br><\/p>\n\n\n\n<p><strong>Saiba mais&nbsp;<\/strong><\/p>\n\n\n\n<p>Durante a programa\u00e7\u00e3o, haver\u00e1 espa\u00e7o com divulga\u00e7\u00e3o de informa\u00e7\u00f5es sobre servi\u00e7os dispon\u00edveis aos estudantes, como a plataforma de Carreira da Univates, a Central de Carreiras, interc\u00e2mbio, Credivates, entre outros.<\/p>\n","protected":false},"excerpt":{"rendered":"<p>Os participantes da Feira de Cursos, al\u00e9m de conhecer a estrutura da Universidade do Vale do Taquari &#8211; Univates, poder\u00e3o experimentar por meio de oficinas como \u00e9 o dia a dia das profiss\u00f5es dos cursos de gradua\u00e7\u00e3o e t\u00e9cnicos oferecidos pela Institui\u00e7\u00e3o. Ser\u00e3o mais de 70 atividades para que os visitantes possam conhecer as \u00e1reas [&hellip;]<\/p>\n","protected":false},"author":8,"featured_media":58960,"comment_status":"open","ping_status":"open","sticky":false,"template":"","format":"standard","meta":{"pmpro_default_level":"","_jetpack_memberships_contains_paid_content":false,"footnotes":""},"categories":[6],"tags":[5019,27,83],"class_list":{"0":"post-58959","1":"post","2":"type-post","3":"status-publish","4":"format-standard","5":"has-post-thumbnail","7":"category-inclusive","8":"tag-feira-de-curso","9":"tag-lajeado","10":"tag-univates","11":"pmpro-has-access"},"yoast_head":"<!-- This site is optimized with the Yoast SEO plugin v27.5 - https:\/\/yoast.com\/product\/yoast-seo-wordpress\/ -->\n<title>Feira de Cursos da Univates ter\u00e1 oficinas para experimentar as diferentes profiss\u00f5es - Folha Popular<\/title>\n<meta name=\"robots\" content=\"index, follow, max-snippet:-1, max-image-preview:large, max-video-preview:-1\" \/>\n<link rel=\"canonical\" href=\"https:\/\/folhapopular.info\/index.php\/2019\/09\/18\/feira-de-cursos-da-univates-tera-oficinas-para-experimentar-as-diferentes-profissoes\/\" \/>\n<meta property=\"og:locale\" content=\"pt_BR\" \/>\n<meta property=\"og:type\" content=\"article\" \/>\n<meta property=\"og:title\" content=\"Feira de Cursos da Univates ter\u00e1 oficinas para experimentar as diferentes profiss\u00f5es - Folha Popular\" \/>\n<meta property=\"og:description\" content=\"Os participantes da Feira de Cursos, al\u00e9m de conhecer a estrutura da Universidade do Vale do Taquari &#8211; Univates, poder\u00e3o experimentar por meio de oficinas como \u00e9 o dia a dia das profiss\u00f5es dos cursos de gradua\u00e7\u00e3o e t\u00e9cnicos oferecidos pela Institui\u00e7\u00e3o. Ser\u00e3o mais de 70 atividades para que os visitantes possam conhecer as \u00e1reas [&hellip;]\" \/>\n<meta property=\"og:url\" content=\"https:\/\/folhapopular.info\/index.php\/2019\/09\/18\/feira-de-cursos-da-univates-tera-oficinas-para-experimentar-as-diferentes-profissoes\/\" \/>\n<meta property=\"og:site_name\" content=\"Folha Popular\" \/>\n<meta property=\"article:published_time\" content=\"2019-09-18T18:00:36+00:00\" \/>\n<meta property=\"og:image\" content=\"https:\/\/folhapopular.info\/wp-content\/uploads\/2019\/09\/tecnicos-e1568826259947.jpg\" \/>\n\t<meta property=\"og:image:width\" content=\"800\" \/>\n\t<meta property=\"og:image:height\" content=\"533\" \/>\n\t<meta property=\"og:image:type\" content=\"image\/jpeg\" \/>\n<meta name=\"author\" content=\"Reda\u00e7\u00e3o Folha Popular\" \/>\n<meta name=\"twitter:card\" content=\"summary_large_image\" \/>\n<meta name=\"twitter:label1\" content=\"Escrito por\" \/>\n\t<meta name=\"twitter:data1\" content=\"Reda\u00e7\u00e3o Folha Popular\" \/>\n\t<meta name=\"twitter:label2\" content=\"Est. tempo de leitura\" \/>\n\t<meta name=\"twitter:data2\" content=\"1 minuto\" \/>\n<script type=\"application\/ld+json\" class=\"yoast-schema-graph\">{\"@context\":\"https:\\\/\\\/schema.org\",\"@graph\":[{\"@type\":\"Article\",\"@id\":\"https:\\\/\\\/folhapopular.info\\\/index.php\\\/2019\\\/09\\\/18\\\/feira-de-cursos-da-univates-tera-oficinas-para-experimentar-as-diferentes-profissoes\\\/#article\",\"isPartOf\":{\"@id\":\"https:\\\/\\\/folhapopular.info\\\/index.php\\\/2019\\\/09\\\/18\\\/feira-de-cursos-da-univates-tera-oficinas-para-experimentar-as-diferentes-profissoes\\\/\"},\"author\":{\"name\":\"Reda\u00e7\u00e3o Folha Popular\",\"@id\":\"https:\\\/\\\/folhapopular.info\\\/#\\\/schema\\\/person\\\/2814e8a0df7643585a9ca38bc6eb9d4b\"},\"headline\":\"Feira de Cursos da Univates ter\u00e1 oficinas para experimentar as diferentes profiss\u00f5es\",\"datePublished\":\"2019-09-18T18:00:36+00:00\",\"mainEntityOfPage\":{\"@id\":\"https:\\\/\\\/folhapopular.info\\\/index.php\\\/2019\\\/09\\\/18\\\/feira-de-cursos-da-univates-tera-oficinas-para-experimentar-as-diferentes-profissoes\\\/\"},\"wordCount\":303,\"commentCount\":0,\"image\":{\"@id\":\"https:\\\/\\\/folhapopular.info\\\/index.php\\\/2019\\\/09\\\/18\\\/feira-de-cursos-da-univates-tera-oficinas-para-experimentar-as-diferentes-profissoes\\\/#primaryimage\"},\"thumbnailUrl\":\"https:\\\/\\\/folhapopular.info\\\/wp-content\\\/uploads\\\/2019\\\/09\\\/tecnicos-e1568826259947.jpg\",\"keywords\":[\"Feira de Curso\",\"Lajeado\",\"Univates\"],\"articleSection\":[\"Inclusive\"],\"inLanguage\":\"pt-BR\",\"potentialAction\":[{\"@type\":\"CommentAction\",\"name\":\"Comment\",\"target\":[\"https:\\\/\\\/folhapopular.info\\\/index.php\\\/2019\\\/09\\\/18\\\/feira-de-cursos-da-univates-tera-oficinas-para-experimentar-as-diferentes-profissoes\\\/#respond\"]}]},{\"@type\":\"WebPage\",\"@id\":\"https:\\\/\\\/folhapopular.info\\\/index.php\\\/2019\\\/09\\\/18\\\/feira-de-cursos-da-univates-tera-oficinas-para-experimentar-as-diferentes-profissoes\\\/\",\"url\":\"https:\\\/\\\/folhapopular.info\\\/index.php\\\/2019\\\/09\\\/18\\\/feira-de-cursos-da-univates-tera-oficinas-para-experimentar-as-diferentes-profissoes\\\/\",\"name\":\"Feira de Cursos da Univates ter\u00e1 oficinas para experimentar as diferentes profiss\u00f5es - Folha Popular\",\"isPartOf\":{\"@id\":\"https:\\\/\\\/folhapopular.info\\\/#website\"},\"primaryImageOfPage\":{\"@id\":\"https:\\\/\\\/folhapopular.info\\\/index.php\\\/2019\\\/09\\\/18\\\/feira-de-cursos-da-univates-tera-oficinas-para-experimentar-as-diferentes-profissoes\\\/#primaryimage\"},\"image\":{\"@id\":\"https:\\\/\\\/folhapopular.info\\\/index.php\\\/2019\\\/09\\\/18\\\/feira-de-cursos-da-univates-tera-oficinas-para-experimentar-as-diferentes-profissoes\\\/#primaryimage\"},\"thumbnailUrl\":\"https:\\\/\\\/folhapopular.info\\\/wp-content\\\/uploads\\\/2019\\\/09\\\/tecnicos-e1568826259947.jpg\",\"datePublished\":\"2019-09-18T18:00:36+00:00\",\"author\":{\"@id\":\"https:\\\/\\\/folhapopular.info\\\/#\\\/schema\\\/person\\\/2814e8a0df7643585a9ca38bc6eb9d4b\"},\"breadcrumb\":{\"@id\":\"https:\\\/\\\/folhapopular.info\\\/index.php\\\/2019\\\/09\\\/18\\\/feira-de-cursos-da-univates-tera-oficinas-para-experimentar-as-diferentes-profissoes\\\/#breadcrumb\"},\"inLanguage\":\"pt-BR\",\"potentialAction\":[{\"@type\":\"ReadAction\",\"target\":[\"https:\\\/\\\/folhapopular.info\\\/index.php\\\/2019\\\/09\\\/18\\\/feira-de-cursos-da-univates-tera-oficinas-para-experimentar-as-diferentes-profissoes\\\/\"]}]},{\"@type\":\"ImageObject\",\"inLanguage\":\"pt-BR\",\"@id\":\"https:\\\/\\\/folhapopular.info\\\/index.php\\\/2019\\\/09\\\/18\\\/feira-de-cursos-da-univates-tera-oficinas-para-experimentar-as-diferentes-profissoes\\\/#primaryimage\",\"url\":\"https:\\\/\\\/folhapopular.info\\\/wp-content\\\/uploads\\\/2019\\\/09\\\/tecnicos-e1568826259947.jpg\",\"contentUrl\":\"https:\\\/\\\/folhapopular.info\\\/wp-content\\\/uploads\\\/2019\\\/09\\\/tecnicos-e1568826259947.jpg\",\"width\":800,\"height\":533},{\"@type\":\"BreadcrumbList\",\"@id\":\"https:\\\/\\\/folhapopular.info\\\/index.php\\\/2019\\\/09\\\/18\\\/feira-de-cursos-da-univates-tera-oficinas-para-experimentar-as-diferentes-profissoes\\\/#breadcrumb\",\"itemListElement\":[{\"@type\":\"ListItem\",\"position\":1,\"name\":\"In\u00edcio\",\"item\":\"https:\\\/\\\/folhapopular.info\\\/\"},{\"@type\":\"ListItem\",\"position\":2,\"name\":\"Feira de Cursos da Univates ter\u00e1 oficinas para experimentar as diferentes profiss\u00f5es\"}]},{\"@type\":\"WebSite\",\"@id\":\"https:\\\/\\\/folhapopular.info\\\/#website\",\"url\":\"https:\\\/\\\/folhapopular.info\\\/\",\"name\":\"Folha Popular\",\"description\":\"Onde voc\u00ea tem vez e voz\",\"potentialAction\":[{\"@type\":\"SearchAction\",\"target\":{\"@type\":\"EntryPoint\",\"urlTemplate\":\"https:\\\/\\\/folhapopular.info\\\/?s={search_term_string}\"},\"query-input\":{\"@type\":\"PropertyValueSpecification\",\"valueRequired\":true,\"valueName\":\"search_term_string\"}}],\"inLanguage\":\"pt-BR\"},{\"@type\":\"Person\",\"@id\":\"https:\\\/\\\/folhapopular.info\\\/#\\\/schema\\\/person\\\/2814e8a0df7643585a9ca38bc6eb9d4b\",\"name\":\"Reda\u00e7\u00e3o Folha Popular\",\"image\":{\"@type\":\"ImageObject\",\"inLanguage\":\"pt-BR\",\"@id\":\"https:\\\/\\\/folhapopular.info\\\/wp-content\\\/uploads\\\/2026\\\/04\\\/Folha-1.webp\",\"url\":\"https:\\\/\\\/folhapopular.info\\\/wp-content\\\/uploads\\\/2026\\\/04\\\/Folha-1.webp\",\"contentUrl\":\"https:\\\/\\\/folhapopular.info\\\/wp-content\\\/uploads\\\/2026\\\/04\\\/Folha-1.webp\",\"caption\":\"Reda\u00e7\u00e3o Folha Popular\"},\"url\":\"https:\\\/\\\/folhapopular.info\\\/index.php\\\/author\\\/redacao\\\/\"}]}<\/script>\n<!-- \/ Yoast SEO plugin. -->","yoast_head_json":{"title":"Feira de Cursos da Univates ter\u00e1 oficinas para experimentar as diferentes profiss\u00f5es - Folha Popular","robots":{"index":"index","follow":"follow","max-snippet":"max-snippet:-1","max-image-preview":"max-image-preview:large","max-video-preview":"max-video-preview:-1"},"canonical":"https:\/\/folhapopular.info\/index.php\/2019\/09\/18\/feira-de-cursos-da-univates-tera-oficinas-para-experimentar-as-diferentes-profissoes\/","og_locale":"pt_BR","og_type":"article","og_title":"Feira de Cursos da Univates ter\u00e1 oficinas para experimentar as diferentes profiss\u00f5es - Folha Popular","og_description":"Os participantes da Feira de Cursos, al\u00e9m de conhecer a estrutura da Universidade do Vale do Taquari &#8211; Univates, poder\u00e3o experimentar por meio de oficinas como \u00e9 o dia a dia das profiss\u00f5es dos cursos de gradua\u00e7\u00e3o e t\u00e9cnicos oferecidos pela Institui\u00e7\u00e3o. Ser\u00e3o mais de 70 atividades para que os visitantes possam conhecer as \u00e1reas [&hellip;]","og_url":"https:\/\/folhapopular.info\/index.php\/2019\/09\/18\/feira-de-cursos-da-univates-tera-oficinas-para-experimentar-as-diferentes-profissoes\/","og_site_name":"Folha Popular","article_published_time":"2019-09-18T18:00:36+00:00","og_image":[{"width":800,"height":533,"url":"https:\/\/folhapopular.info\/wp-content\/uploads\/2019\/09\/tecnicos-e1568826259947.jpg","type":"image\/jpeg"}],"author":"Reda\u00e7\u00e3o Folha Popular","twitter_card":"summary_large_image","twitter_misc":{"Escrito por":"Reda\u00e7\u00e3o Folha Popular","Est. tempo de leitura":"1 minuto"},"schema":{"@context":"https:\/\/schema.org","@graph":[{"@type":"Article","@id":"https:\/\/folhapopular.info\/index.php\/2019\/09\/18\/feira-de-cursos-da-univates-tera-oficinas-para-experimentar-as-diferentes-profissoes\/#article","isPartOf":{"@id":"https:\/\/folhapopular.info\/index.php\/2019\/09\/18\/feira-de-cursos-da-univates-tera-oficinas-para-experimentar-as-diferentes-profissoes\/"},"author":{"name":"Reda\u00e7\u00e3o Folha Popular","@id":"https:\/\/folhapopular.info\/#\/schema\/person\/2814e8a0df7643585a9ca38bc6eb9d4b"},"headline":"Feira de Cursos da Univates ter\u00e1 oficinas para experimentar as diferentes profiss\u00f5es","datePublished":"2019-09-18T18:00:36+00:00","mainEntityOfPage":{"@id":"https:\/\/folhapopular.info\/index.php\/2019\/09\/18\/feira-de-cursos-da-univates-tera-oficinas-para-experimentar-as-diferentes-profissoes\/"},"wordCount":303,"commentCount":0,"image":{"@id":"https:\/\/folhapopular.info\/index.php\/2019\/09\/18\/feira-de-cursos-da-univates-tera-oficinas-para-experimentar-as-diferentes-profissoes\/#primaryimage"},"thumbnailUrl":"https:\/\/folhapopular.info\/wp-content\/uploads\/2019\/09\/tecnicos-e1568826259947.jpg","keywords":["Feira de Curso","Lajeado","Univates"],"articleSection":["Inclusive"],"inLanguage":"pt-BR","potentialAction":[{"@type":"CommentAction","name":"Comment","target":["https:\/\/folhapopular.info\/index.php\/2019\/09\/18\/feira-de-cursos-da-univates-tera-oficinas-para-experimentar-as-diferentes-profissoes\/#respond"]}]},{"@type":"WebPage","@id":"https:\/\/folhapopular.info\/index.php\/2019\/09\/18\/feira-de-cursos-da-univates-tera-oficinas-para-experimentar-as-diferentes-profissoes\/","url":"https:\/\/folhapopular.info\/index.php\/2019\/09\/18\/feira-de-cursos-da-univates-tera-oficinas-para-experimentar-as-diferentes-profissoes\/","name":"Feira de Cursos da Univates ter\u00e1 oficinas para experimentar as diferentes profiss\u00f5es - Folha Popular","isPartOf":{"@id":"https:\/\/folhapopular.info\/#website"},"primaryImageOfPage":{"@id":"https:\/\/folhapopular.info\/index.php\/2019\/09\/18\/feira-de-cursos-da-univates-tera-oficinas-para-experimentar-as-diferentes-profissoes\/#primaryimage"},"image":{"@id":"https:\/\/folhapopular.info\/index.php\/2019\/09\/18\/feira-de-cursos-da-univates-tera-oficinas-para-experimentar-as-diferentes-profissoes\/#primaryimage"},"thumbnailUrl":"https:\/\/folhapopular.info\/wp-content\/uploads\/2019\/09\/tecnicos-e1568826259947.jpg","datePublished":"2019-09-18T18:00:36+00:00","author":{"@id":"https:\/\/folhapopular.info\/#\/schema\/person\/2814e8a0df7643585a9ca38bc6eb9d4b"},"breadcrumb":{"@id":"https:\/\/folhapopular.info\/index.php\/2019\/09\/18\/feira-de-cursos-da-univates-tera-oficinas-para-experimentar-as-diferentes-profissoes\/#breadcrumb"},"inLanguage":"pt-BR","potentialAction":[{"@type":"ReadAction","target":["https:\/\/folhapopular.info\/index.php\/2019\/09\/18\/feira-de-cursos-da-univates-tera-oficinas-para-experimentar-as-diferentes-profissoes\/"]}]},{"@type":"ImageObject","inLanguage":"pt-BR","@id":"https:\/\/folhapopular.info\/index.php\/2019\/09\/18\/feira-de-cursos-da-univates-tera-oficinas-para-experimentar-as-diferentes-profissoes\/#primaryimage","url":"https:\/\/folhapopular.info\/wp-content\/uploads\/2019\/09\/tecnicos-e1568826259947.jpg","contentUrl":"https:\/\/folhapopular.info\/wp-content\/uploads\/2019\/09\/tecnicos-e1568826259947.jpg","width":800,"height":533},{"@type":"BreadcrumbList","@id":"https:\/\/folhapopular.info\/index.php\/2019\/09\/18\/feira-de-cursos-da-univates-tera-oficinas-para-experimentar-as-diferentes-profissoes\/#breadcrumb","itemListElement":[{"@type":"ListItem","position":1,"name":"In\u00edcio","item":"https:\/\/folhapopular.info\/"},{"@type":"ListItem","position":2,"name":"Feira de Cursos da Univates ter\u00e1 oficinas para experimentar as diferentes profiss\u00f5es"}]},{"@type":"WebSite","@id":"https:\/\/folhapopular.info\/#website","url":"https:\/\/folhapopular.info\/","name":"Folha Popular","description":"Onde voc\u00ea tem vez e voz","potentialAction":[{"@type":"SearchAction","target":{"@type":"EntryPoint","urlTemplate":"https:\/\/folhapopular.info\/?s={search_term_string}"},"query-input":{"@type":"PropertyValueSpecification","valueRequired":true,"valueName":"search_term_string"}}],"inLanguage":"pt-BR"},{"@type":"Person","@id":"https:\/\/folhapopular.info\/#\/schema\/person\/2814e8a0df7643585a9ca38bc6eb9d4b","name":"Reda\u00e7\u00e3o Folha Popular","image":{"@type":"ImageObject","inLanguage":"pt-BR","@id":"https:\/\/folhapopular.info\/wp-content\/uploads\/2026\/04\/Folha-1.webp","url":"https:\/\/folhapopular.info\/wp-content\/uploads\/2026\/04\/Folha-1.webp","contentUrl":"https:\/\/folhapopular.info\/wp-content\/uploads\/2026\/04\/Folha-1.webp","caption":"Reda\u00e7\u00e3o Folha Popular"},"url":"https:\/\/folhapopular.info\/index.php\/author\/redacao\/"}]}},"jetpack_featured_media_url":"https:\/\/folhapopular.info\/wp-content\/uploads\/2019\/09\/tecnicos-e1568826259947.jpg","jetpack_sharing_enabled":true,"amp_enabled":true,"_links":{"self":[{"href":"https:\/\/folhapopular.info\/index.php\/wp-json\/wp\/v2\/posts\/58959","targetHints":{"allow":["GET"]}}],"collection":[{"href":"https:\/\/folhapopular.info\/index.php\/wp-json\/wp\/v2\/posts"}],"about":[{"href":"https:\/\/folhapopular.info\/index.php\/wp-json\/wp\/v2\/types\/post"}],"author":[{"embeddable":true,"href":"https:\/\/folhapopular.info\/index.php\/wp-json\/wp\/v2\/users\/8"}],"replies":[{"embeddable":true,"href":"https:\/\/folhapopular.info\/index.php\/wp-json\/wp\/v2\/comments?post=58959"}],"version-history":[{"count":0,"href":"https:\/\/folhapopular.info\/index.php\/wp-json\/wp\/v2\/posts\/58959\/revisions"}],"wp:featuredmedia":[{"embeddable":true,"href":"https:\/\/folhapopular.info\/index.php\/wp-json\/wp\/v2\/media\/58960"}],"wp:attachment":[{"href":"https:\/\/folhapopular.info\/index.php\/wp-json\/wp\/v2\/media?parent=58959"}],"wp:term":[{"taxonomy":"category","embeddable":true,"href":"https:\/\/folhapopular.info\/index.php\/wp-json\/wp\/v2\/categories?post=58959"},{"taxonomy":"post_tag","embeddable":true,"href":"https:\/\/folhapopular.info\/index.php\/wp-json\/wp\/v2\/tags?post=58959"}],"curies":[{"name":"wp","href":"https:\/\/api.w.org\/{rel}","templated":true}]}}