{"id":59174,"date":"2019-09-26T13:20:51","date_gmt":"2019-09-26T16:20:51","guid":{"rendered":"http:\/\/folhapopular.info\/?p=59174"},"modified":"2019-09-26T11:33:07","modified_gmt":"2019-09-26T14:33:07","slug":"assinada-convencao-coletiva-para-os-empregados-do-comercio-varejista-de-teutonia-e-municipios-vizinhos","status":"publish","type":"post","link":"https:\/\/folhapopular.info\/index.php\/2019\/09\/26\/assinada-convencao-coletiva-para-os-empregados-do-comercio-varejista-de-teutonia-e-municipios-vizinhos\/","title":{"rendered":"Assinada conven\u00e7\u00e3o coletiva para os empregados do com\u00e9rcio varejista de Teut\u00f4nia e munic\u00edpios vizinhos"},"content":{"rendered":"\n<p> O Sindilojas Vale do Taquari e o Sindicato dos Trabalhadores no Com\u00e9rcio de Taquari assinaram a conven\u00e7\u00e3o coletiva de 2019, a qual abrange o per\u00edodo de 1\u00ba de mar\u00e7o de 2019 a 29 de fevereiro de 2020, tendo como data-base da categoria o dia 1\u00ba de mar\u00e7o. O acordo definiu o \u00edndice de reajuste em 3,94% e compreende os empregados do com\u00e9rcio varejista de Bom Retiro do Sul, Colinas, Fazenda Vilanova, Imigrante, Teut\u00f4nia e Westf\u00e1lia. <\/p>\n\n\n\n<p>Os sal\u00e1rios m\u00ednimos profissionais variam de acordo com a fun\u00e7\u00e3o desempenhada. Para os empregados em geral e os comissionados ser\u00e1 de R$ 1.304,45, enquanto que para os encarregados dos servi\u00e7os de limpeza ser\u00e1 de R$ 1.257,67. Para os office-boys estipulou-se o valor m\u00ednimo de R$ 993,67. A corre\u00e7\u00e3o dever\u00e1 ser paga com os sal\u00e1rios de setembro, retroativo a mar\u00e7o, at\u00e9 no m\u00e1ximo o quinto dia \u00fatil de outubro. Trabalhadores que ingressaram na empresa ap\u00f3s a data-base negociada ter\u00e3o reajuste proporcional ao tempo de servi\u00e7o. <\/p>\n","protected":false},"excerpt":{"rendered":"<p>O Sindilojas Vale do Taquari e o Sindicato dos Trabalhadores no Com\u00e9rcio de Taquari assinaram a conven\u00e7\u00e3o coletiva de 2019, a qual abrange o per\u00edodo de 1\u00ba de mar\u00e7o de 2019 a 29 de fevereiro de 2020, tendo como data-base da categoria o dia 1\u00ba de mar\u00e7o. O acordo definiu o \u00edndice de reajuste em [&hellip;]<\/p>\n","protected":false},"author":8,"featured_media":58538,"comment_status":"open","ping_status":"open","sticky":false,"template":"","format":"standard","meta":{"pmpro_default_level":"","_jetpack_memberships_contains_paid_content":false,"footnotes":""},"categories":[2,3],"tags":[1500,26],"class_list":{"0":"post-59174","1":"post","2":"type-post","3":"status-publish","4":"format-standard","5":"has-post-thumbnail","7":"category-featured","8":"category-geral","9":"tag-convencao-coletiva","10":"tag-teutonia","11":"pmpro-has-access"},"yoast_head":"<!-- This site is optimized with the Yoast SEO plugin v27.5 - https:\/\/yoast.com\/product\/yoast-seo-wordpress\/ -->\n<title>Assinada conven\u00e7\u00e3o coletiva para os empregados do com\u00e9rcio varejista de Teut\u00f4nia e munic\u00edpios vizinhos - Folha Popular<\/title>\n<meta name=\"robots\" content=\"index, follow, max-snippet:-1, max-image-preview:large, max-video-preview:-1\" \/>\n<link rel=\"canonical\" href=\"https:\/\/folhapopular.info\/index.php\/2019\/09\/26\/assinada-convencao-coletiva-para-os-empregados-do-comercio-varejista-de-teutonia-e-municipios-vizinhos\/\" \/>\n<meta property=\"og:locale\" content=\"pt_BR\" \/>\n<meta property=\"og:type\" content=\"article\" \/>\n<meta property=\"og:title\" content=\"Assinada conven\u00e7\u00e3o coletiva para os empregados do com\u00e9rcio varejista de Teut\u00f4nia e munic\u00edpios vizinhos - Folha Popular\" \/>\n<meta property=\"og:description\" content=\"O Sindilojas Vale do Taquari e o Sindicato dos Trabalhadores no Com\u00e9rcio de Taquari assinaram a conven\u00e7\u00e3o coletiva de 2019, a qual abrange o per\u00edodo de 1\u00ba de mar\u00e7o de 2019 a 29 de fevereiro de 2020, tendo como data-base da categoria o dia 1\u00ba de mar\u00e7o. O acordo definiu o \u00edndice de reajuste em [&hellip;]\" \/>\n<meta property=\"og:url\" content=\"https:\/\/folhapopular.info\/index.php\/2019\/09\/26\/assinada-convencao-coletiva-para-os-empregados-do-comercio-varejista-de-teutonia-e-municipios-vizinhos\/\" \/>\n<meta property=\"og:site_name\" content=\"Folha Popular\" \/>\n<meta property=\"article:published_time\" content=\"2019-09-26T16:20:51+00:00\" \/>\n<meta property=\"og:image\" content=\"https:\/\/folhapopular.info\/wp-content\/uploads\/2019\/09\/Noticias-e1567961441371.jpg\" \/>\n\t<meta property=\"og:image:width\" content=\"800\" \/>\n\t<meta property=\"og:image:height\" content=\"563\" \/>\n\t<meta property=\"og:image:type\" content=\"image\/jpeg\" \/>\n<meta name=\"author\" content=\"Reda\u00e7\u00e3o Folha Popular\" \/>\n<meta name=\"twitter:card\" content=\"summary_large_image\" \/>\n<meta name=\"twitter:label1\" content=\"Escrito por\" \/>\n\t<meta name=\"twitter:data1\" content=\"Reda\u00e7\u00e3o Folha Popular\" \/>\n\t<meta name=\"twitter:label2\" content=\"Est. tempo de leitura\" \/>\n\t<meta name=\"twitter:data2\" content=\"1 minuto\" \/>\n<script type=\"application\/ld+json\" class=\"yoast-schema-graph\">{\"@context\":\"https:\\\/\\\/schema.org\",\"@graph\":[{\"@type\":\"Article\",\"@id\":\"https:\\\/\\\/folhapopular.info\\\/index.php\\\/2019\\\/09\\\/26\\\/assinada-convencao-coletiva-para-os-empregados-do-comercio-varejista-de-teutonia-e-municipios-vizinhos\\\/#article\",\"isPartOf\":{\"@id\":\"https:\\\/\\\/folhapopular.info\\\/index.php\\\/2019\\\/09\\\/26\\\/assinada-convencao-coletiva-para-os-empregados-do-comercio-varejista-de-teutonia-e-municipios-vizinhos\\\/\"},\"author\":{\"name\":\"Reda\u00e7\u00e3o Folha Popular\",\"@id\":\"https:\\\/\\\/folhapopular.info\\\/#\\\/schema\\\/person\\\/2814e8a0df7643585a9ca38bc6eb9d4b\"},\"headline\":\"Assinada conven\u00e7\u00e3o coletiva para os empregados do com\u00e9rcio varejista de Teut\u00f4nia e munic\u00edpios vizinhos\",\"datePublished\":\"2019-09-26T16:20:51+00:00\",\"mainEntityOfPage\":{\"@id\":\"https:\\\/\\\/folhapopular.info\\\/index.php\\\/2019\\\/09\\\/26\\\/assinada-convencao-coletiva-para-os-empregados-do-comercio-varejista-de-teutonia-e-municipios-vizinhos\\\/\"},\"wordCount\":187,\"commentCount\":0,\"image\":{\"@id\":\"https:\\\/\\\/folhapopular.info\\\/index.php\\\/2019\\\/09\\\/26\\\/assinada-convencao-coletiva-para-os-empregados-do-comercio-varejista-de-teutonia-e-municipios-vizinhos\\\/#primaryimage\"},\"thumbnailUrl\":\"https:\\\/\\\/folhapopular.info\\\/wp-content\\\/uploads\\\/2019\\\/09\\\/Noticias-e1567961441371.jpg\",\"keywords\":[\"Conven\u00e7\u00e3o Coletiva\",\"Teut\u00f4nia\"],\"articleSection\":[\"Destaques\",\"Geral\"],\"inLanguage\":\"pt-BR\",\"potentialAction\":[{\"@type\":\"CommentAction\",\"name\":\"Comment\",\"target\":[\"https:\\\/\\\/folhapopular.info\\\/index.php\\\/2019\\\/09\\\/26\\\/assinada-convencao-coletiva-para-os-empregados-do-comercio-varejista-de-teutonia-e-municipios-vizinhos\\\/#respond\"]}]},{\"@type\":\"WebPage\",\"@id\":\"https:\\\/\\\/folhapopular.info\\\/index.php\\\/2019\\\/09\\\/26\\\/assinada-convencao-coletiva-para-os-empregados-do-comercio-varejista-de-teutonia-e-municipios-vizinhos\\\/\",\"url\":\"https:\\\/\\\/folhapopular.info\\\/index.php\\\/2019\\\/09\\\/26\\\/assinada-convencao-coletiva-para-os-empregados-do-comercio-varejista-de-teutonia-e-municipios-vizinhos\\\/\",\"name\":\"Assinada conven\u00e7\u00e3o coletiva para os empregados do com\u00e9rcio varejista de Teut\u00f4nia e munic\u00edpios vizinhos - Folha Popular\",\"isPartOf\":{\"@id\":\"https:\\\/\\\/folhapopular.info\\\/#website\"},\"primaryImageOfPage\":{\"@id\":\"https:\\\/\\\/folhapopular.info\\\/index.php\\\/2019\\\/09\\\/26\\\/assinada-convencao-coletiva-para-os-empregados-do-comercio-varejista-de-teutonia-e-municipios-vizinhos\\\/#primaryimage\"},\"image\":{\"@id\":\"https:\\\/\\\/folhapopular.info\\\/index.php\\\/2019\\\/09\\\/26\\\/assinada-convencao-coletiva-para-os-empregados-do-comercio-varejista-de-teutonia-e-municipios-vizinhos\\\/#primaryimage\"},\"thumbnailUrl\":\"https:\\\/\\\/folhapopular.info\\\/wp-content\\\/uploads\\\/2019\\\/09\\\/Noticias-e1567961441371.jpg\",\"datePublished\":\"2019-09-26T16:20:51+00:00\",\"author\":{\"@id\":\"https:\\\/\\\/folhapopular.info\\\/#\\\/schema\\\/person\\\/2814e8a0df7643585a9ca38bc6eb9d4b\"},\"breadcrumb\":{\"@id\":\"https:\\\/\\\/folhapopular.info\\\/index.php\\\/2019\\\/09\\\/26\\\/assinada-convencao-coletiva-para-os-empregados-do-comercio-varejista-de-teutonia-e-municipios-vizinhos\\\/#breadcrumb\"},\"inLanguage\":\"pt-BR\",\"potentialAction\":[{\"@type\":\"ReadAction\",\"target\":[\"https:\\\/\\\/folhapopular.info\\\/index.php\\\/2019\\\/09\\\/26\\\/assinada-convencao-coletiva-para-os-empregados-do-comercio-varejista-de-teutonia-e-municipios-vizinhos\\\/\"]}]},{\"@type\":\"ImageObject\",\"inLanguage\":\"pt-BR\",\"@id\":\"https:\\\/\\\/folhapopular.info\\\/index.php\\\/2019\\\/09\\\/26\\\/assinada-convencao-coletiva-para-os-empregados-do-comercio-varejista-de-teutonia-e-municipios-vizinhos\\\/#primaryimage\",\"url\":\"https:\\\/\\\/folhapopular.info\\\/wp-content\\\/uploads\\\/2019\\\/09\\\/Noticias-e1567961441371.jpg\",\"contentUrl\":\"https:\\\/\\\/folhapopular.info\\\/wp-content\\\/uploads\\\/2019\\\/09\\\/Noticias-e1567961441371.jpg\",\"width\":800,\"height\":563,\"caption\":\"Cr\u00e9dito da arte: J\u00falia Caroline Geib \\\/ Divulga\u00e7\u00e3o\"},{\"@type\":\"BreadcrumbList\",\"@id\":\"https:\\\/\\\/folhapopular.info\\\/index.php\\\/2019\\\/09\\\/26\\\/assinada-convencao-coletiva-para-os-empregados-do-comercio-varejista-de-teutonia-e-municipios-vizinhos\\\/#breadcrumb\",\"itemListElement\":[{\"@type\":\"ListItem\",\"position\":1,\"name\":\"In\u00edcio\",\"item\":\"https:\\\/\\\/folhapopular.info\\\/\"},{\"@type\":\"ListItem\",\"position\":2,\"name\":\"Assinada conven\u00e7\u00e3o coletiva para os empregados do com\u00e9rcio varejista de Teut\u00f4nia e munic\u00edpios vizinhos\"}]},{\"@type\":\"WebSite\",\"@id\":\"https:\\\/\\\/folhapopular.info\\\/#website\",\"url\":\"https:\\\/\\\/folhapopular.info\\\/\",\"name\":\"Folha Popular\",\"description\":\"Onde voc\u00ea tem vez e voz\",\"potentialAction\":[{\"@type\":\"SearchAction\",\"target\":{\"@type\":\"EntryPoint\",\"urlTemplate\":\"https:\\\/\\\/folhapopular.info\\\/?s={search_term_string}\"},\"query-input\":{\"@type\":\"PropertyValueSpecification\",\"valueRequired\":true,\"valueName\":\"search_term_string\"}}],\"inLanguage\":\"pt-BR\"},{\"@type\":\"Person\",\"@id\":\"https:\\\/\\\/folhapopular.info\\\/#\\\/schema\\\/person\\\/2814e8a0df7643585a9ca38bc6eb9d4b\",\"name\":\"Reda\u00e7\u00e3o Folha Popular\",\"image\":{\"@type\":\"ImageObject\",\"inLanguage\":\"pt-BR\",\"@id\":\"https:\\\/\\\/folhapopular.info\\\/wp-content\\\/uploads\\\/2026\\\/04\\\/Folha-1.webp\",\"url\":\"https:\\\/\\\/folhapopular.info\\\/wp-content\\\/uploads\\\/2026\\\/04\\\/Folha-1.webp\",\"contentUrl\":\"https:\\\/\\\/folhapopular.info\\\/wp-content\\\/uploads\\\/2026\\\/04\\\/Folha-1.webp\",\"caption\":\"Reda\u00e7\u00e3o Folha Popular\"},\"url\":\"https:\\\/\\\/folhapopular.info\\\/index.php\\\/author\\\/redacao\\\/\"}]}<\/script>\n<!-- \/ Yoast SEO plugin. -->","yoast_head_json":{"title":"Assinada conven\u00e7\u00e3o coletiva para os empregados do com\u00e9rcio varejista de Teut\u00f4nia e munic\u00edpios vizinhos - Folha Popular","robots":{"index":"index","follow":"follow","max-snippet":"max-snippet:-1","max-image-preview":"max-image-preview:large","max-video-preview":"max-video-preview:-1"},"canonical":"https:\/\/folhapopular.info\/index.php\/2019\/09\/26\/assinada-convencao-coletiva-para-os-empregados-do-comercio-varejista-de-teutonia-e-municipios-vizinhos\/","og_locale":"pt_BR","og_type":"article","og_title":"Assinada conven\u00e7\u00e3o coletiva para os empregados do com\u00e9rcio varejista de Teut\u00f4nia e munic\u00edpios vizinhos - Folha Popular","og_description":"O Sindilojas Vale do Taquari e o Sindicato dos Trabalhadores no Com\u00e9rcio de Taquari assinaram a conven\u00e7\u00e3o coletiva de 2019, a qual abrange o per\u00edodo de 1\u00ba de mar\u00e7o de 2019 a 29 de fevereiro de 2020, tendo como data-base da categoria o dia 1\u00ba de mar\u00e7o. O acordo definiu o \u00edndice de reajuste em [&hellip;]","og_url":"https:\/\/folhapopular.info\/index.php\/2019\/09\/26\/assinada-convencao-coletiva-para-os-empregados-do-comercio-varejista-de-teutonia-e-municipios-vizinhos\/","og_site_name":"Folha Popular","article_published_time":"2019-09-26T16:20:51+00:00","og_image":[{"width":800,"height":563,"url":"https:\/\/folhapopular.info\/wp-content\/uploads\/2019\/09\/Noticias-e1567961441371.jpg","type":"image\/jpeg"}],"author":"Reda\u00e7\u00e3o Folha Popular","twitter_card":"summary_large_image","twitter_misc":{"Escrito por":"Reda\u00e7\u00e3o Folha Popular","Est. tempo de leitura":"1 minuto"},"schema":{"@context":"https:\/\/schema.org","@graph":[{"@type":"Article","@id":"https:\/\/folhapopular.info\/index.php\/2019\/09\/26\/assinada-convencao-coletiva-para-os-empregados-do-comercio-varejista-de-teutonia-e-municipios-vizinhos\/#article","isPartOf":{"@id":"https:\/\/folhapopular.info\/index.php\/2019\/09\/26\/assinada-convencao-coletiva-para-os-empregados-do-comercio-varejista-de-teutonia-e-municipios-vizinhos\/"},"author":{"name":"Reda\u00e7\u00e3o Folha Popular","@id":"https:\/\/folhapopular.info\/#\/schema\/person\/2814e8a0df7643585a9ca38bc6eb9d4b"},"headline":"Assinada conven\u00e7\u00e3o coletiva para os empregados do com\u00e9rcio varejista de Teut\u00f4nia e munic\u00edpios vizinhos","datePublished":"2019-09-26T16:20:51+00:00","mainEntityOfPage":{"@id":"https:\/\/folhapopular.info\/index.php\/2019\/09\/26\/assinada-convencao-coletiva-para-os-empregados-do-comercio-varejista-de-teutonia-e-municipios-vizinhos\/"},"wordCount":187,"commentCount":0,"image":{"@id":"https:\/\/folhapopular.info\/index.php\/2019\/09\/26\/assinada-convencao-coletiva-para-os-empregados-do-comercio-varejista-de-teutonia-e-municipios-vizinhos\/#primaryimage"},"thumbnailUrl":"https:\/\/folhapopular.info\/wp-content\/uploads\/2019\/09\/Noticias-e1567961441371.jpg","keywords":["Conven\u00e7\u00e3o Coletiva","Teut\u00f4nia"],"articleSection":["Destaques","Geral"],"inLanguage":"pt-BR","potentialAction":[{"@type":"CommentAction","name":"Comment","target":["https:\/\/folhapopular.info\/index.php\/2019\/09\/26\/assinada-convencao-coletiva-para-os-empregados-do-comercio-varejista-de-teutonia-e-municipios-vizinhos\/#respond"]}]},{"@type":"WebPage","@id":"https:\/\/folhapopular.info\/index.php\/2019\/09\/26\/assinada-convencao-coletiva-para-os-empregados-do-comercio-varejista-de-teutonia-e-municipios-vizinhos\/","url":"https:\/\/folhapopular.info\/index.php\/2019\/09\/26\/assinada-convencao-coletiva-para-os-empregados-do-comercio-varejista-de-teutonia-e-municipios-vizinhos\/","name":"Assinada conven\u00e7\u00e3o coletiva para os empregados do com\u00e9rcio varejista de Teut\u00f4nia e munic\u00edpios vizinhos - Folha Popular","isPartOf":{"@id":"https:\/\/folhapopular.info\/#website"},"primaryImageOfPage":{"@id":"https:\/\/folhapopular.info\/index.php\/2019\/09\/26\/assinada-convencao-coletiva-para-os-empregados-do-comercio-varejista-de-teutonia-e-municipios-vizinhos\/#primaryimage"},"image":{"@id":"https:\/\/folhapopular.info\/index.php\/2019\/09\/26\/assinada-convencao-coletiva-para-os-empregados-do-comercio-varejista-de-teutonia-e-municipios-vizinhos\/#primaryimage"},"thumbnailUrl":"https:\/\/folhapopular.info\/wp-content\/uploads\/2019\/09\/Noticias-e1567961441371.jpg","datePublished":"2019-09-26T16:20:51+00:00","author":{"@id":"https:\/\/folhapopular.info\/#\/schema\/person\/2814e8a0df7643585a9ca38bc6eb9d4b"},"breadcrumb":{"@id":"https:\/\/folhapopular.info\/index.php\/2019\/09\/26\/assinada-convencao-coletiva-para-os-empregados-do-comercio-varejista-de-teutonia-e-municipios-vizinhos\/#breadcrumb"},"inLanguage":"pt-BR","potentialAction":[{"@type":"ReadAction","target":["https:\/\/folhapopular.info\/index.php\/2019\/09\/26\/assinada-convencao-coletiva-para-os-empregados-do-comercio-varejista-de-teutonia-e-municipios-vizinhos\/"]}]},{"@type":"ImageObject","inLanguage":"pt-BR","@id":"https:\/\/folhapopular.info\/index.php\/2019\/09\/26\/assinada-convencao-coletiva-para-os-empregados-do-comercio-varejista-de-teutonia-e-municipios-vizinhos\/#primaryimage","url":"https:\/\/folhapopular.info\/wp-content\/uploads\/2019\/09\/Noticias-e1567961441371.jpg","contentUrl":"https:\/\/folhapopular.info\/wp-content\/uploads\/2019\/09\/Noticias-e1567961441371.jpg","width":800,"height":563,"caption":"Cr\u00e9dito da arte: J\u00falia Caroline Geib \/ Divulga\u00e7\u00e3o"},{"@type":"BreadcrumbList","@id":"https:\/\/folhapopular.info\/index.php\/2019\/09\/26\/assinada-convencao-coletiva-para-os-empregados-do-comercio-varejista-de-teutonia-e-municipios-vizinhos\/#breadcrumb","itemListElement":[{"@type":"ListItem","position":1,"name":"In\u00edcio","item":"https:\/\/folhapopular.info\/"},{"@type":"ListItem","position":2,"name":"Assinada conven\u00e7\u00e3o coletiva para os empregados do com\u00e9rcio varejista de Teut\u00f4nia e munic\u00edpios vizinhos"}]},{"@type":"WebSite","@id":"https:\/\/folhapopular.info\/#website","url":"https:\/\/folhapopular.info\/","name":"Folha Popular","description":"Onde voc\u00ea tem vez e voz","potentialAction":[{"@type":"SearchAction","target":{"@type":"EntryPoint","urlTemplate":"https:\/\/folhapopular.info\/?s={search_term_string}"},"query-input":{"@type":"PropertyValueSpecification","valueRequired":true,"valueName":"search_term_string"}}],"inLanguage":"pt-BR"},{"@type":"Person","@id":"https:\/\/folhapopular.info\/#\/schema\/person\/2814e8a0df7643585a9ca38bc6eb9d4b","name":"Reda\u00e7\u00e3o Folha Popular","image":{"@type":"ImageObject","inLanguage":"pt-BR","@id":"https:\/\/folhapopular.info\/wp-content\/uploads\/2026\/04\/Folha-1.webp","url":"https:\/\/folhapopular.info\/wp-content\/uploads\/2026\/04\/Folha-1.webp","contentUrl":"https:\/\/folhapopular.info\/wp-content\/uploads\/2026\/04\/Folha-1.webp","caption":"Reda\u00e7\u00e3o Folha Popular"},"url":"https:\/\/folhapopular.info\/index.php\/author\/redacao\/"}]}},"jetpack_featured_media_url":"https:\/\/folhapopular.info\/wp-content\/uploads\/2019\/09\/Noticias-e1567961441371.jpg","jetpack_sharing_enabled":true,"amp_enabled":true,"_links":{"self":[{"href":"https:\/\/folhapopular.info\/index.php\/wp-json\/wp\/v2\/posts\/59174","targetHints":{"allow":["GET"]}}],"collection":[{"href":"https:\/\/folhapopular.info\/index.php\/wp-json\/wp\/v2\/posts"}],"about":[{"href":"https:\/\/folhapopular.info\/index.php\/wp-json\/wp\/v2\/types\/post"}],"author":[{"embeddable":true,"href":"https:\/\/folhapopular.info\/index.php\/wp-json\/wp\/v2\/users\/8"}],"replies":[{"embeddable":true,"href":"https:\/\/folhapopular.info\/index.php\/wp-json\/wp\/v2\/comments?post=59174"}],"version-history":[{"count":0,"href":"https:\/\/folhapopular.info\/index.php\/wp-json\/wp\/v2\/posts\/59174\/revisions"}],"wp:featuredmedia":[{"embeddable":true,"href":"https:\/\/folhapopular.info\/index.php\/wp-json\/wp\/v2\/media\/58538"}],"wp:attachment":[{"href":"https:\/\/folhapopular.info\/index.php\/wp-json\/wp\/v2\/media?parent=59174"}],"wp:term":[{"taxonomy":"category","embeddable":true,"href":"https:\/\/folhapopular.info\/index.php\/wp-json\/wp\/v2\/categories?post=59174"},{"taxonomy":"post_tag","embeddable":true,"href":"https:\/\/folhapopular.info\/index.php\/wp-json\/wp\/v2\/tags?post=59174"}],"curies":[{"name":"wp","href":"https:\/\/api.w.org\/{rel}","templated":true}]}}